{"id":15575,"date":"2023-09-11T17:45:10","date_gmt":"2023-09-11T17:45:10","guid":{"rendered":"https:\/\/dmsjuridica.com\/buscador_20179478954\/salapenalcronologico20230723\/2023\/09\/11\/2745223-04-08\/"},"modified":"2023-09-11T17:45:10","modified_gmt":"2023-09-11T17:45:10","slug":"2745223-04-08","status":"publish","type":"post","link":"https:\/\/dmsjuridica.com\/buscador_20179478954\/salapenalcronologico20230723\/2023\/09\/11\/2745223-04-08\/","title":{"rendered":"27452(23-04-08)"},"content":{"rendered":"\n<p>\u00a0 \u00a0 Proceso No 27452 \u00a0<\/p>\n<p>CORTE SUPREMA DE JUSTICIA \u00a0<\/p>\n<p>SALA DE CASACI\u00d3N PENAL \u00a0<\/p>\n<p>\u00a0 \u00a0 \u00a0 \u00a0 \u00a0<\/p>\n<p>MAGISTRADO PONENTE \u00a0<\/p>\n<p>AUGUSTO J. IB\u00c1\u00d1EZ GUZM\u00c1N \u00a0<\/p>\n<p>APROBADO ACTA No.098 \u00a0<\/p>\n<p>Bogot\u00e1, \u00a0D.C., \u00a0veintitr\u00e9s (23) de abril de \u00a0dos mil ocho (2008). \u00a0\u00a0<\/p>\n<p>ASUNTO \u00a0<\/p>\n<p>La \u00a0Sala \u00a0se \u00a0pronuncia sobre la pr\u00e1ctica de \u00a0pruebas \u00a0solicitadas \u00a0por \u00a0el \u00a0defensor del se\u00f1or Hugo \u00a0Fenel \u00a0 Bernal \u00a0 Molano, \u00a0 dentro \u00a0 del \u00a0tr\u00e1mite \u00a0de \u00a0extradici\u00f3n \u00a0que \u00a0se \u00a0le adelanta seg\u00fan petici\u00f3n hecha por los Estados Unidos \u00a0de \u00a0Am\u00e9rica, \u00a0bajo \u00a0imputaci\u00f3n de delitos federales de narc\u00f3ticos y lavado de \u00a0dinero. \u00a0\u00a0<\/p>\n<p>PETICI\u00d3N \u00a0<\/p>\n<p>Durante \u00a0el \u00a0traslado \u00a0previsto \u00a0en el primer \u00a0inciso \u00a0del \u00a0art\u00edculo \u00a0518 \u00a0de \u00a0la \u00a0Ley \u00a0600 de 2000, solamente el apoderado de \u00a0confianza \u00a0 del \u00a0 se\u00f1or \u00a0Bernal \u00a0Molano \u00a0se pronunci\u00f3. Pidi\u00f3: \u00a0\u00a0<\/p>\n<p>1. \u00a0Solicitar \u00a0al Gobierno Americano,\u00a0 a \u00a0trav\u00e9s \u00a0de \u00a0la \u00a0Canciller\u00eda \u00a0de \u00a0Colombia, \u00a0se \u00a0allegue copia aut\u00e9ntica de la \u00a0acusaci\u00f3n \u00a0supuestamente \u00a0realizada\u00a0 \u00a0por el gran jurado de Nueva York, el \u00a0d\u00eda \u00a026 \u00a0de \u00a0septiembre \u00a0de 2001 en contra de HUGO FENEL BERNAL MOLANO, pues la \u00a0allegada no corresponde a esa fecha, sino al 20 de mayo de 2003. \u00a0\u00a0<\/p>\n<p>2. \u00a0Solicitar \u00a0al Gobierno Americano,\u00a0 a \u00a0trav\u00e9s \u00a0de \u00a0la \u00a0Canciller\u00eda \u00a0de \u00a0Colombia, \u00a0se determine con claridad la fecha \u00a0exacta \u00a0que \u00a0tiene sobre el \u00faltimo delito cometido por HUGO FENEL BERNAL MOLANO \u00a0en \u00a0los \u00a0Estados \u00a0Unidos \u00a0y \u00a0por \u00a0el cual es solicitado en extradici\u00f3n, as\u00ed se \u00a0determinar\u00eda \u00a0el \u00a0tiempo realmente transcurrido entre el \u00faltimo acto delictivo \u00a0y la acusaci\u00f3n formal hecha por el Gran Jurado de Nueva York. \u00a0\u00a0<\/p>\n<p>CONSIDERACIONES \u00a0<\/p>\n<p>El \u00a0traslado \u00a0para \u00a0solicitar \u00a0pruebas \u00a0en el \u00a0tr\u00e1mite \u00a0de \u00a0extradici\u00f3n \u00a0est\u00e1 \u00a0orientado \u00a0a llenar los vac\u00edos o superar las \u00a0dudas \u00a0que \u00a0se \u00a0presenten \u00a0en torno a la demostraci\u00f3n de los presupuestos sobre \u00a0los \u00a0cuales \u00a0versa el concepto que debe emitir la Corte. Por consiguiente, s\u00f3lo \u00a0est\u00e1 \u00a0habilitada \u00a0para \u00a0disponer la pr\u00e1ctica de aquellas que sean conducentes, \u00a0pertinentes \u00a0y \u00a0\u00fatiles \u00a0en \u00a0relaci\u00f3n con la plena identidad del solicitado, el \u00a0principio \u00a0de \u00a0la \u00a0doble \u00a0incriminaci\u00f3n, \u00a0la \u00a0validez \u00a0de la documentaci\u00f3n que \u00a0soporta \u00a0el \u00a0requerimiento \u00a0y \u00a0la equivalencia de la providencia proferida en el \u00a0extranjero. Entonces: \u00a0\u00a0<\/p>\n<p>\u00a0 \u00a0\u00a0<\/p>\n<p>1. Con relaci\u00f3n \u00a0a \u00a0la \u00a0primera \u00a0petici\u00f3n, \u00a0la Sala se permite precisar, que un vez examinado el \u00a0cuaderno \u00a0original \u00a0de \u00a0esta Corporaci\u00f3n, se logra establecer que el Ministerio \u00a0del \u00a0Interior \u00a0y \u00a0de \u00a0Justicia, \u00a0mediante \u00a0oficio OFI07-15523-DIJ-0100 del 13 de \u00a0junio \u00a0de \u00a02007, \u00a0remiti\u00f3 \u00a0con \u00a0destino a este despacho, Nota Verbal 1468 de la \u00a0Embajada \u00a0de \u00a0los \u00a0Estados \u00a0Unidos \u00a0de \u00a0Am\u00e9rica, \u00a0la \u00a0cual, \u00a0a \u00a0su \u00a0vez, allega \u00a0Acusaci\u00f3n \u00a0No. \u00a001-CR-1059, \u00a0dictada \u00a0el \u00a026 \u00a0de septiembre de 2001 en la Corte \u00a0Distrital \u00a0de \u00a0los \u00a0Estados \u00a0para \u00a0el \u00a0Distrito \u00a0Este \u00a0de \u00a0Nueva \u00a0York y auto de \u00a0detenci\u00f3n\u00a0 \u00a0 de \u00a0 la \u00a0 misma \u00a0 fecha \u00a0 contra \u00a0 el \u00a0 requerido1.\u00a0 \u00a0 \u00a0\u00a0<\/p>\n<p>De esta manera, la petici\u00f3n de la defensa no \u00a0tiene \u00a0vocaci\u00f3n, \u00a0m\u00e1s cuando la acusaci\u00f3n del Gobierno americano cuestionada, \u00a0se \u00a0encontraba \u00a0a \u00a0disposici\u00f3n \u00a0de los sujetos procesales desde hace m\u00e1s de un \u00a0mes a la presentaci\u00f3n de la petici\u00f3n de pruebas de la defensa. \u00a0\u00a0<\/p>\n<p>\u00a0 \u00a0\u00a0<\/p>\n<p>1. Respecto \u00a0de \u00a0la \u00a0segunda \u00a0petici\u00f3n. \u00a0Tampoco tiene asidero, puesto \u00a0que, \u00a0en \u00a0la misma acusaci\u00f3n del 26 de septiembre de 2001, se establece que, en \u00a0los \u00a0cargos \u00a0por \u00a0los cuales se acusa al se\u00f1or Bernal Molano, las fechas de los \u00a0hechos \u00a0 delictivos \u00a0 datan \u00a0 entre \u00a0 los \u00a0 a\u00f1os\u00a0 \u00a0 de \u00a01996 \u00a0hasta \u00a01998, \u00a0demostr\u00e1ndose \u00a0 de \u00a0 este \u00a0 modo, \u00a0 que \u00a0 no \u00a0 ha \u00a0 transcurrido \u00a0 el \u00a0t\u00e9rmino \u00a0prescriptivo. \u00a0 \u00a0\u00a0<\/p>\n<p>3. Por \u00faltimo, como la Corte estima que los \u00a0documentos \u00a0aportados \u00a0por el Estado peticionario son suficientes para rendir su \u00a0concepto, no decretar\u00e1 la pr\u00e1ctica oficiosa de pruebas. \u00a0\u00a0<\/p>\n<p>4. En consecuencia se, dispondr\u00e1 el traslado \u00a0para \u00a0la presentaci\u00f3n de los estudios de los intervinientes previos al concepto \u00a0de fondo. \u00a0\u00a0<\/p>\n<p>Con base en lo expuesto, la Sala de Casaci\u00f3n \u00a0Penal de la Corte Suprema de Justicia, \u00a0\u00a0<\/p>\n<p>RESUELVE \u00a0<\/p>\n<p>\u00a0 \u00a0 \u00a0 \u00a0 \u00a0<\/p>\n<p>1. No practicar las \u00a0pruebas \u00a0solicitadas \u00a0por \u00a0el \u00a0defensor del se\u00f1or Hugo \u00a0Fenel Bernal Molano. \u00a0\u00a0<\/p>\n<p>2. \u00a0 No \u00a0ordenar \u00a0pruebas de oficio. \u00a0\u00a0<\/p>\n<p>3. \u00a0En \u00a0firme esta \u00a0determinaci\u00f3n, \u00a0 correr \u00a0el \u00a0traslado \u00a0previsto \u00a0en \u00a0el \u00a0inciso \u00a0final \u00a0del \u00a0art\u00edculo \u00a0518 \u00a0del \u00a0C\u00f3digo \u00a0de \u00a0Procedimiento \u00a0Penal, para que los interesados presenten sus estudios previos al \u00a0concepto de fondo. \u00a0\u00a0<\/p>\n<p>Contra \u00a0esta decisi\u00f3n procede el recurso de \u00a0reposici\u00f3n. \u00a0\u00a0<\/p>\n<p>Notif\u00edquese y c\u00famplase. \u00a0<\/p>\n<p>SIGIFREDO ESPINOSA P\u00c9REZ \u00a0<\/p>\n<p>JOS\u00c9 \u00a0LEONIDAS \u00a0BUSTOS \u00a0MART\u00cdNEZ \u00a0 \u00a0\u00a0 \u00a0\u00a0 \u00a0\u00a0 \u00a0\u00a0 \u00a0 \u00a0 \u00a0\u00a0 \u00a0\u00a0 \u00a0 \u00a0 \u00a0\u00a0 \u00a0\u00a0 \u00a0 \u00a0 \u00a0\u00a0 \u00a0\u00a0ALFREDO G\u00d3MEZ \u00a0QUINTERO \u00a0\u00a0<\/p>\n<p>MAR\u00cdA \u00a0DEL \u00a0ROSARIO \u00a0GONZ\u00c1LEZ \u00a0DE \u00a0LEMOS\u00a0 \u00a0 \u00a0\u00a0 \u00a0\u00a0 \u00a0\u00a0 \u00a0 \u00a0\u00a0 \u00a0\u00a0 \u00a0\u00a0 \u00a0 \u00a0\u00a0 \u00a0 \u00a0 \u00a0 \u00a0 \u00a0 \u00a0 \u00a0 \u00a0 \u00a0AUGUSTO J. IB\u00c1\u00d1EZ GUZM\u00c1N \u00a0\u00a0<\/p>\n<p>\u00a0 \u00a0\u00a0 \u00a0\u00a0 \u00a0\u00a0\u00a0\u00a0\u00a0\u00a0\u00a0\u00a0\u00a0\u00a0\u00a0\u00a0\u00a0\u00a0\u00a0\u00a0\u00a0\u00a0 \u00a0\u00a0<\/p>\n<p>JORGE \u00a0 \u00a0 \u00a0 LUIS \u00a0 \u00a0 \u00a0 QUINTERO \u00a0MILAN\u00c9S\u00a0\u00a0\u00a0\u00a0 \u00a0 \u00a0 \u00a0\u00a0 \u00a0\u00a0 \u00a0\u00a0 \u00a0\u00a0 \u00a0 \u00a0 \u00a0 \u00a0\u00a0 \u00a0 \u00a0 \u00a0 \u00a0\u00a0 \u00a0 \u00a0 \u00a0 \u00a0 \u00a0\u00a0\u00a0\u00a0\u00a0\u00a0\u00a0\u00a0\u00a0\u00a0\u00a0 \u00a0 \u00a0 \u00a0\u00a0 \u00a0 \u00a0\u00a0 \u00a0 \u00a0\u00a0 \u00a0 \u00a0\u00a0 \u00a0 YESID \u00a0RAM\u00cdREZ \u00a0BASTIDAS\u00a0 \u00a0\u00a0<\/p>\n<p>JULIO \u00a0ENRIQUE \u00a0SOCHA \u00a0SALAMANCA\u00a0\u00a0\u00a0\u00a0\u00a0\u00a0\u00a0\u00a0\u00a0\u00a0\u00a0\u00a0\u00a0\u00a0\u00a0\u00a0\u00a0\u00a0\u00a0\u00a0\u00a0 \u00a0 \u00a0 \u00a0 \u00a0\u00a0 \u00a0\u00a0 \u00a0\u00a0 \u00a0 \u00a0 \u00a0 \u00a0\u00a0\u00a0\u00a0\u00a0\u00a0\u00a0 JAVIER ZAPATA ORTIZ \u00a0\u00a0<\/p>\n<p>TERESA RUIZ N\u00da\u00d1EZ \u00a0<\/p>\n<p>Secretaria \u00a0<\/p>\n<p>\u00a0 \u00a0\u00a0<\/p>\n<p>1\u00a0 \u00a0Cuaderno original folios 12-46. \u00a0 \u00a0\u00a0<\/p>\n<p><\/p>\n","protected":false},"excerpt":{"rendered":"<p>\u00a0 \u00a0 Proceso No 27452 \u00a0 CORTE SUPREMA DE JUSTICIA \u00a0 SALA DE CASACI\u00d3N PENAL \u00a0 \u00a0 \u00a0 \u00a0 \u00a0 \u00a0 MAGISTRADO PONENTE \u00a0 AUGUSTO J. IB\u00c1\u00d1EZ GUZM\u00c1N \u00a0 APROBADO ACTA No.098 \u00a0 Bogot\u00e1, \u00a0D.C., \u00a0veintitr\u00e9s (23) de abril de \u00a0dos mil ocho (2008). \u00a0\u00a0 ASUNTO \u00a0 La \u00a0Sala \u00a0se \u00a0pronuncia sobre la pr\u00e1ctica de [&hellip;]<\/p>\n","protected":false},"author":1,"featured_media":0,"comment_status":"open","ping_status":"open","sticky":false,"template":"","format":"standard","meta":{"footnotes":""},"categories":[16],"tags":[],"class_list":["post-15575","post","type-post","status-publish","format-standard","hentry","category-16"],"_links":{"self":[{"href":"https:\/\/dmsjuridica.com\/buscador_20179478954\/salapenalcronologico20230723\/wp-json\/wp\/v2\/posts\/15575","targetHints":{"allow":["GET"]}}],"collection":[{"href":"https:\/\/dmsjuridica.com\/buscador_20179478954\/salapenalcronologico20230723\/wp-json\/wp\/v2\/posts"}],"about":[{"href":"https:\/\/dmsjuridica.com\/buscador_20179478954\/salapenalcronologico20230723\/wp-json\/wp\/v2\/types\/post"}],"author":[{"embeddable":true,"href":"https:\/\/dmsjuridica.com\/buscador_20179478954\/salapenalcronologico20230723\/wp-json\/wp\/v2\/users\/1"}],"replies":[{"embeddable":true,"href":"https:\/\/dmsjuridica.com\/buscador_20179478954\/salapenalcronologico20230723\/wp-json\/wp\/v2\/comments?post=15575"}],"version-history":[{"count":0,"href":"https:\/\/dmsjuridica.com\/buscador_20179478954\/salapenalcronologico20230723\/wp-json\/wp\/v2\/posts\/15575\/revisions"}],"wp:attachment":[{"href":"https:\/\/dmsjuridica.com\/buscador_20179478954\/salapenalcronologico20230723\/wp-json\/wp\/v2\/media?parent=15575"}],"wp:term":[{"taxonomy":"category","embeddable":true,"href":"https:\/\/dmsjuridica.com\/buscador_20179478954\/salapenalcronologico20230723\/wp-json\/wp\/v2\/categories?post=15575"},{"taxonomy":"post_tag","embeddable":true,"href":"https:\/\/dmsjuridica.com\/buscador_20179478954\/salapenalcronologico20230723\/wp-json\/wp\/v2\/tags?post=15575"}],"curies":[{"name":"wp","href":"https:\/\/api.w.org\/{rel}","templated":true}]}}