{"id":15318,"date":"2023-09-11T17:44:56","date_gmt":"2023-09-11T17:44:56","guid":{"rendered":"https:\/\/dmsjuridica.com\/buscador_20179478954\/salapenalcronologico20230723\/2023\/09\/11\/2529330-04-08\/"},"modified":"2023-09-11T17:44:56","modified_gmt":"2023-09-11T17:44:56","slug":"2529330-04-08","status":"publish","type":"post","link":"https:\/\/dmsjuridica.com\/buscador_20179478954\/salapenalcronologico20230723\/2023\/09\/11\/2529330-04-08\/","title":{"rendered":"25293(30-04-08)"},"content":{"rendered":"\n<p>\u00a0 \u00a0 Proceso No 25293 \u00a0<\/p>\n<p>CORTE SUPREMA DE JUSTICIA \u00a0<\/p>\n<p>SALA DE CASACI\u00d3N PENAL \u00a0<\/p>\n<p>MAGISTRADO PONENTE \u00a0<\/p>\n<p>AUGUSTO IB\u00c1\u00d1EZ GUZM\u00c1N \u00a0<\/p>\n<p>Aprobado: Acta No. 105 \u00a0<\/p>\n<p>Bogot\u00e1, D. C., treinta (30) de abril de dos \u00a0mil ocho (2008). \u00a0\u00a0<\/p>\n<p>VISTOS \u00a0<\/p>\n<p>La \u00a0Sala \u00a0se pronuncia sobre el desistimiento \u00a0del \u00a0recurso \u00a0de \u00a0casaci\u00f3n \u00a0interpuesto \u00a0por \u00a0la \u00a0defensora del se\u00f1or OSCAR HERNAN \u00a0GIL JIM\u00c9NEZ. \u00a0\u00a0<\/p>\n<p>ANTECEDENTES Y CONSIDERACIONES \u00a0<\/p>\n<p>1. El 27\u00a0 de junio de 2003, OSCAR \u00a0 HERNAN \u00a0 GIL \u00a0 JIM\u00c9NEZ \u00a0quien \u00a0se \u00a0desmovilizaba \u00a0 \u00a0 en \u00a0 \u00a0una \u00a0 \u00a0moto, \u00a0 \u00a0dispar\u00f3 \u00a0en forma indiscriminada contra un grupo de personas que se \u00a0encontraban \u00a0en \u00a0una \u00a0esquina, resultando mortalmente herido el menor Jaen\u00a0 \u00a0Paul \u00a0 \u00a0Angulo \u00a0 \u00a0Qui\u00f1ones, \u00a0 \u00a0quien \u00a0 jugaba \u00a0 en \u00a0 el \u00a0 antejard\u00edn \u00a0 de \u00a0 su \u00a0vivienda. \u00a0\u00a0<\/p>\n<p>Capturado \u00a0 el \u00a0 agresor, \u00a0 fue \u00a0dejado \u00a0a \u00a0disposici\u00f3n \u00a0 de \u00a0 la \u00a0Fiscal\u00eda\u00a0 \u00a022 \u00a0Seccional \u00a0de \u00a0Cali \u00a0que, \u00a0mediante \u00a0resoluci\u00f3n \u00a0del \u00a006 \u00a0de \u00a0abril \u00a0de 2004, lo acus\u00f3 por el delito de homicidio y \u00a0homicidio\u00a0 en grado de tentativa. \u00a0\u00a0<\/p>\n<p>El \u00a0Juzgado \u00a0S\u00e9ptimo \u00a0Penal \u00a0del \u00a0Circuito \u00a0profiri\u00f3 \u00a0sentencia \u00a0de \u00a0primera instancia el 31 de enero de 2005, por medio de \u00a0la \u00a0cual \u00a0conden\u00f3 \u00a0al procesado, por los delitos de homicidio y porte ilegal de \u00a0armas, \u00a0a \u00a0192 meses de prisi\u00f3n e inhabilitaci\u00f3n para el ejercicio de derechos \u00a0y \u00a0funciones \u00a0p\u00fablicas, \u00a0por el mismo t\u00e9rmino, y lo absolvi\u00f3 por el delito de \u00a0homicidio \u00a0en \u00a0grado \u00a0de tentativa, decisi\u00f3n que fue confirmada por el Tribunal \u00a0Superior de Cali el 15 de noviembre de 2005. \u00a0\u00a0<\/p>\n<p>2. \u00a0Recibido \u00a0el asunto en la Corte el 28 de \u00a0marzo \u00a0de \u00a02006, \u00a0por \u00a0auto del 29 de junio de 2006 se inadmiti\u00f3 la demanda con \u00a0relaci\u00f3n \u00a0al \u00a0primer \u00a0cargo y se admiti\u00f3 respecto del segundo y dispuso correr \u00a0traslado \u00a0al \u00a0Ministerio \u00a0P\u00fablico, \u00a0donde se hallaba el expediente para efectos \u00a0del concepto correspondiente. \u00a0\u00a0<\/p>\n<p>3. \u00a0Como \u00a0el \u00a0art\u00edculo \u00a0230 \u00a0del C\u00f3digo de \u00a0Procedimiento \u00a0Penal, \u00a0consagra \u00a0la posibilidad de desistir de la casaci\u00f3n y de \u00a0la \u00a0acci\u00f3n \u00a0de \u00a0revisi\u00f3n \u00a0\u201cantes de que la Sala las \u00a0decida\u201d, \u00a0resulta \u00a0viable \u00a0acceder \u00a0a la solicitud y \u00a0devolver el expediente al despacho de origen. \u00a0\u00a0<\/p>\n<p>\u00a0 \u00a0\u00a0 \u00a0\u00a0 \u00a0 \u00a0\u00a0<\/p>\n<p>En \u00a0consecuencia, la Sala de Casaci\u00f3n Penal \u00a0de la Corte Suprema de Justicia, \u00a0\u00a0<\/p>\n<p>RESUELVE \u00a0<\/p>\n<p>Aceptar \u00a0 el \u00a0 desistimiento \u00a0del \u00a0recurso \u00a0de \u00a0casaci\u00f3n presentado por la defensora del se\u00f1or \u00a0OSCAR \u00a0 \u00a0 \u00a0HERNAN \u00a0 \u00a0 GIL \u00a0 \u00a0 JIM\u00c9NEZ. \u00a0\u00a0<\/p>\n<p>\u00a0 \u00a0\u00a0 \u00a0\u00a0 \u00a0 \u00a0\u00a0<\/p>\n<p>Devolver \u00a0 el \u00a0expediente al Tribunal de origen. \u00a0\u00a0<\/p>\n<p>Notif\u00edquese y c\u00famplase. \u00a0<\/p>\n<p>SIGIFREDO ESPINOSA P\u00c9REZ \u00a0<\/p>\n<p>JOS\u00c9 \u00a0LEONIDAS \u00a0BUSTOS \u00a0MARTINEZ \u00a0\u00a0 \u00a0\u00a0 \u00a0\u00a0 \u00a0\u00a0 \u00a0\u00a0 \u00a0\u00a0 \u00a0\u00a0 \u00a0\u00a0 \u00a0 \u00a0 \u00a0 \u00a0 \u00a0 \u00a0 \u00a0\u00a0ALFREDO G\u00d3MEZ QUINTERO \u00a0\u00a0<\/p>\n<p>MAR\u00cdA \u00a0DEL \u00a0ROSARIO \u00a0GONZ\u00c1LEZ DE LEMOS\u00a0\u00a0\u00a0 \u00a0 \u00a0\u00a0 \u00a0 \u00a0 \u00a0 \u00a0AUGUSTO \u00a0 J. \u00a0 IB\u00c1\u00d1EZ \u00a0GUZM\u00c1N\u00a0\u00a0\u00a0\u00a0\u00a0\u00a0\u00a0\u00a0 \u00a0\u00a0<\/p>\n<p>JORGE \u00a0LUIS \u00a0QUINTERO \u00a0MILAN\u00c9S \u00a0 \u00a0 \u00a0 \u00a0\u00a0 \u00a0\u00a0 \u00a0 \u00a0 \u00a0 \u00a0 \u00a0 \u00a0 \u00a0 \u00a0\u00a0\u00a0\u00a0\u00a0\u00a0\u00a0 \u00a0 \u00a0 \u00a0 \u00a0 \u00a0 \u00a0 YESID \u00a0 \u00a0 \u00a0 \u00a0 \u00a0 \u00a0RAM\u00cdREZ \u00a0BASTIDAS\u00a0\u00a0\u00a0\u00a0\u00a0\u00a0\u00a0\u00a0\u00a0\u00a0\u00a0\u00a0\u00a0 \u00a0\u00a0<\/p>\n<p>Permiso \u00a0<\/p>\n<p>JULIO \u00a0ENRIQUE \u00a0SOCHA \u00a0SALAMANCA \u00a0 \u00a0 \u00a0\u00a0 \u00a0\u00a0 \u00a0\u00a0 \u00a0 \u00a0 \u00a0\u00a0 \u00a0\u00a0 \u00a0 \u00a0 \u00a0\u00a0 \u00a0\u00a0 \u00a0 \u00a0 \u00a0\u00a0 \u00a0\u00a0 JAVIER ZAPATA \u00a0ORTIZ \u00a0\u00a0<\/p>\n<p>TERESA RUIZ N\u00da\u00d1EZ \u00a0<\/p>\n<p>Secretaria \u00a0<\/p>\n<p>\u00a0 \u00a0\u00a0<\/p>\n<p><\/p>\n","protected":false},"excerpt":{"rendered":"<p>\u00a0 \u00a0 Proceso No 25293 \u00a0 CORTE SUPREMA DE JUSTICIA \u00a0 SALA DE CASACI\u00d3N PENAL \u00a0 MAGISTRADO PONENTE \u00a0 AUGUSTO IB\u00c1\u00d1EZ GUZM\u00c1N \u00a0 Aprobado: Acta No. 105 \u00a0 Bogot\u00e1, D. C., treinta (30) de abril de dos \u00a0mil ocho (2008). \u00a0\u00a0 VISTOS \u00a0 La \u00a0Sala \u00a0se pronuncia sobre el desistimiento \u00a0del \u00a0recurso \u00a0de \u00a0casaci\u00f3n \u00a0interpuesto [&hellip;]<\/p>\n","protected":false},"author":1,"featured_media":0,"comment_status":"open","ping_status":"open","sticky":false,"template":"","format":"standard","meta":{"footnotes":""},"categories":[16],"tags":[],"class_list":["post-15318","post","type-post","status-publish","format-standard","hentry","category-16"],"_links":{"self":[{"href":"https:\/\/dmsjuridica.com\/buscador_20179478954\/salapenalcronologico20230723\/wp-json\/wp\/v2\/posts\/15318","targetHints":{"allow":["GET"]}}],"collection":[{"href":"https:\/\/dmsjuridica.com\/buscador_20179478954\/salapenalcronologico20230723\/wp-json\/wp\/v2\/posts"}],"about":[{"href":"https:\/\/dmsjuridica.com\/buscador_20179478954\/salapenalcronologico20230723\/wp-json\/wp\/v2\/types\/post"}],"author":[{"embeddable":true,"href":"https:\/\/dmsjuridica.com\/buscador_20179478954\/salapenalcronologico20230723\/wp-json\/wp\/v2\/users\/1"}],"replies":[{"embeddable":true,"href":"https:\/\/dmsjuridica.com\/buscador_20179478954\/salapenalcronologico20230723\/wp-json\/wp\/v2\/comments?post=15318"}],"version-history":[{"count":0,"href":"https:\/\/dmsjuridica.com\/buscador_20179478954\/salapenalcronologico20230723\/wp-json\/wp\/v2\/posts\/15318\/revisions"}],"wp:attachment":[{"href":"https:\/\/dmsjuridica.com\/buscador_20179478954\/salapenalcronologico20230723\/wp-json\/wp\/v2\/media?parent=15318"}],"wp:term":[{"taxonomy":"category","embeddable":true,"href":"https:\/\/dmsjuridica.com\/buscador_20179478954\/salapenalcronologico20230723\/wp-json\/wp\/v2\/categories?post=15318"},{"taxonomy":"post_tag","embeddable":true,"href":"https:\/\/dmsjuridica.com\/buscador_20179478954\/salapenalcronologico20230723\/wp-json\/wp\/v2\/tags?post=15318"}],"curies":[{"name":"wp","href":"https:\/\/api.w.org\/{rel}","templated":true}]}}