{"id":15013,"date":"2023-09-08T21:08:22","date_gmt":"2023-09-08T21:08:22","guid":{"rendered":"https:\/\/dmsjuridica.com\/buscador_20179478954\/salapenalcronologico20230723\/2023\/09\/08\/2860925-10-07\/"},"modified":"2023-09-08T21:08:22","modified_gmt":"2023-09-08T21:08:22","slug":"2860925-10-07","status":"publish","type":"post","link":"https:\/\/dmsjuridica.com\/buscador_20179478954\/salapenalcronologico20230723\/2023\/09\/08\/2860925-10-07\/","title":{"rendered":"28609(25-10-07)"},"content":{"rendered":"\n<p>\u00a0 \u00a0 Proceso No 28609 \u00a0<\/p>\n<p>CORTE SUPREMA DE JUSTICIA \u00a0<\/p>\n<p>SALA DE CASACI\u00d3N PENAL \u00a0<\/p>\n<p>\u00a0\u00a0\u00a0\u00a0 \u00a0 \u00a0 Magistrado \u00a0Ponente: \u00a0\u00a0<\/p>\n<p>\u00a0\u00a0\u00a0\u00a0\u00a0 \u00a0Dr. SIGIFREDO \u00a0ESPINOSA P\u00c9REZ \u00a0\u00a0<\/p>\n<p>\u00a0\u00a0\u00a0\u00a0\u00a0\u00a0\u00a0\u00a0\u00a0\u00a0\u00a0\u00a0\u00a0\u00a0\u00a0\u00a0\u00a0\u00a0\u00a0\u00a0\u00a0\u00a0\u00a0\u00a0\u00a0\u00a0\u00a0\u00a0\u00a0\u00a0\u00a0\u00a0 \u00a0Aprobado Acta No. 207 \u00a0\u00a0<\/p>\n<p>\u00a0 \u00a0\u00a0 \u00a0\u00a0 \u00a0\u00a0Bogot\u00e1, D.C., veinticinco de octubre de dos mil siete. \u00a0\u00a0<\/p>\n<p>VISTOS \u00a0<\/p>\n<p>Decide \u00a0la \u00a0Corte \u00a0el \u00a0cambio \u00a0de radicaci\u00f3n \u00a0propuesto \u00a0por \u00a0el \u00a0Fiscal \u00a0Noveno Delegado ante los Jueces Penales del Circuito \u00a0Especializados, \u00a0adscrito \u00a0a \u00a0la Unidad Nacional de Derechos Humanos y D.I.H. de \u00a0la \u00a0Fiscal\u00eda \u00a0General \u00a0de \u00a0la \u00a0Naci\u00f3n, respecto del proceso que se adelanta en \u00a0contra \u00a0de ALVARO AUGUSTO MURILLO MONTES por el homicidio agravado agotado en la \u00a0persona \u00a0de la l\u00edder campesina Yolanda Izquierdo Berrio y en grado de tentativa \u00a0sufrido por su compa\u00f1ero Francisco Torregloza Quintana. \u00a0\u00a0<\/p>\n<p>ANTECEDENTES \u00a0\u00a0<\/p>\n<p>\u00a0 \u00a0 \u00a0 \u00a0 \u00a0<\/p>\n<p>\u00a0 \u00a0\u00a0 \u00a0\u00a0 \u00a0\u00a0Seg\u00fan \u00a0se \u00a0afirma \u00a0en \u00a0la \u00a0petici\u00f3n \u00a0y se deduce de los documentos \u00a0anexos \u00a0a \u00a0la \u00a0misma, el 31 de enero de 2007, en un barrio marginal de la ciudad \u00a0de \u00a0Monter\u00eda, \u00a0fue \u00a0ultimada \u00a0con \u00a0arma \u00a0de \u00a0fuego \u00a0la \u00a0se\u00f1ora \u00a0Yolanda Yamile \u00a0Izquierdo \u00a0Berrio \u00a0y \u00a0herido \u00a0de \u00a0gravedad \u00a0su \u00a0compa\u00f1ero \u00a0Francisco Torregloza \u00a0Quintana, \u00a0cr\u00edmenes \u00a0que \u00a0generaron \u00a0una \u00a0gran conmoci\u00f3n nacional y reacciones \u00a0internacionales \u00a0de \u00a0repudio, \u00a0dado \u00a0que \u00a0la \u00a0se\u00f1ora \u00a0Izquierdo \u00a0Berrio era una \u00a0caracterizada \u00a0l\u00edder \u00a0comunitaria \u00a0que \u00a0ven\u00eda \u00a0representando \u00a0ante \u00a0la \u00a0Unidad \u00a0Nacional \u00a0de \u00a0Fiscal\u00edas \u00a0de \u00a0Justicia y Paz a varios centenares de familias que \u00a0aspiran \u00a0a \u00a0que \u00a0los \u00a0grupos \u00a0desmovilizados \u00a0de \u00a0autodefensa \u00a0les devuelvan sus \u00a0parcelas, \u00a0localizadas \u00a0en \u00a0varias \u00a0fincas rurales de Monter\u00eda y Valencia en el \u00a0departamento de C\u00f3rdoba. \u00a0\u00a0<\/p>\n<p>\u00a0 \u00a0\u00a0 \u00a0\u00a0 \u00a0\u00a0La \u00a0investigaci\u00f3n \u00a0por tales hechos se asumi\u00f3 por el Fiscal Noveno \u00a0Delegado \u00a0ante \u00a0los \u00a0Jueces \u00a0Penales \u00a0del Circuito Especializados, adscrito a la \u00a0Unidad \u00a0Nacional \u00a0Nacional \u00a0de Derechos Humanos y D.I.H. de la Fiscal\u00eda General \u00a0de \u00a0la \u00a0Naci\u00f3n, \u00a0despacho que mediante resoluci\u00f3n del pasado 1\u00ba de octubre de \u00a02007, \u00a0calific\u00f3 parcialmente el m\u00e9rito del sumario, profiriendo resoluci\u00f3n de \u00a0acusaci\u00f3n \u00a0en \u00a0contra \u00a0de \u00a0uno de los vinculados, se\u00f1or ALVARO AUGUSTO MURILLO \u00a0MONTES \u00a0alias \u00a0\u201cSuero\u201d, \u00a0como \u00a0presunto \u00a0coautor \u00a0responsable \u00a0del \u00a0concurso \u00a0delictual \u00a0de \u00a0homicidio \u00a0agravado y concierto para delinquir en la modalidad de \u00a0conformar \u00a0grupos \u00a0armados al margen de la ley, lo que gener\u00f3 el rompimiento de \u00a0la \u00a0unidad \u00a0procesal \u00a0en \u00a0relaci\u00f3n \u00a0con \u00a0los otros vinculados cuya instrucci\u00f3n \u00a0contin\u00faa a cargo del mencionado fiscal. \u00a0\u00a0<\/p>\n<p>\u00a0 \u00a0\u00a0 \u00a0\u00a0 \u00a0\u00a0Con \u00a0relaci\u00f3n \u00a0a la persona acusada, advierte el Fiscal instructor, \u00a0que \u00a0aunque \u00a0al \u00a0momento de formular la presente petici\u00f3n no se ejecutoriado la \u00a0resoluci\u00f3n \u00a0de \u00a0acusaci\u00f3n, \u00a0la \u00a0misma \u00a0se \u00a0advierte inminente, toda vez que el \u00a0defensor \u00a0 t\u00e9cnico \u00a0del \u00a0procesado \u00a0hizo \u00a0llegar \u00a0memorial \u00a0informando \u00a0que \u00a0no \u00a0apelar\u00eda \u00a0la \u00a0determinaci\u00f3n \u00a0para \u00a0que \u00a0el \u00a0proceso \u00a0sea \u00a0enviado a los jueces \u00a0competentes \u00a0y \u00a0se \u00a0disponga el traslado del procesado a la ciudad de Monter\u00eda, \u00a0por razones de cercan\u00eda familiar. \u00a0\u00a0<\/p>\n<p>\u00a0 \u00a0\u00a0 \u00a0\u00a0 \u00a0\u00a0\u00a0\u00a0\u00a0 \u00a0Como \u00a0evidentemente, una vez adquiera ejecutoria \u00a0la \u00a0resoluci\u00f3n \u00a0de \u00a0acusaci\u00f3n, \u00a0las diligencias deber\u00e1n ser remitidas al Juez \u00a0Penal \u00a0del \u00a0Circuito \u00a0Especializado de Monter\u00eda por competencia territorial, el \u00a0Fiscal \u00a0 del \u00a0 caso \u00a0 considera \u00a0que \u00a0existen \u00a0m\u00faltiples \u00a0razones \u00a0para \u00a0prever \u00a0razonablemente \u00a0una \u00a0grave \u00a0alteraci\u00f3n \u00a0del \u00a0orden \u00a0p\u00fablico \u00a0si \u00a0el proceso en \u00a0cuesti\u00f3n \u00a0se radica en el departamento de C\u00f3rdoba, adem\u00e1s de que se vislumbra \u00a0un \u00a0riesgo \u00a0serio para la integridad f\u00edsica de los testigos que deben acudir al \u00a0juicio.\u00a0\u00a0\u00a0\u00a0 \u00a0\u00a0<\/p>\n<p>\u00a0 \u00a0\u00a0 \u00a0\u00a0 \u00a0\u00a0En \u00a0orden \u00a0a fundamentar su tesis, recuerda, en primer lugar, que la \u00a0se\u00f1ora \u00a0 Yolanda \u00a0Izquierdo \u00a0lideraba \u00a0los \u00a0intereses \u00a0de \u00a0aproximadamente \u00a0900 \u00a0familias \u00a0que \u00a0fueron \u00a0despojadas \u00a0de sus tierras por los grupos de autodefensas \u00a0lideradas \u00a0por \u00a0los \u00a0hermanos \u00a0Casta\u00f1o \u00a0Gil, familias que hab\u00edan delegado a la \u00a0citada \u00a0l\u00edder \u00a0comunitaria \u00a0la responsabilidad de reclamar sus derechos ante la \u00a0Unidad \u00a0de \u00a0Justicia \u00a0y \u00a0Paz de la Fiscal\u00eda, para lo cual tuvo que asistir a la \u00a0audiencia de versi\u00f3n del desmovilizado Salvatore Mancuso. \u00a0\u00a0<\/p>\n<p>\u00a0 \u00a0\u00a0 \u00a0\u00a0 \u00a0\u00a0Afirma \u00a0que \u00a0dada \u00a0la \u00a0manifiesta \u00a0indignaci\u00f3n \u00a0que el crimen de la \u00a0l\u00edder \u00a0campesina \u00a0gener\u00f3 \u00a0en la regi\u00f3n y en particular en la comunidad de los \u00a0casi \u00a02.500 parceleros afectados, es previsible que a lo largo del juicio contra \u00a0una \u00a0de \u00a0los \u00a0autores \u00a0materiales \u00a0del \u00a0hecho, pueden presentarse situaciones de \u00a0tensi\u00f3n \u00a0capaces \u00a0de \u00a0alterar el orden p\u00fablico y por ende el normal desarrollo \u00a0del \u00a0juicio, tales como tumultos, arengas, asonadas, manifestaciones de protesta \u00a0y \u00a0hasta \u00a0intentos \u00a0de \u00a0agresi\u00f3n \u00a0al \u00a0enjuiciado, \u00a0o \u00a0a sus familiares, quienes \u00a0residen en la ciudad de Monter\u00eda. \u00a0\u00a0<\/p>\n<p>\u00a0 \u00a0\u00a0 \u00a0\u00a0 \u00a0\u00a0Adem\u00e1s \u00a0de \u00a0los \u00a0riesgos \u00a0que para el propio procesado y su familia \u00a0comportar\u00eda \u00a0llevar a cabo el juicio en Monter\u00eda, hay otros factores que hacen \u00a0prever \u00a0que esa misma circunstancia puede poner en serio riesgo la integridad de \u00a0los testigos. \u00a0\u00a0<\/p>\n<p>\u00a0 \u00a0\u00a0 \u00a0\u00a0 \u00a0\u00a0Ello \u00a0si se considera que el testigo principal del caso, se\u00f1or Eder \u00a0Antonio \u00a0Gonz\u00e1lez \u00a0Luna, \u00a0quien \u00a0se \u00a0encuentra \u00a0bajo \u00a0el amparo del Programa de \u00a0Protecci\u00f3n \u00a0de \u00a0testigos \u00a0de la Fiscal\u00eda, se encuentra en grave riesgo, pues a \u00a0trav\u00e9s \u00a0 de \u00a0 l\u00edneas \u00a0 telef\u00f3nicas \u00a0 controladas \u00a0 en \u00a0 desarrollo \u00a0 de \u00a0 las \u00a0interceptaciones \u00a0ordenadas \u00a0previamente, \u00a0se \u00a0tiene \u00a0conocimiento \u00a0de \u00a0que \u00a0los \u00a0autores \u00a0del \u00a0hecho, \u00a0personas \u00a0estrechamente vinculadas con las autodefensas de \u00a0C\u00f3rdoba, \u00a0como \u00a0el \u00a0fugitivo \u00a0no \u00a0desmovilizado V\u00edctor Alfonso Rojas Valencia, \u00a0tienen \u00a0una \u00a0clara intensi\u00f3n de localizar y atentar contra la vida del testigo, \u00a0por \u00a0lo que su traslado a la ciudad de Monter\u00eda, incrementar\u00eda ostensiblemente \u00a0su \u00a0 riesgo, \u00a0 lo \u00a0 que \u00a0 no \u00a0 se \u00a0 presentar\u00eda \u00a0 en \u00a0 un \u00a0 escenario \u00a0judicial \u00a0distinto. \u00a0\u00a0<\/p>\n<p>\u00a0 \u00a0\u00a0 \u00a0\u00a0 \u00a0\u00a0Tambi\u00e9n, \u00a0 otros \u00a0 importantes \u00a0testigos \u00a0de \u00a0los \u00a0hechos, \u00a0que \u00a0se \u00a0encuentran \u00a0cobijados \u00a0por \u00a0el Programa de Protecci\u00f3n de la Fiscal\u00eda, deber\u00e1n \u00a0ser \u00a0llamados \u00a0a \u00a0declarar \u00a0en \u00a0el \u00a0juicio, \u00a0incrementando \u00a0los riesgos a que se \u00a0encuentran \u00a0supeditados \u00a0si \u00a0se les lleva a Monter\u00eda, m\u00e1xime cuando los mismos \u00a0siguen \u00a0siendo \u00a0objeto \u00a0de amenazas de muerte para que declinen continuar con el \u00a0recaudo de documentos y organizaci\u00f3n de las familias reclamantes. \u00a0\u00a0<\/p>\n<p>\u00a0 \u00a0\u00a0 \u00a0\u00a0 \u00a0\u00a0Al \u00a0respecto, \u00a0dice, \u00a0la actuaci\u00f3n cuenta con la denuncia formulada \u00a0por \u00a0Eloina Gaspar Padilla, quien hizo un recuento de las situaciones de amenaza \u00a0despu\u00e9s \u00a0de \u00a0haber \u00a0sido \u00a0la \u00a0persona, \u00a0que al menos nominalmente, reemplaz\u00f3 a \u00a0Yolanda \u00a0Izquierdo, \u00a0liderando \u00a0las \u00a0miles de familias que reclaman sus tierras. \u00a0Otro \u00a0tanto \u00a0ocurre \u00a0con \u00a0Manuel Antonio Arc\u00e1ngel, sin que existan razones para \u00a0suponer \u00a0que \u00a0la situaci\u00f3n de riesgo ha desaparecido, dada la indefinici\u00f3n que \u00a0a\u00fan pesa sobre la suerte de las tierras que se disputan. \u00a0\u00a0<\/p>\n<p>\u00a0 \u00a0\u00a0 \u00a0\u00a0 \u00a0\u00a0Dice \u00a0que \u00a0se \u00a0ha \u00a0conocido \u00a0por los medios de comunicaci\u00f3n que los \u00a0terrenos \u00a0en \u00a0disputa por cuya reclamaci\u00f3n fue asesinada Yolanda Izquierdo, son \u00a0quiz\u00e1s \u00a0las \u00a0mejores \u00a0tierras ganaderas de C\u00f3rdoba, en donde de anta\u00f1o tienen \u00a0presencia \u00a0efectiva e inmensos intereses econ\u00f3micos varios de los cabecillas de \u00a0los grupos de autodefensas. \u00a0\u00a0<\/p>\n<p>\u00a0 \u00a0\u00a0 \u00a0\u00a0 \u00a0\u00a0Precisamente \u00a0organismos \u00a0de \u00a0seguridad han plasmado en informes que \u00a0militan \u00a0en el proceso, que esas mismas tierras, y en especial, su adjudicaci\u00f3n \u00a0a \u00a0los \u00a0parceleros \u00a0expulsados \u00a0que \u00a0hoy \u00a0la \u00a0reclaman, \u00a0dieron \u00a0origen a agrias \u00a0disputas \u00a0entre \u00a0los propios hermanos Casta\u00f1o Gil y luego de la aparente muerte \u00a0de \u00a0 Carlos \u00a0 Casta\u00f1o, \u00a0 a \u00a0 otras \u00a0tensiones \u00a0entre \u00a0cabecillas \u00a0de \u00a0la \u00a0misma \u00a0organizaci\u00f3n \u00a0criminal, \u00a0hoy \u00a0recluidos \u00a0en \u00a0la \u00a0C\u00e1rcel \u00a0de \u00a0Itagu\u00ed. \u00a0Se sabe \u00a0igualmente, \u00a0que \u00a0personales \u00a0de \u00a0la \u00a0peligrosidad de los alias \u201cDon Berna\u201d, \u00a0\u201cEl \u00a0Mono \u00a0Mancuso\u201d, \u00a0\u201cEl Profe\u201d y \u201cMonoleche\u201d, poseen all\u00ed grandes \u00a0extensiones \u00a0de \u00a0tierras \u00a0y ganader\u00eda a trav\u00e9s de testaferros, lo que en buena \u00a0medida \u00a0explica \u00a0los \u00a0motivos del crimen a la l\u00edder campesina y la sistem\u00e1tica \u00a0conducta atemorizadora contra los reclamantes. \u00a0\u00a0<\/p>\n<p>\u00a0 \u00a0\u00a0 \u00a0\u00a0 \u00a0\u00a0Resalta, \u00a0adem\u00e1s, \u00a0que \u00a0por \u00a0las condiciones mismas impuestas en la \u00a0ley \u00a0de \u00a0Justicia y Paz a los desmovilizados, la eventual comprobaci\u00f3n de haber \u00a0ordenado \u00a0o \u00a0auspiciado \u00a0de alguna forma el crimen de Yolanda Izquierdo, podr\u00eda \u00a0acarrearles \u00a0la \u00a0p\u00e9rdida \u00a0de \u00a0los \u00a0beneficios \u00a0consagrados, situaci\u00f3n que hace \u00a0prever \u00a0 que \u00a0pueden \u00a0presentarse \u00a0situaciones \u00a0de \u00a0riesgo \u00a0que \u00a0comprometan \u00a0la \u00a0seguridad \u00a0de \u00a0los \u00a0funcionarios \u00a0judiciales, testigos o sujetos procesales, las \u00a0que \u00a0resultar\u00edan \u00a0m\u00e1s f\u00e1ciles de organizar en la regi\u00f3n que tradicionalmente \u00a0han \u00a0dominado \u00a0y \u00a0en \u00a0donde \u00a0de \u00a0anta\u00f1o \u00a0poseen \u00a0una \u00a0log\u00edstica que incluye la \u00a0existencia \u00a0de personas dedicadas al sicariato, como lo demostr\u00f3 el mismo hecho \u00a0investigado. \u00a0\u00a0<\/p>\n<p>\u00a0 \u00a0\u00a0 \u00a0\u00a0 \u00a0\u00a0Informa \u00a0 \u00a0que \u00a0 \u00a0precisamente \u00a0 por \u00a0 conversaciones \u00a0 telef\u00f3nicas \u00a0interceptadas \u00a0 por \u00a0 resoluci\u00f3n \u00a0 judicial, \u00a0se \u00a0sabe \u00a0que \u00a0alias \u00a0\u201cJawi\u201d, \u00a0organizados \u00a0del \u00a0crimen \u00a0y \u00a0compa\u00f1ero \u00a0en el plan criminal del aqu\u00ed procesado \u00a0MURILLO \u00a0MONTES, \u00a0conserva \u00a0una estructura armada con varios sujetos con los que \u00a0se \u00a0moviliza en zona rural de Valencia, cerca de Monter\u00eda, y que adem\u00e1s provee \u00a0log\u00edstica \u00a0para \u00a0los \u00a0llamados \u00a0grupos \u00a0emergentes \u00a0o \u00a0\u201c\u00e1guilas negras\u201d de \u00a0reciente aparici\u00f3n en esa zona. \u00a0\u00a0<\/p>\n<p>\u00a0 \u00a0\u00a0 \u00a0\u00a0 \u00a0\u00a0Afirma \u00a0que \u00a0no \u00a0es un secreto la posible infiltraci\u00f3n o influencia \u00a0de \u00a0los paramilitares de C\u00f3rdoba en algunos operadores de la administraci\u00f3n de \u00a0justicia, \u00a0 al \u00a0 punto \u00a0 que \u00a0 ese \u00a0 despacho \u00a0 cuenta \u00a0 con \u00a0pruebas \u00a0t\u00e9cnicas \u00a0(interceptaciones \u00a0telef\u00f3nicas) \u00a0que ponen de manifiesto el aparente compromiso \u00a0con \u00a0esos \u00a0grupos \u00a0del \u00a0juez \u00a0de \u00a0la \u00a0causa \u00a0y el procurador asignado al caso de \u00a0Monter\u00eda, \u00a0aspecto que sin embargo no ventila en esta solicitud, por considerar \u00a0que \u00a0 se \u00a0 trata \u00a0de \u00a0un \u00a0factor \u00a0subjetivo \u00a0predicable \u00a0del \u00a0sentenciador, \u00a0que \u00a0eventualmente \u00a0ser\u00eda \u00a0discutibles \u00a0a \u00a0trav\u00e9s \u00a0de las figuras del impedimento y \u00a0recusaci\u00f3n, extra\u00f1as al cambio de radicaci\u00f3n. \u00a0\u00a0<\/p>\n<p>\u00a0 \u00a0\u00a0 \u00a0\u00a0 \u00a0\u00a0Anexa \u00a0a \u00a0la \u00a0petici\u00f3n \u00a0copias \u00a0de \u00a0algunas \u00a0piezas \u00a0procesales que \u00a0permiten corroborar lo aqu\u00ed alegado. \u00a0\u00a0<\/p>\n<p>\u00a0 \u00a0\u00a0 \u00a0\u00a0 \u00a0\u00a0Finaliza \u00a0su \u00a0petici\u00f3n, \u00a0solicitando a la Corte que en el evento de \u00a0considerar \u00a0positivamente \u00a0el \u00a0cambio \u00a0de \u00a0radicaci\u00f3n \u00a0impetrado, al momento de \u00a0fijar \u00a0el \u00a0sitio \u00a0para \u00a0continuar \u00a0el \u00a0juicio, \u00a0se tengan en cuenta otras plazas \u00a0judiciales \u00a0diversas a Bogot\u00e1, como, por ejemplo, Medell\u00edn, Bucaramanga, Tunja \u00a0o \u00a0Valledupar), \u00a0pues \u00a0la \u00a0congesti\u00f3n \u00a0de \u00a0los \u00a0juzgados \u00a0de \u00a0la capital, viene \u00a0generando \u00a0que \u00a0algunos \u00a0procesos \u00a0de \u00a0connotaci\u00f3n, \u00a0a\u00fan \u00a0en casos de personas \u00a0detenidas, \u00a0no \u00a0se \u00a0haya \u00a0proferido \u00a0sentencia \u00a0a pesar de haber trascurrido dos \u00a0a\u00f1os de terminada la vista p\u00fablica. \u00a0\u00a0<\/p>\n<p>\u00a0 \u00a0\u00a0 \u00a0\u00a0 \u00a0\u00a0Hall\u00e1ndose \u00a0la \u00a0petici\u00f3n \u00a0a \u00a0Despacho \u00a0del \u00a0Magistrado Ponente, el \u00a0fiscal \u00a0peticionario \u00a0hizo \u00a0llegar constancia de ejecutoria de la resoluci\u00f3n de \u00a0acusaci\u00f3n \u00a0proferida \u00a0contra \u00a0ALVARO \u00a0AUGUSTO \u00a0MURILLO \u00a0MONTES, \u00a0para \u00a0que \u00a0sea \u00a0considerada al momento de resolver sobre el cambio de radicaci\u00f3n. \u00a0\u00a0<\/p>\n<p>CONSIDERACIONES DE LA CORTE \u00a0<\/p>\n<p>La \u00a0Corte \u00a0es \u00a0competente \u00a0para \u00a0resolver \u00a0la \u00a0petici\u00f3n \u00a0de \u00a0cambio \u00a0de radicaci\u00f3n que eleva el Fiscal Delegado en el proceso \u00a0que \u00a0cursa \u00a0contra \u00a0ALVARO \u00a0AUGUSTO MURILLO MONTES, porque en ella se involucran \u00a0despachos \u00a0pertenecientes \u00a0a \u00a0diferentes distritos judiciales, dado que en el de \u00a0Monter\u00eda \u00a0s\u00f3lo \u00a0funciona \u00a0un \u00a0juzgado \u00a0penal \u00a0del \u00a0circuito \u00a0especializado \u00a0y, \u00a0adem\u00e1s, \u00a0las \u00a0circunstancias \u00a0a \u00a0las \u00a0cuales \u00a0se asocia la no existencia de las \u00a0condiciones \u00a0adecuadas \u00a0para \u00a0que \u00a0se \u00a0surta \u00a0el \u00a0juicio, se predican de todo el \u00a0departamento \u00a0de \u00a0C\u00f3rdoba, \u00a0de \u00a0manera \u00a0que \u00a0el \u00a0cambio \u00a0de radicaci\u00f3n, de ser \u00a0procedente, \u00a0por \u00a0fuerza habr\u00eda de serlo a otro de distinto distrito (art\u00edculo \u00a075-8 del C\u00f3digo de Procedimiento Penal). \u00a0\u00a0<\/p>\n<p>De otro lado, de acuerdo con el art\u00edculo 400 \u00a0de \u00a0la \u00a0Ley \u00a0600 \u00a0de \u00a02000, \u00a0que \u00a0rige el caso en cuesti\u00f3n, la etapa del juicio \u00a0comienza \u00a0con \u00a0la \u00a0ejecutoria \u00a0de \u00a0la \u00a0resoluci\u00f3n de acusaci\u00f3n. En el presente \u00a0evento, \u00a0el fiscal peticionario hizo llegar constancia sobre la ejecutoria de la \u00a0resoluci\u00f3n \u00a0que \u00a0acus\u00f3 \u00a0al procesado ALVARO AUGUSTO MURILLO MONTES, por lo que \u00a0es \u00a0procedente \u00a0concluir que el asunto ya se encuentra en esa fase procesal, sin \u00a0que \u00a0sea \u00a0motivo \u00a0impidente para resolver, la circunstancia de que el expediente \u00a0no \u00a0se \u00a0haya \u00a0remitido \u00a0al juez competente territorialmente, dado que de acuerdo \u00a0con \u00a0el art\u00edculo 86-2 del C\u00f3digo que rige el caso, la propuesta es susceptible \u00a0de \u00a0hacerse \u00a0ante \u00a0el \u00a0funcionario \u00a0judicial competente para resolverlo, en este \u00a0caso, la Corte.\u00a0\u00a0\u00a0 \u00a0\u00a0<\/p>\n<p>Ahora \u00a0 bien, \u00a0desde \u00a0el \u00a0punto \u00a0de \u00a0vista \u00a0normativo, \u00a0el \u00a0cambio \u00a0de \u00a0radicaci\u00f3n \u00a0previsto \u00a0en \u00a0el art\u00edculo 85 del mismo \u00a0estatuto, \u00a0como excepci\u00f3n a los reglas que regulan la competencia por el factor \u00a0territorial, \u00a0resulta \u00a0procedente \u00a0cuando \u00a0en \u00a0el \u00a0lugar \u00a0donde \u00a0se \u00a0adelanta la \u00a0actuaci\u00f3n \u00a0se \u00a0presentan \u00a0hechos, acontecimientos o circunstancias que permiten \u00a0suponer \u00a0fundadamente \u00a0que \u00a0las condiciones necesarias para el normal desarrollo \u00a0del \u00a0proceso \u00a0no \u00a0pueden \u00a0garantizarse, \u00a0debido a que ning\u00fan otro medio permite \u00a0contrarrestar \u00a0la situaci\u00f3n que afecta el orden p\u00fablico, la imparcialidad o la \u00a0independencia \u00a0de \u00a0la administraci\u00f3n de justicia, las garant\u00edas procesales, la \u00a0publicidad \u00a0del \u00a0juzgamiento, \u00a0la seguridad o integridad personal de los sujetos \u00a0procesales o de los funcionarios judiciales. \u00a0\u00a0<\/p>\n<p>\u00a0 \u00a0\u00a0 \u00a0\u00a0 \u00a0\u00a0En \u00a0el \u00a0presente \u00a0caso, la conducta cuyo juzgamiento se inicia tiene \u00a0que \u00a0 ver \u00a0 con \u00a0 el \u00a0crimen \u00a0de \u00a0una \u00a0destaca \u00a0l\u00edder \u00a0comunitaria \u00a0que \u00a0ven\u00eda \u00a0representando \u00a0ante \u00a0la \u00a0jurisdicci\u00f3n \u00a0de Justicia y Paz a varios centenares de \u00a0familias \u00a0que \u00a0aspiran \u00a0a \u00a0que \u00a0los \u00a0grupos \u00a0desmovilizados \u00a0de \u00a0autodefensa les \u00a0devuelvan \u00a0sus \u00a0parcelas, \u00a0de \u00a0las cuales se dice fueron despojados en los a\u00f1os \u00a090, \u00a0localizadas \u00a0en \u00a0varias \u00a0fincas \u00a0rurales \u00a0de \u00a0Monter\u00eda \u00a0y \u00a0Valencia \u00a0en el \u00a0departamento \u00a0de \u00a0C\u00f3rdoba, \u00a0lugares vinculados a aquel en donde tuvo ocurrencia \u00a0el \u00a0homicidio \u00a0de \u00a0Yolanda Izquierdo y donde\u00a0 legalmente debe realizarse el \u00a0juicio \u00a0por \u00a0competencia \u00a0territorial, y donde han surgido una serie de amenazas \u00a0serias \u00a0contra \u00a0los principales testigos del caso, que muy posiblemente deber\u00e1n \u00a0ser llamados a atestiguar en el juicio. \u00a0\u00a0<\/p>\n<p>Aunque \u00a0en \u00a0principio \u00a0la norma que regula el \u00a0cambio \u00a0de radicaci\u00f3n no consagra, por lo menos de manera expresa, la seguridad \u00a0de \u00a0los \u00a0testigos, y sobre el punto ha dicho la jurisprudencia que, \u201clos \u00a0factores \u00a0de \u00a0seguridad \u00a0o \u00a0de \u00a0protecci\u00f3n \u00a0a la integridad \u00a0personal, \u00a0como \u00a0motivo \u00a0para variar la radicaci\u00f3n de un proceso, se encuentran \u00a0exclusivamente \u00a0referidos \u00a0al \u00a0sindicado \u00a0y s\u00f3lo para cuando ello pueda afectar \u00a0las \u00a0garant\u00edas \u00a0procesales \u00a0que \u00a0le \u00a0son \u00a0inherentes1, \u00a0la \u00a0Sala \u00a0no \u00a0pone \u00a0hoy \u00a0en tela de juicio que el facilitar la participaci\u00f3n de los \u00a0testigos \u00a0en \u00a0un \u00a0proceso significa defender los altos intereses de la justicia, \u00a0en \u00a0 lo \u00a0que \u00a0igualmente \u00a0est\u00e1 \u00a0involucrado \u00a0el \u00a0inter\u00e9s \u00a0p\u00fablico, \u00a0como \u00a0que \u00a0garantizar \u00a0 esa \u00a0 intervenci\u00f3n \u00a0 fortalece \u00a0el \u00a0adecuado \u00a0juzgamiento \u00a0de \u00a0los \u00a0ciudadanos2. \u00a0\u00a0<\/p>\n<p>Adem\u00e1s, \u00a0no \u00a0puede \u00a0dejarse de lado el hecho \u00a0notorio \u00a0de \u00a0que \u00a0en \u00a0amplias \u00a0zonas \u00a0del \u00a0pa\u00eds \u00a0se \u00a0han afectado las reglas de \u00a0convivencia \u00a0social \u00a0en \u00a0raz\u00f3n \u00a0de \u00a0la \u00a0presencia \u00a0paramilitar \u00a0y \u00a0de su actuar \u00a0violento, \u00a0grave situaci\u00f3n que se registra en el departamento de C\u00f3rdoba, como \u00a0se \u00a0acredita con el mismo asesinato de la l\u00edder comunal que aqu\u00ed se juzga y el \u00a0cual \u00a0se \u00a0ha \u00a0relacionado \u00a0precisamente \u00a0con \u00a0el \u00a0actuar violento de esos grupos \u00a0armados \u00a0al \u00a0margen de la ley, lo cual, aunado a las amenazas ciertas que vienen \u00a0recibiendo \u00a0varios \u00a0de \u00a0los \u00a0principales \u00a0testigos, \u00a0como lo evidencia el fiscal \u00a0delegado \u00a0en su petici\u00f3n, se constituyen en circunstancias que afectan el cabal \u00a0desempe\u00f1o \u00a0de \u00a0la \u00a0administraci\u00f3n \u00a0de \u00a0justicia y ponen en peligro el inter\u00e9s \u00a0p\u00fablico. \u00a0\u00a0<\/p>\n<p>Por tales razones se acoger\u00e1 el pedimento del \u00a0Fiscal \u00a0Noveno \u00a0Delegado de la Unidad Nacional de Derechos Humanos y D.I.H. y se \u00a0ordenar\u00e1 \u00a0radicar \u00a0el \u00a0proceso \u00a0en \u00a0uno \u00a0de \u00a0los \u00a0juzgados penales del circuito \u00a0especializados de Cundinamarca. \u00a0\u00a0<\/p>\n<p>En m\u00e9rito a lo expuesto, la CORTE SUPREMA DE \u00a0JUSTICIA, Sala de Casaci\u00f3n Penal, \u00a0\u00a0<\/p>\n<p>\u00a0 RESUELVE \u00a0\u00a0<\/p>\n<p>\u00a0 \u00a0\u00a0 \u00a0\u00a0 \u00a0\u00a01. \u00a0Declarar fundada la solicitud de cambio \u00a0de \u00a0radicaci\u00f3n \u00a0elevada \u00a0por \u00a0el Fiscal Noveno Delegado ante los Jueces Penales \u00a0del \u00a0Circuito \u00a0Especializados, \u00a0en \u00a0el \u00a0proceso \u00a0que \u00a0se \u00a0adelanta contra ALVARO \u00a0AUGUSTO \u00a0MURILLO \u00a0MONTES \u00a0por los delitos de homicidio agravado y concierto para \u00a0delinquir agravado. \u00a0\u00a0<\/p>\n<p>En \u00a0consecuencia, asignar el conocimiento del \u00a0proceso \u00a0a \u00a0los \u00a0Jueces \u00a0Penales \u00a0del Circuito Especializados de Cundinamarca, a \u00a0cuyo \u00a0reparto \u00a0se \u00a0enviar\u00e1 \u00a0el \u00a0expediente por el fiscal que tuvo a su cargo la \u00a0instrucci\u00f3n. \u00a0\u00a0<\/p>\n<p>\u00a0 \u00a0\u00a0 \u00a0\u00a0 \u00a0\u00a0Contra esta decisi\u00f3n no procede recurso alguno. \u00a0\u00a0<\/p>\n<p>\u00a0 \u00a0\u00a0 \u00a0\u00a0 \u00a0\u00a0Notif\u00edquese \u00a0 \u00a0y \u00a0c\u00famplase \u00a0\u00a0<\/p>\n<p>ALFREDO \u00a0 \u00a0G\u00d3MEZ \u00a0QUINTERO \u00a0\u00a0<\/p>\n<p>SIGIFREDO ESPINOSA P\u00c9REZ\u00a0\u00a0 MAR\u00cdA \u00a0DEL \u00a0 \u00a0 \u00a0 \u00a0 \u00a0 \u00a0 \u00a0 \u00a0 \u00a0 \u00a0ROSARIO \u00a0 \u00a0 \u00a0 \u00a0 \u00a0 \u00a0 \u00a0 \u00a0 \u00a0 \u00a0GONZ\u00c1LEZ \u00a0 \u00a0 \u00a0 \u00a0 \u00a0 \u00a0 \u00a0 \u00a0 \u00a0 DE \u00a0LEMOS\u00a0\u00a0\u00a0\u00a0\u00a0\u00a0\u00a0\u00a0\u00a0\u00a0\u00a0\u00a0\u00a0\u00a0\u00a0\u00a0\u00a0\u00a0\u00a0\u00a0\u00a0\u00a0\u00a0\u00a0\u00a0\u00a0\u00a0\u00a0\u00a0\u00a0\u00a0\u00a0\u00a0 \u00a0\u00a0<\/p>\n<p>AUGUSTO \u00a0 \u00a0 \u00a0 \u00a0J. \u00a0 \u00a0 \u00a0 IBA\u00d1EZ \u00a0GUZM\u00c1N\u00a0\u00a0\u00a0\u00a0\u00a0\u00a0\u00a0\u00a0\u00a0\u00a0\u00a0\u00a0\u00a0\u00a0 \u00a0JORGE LUIS QUINTERO MILANES \u00a0\u00a0<\/p>\n<p>YESID \u00a0 \u00a0 \u00a0 \u00a0 \u00a0 RAM\u00cdREZ \u00a0BASTIDAS\u00a0\u00a0\u00a0\u00a0\u00a0\u00a0\u00a0\u00a0\u00a0\u00a0\u00a0\u00a0 \u00a0JULIO ENRIQUE SOCHA SALAMANCA \u00a0\u00a0<\/p>\n<p>JAVIER ZAPATA ORTIZ \u00a0<\/p>\n<p>\u00a0\u00a0\u00a0\u00a0 \u00a0<\/p>\n<p>TERESA RUIZ NU\u00d1EZ \u00a0<\/p>\n<p>Secretaria \u00a0<\/p>\n<p>\u00a0 \u00a0\u00a0<\/p>\n<p>1 Auto \u00a0del 23 de noviembre del 2000, radicado 17.468. \u00a0\u00a0<\/p>\n<p>2 \u00a0Auto \u00a0 del \u00a013 \u00a0de \u00a0diciembre \u00a0de \u00a02005, \u00a0cambio \u00a0de \u00a0radicaci\u00f3n No. 24.490. \u00a0 \u00a0\u00a0<\/p>\n<p><\/p>\n","protected":false},"excerpt":{"rendered":"<p>\u00a0 \u00a0 Proceso No 28609 \u00a0 CORTE SUPREMA DE JUSTICIA \u00a0 SALA DE CASACI\u00d3N PENAL \u00a0 \u00a0\u00a0\u00a0\u00a0 \u00a0 \u00a0 Magistrado \u00a0Ponente: \u00a0\u00a0 \u00a0\u00a0\u00a0\u00a0\u00a0 \u00a0Dr. SIGIFREDO \u00a0ESPINOSA P\u00c9REZ \u00a0\u00a0 \u00a0\u00a0\u00a0\u00a0\u00a0\u00a0\u00a0\u00a0\u00a0\u00a0\u00a0\u00a0\u00a0\u00a0\u00a0\u00a0\u00a0\u00a0\u00a0\u00a0\u00a0\u00a0\u00a0\u00a0\u00a0\u00a0\u00a0\u00a0\u00a0\u00a0\u00a0\u00a0 \u00a0Aprobado Acta No. 207 \u00a0\u00a0 \u00a0 \u00a0\u00a0 \u00a0\u00a0 \u00a0\u00a0Bogot\u00e1, D.C., veinticinco de octubre de dos mil siete. \u00a0\u00a0 VISTOS \u00a0 Decide \u00a0la \u00a0Corte \u00a0el \u00a0cambio \u00a0de [&hellip;]<\/p>\n","protected":false},"author":1,"featured_media":0,"comment_status":"open","ping_status":"open","sticky":false,"template":"","format":"standard","meta":{"footnotes":""},"categories":[15],"tags":[],"class_list":["post-15013","post","type-post","status-publish","format-standard","hentry","category-15"],"_links":{"self":[{"href":"https:\/\/dmsjuridica.com\/buscador_20179478954\/salapenalcronologico20230723\/wp-json\/wp\/v2\/posts\/15013","targetHints":{"allow":["GET"]}}],"collection":[{"href":"https:\/\/dmsjuridica.com\/buscador_20179478954\/salapenalcronologico20230723\/wp-json\/wp\/v2\/posts"}],"about":[{"href":"https:\/\/dmsjuridica.com\/buscador_20179478954\/salapenalcronologico20230723\/wp-json\/wp\/v2\/types\/post"}],"author":[{"embeddable":true,"href":"https:\/\/dmsjuridica.com\/buscador_20179478954\/salapenalcronologico20230723\/wp-json\/wp\/v2\/users\/1"}],"replies":[{"embeddable":true,"href":"https:\/\/dmsjuridica.com\/buscador_20179478954\/salapenalcronologico20230723\/wp-json\/wp\/v2\/comments?post=15013"}],"version-history":[{"count":0,"href":"https:\/\/dmsjuridica.com\/buscador_20179478954\/salapenalcronologico20230723\/wp-json\/wp\/v2\/posts\/15013\/revisions"}],"wp:attachment":[{"href":"https:\/\/dmsjuridica.com\/buscador_20179478954\/salapenalcronologico20230723\/wp-json\/wp\/v2\/media?parent=15013"}],"wp:term":[{"taxonomy":"category","embeddable":true,"href":"https:\/\/dmsjuridica.com\/buscador_20179478954\/salapenalcronologico20230723\/wp-json\/wp\/v2\/categories?post=15013"},{"taxonomy":"post_tag","embeddable":true,"href":"https:\/\/dmsjuridica.com\/buscador_20179478954\/salapenalcronologico20230723\/wp-json\/wp\/v2\/tags?post=15013"}],"curies":[{"name":"wp","href":"https:\/\/api.w.org\/{rel}","templated":true}]}}