{"id":14810,"date":"2023-09-08T21:08:12","date_gmt":"2023-09-08T21:08:12","guid":{"rendered":"https:\/\/dmsjuridica.com\/buscador_20179478954\/salapenalcronologico20230723\/2023\/09\/08\/2828112-09-07\/"},"modified":"2023-09-08T21:08:12","modified_gmt":"2023-09-08T21:08:12","slug":"2828112-09-07","status":"publish","type":"post","link":"https:\/\/dmsjuridica.com\/buscador_20179478954\/salapenalcronologico20230723\/2023\/09\/08\/2828112-09-07\/","title":{"rendered":"28281(12-09-07)"},"content":{"rendered":"\n<p>\u00a0 \u00a0 Proceso No 28281 \u00a0<\/p>\n<p>CORTE SUPREMA DE JUSTICIA \u00a0<\/p>\n<p>SALA DE CASACION PENAL \u00a0<\/p>\n<p>\u00a0 \u00a0\u00a0 \u00a0\u00a0 \u00a0\u00a0 \u00a0 \u00a0 \u00a0 \u00a0 \u00a0\u00a0<\/p>\n<p>\u00a0 \u00a0\u00a0 \u00a0\u00a0 \u00a0\u00a0 \u00a0\u00a0 \u00a0 \u00a0 \u00a0 \u00a0 \u00a0 \u00a0\u00a0 \u00a0\u00a0 \u00a0 \u00a0 \u00a0 \u00a0 \u00a0 \u00a0 \u00a0 \u00a0\u00a0 \u00a0 \u00a0 \u00a0 \u00a0\u00a0 \u00a0 \u00a0 \u00a0 \u00a0\u00a0 \u00a0 \u00a0 \u00a0 \u00a0\u00a0\u00a0\u00a0\u00a0\u00a0\u00a0\u00a0\u00a0\u00a0 Magistrado \u00a0Ponente: \u00a0\u00a0<\/p>\n<p>\u00a0\u00a0\u00a0\u00a0\u00a0\u00a0\u00a0\u00a0\u00a0\u00a0\u00a0\u00a0\u00a0\u00a0\u00a0\u00a0\u00a0\u00a0\u00a0\u00a0\u00a0\u00a0\u00a0\u00a0\u00a0\u00a0\u00a0\u00a0\u00a0\u00a0\u00a0\u00a0\u00a0\u00a0\u00a0\u00a0\u00a0\u00a0\u00a0\u00a0\u00a0\u00a0\u00a0\u00a0\u00a0\u00a0\u00a0\u00a0\u00a0\u00a0\u00a0\u00a0\u00a0 \u00a0ALFREDO \u00a0 \u00a0 \u00a0 \u00a0 \u00a0 \u00a0 \u00a0 \u00a0 \u00a0 \u00a0 \u00a0 \u00a0G\u00d3MEZ \u00a0 \u00a0 \u00a0 \u00a0 \u00a0 \u00a0 \u00a0 \u00a0 \u00a0 \u00a0 \u00a0 QUINTERO\u00a0\u00a0\u00a0\u00a0\u00a0\u00a0\u00a0\u00a0\u00a0\u00a0\u00a0\u00a0\u00a0\u00a0\u00a0\u00a0\u00a0\u00a0\u00a0\u00a0\u00a0\u00a0\u00a0\u00a0\u00a0\u00a0\u00a0\u00a0\u00a0\u00a0\u00a0\u00a0\u00a0\u00a0\u00a0\u00a0\u00a0\u00a0\u00a0\u00a0\u00a0\u00a0\u00a0\u00a0\u00a0\u00a0\u00a0\u00a0\u00a0\u00a0\u00a0\u00a0\u00a0\u00a0\u00a0\u00a0\u00a0\u00a0\u00a0 \u00a0\u00a0<\/p>\n<p>\u00a0 \u00a0\u00a0 \u00a0\u00a0 \u00a0\u00a0 \u00a0\u00a0 \u00a0 \u00a0 \u00a0 \u00a0 \u00a0 \u00a0\u00a0 \u00a0\u00a0 \u00a0 \u00a0 \u00a0 \u00a0\u00a0\u00a0\u00a0\u00a0\u00a0\u00a0\u00a0\u00a0\u00a0\u00a0\u00a0\u00a0\u00a0\u00a0\u00a0\u00a0\u00a0 \u00a0Aprobado acta No. 170 \u00a0\u00a0<\/p>\n<p>Bogot\u00e1, D. C., doce (12) de septiembre de dos \u00a0mil siete (2007) \u00a0\u00a0<\/p>\n<p>VISTOS \u00a0<\/p>\n<p>Resuelve la Sala el conflicto de competencias \u00a0negativo \u00a0suscitado \u00a0entre \u00a0el \u00a0Juez Segundo Especializado de Pasto y el Tercero \u00a0Penal \u00a0del \u00a0Circuito de la misma ciudad, dentro del proceso que por el delito de \u00a0concierto \u00a0para \u00a0delinquir\u00a0 simple, en concurso con porte ilegal de armas y \u00a0hurto \u00a0calificado \u00a0y agravado, se adelanta contra GUILLERMO EFRAIN VALLEJO, JHON \u00a0EDISSON \u00a0NARV\u00c1EZ \u00a0JOJOA, \u00a0JOS\u00c9 ARCESIO FLOR MOSQUERA o JAIR ALVEIRO S\u00c1NCHEZ y \u00a0\u00c1LVARO DANIEL ERASO FL\u00d3REZ. \u00a0\u00a0<\/p>\n<p>ANTECEDENTES. \u00a0\u00a0<\/p>\n<p>Los \u00a0se\u00f1ores \u00a0GUILLERMO EFRAIN VALLEJO, JAIR \u00a0ARCESIO \u00a0FLOR \u00a0MOSQUERA \u00a0o \u00a0JAIR \u00a0ALBERTO \u00a0SANCHEZ \u00a0y \u00a0JHON EDISON NARVAEZ JOJOA \u00a0manifestaron \u00a0su intenci\u00f3n de acogerse a sentencia anticipada ante la Fiscal\u00eda \u00a0Quinta \u00a0Especializada \u00a0de la ciudad de Pasto, la cual el 29 de diciembre de 2006 \u00a0adelant\u00f3 \u00a0audiencia de formulaci\u00f3n de cargos por los delitos de concierto para \u00a0delinquir, \u00a0porte \u00a0ilegal \u00a0de \u00a0armas de fuego y hurto calificado y agravado, los \u00a0cuales fueron aceptados. \u00a0\u00a0<\/p>\n<p>En \u00a0consecuencia, \u00a0el proceso fue repartido a \u00a0los \u00a0juzgados \u00a0Penales \u00a0del \u00a0Circuito \u00a0Especializado \u00a0de la ciudad de Pasto para \u00a0fallo \u00a0anticipado, correspondi\u00e9ndole la causa al Segundo, el cual mediante auto \u00a0del \u00a010 \u00a0de \u00a0julio \u00a0de \u00a02007, declar\u00f3 su incompetencia para conocer del asunto, \u00a0considerando \u00a0que \u00a0con la introducci\u00f3n legislativa contenida en el art\u00edculo 23 \u00a0de \u00a0la \u00a0Ley \u00a01121 \u00a0de \u00a02006, \u00a0se \u00a0hab\u00eda \u00a0cambiado la competencia de la justicia \u00a0especializada \u00a0respecto \u00a0del \u00a0delito de concierto para delinquir simple, dejando \u00a0bajo \u00a0su conocimiento \u00e9ste cuando se encuentre agravado por las modalidades de: \u00a0para \u00a0cometer delitos de terrorismo, financiaci\u00f3n del \u00a0terrorismo \u00a0 y \u00a0 administraci\u00f3n \u00a0 de \u00a0 recursos \u00a0relacionados \u00a0con \u00a0actividades \u00a0terroristas, \u00a0narcotr\u00e1fico, \u00a0secuestro \u00a0extorsivo, \u00a0extorsi\u00f3n \u00a0para \u00a0conformar \u00a0escuadrones \u00a0de \u00a0la \u00a0muerte, \u00a0grupos \u00a0de \u00a0justicia privada o bandas de sicarios, \u00a0lavado de activos u omisiones de control. \u00a0\u00a0<\/p>\n<p>Por \u00a0lo anterior y en virtud del principio de \u00a0la \u00a0competencia \u00a0residual \u00a0remiti\u00f3 \u00a0la \u00a0actuaci\u00f3n \u00a0a \u00a0los Juzgados Penales del \u00a0Circuito \u00a0 de \u00a0esa \u00a0ciudad, \u00a0proponiendo \u00a0colisi\u00f3n \u00a0negativa \u00a0de \u00a0competencias. \u00a0\u00a0<\/p>\n<p>Una vez efectuado el correspondiente reparto, \u00a0las \u00a0diligencias \u00a0fueron \u00a0allegadas \u00a0al \u00a0Juzgado \u00a0Tercero \u00a0Penal del Circuito de \u00a0Pasto, \u00a0autoridad \u00a0que mediante auto del 21 de agosto del a\u00f1o en curso, acept\u00f3 \u00a0el \u00a0 conflicto \u00a0 de \u00a0 competencias, \u00a0 al \u00a0 considerar\u00a0 \u00a0 -de \u00a0la \u00a0mano \u00a0con \u00a0jurisprudencia \u00a0de \u00a0la \u00a0Sala- \u00a0que el art\u00edculo 14 de la Ley 733 de 2002, no fue \u00a0modificado \u00a0por \u00a0el \u00a0art\u00edculo \u00a023\u00a0 \u00a0de \u00a0la \u00a0Ley \u00a01121 de 2006, sino que al \u00a0contrario \u00a0adicion\u00f3 \u00a0la \u00a0lista \u00a0de \u00a0competencias \u00a0que \u00a0con \u00a0anterioridad \u00a0a \u00a0su \u00a0expedici\u00f3n le correspond\u00edan a los Juzgados Especializados. \u00a0\u00a0<\/p>\n<p>Bajo esa aserci\u00f3n \u201ctrab\u00f3\u201d el conflicto y \u00a0dispuso \u00a0 la \u00a0 remisi\u00f3n \u00a0 a \u00a0 esta \u00a0 Corporaci\u00f3n \u00a0 en \u00a0 aras \u00a0 de \u00a0desatar \u00a0el \u00a0asunto. \u00a0\u00a0<\/p>\n<p>CONSIDERACIONES \u00a0<\/p>\n<p>De \u00a0acuerdo \u00a0con \u00a0lo \u00a0dispuesto \u00a0en el inciso \u00a0segundo \u00a0del \u00a0art\u00edculo \u00a018 \u00a0transitorio de la ley 600 de 2000, corresponde a la \u00a0Sala \u00a0de \u00a0Casaci\u00f3n \u00a0Penal \u00a0de \u00a0la \u00a0Corte \u00a0Suprema \u00a0de \u00a0Justicia \u00a0conocer de los \u00a0conflictos \u00a0de competencia que se presenten en asuntos de la jurisdicci\u00f3n penal \u00a0entre \u00a0los \u00a0juzgados \u00a0Penales del Circuito Especializados y Penales del Circuito \u00a0ordinarios. \u00a0\u00a0<\/p>\n<p>Ab initio d\u00edgase que \u00a0la \u00a0competencia \u00a0para \u00a0continuar \u00a0conociendo \u00a0del \u00a0proceso \u00a0seguido \u00a0contra \u00a0los \u00a0se\u00f1ores \u00a0GUILLERMO \u00a0EFRAIN \u00a0VALLEJO, JHON EDISSON NARV\u00c1EZ JOJOA, JOS\u00c9 ARCESIO \u00a0FLOR \u00a0MOSQUERA \u00a0o \u00a0JAIR \u00a0ALVEIRO S\u00c1NCHEZ y \u00c1LVARO DANIEL ERASO FL\u00d3REZ por los \u00a0delitos \u00a0de \u00a0concierto \u00a0para \u00a0delinquir en concurso con porte ilegal de armas de \u00a0fuego \u00a0y \u00a0hurto \u00a0calificado \u00a0y agravado es del resorte del Juzgado Segundo Penal \u00a0del \u00a0 \u00a0Circuito \u00a0 \u00a0Especializado \u00a0 de \u00a0 Pasto, \u00a0 toda \u00a0 vez \u00a0 que \u00a0 \u2013como \u00a0con \u00a0acierto \u00a0lo \u00a0puntualiz\u00f3 \u00a0el \u00a0Juez\u00a0 \u00a0Tercero \u00a0Penal \u00a0del \u00a0Circuito- \u00a0ninguna \u00a0modificaci\u00f3n \u00a0comport\u00f3 la \u00a0competencia \u00a0en \u00a0los juzgados penales del circuito especializados para el delito \u00a0de \u00a0concierto \u00a0para \u00a0delinquir \u00a0en cualquiera de sus modalidades.\u00a0 Para una \u00a0mejor ilustraci\u00f3n en estos t\u00e9rminos ha dicho la Sala: \u00a0\u00a0<\/p>\n<p>\u00a0\u00a0\u00a0\u00a0\u00a0\u00a0\u00a0\u00a0\u00a0\u00a0\u00a0\u00a0\u00a0 \u00a0\u201cComo \u00a0se \u00a0observa, respecto de la norma original el \u00fanico cambio que sufri\u00f3 \u00a0dicho \u00a0numeral \u00a0fue \u00a0la inclusi\u00f3n del delito de concierto para la financiaci\u00f3n \u00a0del \u00a0terrorismo \u00a0y \u00a0administraci\u00f3n \u00a0de \u00a0recursos \u00a0relacionados \u00a0con actividades \u00a0terroristas. \u00a0\u00a0<\/p>\n<p>\u00a0\u00a0\u00a0\u00a0\u00a0\u00a0\u00a0\u00a0\u00a0\u00a0\u00a0\u00a0\u00a0 \u00a0En \u00a0ese \u00a0orden \u00a0de \u00a0ideas, \u00a0se \u00a0tiene \u00a0que dicha norma de la Ley 1121 de 2006 no \u00a0signific\u00f3 \u00a0modificaci\u00f3n \u00a0a \u00a0las \u00a0competencias \u00a0que \u00a0reg\u00edan \u00a0hasta antes de su \u00a0expedici\u00f3n. \u00a0Simplemente, \u00a0ratific\u00f3 \u00a0que \u00a0el \u00a0conocimiento \u00a0del concierto para \u00a0delinquir \u00a0agravado \u00a0correspond\u00eda \u00a0a \u00a0los \u00a0jueces \u00a0especializados, \u00a0y que de su \u00a0resorte \u00a0 tambi\u00e9n \u00a0 es \u00a0 el \u00a0 punible \u00a0 de \u00a0 financiaci\u00f3n \u00a0 del \u00a0terrorismo \u00a0y \u00a0administraci\u00f3n \u00a0de \u00a0recursos \u00a0relacionados con actividades terroristas, que por \u00a0virtud \u00a0de \u00a0lo \u00a0dispuesto \u00a0en \u00a0el \u00a0art\u00edculo \u00a019 \u00a0de \u00a0la precitada ley adquiri\u00f3 \u00a0tambi\u00e9n el car\u00e1cter de concierto para delinquir agravado. \u00a0\u00a0<\/p>\n<p>\u00a0\u00a0\u00a0\u00a0\u00a0\u00a0\u00a0\u00a0\u00a0\u00a0\u00a0\u00a0 \u00a0Por \u00a0lo \u00a0anterior, \u00a0la \u00a0competencia \u00a0para \u00a0el \u00a0conocimiento \u00a0del \u00a0concierto para \u00a0delinquir \u00a0b\u00e1sico o simple qued\u00f3 intacta. La norma que radic\u00f3 su conocimiento \u00a0en \u00a0los \u00a0jueces \u00a0especializados, esto es, el art\u00edculo 14 de la Ley 733 de 2002, \u00a0no \u00a0sufri\u00f3 \u00a0en \u00a0ese \u00a0sentido \u00a0modificaci\u00f3n \u00a0alguna \u00a0con\u00a0 \u00a0ocasi\u00f3n \u00a0de la \u00a0expedici\u00f3n \u00a0de la Ley 1121 de 2006, cuyo art\u00edculo 23 no hizo sino ratificar la \u00a0competencia \u00a0de \u00a0los \u00a0jueces especializados en punto al concierto para delinquir \u00a0agravado, \u00a0competencia \u00a0que, \u00a0como \u00a0qued\u00f3 \u00a0visto, \u00a0ya \u00a0estaba \u00a0asignada \u00a0a \u00a0los \u00a0referidos \u00a0funcionarios \u00a0por \u00a0parte \u00a0del \u00a0original numeral 7\u00ba del art\u00edculo 5\u00ba \u00a0transitorio. \u00a0\u00a0<\/p>\n<p>\u00a0\u00a0\u00a0\u00a0\u00a0\u00a0\u00a0\u00a0\u00a0\u00a0\u00a0\u00a0 \u00a0Se \u00a0concluye de lo considerado que, actualmente, sigue siendo del resorte de los \u00a0jueces \u00a0especializados \u00a0todo \u00a0tipo \u00a0de concierto para delinquir, sin importar su \u00a0modalidad, \u00a0 \u00a0esto \u00a0 \u00a0es, \u00a0 b\u00e1sica \u00a0 o \u00a0 agravada1. \u00a0\u00a0<\/p>\n<p>En m\u00e9rito de lo expuesto, LA CORTE SUPREMA DE \u00a0JUSTICIA, SALA DE CASACI\u00d3N PENAL, \u00a0\u00a0<\/p>\n<p>RESUELVE \u00a0<\/p>\n<p>PRIMERO.-\u00a0 \u00a0 \u00a0 \u00a0 Asignar \u00a0el \u00a0conocimiento \u00a0del \u00a0presente \u00a0asunto \u00a0al Juzgado Segundo \u00a0Penal \u00a0del \u00a0Circuito \u00a0Especializado \u00a0de \u00a0Pasto, despacho a donde se remitir\u00e1 el \u00a0expediente para lo de su cargo. \u00a0\u00a0<\/p>\n<p>SEGUNDO.-\u00a0\u00a0 \u00a0Ent\u00e9rese \u00a0de \u00a0esta \u00a0decisi\u00f3n al Juzgado Tercero Penal del Circuito de la misma \u00a0sede. \u00a0\u00a0<\/p>\n<p>Contra \u00a0esta \u00a0decisi\u00f3n \u00a0no \u00a0procede recurso \u00a0alguno. \u00a0\u00a0<\/p>\n<p>C\u00f3piese, \u00a0 devu\u00e9lvase \u00a0 y \u00a0 c\u00famplase. \u00a0\u00a0<\/p>\n<p>ALFREDO G\u00d3MEZ QUINTERO \u00a0<\/p>\n<p>SIGIFREDO \u00a0ESPINOSA \u00a0P\u00c9REZ \u00a0 \u00a0 \u00a0 \u00a0 \u00a0\u00a0 \u00a0 \u00a0 \u00a0 \u00a0\u00a0 \u00a0 \u00a0 \u00a0 \u00a0\u00a0 \u00a0 \u00a0 \u00a0 \u00a0\u00a0\u00a0\u00a0\u00a0\u00a0\u00a0 \u00a0MARIA \u00a0DEL \u00a0ROSARIO GONZ\u00c1LEZ \u00a0DE L. \u00a0\u00a0<\/p>\n<p>AUGUSTO \u00a0 \u00a0J. \u00a0 IBA\u00d1EZ \u00a0 GUZM\u00c1N\u00a0 \u00a0 \u00a0 \u00a0\u00a0 \u00a0 \u00a0\u00a0 \u00a0 \u00a0\u00a0 \u00a0 \u00a0\u00a0\u00a0\u00a0\u00a0\u00a0\u00a0\u00a0\u00a0\u00a0\u00a0\u00a0 \u00a0JORGE LUIS QUINTERO MILAN\u00c9S \u00a0\u00a0<\/p>\n<p>YESID \u00a0 \u00a0 \u00a0 \u00a0RAM\u00cdREZ \u00a0BASTIDAS\u00a0\u00a0\u00a0\u00a0\u00a0\u00a0\u00a0\u00a0\u00a0\u00a0\u00a0\u00a0\u00a0\u00a0\u00a0\u00a0 \u00a0JULIO ENRIQUE SOCHA SALAMANCA \u00a0\u00a0<\/p>\n<p>\u00a0 \u00a0 \u00a0 \u00a0 MAURO \u00a0 \u00a0 \u00a0 SOLARTE \u00a0PORTILLA\u00a0\u00a0\u00a0\u00a0\u00a0\u00a0\u00a0\u00a0\u00a0\u00a0\u00a0\u00a0\u00a0\u00a0\u00a0\u00a0\u00a0\u00a0\u00a0\u00a0\u00a0\u00a0\u00a0\u00a0 \u00a0JAVIER ZAPATA ORT\u00cdZ \u00a0\u00a0<\/p>\n<p>Permiso \u00a0<\/p>\n<p>Teresa Ruiz N\u00fa\u00f1ez \u00a0<\/p>\n<p>Secretaria \u00a0 \u00a0<\/p>\n<p>1 Sala \u00a0de Casaci\u00f3n Penal, radicaci\u00f3n 27310, abril 25 de 2007 \u00a0 \u00a0\u00a0<\/p>\n<p><\/p>\n","protected":false},"excerpt":{"rendered":"<p>\u00a0 \u00a0 Proceso No 28281 \u00a0 CORTE SUPREMA DE JUSTICIA \u00a0 SALA DE CASACION PENAL \u00a0 \u00a0 \u00a0\u00a0 \u00a0\u00a0 \u00a0\u00a0 \u00a0 \u00a0 \u00a0 \u00a0 \u00a0\u00a0 \u00a0 \u00a0\u00a0 \u00a0\u00a0 \u00a0\u00a0 \u00a0\u00a0 \u00a0 \u00a0 \u00a0 \u00a0 \u00a0 \u00a0\u00a0 \u00a0\u00a0 \u00a0 \u00a0 \u00a0 \u00a0 \u00a0 \u00a0 \u00a0 \u00a0\u00a0 \u00a0 \u00a0 \u00a0 \u00a0\u00a0 \u00a0 \u00a0 \u00a0 \u00a0\u00a0 \u00a0 \u00a0 [&hellip;]<\/p>\n","protected":false},"author":1,"featured_media":0,"comment_status":"open","ping_status":"open","sticky":false,"template":"","format":"standard","meta":{"footnotes":""},"categories":[15],"tags":[],"class_list":["post-14810","post","type-post","status-publish","format-standard","hentry","category-15"],"_links":{"self":[{"href":"https:\/\/dmsjuridica.com\/buscador_20179478954\/salapenalcronologico20230723\/wp-json\/wp\/v2\/posts\/14810","targetHints":{"allow":["GET"]}}],"collection":[{"href":"https:\/\/dmsjuridica.com\/buscador_20179478954\/salapenalcronologico20230723\/wp-json\/wp\/v2\/posts"}],"about":[{"href":"https:\/\/dmsjuridica.com\/buscador_20179478954\/salapenalcronologico20230723\/wp-json\/wp\/v2\/types\/post"}],"author":[{"embeddable":true,"href":"https:\/\/dmsjuridica.com\/buscador_20179478954\/salapenalcronologico20230723\/wp-json\/wp\/v2\/users\/1"}],"replies":[{"embeddable":true,"href":"https:\/\/dmsjuridica.com\/buscador_20179478954\/salapenalcronologico20230723\/wp-json\/wp\/v2\/comments?post=14810"}],"version-history":[{"count":0,"href":"https:\/\/dmsjuridica.com\/buscador_20179478954\/salapenalcronologico20230723\/wp-json\/wp\/v2\/posts\/14810\/revisions"}],"wp:attachment":[{"href":"https:\/\/dmsjuridica.com\/buscador_20179478954\/salapenalcronologico20230723\/wp-json\/wp\/v2\/media?parent=14810"}],"wp:term":[{"taxonomy":"category","embeddable":true,"href":"https:\/\/dmsjuridica.com\/buscador_20179478954\/salapenalcronologico20230723\/wp-json\/wp\/v2\/categories?post=14810"},{"taxonomy":"post_tag","embeddable":true,"href":"https:\/\/dmsjuridica.com\/buscador_20179478954\/salapenalcronologico20230723\/wp-json\/wp\/v2\/tags?post=14810"}],"curies":[{"name":"wp","href":"https:\/\/api.w.org\/{rel}","templated":true}]}}