{"id":14797,"date":"2023-09-08T21:08:11","date_gmt":"2023-09-08T21:08:11","guid":{"rendered":"https:\/\/dmsjuridica.com\/buscador_20179478954\/salapenalcronologico20230723\/2023\/09\/08\/2826326-09-07-prescrip\/"},"modified":"2023-09-08T21:08:11","modified_gmt":"2023-09-08T21:08:11","slug":"2826326-09-07-prescrip","status":"publish","type":"post","link":"https:\/\/dmsjuridica.com\/buscador_20179478954\/salapenalcronologico20230723\/2023\/09\/08\/2826326-09-07-prescrip\/","title":{"rendered":"28263(26-09-07) prescrip"},"content":{"rendered":"\n<p>\u00a0 \u00a0 Proceso No 28263 \u00a0<\/p>\n<p>CORTE SUPREMA DE JUSTICIA \u00a0<\/p>\n<p>SALA DE CASACI\u00d3N PENAL \u00a0<\/p>\n<p>Magistrado ponente \u00a0<\/p>\n<p>JAVIER \u00a0 ZAPATA \u00a0ORTIZ \u00a0\u00a0<\/p>\n<p>Aprobado acta No. 181\u00a0\u00a0\u00a0\u00a0 \u00a0\u00a0<\/p>\n<p>Bogot\u00e1 D. C., veintis\u00e9is (26) de septiembre \u00a0de dos mil siete (2007) \u00a0\u00a0<\/p>\n<p>Decide \u00a0la \u00a0Sala \u00a0sobre \u00a0la extinci\u00f3n de la \u00a0acci\u00f3n \u00a0penal \u00a0respecto del delito de porte ilegal de armas de fuego de defensa \u00a0personal, \u00a0por \u00a0el \u00a0que \u00a0fuera \u00a0acusado \u00a0y \u00a0condenado \u00a0el procesado \u00d3SCAR \u00a0WILDE \u00a0MANRIQUE \u00a0SILVA \u00a0y \u00a0HEINER \u00a0HAROLD SIERRA SOTO. \u00a0\u00a0<\/p>\n<p>HECHOS Y ACTUACI\u00d3N PROCESAL \u00a0<\/p>\n<p>En la sentencia impugnada, la Sala Penal del \u00a0Tribunal \u00a0 Superior \u00a0 del \u00a0Distrito \u00a0Judicial \u00a0de \u00a0C\u00facuta, \u00a0hizo \u00a0la \u00a0siguiente \u00a0s\u00edntesis: \u00a0\u00a0<\/p>\n<p>\u201cDe lo recaudado probatoriamente se tiene \u00a0que \u00a0el \u00a017 \u00a0de \u00a0Diciembre \u00a0de \u00a01.999, \u00a0el \u00a0se\u00f1or MART\u00cdN ALIRIO FUENTES PINTO, \u00a0miembro \u00a0activo del Cuerpo T\u00e9cnico de Investigaci\u00f3n de la Fiscal\u00eda General de \u00a0la \u00a0Naci\u00f3n, \u00a0se \u00a0encontr\u00f3 con un grupo de amigos cambistas frente al cajero de \u00a0Servibanca, \u00a0ubicado \u00a0en \u00a0la \u00a0Avenida \u00a0Gran Colombia frente al asadero de pollos \u00a0MacPollo de esta ciudad. \u00a0\u00a0<\/p>\n<p>El grupo de cambistas, conformado por WILMWE \u00a0(sic) \u00a0y \u00a0DOUGLAS \u00a0ALEXIS \u00a0MERCH\u00c1N \u00a0ARANGO, \u00a0\u00c1NGEL JHONATHAN SABOGAL LIZARAZU, \u00a0GEVERADRIAN \u00a0 DUARTE \u00a0OLARTE, \u00a0EDIKSON \u00a0JOS\u00c9 \u00a0FERN\u00c1NDEZ \u00a0SAYAGO \u00a0y \u00a0GAITX, \u00a0se \u00a0desplaz\u00f3 \u00a0 en \u00a0 varias \u00a0 motocicletas \u00a0hasta \u00a0al \u00a0avenida \u00a0cero \u00a0al \u00a0cajero \u00a0de \u00a0Coopdesarrollo \u00a0para \u00a0retirar de all\u00ed alg\u00fan otro dinero, para luego iniciar el \u00a0desplazamiento \u00a0en \u00a0compa\u00f1\u00eda de MART\u00cdN ALIRIO hacia la ciudad de San Antonio, \u00a0rep\u00fablica de Venezuela. \u00a0\u00a0<\/p>\n<p>La ruta seguida se inici\u00f3 desde la Avenida \u00a0Cero \u00a0para luego tomar el puente y la retoma conocida como del club de tenis y a \u00a0la \u00a0altura de la sede administrativa de ECOPETROL tomar la autopista que de esta \u00a0ciudad \u00a0conduce \u00a0a \u00a0la \u00a0vecina \u00a0ciudad \u00a0de \u00a0San \u00a0Antonio, \u00a0destino \u00a0final de los \u00a0cambistas. \u00a0\u00a0<\/p>\n<p>A \u00a0la altura del motel c\u00f3mplice, seg\u00fan lo \u00a0se\u00f1alan \u00a0los \u00a0testigos, fueron alcanzados por dos individuos que se desplazaban \u00a0en \u00a0una \u00a0moto \u00a0Suzuki Frewing 650 de placas XPD-13 quienes lograron arrinconar y \u00a0hacer \u00a0ir \u00a0a \u00a0la fuerza a la mota (sic) en la que se desplazaban ANGEL JHONATHAN \u00a0SABOGAL \u00a0LIZARAZU y GEVER ADR\u00cdAN DUARTE OLARTE a quienes hurtaron el dinero que \u00a0llevaban consigo. \u00a0\u00a0<\/p>\n<p>A\u00fan cuando no existe precisi\u00f3n en cuanto a \u00a0lo \u00a0sucedido, \u00a0al \u00a0parecer, \u00a0MART\u00cdN \u00a0ALIRIO \u00a0FUENTES PINTO se desplazaba metros \u00a0atr\u00e1s \u00a0de sus compa\u00f1eros y ante la situaci\u00f3n que se suscit\u00f3 procur\u00f3 detener \u00a0a \u00a0sus \u00a0compa\u00f1eros, \u00a0siendo \u00a0alcanzado por un disparo proveniente de uno de los \u00a0atracadores \u00a0que \u00a0le \u00a0impact\u00f3 \u00a0a \u00a0nivel \u00a0de \u00a0su \u00a0cabeza \u00a0y le produjo de manera \u00a0inmediata su muerte. \u00a0\u00a0<\/p>\n<p>Una \u00a0vez \u00a0efectuado \u00a0el \u00a0apoderamiento \u00a0del \u00a0dinero \u00a0los \u00a0atracadores emprendieron la huida hacia uno de los barrios cercanos \u00a0al \u00a0lugar de comisi\u00f3n del delito, encontr\u00e1ndose en su camino a la altura de la \u00a0calle \u00a024 \u00a0con \u00a0la \u00a0avenida 11 de esta ciudad, con el veh\u00edculo Maverik azul, de \u00a0placas \u00a0VDP-748 \u00a0de propiedad del se\u00f1or MIGUEL \u00c1NGEL BO\u00cdVAR veh\u00edculo que fue \u00a0objeto \u00a0de \u00a0apoderamiento \u00a0por \u00a0parte \u00a0de \u00a0los \u00a0malhechores ante la intempestiva \u00a0ca\u00edda sufrida en la moto en la que se desplazaban. \u00a0\u00a0<\/p>\n<p>Las \u00a0 labores \u00a0de \u00a0inteligencia \u00a0lograron \u00a0establecer \u00a0que \u00a0los \u00a0ejecutarios \u00a0de \u00a0la conducta criminal fueron HEINER HAROLD \u00a0SIERRA SOTO y \u00d3SCAR WILDE MANRIQUE SILVA.\u201d \u00a0\u00a0<\/p>\n<p>La Fiscal\u00eda General de la Naci\u00f3n, a trav\u00e9s \u00a0de \u00a0la \u00a0Unidad \u00a0de \u00a0Fiscal\u00edas Delegada ante los Juzgados Penales de Circuito de \u00a0C\u00facuta, \u00a0adscrita \u00a0a \u00a0la \u00a0Unidad \u00a0de \u00a0Vida, \u00a0el \u00a026 \u00a0de \u00a0julio \u00a0de 2002, dict\u00f3 \u00a0resoluci\u00f3n \u00a0de \u00a0acusaci\u00f3n \u00a0en contra de \u00d3SCAR WILDE \u00a0MANRIQUE \u00a0SILVA \u00a0y \u00a0HEINER \u00a0HAROLD \u00a0SIERRA \u00a0SOTO \u00a0como \u00a0coautores \u00a0del \u00a0concurso \u00a0delito \u00a0de \u00a0homicidio \u00a0agravado, \u00a0hurto \u00a0calificado \u00a0y \u00a0agravado \u00a0y porte ilegal de armas de fuego\u00a0 de defensa personal, alcanzando \u00a0su ejecutoria el 15 de agosto de 2002. \u00a0\u00a0<\/p>\n<p>El Juzgado 6\u00b0 Penal de Circuito de C\u00facuta, \u00a0mediante \u00a0sentencia \u00a0del \u00a05 \u00a0de \u00a0octubre \u00a0de 2005, profiri\u00f3 sentencia de primer \u00a0grado \u00a0 condenando \u00a0a \u00a0los \u00a0procesados \u00a0\u00d3SCAR \u00a0WILDE \u00a0MANRIQUE \u00a0SILVA y HEINER HAROLD SIERRA SOTO a las penas \u00a0de \u00a032 \u00a0a\u00f1os \u00a05 \u00a0meses \u00a0de prisi\u00f3n y a la accesoria de inhabilitaci\u00f3n para el \u00a0ejercicio \u00a0de \u00a0los \u00a0derechos \u00a0y funciones P\u00fablicas por el t\u00e9rmino de 10 a\u00f1os, \u00a0como \u00a0coautores \u00a0del concurso de delitos de homicidio agravado, hurto calificado \u00a0y \u00a0agravado \u00a0y \u00a0porte \u00a0ilegal de armas de fuego de defensa personal (fl. 697 c # \u00a03), \u00a0la \u00a0que \u00a0al \u00a0ser \u00a0impugnada, \u00a0fue confirmada por la Sala Penal del Tribunal \u00a0Superior \u00a0de Distrito Judicial de C\u00facuta, a trav\u00e9s de la sentencia de abril 12 \u00a0de 2007. \u00a0\u00a0<\/p>\n<p>\u00a0\u00a0 \u00a0<\/p>\n<p>CONSIDERACIONES DE LA SALA \u00a0\u00a0<\/p>\n<p>1.- \u00a0Como \u00a0se \u00a0recordar\u00e1 \u00a0los \u00a0procesados \u00a0\u00d3SCAR \u00a0WILDE MANRIQUE SILVA \u00a0y \u00a0HEINER \u00a0HAROLD \u00a0SIERRA \u00a0SOTO \u00a0fueron condenados por el concurso de delitos de \u00a0homicidio \u00a0agravado, \u00a0hurto \u00a0calificado \u00a0y \u00a0agravado \u00a0y porte ilegal de armas de \u00a0fuego \u00a0de \u00a0defensa \u00a0personal, \u00a0que \u00a0para \u00a0la \u00a0fecha \u00a0de los hechos describ\u00eda el \u00a0art\u00edculo \u00a0201 del Decreto 100 de 1980 y sancionaba con prisi\u00f3n de 1 a 4 a\u00f1os. \u00a0Operado \u00a0el \u00a0tr\u00e1nsito \u00a0de \u00a0legislaci\u00f3n, \u00a0la \u00a0Ley 599 de 2000 recogi\u00f3 aqu\u00e9lla \u00a0conducta \u00a0en el art\u00edculo 365 sancionando a los infractores con pena de prisi\u00f3n \u00a0que oscila entre 1 y 4 a\u00f1os, operando la prescripci\u00f3n en 5 a\u00f1os. \u00a0\u00a0<\/p>\n<p>Como el art\u00edculo 86 ib\u00eddem establece que la \u00a0prescripci\u00f3n \u00a0de la acci\u00f3n penal se interrumpe con la resoluci\u00f3n acusatoria o \u00a0su \u00a0equivalente debidamente ejecutoriada, producida \u00e9sta comenzar\u00e1 a correr de \u00a0nuevo \u00a0por \u00a0un \u00a0t\u00e9rmino \u00a0igual a la mitad del se\u00f1alado en el art\u00edculo 83, sin \u00a0que pueda ser inferior a 5 ni superior a 10 a\u00f1os. \u00a0\u00a0<\/p>\n<p>De \u00a0esta \u00a0manera, \u00a0como \u00a0la \u00a0resoluci\u00f3n \u00a0de \u00a0acusaci\u00f3n \u00a0proferida \u00a0en \u00a0contra \u00a0de los \u00d3SCAR WILDE \u00a0MANRIQUE \u00a0SILVA \u00a0y \u00a0HEINER \u00a0HAROLD \u00a0SIERRA SOTO qued\u00f3 \u00a0ejecutoriada \u00a0el \u00a015 \u00a0de \u00a0agosto de 2002, se interrumpi\u00f3 el ciclo prescriptivo, \u00a0comenzando \u00a0a \u00a0correr \u00a0un nuevo t\u00e9rmino equivalente a la mitad del se\u00f1alado en \u00a0el \u00a0art\u00edculo \u00a083 \u00a0ib\u00eddem, \u00a0que \u00a0para el presente caso, no puede ser inferior a \u00a0cinco \u00a0(5) \u00a0a\u00f1os \u00a0conforme \u00a0al inciso 2\u00b0 del art\u00edculo 86 ib\u00eddem, quedando en \u00a0definitiva como tope m\u00e1ximo del fen\u00f3meno jur\u00eddico en 5 a\u00f1os. \u00a0\u00a0<\/p>\n<p>Significa \u00a0lo \u00a0anterior, \u00a0que \u00a0para el 15 de \u00a0agosto \u00a0de \u00a02007, \u00a0fecha \u00a0en la que a\u00fan no hab\u00eda llevado el proceso a la Corte \u00a0para \u00a0 desatar \u00a0 el \u00a0recurso \u00a0extraordinario \u00a0de \u00a0casaci\u00f3n, \u00a0la \u00a0acci\u00f3n \u00a0penal \u00a0adelantada \u00a0por \u00a0el \u00a0delito de porte ilegal de armas de defensa personal, por el \u00a0cual \u00a0fueron acusados y condenados en las instancias los procesados MANRIQUE \u00a0SILVA \u00a0y \u00a0SIERRA SOTO ya hab\u00eda \u00a0prescrito \u00a0y, \u00a0en \u00a0consecuencia, \u00a0el Estado como titular de la acci\u00f3n p\u00fablica, \u00a0perdi\u00f3 \u00a0toda \u00a0potestad para perseguir y sancionar a sus infractores, por cuanto \u00a0la sentencia no ha cobrado ejecutoria. \u00a0\u00a0<\/p>\n<p>Por \u00a0consiguiente, \u00a0conforme al art\u00edculo 39 \u00a0del \u00a0C\u00f3digo \u00a0de \u00a0Procedimiento Penal, se declarar\u00e1 la extinci\u00f3n de la acci\u00f3n \u00a0penal \u00a0adelantada \u00a0por \u00a0el \u00a0delito \u00a0de porte ilegal de armas de fuego de defensa \u00a0personal \u00a0y, \u00a0consecuentemente, \u00a0la \u00a0cesaci\u00f3n de todo procedimiento, atendiendo \u00a0que \u00a0la \u00a0acci\u00f3n \u00a0penal \u00a0no puede proseguirse, previo a la redosificaci\u00f3n de la \u00a0pena, \u00a0guardando los par\u00e1metros se\u00f1alados por los juzgadores de instancia que, \u00a0en s\u00edntesis, son los siguientes: \u00a0\u00a0<\/p>\n<p>\u201cAhora bien, como nos encontramos frente a \u00a0un \u00a0concurso delictual, para imponer el quantum definitivo a imponer partimos de \u00a0la \u00a0sanci\u00f3n \u00a0m\u00e1s \u00a0grave, \u00a0esto \u00a0es, \u00a0de 340 meses de prisi\u00f3n, a la cual se le \u00a0aumenta 39 meses por el hurto y 10 meses por el porte de arma.\u201d \u00a0\u00a0<\/p>\n<p>Es \u00a0evidente, entonces, que al declararse la \u00a0extinci\u00f3n \u00a0de \u00a0la acci\u00f3n penal por el delito de porte ilegal de armas de fuego \u00a0de \u00a0defensa \u00a0personal, \u00a0deber\u00e1 \u00a0deducirse \u00a0el \u00a0incremento \u00a0por \u00a0dicha \u00a0conducta \u00a0il\u00edcita, \u00a0es \u00a0decir, \u00a010 \u00a0meses, \u00a0quedando, \u00a0en \u00a0definitiva, \u00a0la pena que deben \u00a0cumplir \u00a0los \u00a0procesados \u00a0en \u00a031 \u00a0a\u00f1os \u00a0y \u00a07 \u00a0meses \u00a0de \u00a0prisi\u00f3n, como autores \u00a0responsables \u00a0 del \u00a0 delito \u00a0 de \u00a0 homicidio \u00a0 agravado \u00a0y \u00a0hurto \u00a0calificado \u00a0y \u00a0agravado. \u00a0\u00a0<\/p>\n<p>En \u00a0lo \u00a0dem\u00e1s, \u00a0la \u00a0sentencia \u00a0conserva \u00a0su \u00a0integridad. \u00a0\u00a0<\/p>\n<p>Contra \u00a0este \u00a0auto \u00a0procede \u00a0el \u00a0recurso \u00a0de \u00a0reposici\u00f3n. \u00a0\u00a0<\/p>\n<p>Atendidas \u00a0las \u00a0razones \u00a0expuestas, la Corte \u00a0Suprema de Justicia, Sala de Casaci\u00f3n Penal, \u00a0\u00a0<\/p>\n<p>\u00a0 \u00a0<\/p>\n<p>RESUELVE \u00a0<\/p>\n<p>1.- DECLARAR extinguida la acci\u00f3n penal por \u00a0el \u00a0delito \u00a0de \u00a0porte \u00a0ilegal \u00a0de armas de fuego de defensa personal por el cual \u00a0fueron \u00a0acusados \u00a0y \u00a0condenados \u00a0\u00d3SCAR WILDE MANRIQUE \u00a0SILVA \u00a0y \u00a0HEINER \u00a0HAROLD \u00a0SIERRA \u00a0SOTO por los motivos \u00a0se\u00f1alados \u00a0en \u00a0la \u00a0parte \u00a0motiva. \u00a0En \u00a0consecuencia, se decreta la cesaci\u00f3n de \u00a0procedimiento \u00a0de \u00a0la \u00a0actuaci\u00f3n \u00a0que \u00a0se \u00a0sigue \u00a0en \u00a0contra de los mencionados \u00a0procesados respecto de esta conducta il\u00edcita. \u00a0\u00a0<\/p>\n<p>2.- Como consecuencia de la extinci\u00f3n de la \u00a0acci\u00f3n \u00a0penal por prescripci\u00f3n del delito de porte ilegal de armas de fuego de \u00a0defensa \u00a0 \u00a0personal, \u00a0 \u00a0los \u00a0 \u00a0procesados \u00a0 MANRIQUE \u00a0SILVA \u00a0y \u00a0SIERRA \u00a0SOTO \u00a0quedan \u00a0condenados \u00a0a \u00a0la pena \u00a0principal de 31 a\u00f1os y 7 meses de prisi\u00f3n \u00a0\u00a0<\/p>\n<p>En \u00a0firme \u00a0esta \u00a0decisi\u00f3n \u00a0y \u00a0previas \u00a0las \u00a0comunicaciones \u00a0 necesarias, \u00a0 devu\u00e9lvase \u00a0 el \u00a0 proceso \u00a0 a \u00a0 la \u00a0 oficina \u00a0de \u00a0origen. \u00a0\u00a0<\/p>\n<p>C\u00d3PIESE, NOTIF\u00cdQUESE Y C\u00daMPLASE \u00a0<\/p>\n<p>ALFREDO G\u00d3MEZ QUINTERO \u00a0<\/p>\n<p>Cita medica \u00a0<\/p>\n<p>SIGIFREDO \u00a0 ESPINOSA \u00a0 P\u00c9REZ \u00a0 \u00a0 \u00a0 \u00a0\u00a0 \u00a0 \u00a0 \u00a0 \u00a0\u00a0 \u00a0 \u00a0 \u00a0 \u00a0\u00a0 \u00a0 \u00a0 \u00a0 \u00a0\u00a0\u00a0\u00a0\u00a0\u00a0\u00a0 \u00a0MAR\u00cdA \u00a0DEL ROSARIO GONZ\u00c1LEZ \u00a0DE LEMOS \u00a0\u00a0<\/p>\n<p>AUGUSTO \u00a0J. \u00a0IBA\u00d1EZ \u00a0GUZM\u00c1N \u00a0 \u00a0 \u00a0 \u00a0\u00a0 \u00a0 \u00a0 \u00a0 \u00a0\u00a0 \u00a0 \u00a0 \u00a0 \u00a0\u00a0 \u00a0 \u00a0 \u00a0 \u00a0\u00a0\u00a0\u00a0\u00a0\u00a0\u00a0\u00a0 \u00a0 JORGE \u00a0 LUIS \u00a0QUINTERO \u00a0MILAN\u00c9S\u00a0\u00a0\u00a0\u00a0\u00a0\u00a0\u00a0\u00a0\u00a0\u00a0\u00a0\u00a0\u00a0 \u00a0\u00a0<\/p>\n<p>YESID \u00a0 RAM\u00cdREZ \u00a0 BASTIDAS \u00a0 \u00a0\u00a0 \u00a0\u00a0 \u00a0\u00a0 \u00a0\u00a0 \u00a0\u00a0 \u00a0\u00a0 \u00a0 \u00a0 \u00a0 \u00a0 \u00a0 \u00a0 \u00a0 \u00a0 \u00a0 \u00a0 \u00a0 \u00a0 \u00a0 \u00a0 \u00a0 \u00a0 \u00a0 \u00a0 \u00a0 \u00a0 \u00a0 \u00a0 \u00a0 \u00a0 \u00a0 \u00a0\u00a0\u00a0\u00a0\u00a0\u00a0\u00a0\u00a0\u00a0 \u00a0 \u00a0JULIO \u00a0 ENRIQUE \u00a0SOCHA SALAMANCA\u00a0\u00a0\u00a0\u00a0\u00a0\u00a0\u00a0\u00a0 \u00a0\u00a0<\/p>\n<p>MAURO \u00a0 SOLARTE \u00a0 PORTILLA \u00a0 \u00a0 \u00a0 \u00a0\u00a0 \u00a0\u00a0 \u00a0\u00a0 \u00a0\u00a0 \u00a0\u00a0 \u00a0 \u00a0 \u00a0 \u00a0 \u00a0 \u00a0 \u00a0 \u00a0 \u00a0 \u00a0 \u00a0 \u00a0 \u00a0 \u00a0 \u00a0 \u00a0 \u00a0 \u00a0 \u00a0 \u00a0 \u00a0 \u00a0 \u00a0 \u00a0 \u00a0 \u00a0\u00a0\u00a0\u00a0\u00a0\u00a0\u00a0\u00a0\u00a0 \u00a0 \u00a0JAVIER \u00a0 ZAPATA \u00a0ORTIZ \u00a0\u00a0<\/p>\n<p>TERESA \u00a0 \u00a0RUIZ \u00a0N\u00da\u00d1EZ \u00a0\u00a0<\/p>\n<p>Secretaria \u00a0 \u00a0\u00a0<\/p>\n<p><\/p>\n","protected":false},"excerpt":{"rendered":"<p>\u00a0 \u00a0 Proceso No 28263 \u00a0 CORTE SUPREMA DE JUSTICIA \u00a0 SALA DE CASACI\u00d3N PENAL \u00a0 Magistrado ponente \u00a0 JAVIER \u00a0 ZAPATA \u00a0ORTIZ \u00a0\u00a0 Aprobado acta No. 181\u00a0\u00a0\u00a0\u00a0 \u00a0\u00a0 Bogot\u00e1 D. C., veintis\u00e9is (26) de septiembre \u00a0de dos mil siete (2007) \u00a0\u00a0 Decide \u00a0la \u00a0Sala \u00a0sobre \u00a0la extinci\u00f3n de la \u00a0acci\u00f3n \u00a0penal \u00a0respecto del delito [&hellip;]<\/p>\n","protected":false},"author":1,"featured_media":0,"comment_status":"open","ping_status":"open","sticky":false,"template":"","format":"standard","meta":{"footnotes":""},"categories":[15],"tags":[],"class_list":["post-14797","post","type-post","status-publish","format-standard","hentry","category-15"],"_links":{"self":[{"href":"https:\/\/dmsjuridica.com\/buscador_20179478954\/salapenalcronologico20230723\/wp-json\/wp\/v2\/posts\/14797","targetHints":{"allow":["GET"]}}],"collection":[{"href":"https:\/\/dmsjuridica.com\/buscador_20179478954\/salapenalcronologico20230723\/wp-json\/wp\/v2\/posts"}],"about":[{"href":"https:\/\/dmsjuridica.com\/buscador_20179478954\/salapenalcronologico20230723\/wp-json\/wp\/v2\/types\/post"}],"author":[{"embeddable":true,"href":"https:\/\/dmsjuridica.com\/buscador_20179478954\/salapenalcronologico20230723\/wp-json\/wp\/v2\/users\/1"}],"replies":[{"embeddable":true,"href":"https:\/\/dmsjuridica.com\/buscador_20179478954\/salapenalcronologico20230723\/wp-json\/wp\/v2\/comments?post=14797"}],"version-history":[{"count":0,"href":"https:\/\/dmsjuridica.com\/buscador_20179478954\/salapenalcronologico20230723\/wp-json\/wp\/v2\/posts\/14797\/revisions"}],"wp:attachment":[{"href":"https:\/\/dmsjuridica.com\/buscador_20179478954\/salapenalcronologico20230723\/wp-json\/wp\/v2\/media?parent=14797"}],"wp:term":[{"taxonomy":"category","embeddable":true,"href":"https:\/\/dmsjuridica.com\/buscador_20179478954\/salapenalcronologico20230723\/wp-json\/wp\/v2\/categories?post=14797"},{"taxonomy":"post_tag","embeddable":true,"href":"https:\/\/dmsjuridica.com\/buscador_20179478954\/salapenalcronologico20230723\/wp-json\/wp\/v2\/tags?post=14797"}],"curies":[{"name":"wp","href":"https:\/\/api.w.org\/{rel}","templated":true}]}}