{"id":14786,"date":"2023-09-08T21:08:11","date_gmt":"2023-09-08T21:08:11","guid":{"rendered":"https:\/\/dmsjuridica.com\/buscador_20179478954\/salapenalcronologico20230723\/2023\/09\/08\/2825112-09-07\/"},"modified":"2023-09-08T21:08:11","modified_gmt":"2023-09-08T21:08:11","slug":"2825112-09-07","status":"publish","type":"post","link":"https:\/\/dmsjuridica.com\/buscador_20179478954\/salapenalcronologico20230723\/2023\/09\/08\/2825112-09-07\/","title":{"rendered":"28251(12-09-07)"},"content":{"rendered":"\n<p>\u00a0 \u00a0 \u00a0\u00a0<\/p>\n<p>Proceso No 28251 \u00a0<\/p>\n<p>CORTE SUPREMA DE JUSTICIA \u00a0<\/p>\n<p>SALA \u00a0 DE \u00a0 CASACI\u00d3N \u00a0PENAL \u00a0\u00a0<\/p>\n<p>Magistrado ponente \u00a0<\/p>\n<p>JAVIER ZAPATA ORTIZ\u00a0 \u00a0<\/p>\n<p>Aprobado acta No. 170 \u00a0<\/p>\n<p>Bogot\u00e1 D.C., doce (12) de septiembre de dos \u00a0mil siete (2007) \u00a0\u00a0<\/p>\n<p>Decide \u00a0la \u00a0Corte \u00a0el incidente de cambio de \u00a0radicaci\u00f3n \u00a0promovido \u00a0por \u00a0la \u00a0Fiscal 17 Delegada ante los Juzgados Penales de \u00a0Circuito \u00a0Especializados, \u00a0adscrita \u00a0a \u00a0la Unidad Nacional de Derechos Humanos y \u00a0Derecho \u00a0 Internacional \u00a0 Humanitario \u00a0 del \u00a0 proceso \u00a0que \u00a0se \u00a0adelanta \u00a0contra \u00a0HENRY LOAIZA CEBALLOS por el \u00a0delito de homicidio agravado en concurso homog\u00e9neo. \u00a0\u00a0<\/p>\n<p>ANTECEDENTES \u00a0\u00a0<\/p>\n<p>1.- \u00a0Ante \u00a0esta \u00a0Corporaci\u00f3n, \u00a0la \u00a0Fiscal \u00a017 \u00a0Delegada \u00a0ante \u00a0los \u00a0Juzgados Penales de Circuito \u00a0Especializados, \u00a0adscrita \u00a0a \u00a0la \u00a0Unidad \u00a0Nacional de \u00a0Derechos \u00a0 \u00a0Humanos \u00a0 \u00a0y \u00a0 Derecho \u00a0 Internacional \u00a0 Humanitario, \u00a0 solicita \u00a0el \u00a0cambio \u00a0de \u00a0radicaci\u00f3n \u00a0del \u00a0proceso que se adelanta \u00a0en \u00a0contra \u00a0de HENRY LOAIZA \u00a0CEBALLOS \u00a0 \u00a0por \u00a0 \u00a0el \u00a0delito \u00a0 \u00a0de \u00a0 homicidio \u00a0 agravado \u00a0 en \u00a0 concurso \u00a0homog\u00e9neo, \u00a0siguiendo \u00a0las \u00a0recomendaciones \u00a0de \u00a0investigaci\u00f3n \u00a0de los sucesos de Trujillo en el caso 11007 \u00a0de \u00a0 \u00a0la \u00a0 \u00a0Comisi\u00f3n \u00a0 \u00a0Interamericana \u00a0 \u00a0de \u00a0 \u00a0Derechos \u00a0 \u00a0Humanos. \u00a0\u00a0<\/p>\n<p>Refiere \u00a0 que \u00a0 los \u00a0 hechos \u00a0materia \u00a0de \u00a0investigaci\u00f3n \u00a0se remontan al enfrentamiento entre el \u00a0Ej\u00e9rcito \u00a0 \u00a0Nacional \u00a0 \u00a0e \u00a0 \u00a0insurgentes \u00a0 \u00a0del \u00a0 \u00a0Ej\u00e9rcito \u00a0 de \u00a0 Liberaci\u00f3n \u00a0Nacional ocurrido en el corregimiento La Sonara de la \u00a0comprensi\u00f3n \u00a0municipal \u00a0de \u00a0Trujillo; \u00a0tal \u00a0episodio \u00a0ocurr\u00eda \u00a0de \u00a0manera \u00a0concomitante \u00a0con \u00a0el \u00a0surgimiento \u00a0del cartel de la droga \u00a0y consecuente apoderamiento de la zona como posesi\u00f3n \u00a0de \u00a0tierras, las fuentes de \u00a0empleo \u00a0de \u00a0la \u00a0regi\u00f3n, la conformaci\u00f3n de grupos de \u00a0autodefensa \u00a0 y \u00a0pandillas \u00a0de \u00a0sicarios, \u00a0quienes \u00a0realizaron \u00a0actos de barbarie y de lesa humanidad \u00a0 \u201cy \u00a0 de \u00a0 modo \u00a0sostenido \u00a0e \u00a0indiscriminado \u00a0en el tiempo y el espacio se realizan \u00a0allanamientos \u00a0y \u00a0retenciones \u00a0ilegales, torturas, homicidios, desaparecimientos \u00a0sistem\u00e1ticos \u00a0y selectivos y se reporta la ejecuci\u00f3n \u00a0de \u00a0m\u00e1s \u00a0de \u00a0un \u00a0centenar \u00a0de muertos. Sesenta \u00a0 \u00a0y \u00a0 tres \u00a0 homicidios \u00a0 fueron \u00a0 demandados \u00a0 ante \u00a0 \u00a0la \u00a0 Corte \u00a0 Interamericana.\u201d \u00a0Agrega, \u00a0que por sugerencia \u00a0de \u00a0la \u00a0Comisi\u00f3n, \u00a0la Fiscal\u00eda General de la Naci\u00f3n, cambio de radicaci\u00f3n la \u00a0investigaci\u00f3n \u00a0preliminar \u00a0n\u00famero \u00a03995 de la Direcci\u00f3n Regional de Cali para \u00a0la Unidad Nacional de Fiscal\u00edas. \u00a0\u00a0<\/p>\n<p>2.- Se\u00f1ala que el \u00a011 \u00a0de \u00a0diciembre \u00a0de \u00a02006, \u00a0se \u00a0profiri\u00f3 \u00a0resoluci\u00f3n \u00a0de \u00a0acusaci\u00f3n \u00a0contra \u00a0HENRY \u00a0 LOAIZA \u00a0 CEBALLOS \u00a0como \u00a0 probable \u00a0coautor \u00a0del \u00a0delito \u00a0de \u00a0homicidio \u00a0agravado \u00a0en \u00a0concurso \u00a0homog\u00e9neo \u00a0y \u00a0sucesivo; \u00a0sin \u00a0embargo, \u00a0 el \u00a0 encuentro \u00a0 de \u00a0 los \u00a0 distintos \u00a0factores \u00a0de \u00a0violencia \u00a0y \u00a0el \u00a0entrecruzamiento \u00a0 de \u00a0intereses \u00a0afect\u00f3 \u00a0de \u00a0manera \u00a0dram\u00e1tica \u00a0la \u00a0situaci\u00f3n \u00a0de \u00a0los derechos humanos en \u00a0la \u00a0regi\u00f3n \u00a0y \u201cPuede decirse que el paso del tiempo \u00a0y \u00a0 la \u00a0 impunidad \u00a0 posibilit\u00f3 \u00a0 que \u00a0tales \u00a0gestores \u00a0de \u00a0violencia \u00a0cobraran \u00a0fuerza \u00a0y hegemon\u00eda, como a\u00fan se prosigue un actuar \u00a0delictivo \u00a0 \u00a0raigambre \u00a0 y \u00a0 envergadura \u00a0 mayor.\u201d \u00a0\u00a0<\/p>\n<p>Como quiera que la competencia para conocer \u00a0del \u00a0proceso \u00a0corresponde al \u00a0Juzgado \u00a0 \u00a0Penal \u00a0 \u00a0de \u00a0 \u00a0Circuito \u00a0 \u00a0Especializado \u00a0 \u00a0de \u00a0 Cali, \u00a0 solicita \u00a0el \u00a0cambio de radicaci\u00f3n, pues \u00a0el \u00a0 \u00a0caudal \u00a0 \u00a0 \u00a0probatorio \u00a0 \u00a0 \u00a0\u201ces \u00a0elocuente \u00a0en demostrar la manera \u00a0como \u00a0 \u00a0la \u00a0 \u00a0organizaci\u00f3n \u00a0 narco-paramilitar \u00a0 de \u00a0HENRY \u00a0LOAIZA \u00a0CEBALLOS \u00a0y \u00a0DIEGO \u00a0LE\u00d3N \u00a0MONTOYA \u00a0se fue apoderando del municipio \u00a0de \u00a0 Trujillo \u00a0y \u00a0sus \u00a0alrededores, \u00a0permeando \u00a0 \u00a0 entidades \u00a0 \u00a0gubernamentales, \u00a0 \u00a0militares, \u00a0 \u00a0policivas, \u00a0en procura de su connivencia y abierta colaboraci\u00f3n, \u00a0y \u00a0 que \u00a0actualmente \u00a0agravada \u00a0tal \u00a0situaci\u00f3n, \u00a0los \u00a0familiares \u00a0 \u00a0y \u00a0 \u00a0allegados \u00a0 \u00a0de \u00a0 las \u00a0 v\u00edctimas, \u00a0 as\u00ed \u00a0 como \u00a0 eventuales \u00a0testigos, \u00a0 son \u00a0renuentes \u00a0a \u00a0comparecer \u00a0ante \u00a0los \u00a0estrados \u00a0judiciales \u00a0nacionales \u00a0por \u00a0causa \u00a0del \u00a0asistido \u00a0temor \u00a0a \u00a0las \u00a0graves \u00a0y fatales retaliaciones claramente vivenciadas a lo \u00a0largo de este asunto judicial.\u201d \u00a0\u00a0<\/p>\n<p>Al \u00a0reiterar \u00a0la \u00a0solicitud \u00a0de \u00a0cambio \u00a0de \u00a0radicaci\u00f3n, \u00a0a\u00f1ade \u00a0que \u00a0adelantar un juicio ante el \u00a0juez \u00a0natural \u00a0con \u00a0las caracter\u00edsticas mencionadas \u00a0 \u00a0no \u00a0 \u00a0ofrece \u00a0 las \u00a0 garant\u00edas \u00a0 de \u00a0 seguridad \u00a0 e \u00a0imparcialidad. \u00a0\u00a0<\/p>\n<p>\u00a0 CONSIDERACIONES \u00a0DE \u00a0LA \u00a0SALA \u00a0 \u00a0<\/p>\n<p>1.- \u00a0Corresponde \u00a0a \u00a0esta \u00a0Sala \u00a0de la Corte \u00a0Suprema, \u00a0decidir \u00a0la \u00a0petici\u00f3n \u00a0de \u00a0cambio \u00a0de \u00a0radicaci\u00f3n del proceso que se \u00a0adelanta \u00a0contra \u00a0HENRY \u00a0LOAIZA CEBALLOS por \u00a0el \u00a0delito \u00a0de \u00a0homicidio \u00a0agravado \u00a0en \u00a0concurso \u00a0homog\u00e9neo y \u00a0sucesivo \u00a0del \u00a0Juzgado \u00a0Penal del Circuito Especializado de Cali, de conformidad \u00a0con \u00a0lo \u00a0establecido \u00a0en \u00a0el \u00a0numeral \u00a08\u00b0 \u00a0del \u00a0art\u00edculo \u00a075 \u00a0del \u00a0C\u00f3digo \u00a0de \u00a0Procedimiento Penal. \u00a0\u00a0<\/p>\n<p>\u00a0 \u00a0 \u00a0\u00a0 \u00a0\u00a0 \u00a0 \u00a0 \u00a0 \u00a0 \u00a0 \u00a0 \u00a0 \u00a0 \u00a0\u00a0<\/p>\n<p>2.- \u00a0En \u00a0no pocas oportunidades la Corte ha \u00a0se\u00f1alado \u00a0que \u00a0el \u00a0cambio de radicaci\u00f3n de un proceso penal, como excepci\u00f3n a \u00a0las \u00a0reglas \u00a0de competencia por el factor territorial, procede cuando las causas \u00a0de \u00a0las \u00a0referidas \u00a0perturbaciones \u00a0se \u00a0encuentren \u00a0demostradas, mediante prueba \u00a0id\u00f3nea, \u00a0de \u00a0modo \u00a0que \u00a0en \u00a0el \u00a0\u00e1nimo del juzgador se genere la certeza de que \u00a0s\u00f3lo \u00a0es \u00a0posible \u00a0que \u00a0se \u00a0ofrezca \u00a0una justicia pronta, cumplida, imparcial y \u00a0libre, \u00a0con \u00a0la orden de asignar su conocimiento a despacho distinto, que pese a \u00a0carecer \u00a0de \u00a0competencia \u00a0por el factor territorial, la adquiere por las razones \u00a0superiores y excepcionales a las que se ha hecho referencia. \u00a0\u00a0<\/p>\n<p>3.- Atendiendo la preceptiva del art\u00edculo 86 \u00a0del \u00a0C\u00f3digo \u00a0de Procedimiento Penal (Ley 600 de 2000) la petici\u00f3n de cambio de \u00a0radicaci\u00f3n \u00a0procede \u00a0antes \u00a0de \u00a0proferirse \u00a0el \u00a0fallo \u00a0de \u00a0primera \u00a0instancia a \u00a0iniciativa \u00a0de \u00a0cualquiera \u00a0de \u00a0los \u00a0sujetos \u00a0procesales, \u00a0ante \u00a0el \u00a0funcionario \u00a0judicial \u00a0que \u00a0est\u00e9 conociendo del proceso, quien la enviar\u00e1 con sus anexos al \u00a0superior \u00a0encargado \u00a0de \u00a0decidir. As\u00ed mismo, de conformidad con el art\u00edculo 87 \u00a0del \u00a0C\u00f3digo \u00a0de \u00a0Procedimiento \u00a0Penal, \u00a0el \u00a0interesado \u00a0debe \u00a0acompa\u00f1ar \u00a0a \u00a0la \u00a0solicitud \u00a0 las \u00a0 pruebas \u00a0en \u00a0que \u00a0se \u00a0funda, \u00a0con \u00a0el \u00a0fin \u00a0de \u00a0demostrar \u00a0las \u00a0circunstancias \u00a0 arg\u00fcidas \u00a0como \u00a0motivo \u00a0del \u00a0cambio \u00a0de \u00a0radicaci\u00f3n. \u00a0Por \u00a0su \u00a0connotaci\u00f3n \u00a0 \u00a0 \u00a0ellas \u00a0 \u00a0 \u00a0deben \u00a0 \u00a0 ser \u00a0 \u00a0 objetivas, \u00a0 \u00a0 perceptibles \u00a0 \u00a0 y \u00a0demostrables. \u00a0\u00a0<\/p>\n<p>Es imprescindible, entonces, que obre dentro \u00a0del \u00a0tr\u00e1mite \u00a0incidental \u00a0que \u00a0adelanta \u00a0la \u00a0Corte, \u00a0debidamente \u00a0demostrada la \u00a0ocurrencia \u00a0de \u00a0todas \u00a0o, \u00a0al \u00a0menos, \u00a0una \u00a0de \u00a0las situaciones previstas por el \u00a0art\u00edculo \u00a085 del C\u00f3digo de Procedimiento Penal, que permitan inferir que en el \u00a0lugar \u00a0 donde \u00a0 se \u00a0adelanta \u00a0el \u00a0proceso \u00a0existen \u00a0factores \u00a0que\u00a0 \u00a0impiden \u00a0adelantarlo \u00a0con \u00a0la \u00a0debida imparcialidad e independencia de la administraci\u00f3n \u00a0de \u00a0justicia, \u00a0la \u00a0plenitud \u00a0de \u00a0las \u00a0garant\u00edas \u00a0procesales \u00a0o con las m\u00ednimas \u00a0condiciones \u00a0de \u00a0seguridad \u00a0que \u00a0protejan \u00a0la \u00a0vida o la integridad personal del \u00a0sindicado, \u00a0comprendidas \u00a0tambi\u00e9n \u00a0las \u00a0que \u00a0amparan a su defensor como aspecto \u00a0importante de tales garant\u00edas. \u00a0\u00a0<\/p>\n<p>Para \u00a0el \u00a0presente caso, lo cierto es que la \u00a0Fiscal \u00a017 \u00a0Delegada \u00a0ante \u00a0los \u00a0Juzgados \u00a0Penales \u00a0de \u00a0Circuito Especializados, \u00a0adscrita \u00a0a \u00a0la \u00a0Unidad \u00a0Nacional \u00a0de \u00a0Derechos \u00a0Humanos y Derecho Internacional \u00a0Humanitario \u00a0omiti\u00f3 \u00a0presentar las pruebas que conduzcan a establecer, no s\u00f3lo \u00a0la \u00a0veracidad \u00a0de \u00a0sus \u00a0afirmaciones, \u00a0sino \u00a0una \u00a0cualquiera \u00a0de \u00a0las hip\u00f3tesis \u00a0referidas \u00a0que \u00a0la \u00a0motiva \u00a0a solicitar el cambio de radicaci\u00f3n a esta capital, \u00a0aparte \u00a0de \u00a0la \u00a0presunci\u00f3n \u00a0de \u00a0que un juicio con las caracter\u00edsticas anotadas \u00a0\u201cno \u00a0 ofrece \u00a0 las \u00a0 garant\u00edas \u00a0 de \u00a0seguridad \u00a0e \u00a0imparcialidad \u00a0 \u00a0 para \u00a0 \u00a0los \u00a0 \u00a0funcionarios \u00a0 \u00a0encargados \u00a0 \u00a0de \u00a0 \u00a0administrar \u00a0justicia\u201d, \u00a0aspectos que no satisfacen el compromiso \u00a0que \u00a0con \u00a0exclusividad \u00a0le \u00a0asiste demostrar, es decir, las circunstancias sobre \u00a0las cuales ancla la petici\u00f3n del cambio de radicaci\u00f3n. \u00a0\u00a0<\/p>\n<p>Es \u00a0 insuficiente, \u00a0 entonces, \u00a0 el \u00a0apoyo \u00a0probatorio \u00a0presentado por la libelista para acceder a la solicitud de cambio de \u00a0radicaci\u00f3n, \u00a0aunada \u00a0a la carencia de informaci\u00f3n concreta sobre el proceso en \u00a0el \u00a0que \u00a0fundamenta su petici\u00f3n, a la sugerencia de la Comisi\u00f3n Interamericana \u00a0de \u00a0Derechos \u00a0Humanos y al posible riesgo de que por la naturaleza y complejidad \u00a0del \u00a0proceso la intangibilidad de las garant\u00edas fundamentales se vean afectadas \u00a0planteamientos \u00a0que \u00a0no \u00a0fueron \u00a0probados, \u00a0sin \u00a0que \u00a0puedan \u00a0ser atendibles las \u00a0afirmaciones \u00a0generales \u00a0expuestas \u00a0en \u00a0el \u00a0escrito; por consiguiente, emerge la \u00a0falta \u00a0de \u00a0demostraci\u00f3n \u00a0de \u00a0los \u00a0motivos \u00a0anunciados, \u00a0que viabilicen mudar la \u00a0radicaci\u00f3n del proceso. \u00a0\u00a0<\/p>\n<p>Adicionalmente, \u00a0se \u00a0advierte \u00a0que aunque la \u00a0Fiscal \u00a0Delegada \u00a0se\u00f1al\u00f3 \u00a0que \u00a0allegaba copia del informe final emitido por la \u00a0Comisi\u00f3n \u00a0de \u00a0Investigaci\u00f3n, \u00a0tales \u00a0documentos \u00a0se \u00a0echan \u00a0de \u00a0menos \u00a0en este \u00a0tr\u00e1mite \u00a0incidental, \u00a0quedando \u00a0en \u00a0definitiva, \u00a0la Sala sin conocer el soporte \u00a0probatorio de las afirmaciones del sujeto procesal solicitante. \u00a0\u00a0<\/p>\n<p>De \u00a0este \u00a0modo, \u00a0no \u00a0son \u00a0suficientes \u00a0los \u00a0argumentos \u00a0expuestos \u00a0por \u00a0la \u00a0memorialista referente a una de las causales que \u00a0ponen \u00a0operancia el instituto, sino que, a la par, los elementos probatorios que \u00a0as\u00ed lo demuestren. \u00a0\u00a0<\/p>\n<p>Atendidas \u00a0las \u00a0razones \u00a0expuestas, la Corte \u00a0Suprema de Justicia, Sala de Casaci\u00f3n Penal, \u00a0\u00a0<\/p>\n<p>RESUELVE \u00a0\u00a0<\/p>\n<p>NO ACCEDER al cambio \u00a0de \u00a0 \u00a0radicaci\u00f3n \u00a0 \u00a0del \u00a0 proceso \u00a0 que \u00a0 se \u00a0 adelanta \u00a0 contra \u00a0 HENRY \u00a0LOAIZA \u00a0CEBALLOS, por el delito de \u00a0homicidio \u00a0agravado en concurso homog\u00e9neo y sucesivo, por los motivos indicados \u00a0en esta providencia.\u00a0 \u00a0\u00a0<\/p>\n<p>Contra \u00a0la \u00a0presente providencia, no procede \u00a0recurso alguno. \u00a0\u00a0<\/p>\n<p>C\u00famplase \u00a0y devu\u00e9lvase \u00a0\u00a0<\/p>\n<p>ALFREDO G\u00d3MEZ QUINTERO \u00a0<\/p>\n<p>SIGIFREDO \u00a0 ESPINOSA \u00a0 P\u00c9REZ \u00a0 \u00a0 \u00a0 \u00a0\u00a0 \u00a0 \u00a0 \u00a0 \u00a0\u00a0 \u00a0 \u00a0 \u00a0 \u00a0\u00a0 \u00a0 \u00a0 \u00a0 \u00a0\u00a0\u00a0\u00a0\u00a0\u00a0\u00a0 \u00a0MAR\u00cdA \u00a0DEL ROSARIO GONZ\u00c1LEZ \u00a0DE LEMOS \u00a0\u00a0<\/p>\n<p>AUGUSTO \u00a0J. \u00a0IBA\u00d1EZ \u00a0GUZM\u00c1N \u00a0 \u00a0 \u00a0 \u00a0\u00a0 \u00a0 \u00a0 \u00a0 \u00a0\u00a0 \u00a0 \u00a0 \u00a0 \u00a0\u00a0 \u00a0 \u00a0 \u00a0 \u00a0\u00a0\u00a0\u00a0\u00a0\u00a0\u00a0\u00a0 \u00a0 JORGE \u00a0 LUIS \u00a0QUINTERO \u00a0MILAN\u00c9S\u00a0\u00a0\u00a0\u00a0\u00a0\u00a0\u00a0\u00a0\u00a0\u00a0\u00a0\u00a0\u00a0 \u00a0\u00a0<\/p>\n<p>YESID \u00a0 RAM\u00cdREZ \u00a0 BASTIDAS \u00a0 \u00a0\u00a0 \u00a0\u00a0 \u00a0\u00a0 \u00a0\u00a0 \u00a0\u00a0 \u00a0\u00a0 \u00a0 \u00a0 \u00a0 \u00a0 \u00a0 \u00a0 \u00a0 \u00a0 \u00a0 \u00a0 \u00a0 \u00a0 \u00a0 \u00a0 \u00a0 \u00a0 \u00a0 \u00a0 \u00a0 \u00a0 \u00a0 \u00a0 \u00a0 \u00a0 \u00a0 \u00a0\u00a0\u00a0\u00a0\u00a0\u00a0\u00a0\u00a0\u00a0 \u00a0 \u00a0JULIO \u00a0 ENRIQUE \u00a0SOCHA SALAMANCA\u00a0\u00a0\u00a0\u00a0\u00a0\u00a0\u00a0\u00a0 \u00a0\u00a0<\/p>\n<p>MAURO \u00a0 SOLARTE \u00a0 PORTILLA \u00a0 \u00a0 \u00a0 \u00a0\u00a0 \u00a0\u00a0 \u00a0\u00a0 \u00a0\u00a0 \u00a0\u00a0 \u00a0 \u00a0 \u00a0 \u00a0 \u00a0 \u00a0 \u00a0 \u00a0 \u00a0 \u00a0 \u00a0 \u00a0 \u00a0 \u00a0 \u00a0 \u00a0 \u00a0 \u00a0 \u00a0 \u00a0 \u00a0 \u00a0 \u00a0 \u00a0 \u00a0 \u00a0\u00a0\u00a0\u00a0\u00a0\u00a0\u00a0\u00a0\u00a0 \u00a0 \u00a0JAVIER \u00a0 ZAPATA \u00a0ORTIZ \u00a0\u00a0<\/p>\n<p>\u00a0\u00a0\u00a0\u00a0\u00a0\u00a0\u00a0\u00a0\u00a0\u00a0\u00a0\u00a0\u00a0\u00a0\u00a0\u00a0\u00a0\u00a0 \u00a0Permiso \u00a0\u00a0<\/p>\n<p>TERESA \u00a0 \u00a0RUIZ \u00a0N\u00da\u00d1EZ \u00a0\u00a0<\/p>\n<p>Secretaria \u00a0 \u00a0\u00a0<\/p>\n<p><\/p>\n","protected":false},"excerpt":{"rendered":"<p>\u00a0 \u00a0 \u00a0\u00a0 Proceso No 28251 \u00a0 CORTE SUPREMA DE JUSTICIA \u00a0 SALA \u00a0 DE \u00a0 CASACI\u00d3N \u00a0PENAL \u00a0\u00a0 Magistrado ponente \u00a0 JAVIER ZAPATA ORTIZ\u00a0 \u00a0 Aprobado acta No. 170 \u00a0 Bogot\u00e1 D.C., doce (12) de septiembre de dos \u00a0mil siete (2007) \u00a0\u00a0 Decide \u00a0la \u00a0Corte \u00a0el incidente de cambio de \u00a0radicaci\u00f3n \u00a0promovido \u00a0por \u00a0la [&hellip;]<\/p>\n","protected":false},"author":1,"featured_media":0,"comment_status":"open","ping_status":"open","sticky":false,"template":"","format":"standard","meta":{"footnotes":""},"categories":[15],"tags":[],"class_list":["post-14786","post","type-post","status-publish","format-standard","hentry","category-15"],"_links":{"self":[{"href":"https:\/\/dmsjuridica.com\/buscador_20179478954\/salapenalcronologico20230723\/wp-json\/wp\/v2\/posts\/14786","targetHints":{"allow":["GET"]}}],"collection":[{"href":"https:\/\/dmsjuridica.com\/buscador_20179478954\/salapenalcronologico20230723\/wp-json\/wp\/v2\/posts"}],"about":[{"href":"https:\/\/dmsjuridica.com\/buscador_20179478954\/salapenalcronologico20230723\/wp-json\/wp\/v2\/types\/post"}],"author":[{"embeddable":true,"href":"https:\/\/dmsjuridica.com\/buscador_20179478954\/salapenalcronologico20230723\/wp-json\/wp\/v2\/users\/1"}],"replies":[{"embeddable":true,"href":"https:\/\/dmsjuridica.com\/buscador_20179478954\/salapenalcronologico20230723\/wp-json\/wp\/v2\/comments?post=14786"}],"version-history":[{"count":0,"href":"https:\/\/dmsjuridica.com\/buscador_20179478954\/salapenalcronologico20230723\/wp-json\/wp\/v2\/posts\/14786\/revisions"}],"wp:attachment":[{"href":"https:\/\/dmsjuridica.com\/buscador_20179478954\/salapenalcronologico20230723\/wp-json\/wp\/v2\/media?parent=14786"}],"wp:term":[{"taxonomy":"category","embeddable":true,"href":"https:\/\/dmsjuridica.com\/buscador_20179478954\/salapenalcronologico20230723\/wp-json\/wp\/v2\/categories?post=14786"},{"taxonomy":"post_tag","embeddable":true,"href":"https:\/\/dmsjuridica.com\/buscador_20179478954\/salapenalcronologico20230723\/wp-json\/wp\/v2\/tags?post=14786"}],"curies":[{"name":"wp","href":"https:\/\/api.w.org\/{rel}","templated":true}]}}