{"id":14480,"date":"2023-09-08T21:07:55","date_gmt":"2023-09-08T21:07:55","guid":{"rendered":"https:\/\/dmsjuridica.com\/buscador_20179478954\/salapenalcronologico20230723\/2023\/09\/08\/2787118-07-07\/"},"modified":"2023-09-08T21:07:55","modified_gmt":"2023-09-08T21:07:55","slug":"2787118-07-07","status":"publish","type":"post","link":"https:\/\/dmsjuridica.com\/buscador_20179478954\/salapenalcronologico20230723\/2023\/09\/08\/2787118-07-07\/","title":{"rendered":"27871(18-07-07)"},"content":{"rendered":"\n<p>\u00a0 \u00a0 \u00a0\u00a0<\/p>\n<p>Proceso No 27871 \u00a0<\/p>\n<p>CORTE SUPREMA DE JUSTICIA \u00a0<\/p>\n<p>SALA DE CASACI\u00d3N PENAL \u00a0<\/p>\n<p>\u00a0\u00a0\u00a0\u00a0\u00a0\u00a0\u00a0\u00a0\u00a0\u00a0\u00a0\u00a0\u00a0\u00a0\u00a0\u00a0\u00a0\u00a0\u00a0\u00a0\u00a0\u00a0\u00a0\u00a0\u00a0\u00a0\u00a0 \u00a0Magistrado Ponente: \u00a0\u00a0<\/p>\n<p>\u00a0 \u00a0\u00a0 \u00a0\u00a0 \u00a0 \u00a0\u00a0 \u00a0\u00a0 \u00a0\u00a0 \u00a0\u00a0 \u00a0\u00a0 \u00a0\u00a0 \u00a0 \u00a0\u00a0 \u00a0 \u00a0 \u00a0 \u00a0 \u00a0 \u00a0 \u00a0 \u00a0 \u00a0\u00a0 \u00a0 \u00a0 \u00a0 \u00a0 \u00a0\u00a0 \u00a0\u00a0ALFREDO GOMEZ QUINTERO \u00a0 \u00a0\u00a0\u00a0\u00a0\u00a0\u00a0\u00a0\u00a0\u00a0\u00a0\u00a0\u00a0\u00a0\u00a0\u00a0\u00a0\u00a0\u00a0\u00a0\u00a0\u00a0\u00a0\u00a0\u00a0\u00a0\u00a0\u00a0\u00a0 \u00a0Aprobado Acta \u00a0 \u00a0N\u00b0 \u00a0124 \u00a0\u00a0<\/p>\n<p>Bogot\u00e1 \u00a0 \u00a0 D. \u00a0 \u00a0C., \u00a0 \u00a0dieciocho (18) de julio de dos mil siete (2007) \u00a0\u00a0<\/p>\n<p>VISTOS \u00a0<\/p>\n<p>Decide la Sala acerca de la prescripci\u00f3n de \u00a0la \u00a0 \u00a0acci\u00f3n \u00a0 \u00a0penal \u00a0 en \u00a0 este \u00a0 asunto \u00a0 proseguido \u00a0 contra \u00a0 OSCAR \u00a0HUMBERTO \u00a0QUISOBONI \u00a0GIRON por el \u00a0delito \u00a0de \u00a0homicidio \u00a0culposo \u00a0de que trata el art\u00edculo 329 del Decreto 100 de \u00a01980. \u00a0\u00a0<\/p>\n<p>ANTECEDENTES Y CONSIDERACIONES: \u00a0<\/p>\n<p>1)\u00a0 \u00a0El d\u00eda \u00a026 \u00a0de \u00a0mayo de 2000 a las 10:30 de la ma\u00f1ana perdi\u00f3 la vida el se\u00f1or H\u00e9ctor \u00a0Orlando \u00a0Gaviria \u00a0G., quien conduc\u00eda la motocicleta marca Yamaha DT-200, placas \u00a0QHF-43 \u00a0 \u00a0por \u00a0 \u00a0efecto \u00a0 \u00a0de \u00a0 \u00a0la \u00a0 \u00a0colisi\u00f3n \u00a0 \u00a0con \u00a0 \u00a0el \u00a0 \u00a0bus \u00a0urbano marca Chevrolet de placas VBC-291de la empresa \u201cVerde \u00a0San Fernando\u201d \u00a0conducido \u00a0por OSCAR HUMBERTO QUISOBONI \u00a0GIRON. \u00a0\u00a0<\/p>\n<p>2)\u00a0 \u00a0 Despu\u00e9s \u00a0 de \u00a0 adelantar \u00a0 la \u00a0instrucci\u00f3n \u00a0del \u00a0proceso, \u00a0la \u00a0Fiscal\u00eda \u00a0Veinte Seccional (primera instancia) \u00a0precluy\u00f3 \u00a0la \u00a0investigaci\u00f3n \u00a0el \u00a01 \u00a0del abril de 2002 (folios 221 \u2013 \u00a0 226 \u00a0 \/ \u00a0 1);\u00a0 \u00a0contra \u00a0esta \u00a0determinaci\u00f3n \u00a0 el \u00a0representante \u00a0de \u00a0la \u00a0parte \u00a0civil \u00a0interpuso \u00a0recurso \u00a0de \u00a0apelaci\u00f3n \u00a0que \u00a0fue \u00a0resuelto \u00a0el 28 de junio de 2002 por la Fiscal\u00eda Delegada \u00a0ante \u00a0 el \u00a0 Tribunal \u00a0 de \u00a0 Cali, \u00a0 en \u00a0el \u00a0sentido \u00a0de \u00a0acusar \u00a0a \u00a0OSCAR \u00a0 HUMBERTO \u00a0 QUISOBONI \u00a0GIRON \u00a0por \u00a0homicidio \u00a0 culposo \u00a0 previsto \u00a0 en \u00a0 el \u00a0 art\u00edculo \u00a0329 \u00a0del \u00a0Decreto \u00a0100 \u00a0de \u00a01980.\u00a0 \u00a0 \u00a0 \u00a0 \u00a0 \u00a0 \u00a0 \u00a0 (Fls. \u00a0 \u00a0 \u00a0 \u00a0265 \u00a0 \u00a0 \u00a0 \u2013 274 \/ 2) \u00a0\u00a0<\/p>\n<p>El \u00a0juicio \u00a0se \u00a0tramit\u00f3 en el juzgado Doce \u00a0Penal \u00a0del Circuito de Cali, despacho que profiri\u00f3 sentencia condenatoria el 15 \u00a0de septiembre \u00a0\u00a0<\/p>\n<p>de \u00a0 2006 \u00a0 (folios \u00a0 599 \u00a0 \u2013 \u00a0630 \u00a0\/ 3) que fuera impugnada tanto \u00a0por \u00a0el \u00a0representante \u00a0de \u00a0la \u00a0parte \u00a0civil \u00a0como \u00a0por \u00a0la defensa t\u00e9cnica del \u00a0sentenciado \u00a0y \u00a0confirmada \u00a0por \u00a0el \u00a0Tribunal \u00a0en sentencia del 28 de febrero de \u00a02007.\u00a0 \u00a0 \u00a0 \u00a0(Fls. \u00a0 \u00a0 \u00a0673 \u00a0 \u00a0 \u00a0\u2013 683 \/ 3). \u00a0\u00a0<\/p>\n<p>Contra el fallo del juez \u00a0colectivo \u00a0la \u00a0Defensa t\u00e9cnica interpuso recurso extraordinario de casaci\u00f3n el \u00a001 \u00a0de \u00a0junio \u00a0de \u00a02007.\u00a0 \u00a0(Fls. \u00a0701 \u2013 \u00a0 714 \u00a0\/ \u00a03). \u00a0\u00a0<\/p>\n<p>El \u00a027 \u00a0de \u00a0junio \u00a0de \u00a02007 \u00a0se remiti\u00f3 el \u00a0expediente \u00a0a \u00a0la \u00a0Sala \u00a0Penal \u00a0de \u00a0la \u00a0Corte \u00a0para el tr\u00e1mite de la demanda de \u00a0casaci\u00f3n (Fl. 1 del cuaderno de la Corte) \u00a0\u00a0<\/p>\n<p>3)\u00a0 La resoluci\u00f3n de acusaci\u00f3n contra \u00a0OSCAR \u00a0 \u00a0HUMBERTO \u00a0 \u00a0QUISOBONI \u00a0 \u00a0GIRON \u00a0cobr\u00f3 \u00a0ejecutoria \u00a0el \u00a028 \u00a0de \u00a0junio de 2002 cuando la Fiscal\u00eda \u00a0Delegada \u00a0ante \u00a0el \u00a0Tribunal \u00a0revoc\u00f3 \u00a0la \u00a0preclusi\u00f3n y lo acus\u00f3 por homicidio \u00a0culposo. \u00a0\u00a0<\/p>\n<p>A \u00a0partir \u00a0de \u00a0esa \u00a0fecha \u00a0y por virtud del \u00a0art\u00edculo \u00a086 \u00a0del \u00a0C\u00f3digo Penal se interrumpi\u00f3 el t\u00e9rmino de prescripci\u00f3n y \u00a0comenz\u00f3 a \u00a0\u00a0<\/p>\n<p>contabilizarse nuevamente por lapso igual al \u00a0de \u00a0la \u00a0mitad de la pena se\u00f1alada, sin que en ning\u00fan caso pudiera ser inferior \u00a0a cinco a\u00f1os. \u00a0\u00a0<\/p>\n<p>En este evento, por favorabilidad se aplic\u00f3 \u00a0el \u00a0art\u00edculo 329 del C\u00f3digo Penal de 1.980, en el entendido que la conducta se \u00a0cometi\u00f3 \u00a0antes \u00a0de \u00a0haber \u00a0entrado en vigencia la ley 599 de 2000 que contempla \u00a0penas desfavorables (cfr. Art\u00edculo 109 ib.). \u00a0\u00a0<\/p>\n<p>Como \u00a0el \u00a0t\u00e9rmino \u00a0de \u00a0prescripci\u00f3n de la \u00a0acci\u00f3n \u00a0penal para esta conducta, en la fase del juicio, no podr\u00e1 ser inferior \u00a0a \u00a0cinco a\u00f1os \u2013como ya se \u00a0dijo-, \u00a0ese \u00a0t\u00e9rmino se contabiliza a partir de la ejecutoria de la resoluci\u00f3n \u00a0de \u00a0acusaci\u00f3n que en este caso coincide con la fecha en que el Delegado ante el \u00a0Tribunal \u00a0resolvi\u00f3 \u00a0la impugnaci\u00f3n contra resoluci\u00f3n que precluy\u00f3 el sumario \u00a0en primera instancia:\u00a0 desde el 28 de junio de 2002. \u00a0\u00a0<\/p>\n<p>En \u00a0ese orden, la acci\u00f3n penal prescribi\u00f3 \u00a0el \u00a0 pasado \u00a0 27 \u00a0 de \u00a0 junio \u00a0 de \u00a02007, fecha de remisi\u00f3n del expediente a la Corte. \u00a0\u00a0<\/p>\n<p>Por \u00a0ello \u00a0la Sala proceder\u00e1 a declarar la \u00a0extinci\u00f3n \u00a0de \u00a0la \u00a0acci\u00f3n \u00a0penal y consecuentemente cesar\u00e1 todo procedimiento \u00a0que \u00a0por \u00a0los \u00a0hechos \u00a0materia \u00a0de \u00a0este juicio se adelant\u00f3 contra OSCAR HUMBERTO QUISOBONI GIRON \u00a0\u00a0<\/p>\n<p>En \u00a0m\u00e9rito de lo expuesto, la CORTE \u00a0SUPREMA \u00a0DE \u00a0JUSTICIA, \u00a0SALA \u00a0DE CASACI\u00d3N PENAL, \u00a0\u00a0<\/p>\n<p>RESUELVE: \u00a0<\/p>\n<p>1. \u00a0 \u00a0 \u00a0 \u00a0 \u00a0 DECLARAR \u00a0 \u00a0extinguida \u00a0 \u00a0\u2013por \u00a0prescripci\u00f3n- \u00a0la acci\u00f3n penal \u00a0derivada \u00a0del \u00a0delito \u00a0de \u00a0homicidio \u00a0culposo \u00a0que \u00a0se \u00a0imput\u00f3 \u00a0a \u00a0OSCAR \u00a0 \u00a0 \u00a0 \u00a0 \u00a0HUMBERTO \u00a0 \u00a0 \u00a0 \u00a0 QUISOBONI \u00a0 \u00a0 \u00a0 \u00a0 GIRON. \u00a0\u00a0<\/p>\n<p>2. En consecuencia, decretar la cesaci\u00f3n de \u00a0todo procedimiento que por tales hechos se adelante en su contra. \u00a0\u00a0<\/p>\n<p>Notif\u00edquese, \u00a0c\u00famplase \u00a0y \u00a0devu\u00e9lvase la \u00a0actuaci\u00f3n al Tribunal de origen. \u00a0\u00a0<\/p>\n<p>ALFREDO G\u00d3MEZ QUINTERO \u00a0<\/p>\n<p>SIGIFREDO \u00a0ESPINOSA \u00a0P\u00c9REZ \u00a0 \u00a0\u00a0 \u00a0 \u00a0 \u00a0\u00a0\u00a0 \u00a0MARIA \u00a0DEL \u00a0R. \u00a0GONZ\u00c1LEZ \u00a0DE L.\u00a0\u00a0\u00a0\u00a0\u00a0\u00a0\u00a0\u00a0 \u00a0\u00a0<\/p>\n<p>\u00a0\u00a0\u00a0\u00a0\u00a0\u00a0\u00a0\u00a0\u00a0\u00a0\u00a0\u00a0\u00a0\u00a0\u00a0\u00a0\u00a0\u00a0\u00a0\u00a0\u00a0\u00a0\u00a0\u00a0\u00a0\u00a0\u00a0\u00a0\u00a0\u00a0\u00a0\u00a0\u00a0\u00a0\u00a0\u00a0\u00a0\u00a0\u00a0\u00a0\u00a0\u00a0\u00a0\u00a0\u00a0\u00a0\u00a0\u00a0\u00a0\u00a0\u00a0\u00a0\u00a0\u00a0\u00a0\u00a0\u00a0\u00a0\u00a0\u00a0\u00a0\u00a0\u00a0\u00a0 \u00a0\u00a0<\/p>\n<p>JORGE \u00a0 \u00a0 \u00a0L. \u00a0 \u00a0 \u00a0QUINTERO \u00a0MILAN\u00c9S\u00a0\u00a0\u00a0\u00a0\u00a0\u00a0\u00a0\u00a0\u00a0\u00a0\u00a0\u00a0\u00a0 \u00a0YESID RAM\u00cdREZ BASTIDAS\u00a0\u00a0\u00a0\u00a0\u00a0\u00a0\u00a0 \u00a0\u00a0<\/p>\n<p>JULIO \u00a0 \u00a0 \u00a0 E. \u00a0 \u00a0 \u00a0 SOCHA \u00a0SALAMANCA\u00a0\u00a0\u00a0\u00a0\u00a0\u00a0\u00a0\u00a0\u00a0\u00a0\u00a0\u00a0 \u00a0MAURO SOLARTE \u00a0PORTILLA\u00a0\u00a0\u00a0\u00a0\u00a0\u00a0\u00a0\u00a0\u00a0\u00a0\u00a0\u00a0\u00a0\u00a0\u00a0\u00a0\u00a0\u00a0\u00a0 \u00a0\u00a0<\/p>\n<p>JAVIER ZAPATA ORT\u00cdZ \u00a0<\/p>\n<p>Teresa Ruiz N\u00fa\u00f1ez \u00a0<\/p>\n<p>Secretaria \u00a0<\/p>\n<p>\u00a0 \u00a0\u00a0<\/p>\n<p><\/p>\n","protected":false},"excerpt":{"rendered":"<p>\u00a0 \u00a0 \u00a0\u00a0 Proceso No 27871 \u00a0 CORTE SUPREMA DE JUSTICIA \u00a0 SALA DE CASACI\u00d3N PENAL \u00a0 \u00a0\u00a0\u00a0\u00a0\u00a0\u00a0\u00a0\u00a0\u00a0\u00a0\u00a0\u00a0\u00a0\u00a0\u00a0\u00a0\u00a0\u00a0\u00a0\u00a0\u00a0\u00a0\u00a0\u00a0\u00a0\u00a0\u00a0 \u00a0Magistrado Ponente: \u00a0\u00a0 \u00a0 \u00a0\u00a0 \u00a0\u00a0 \u00a0 \u00a0\u00a0 \u00a0\u00a0 \u00a0\u00a0 \u00a0\u00a0 \u00a0\u00a0 \u00a0\u00a0 \u00a0 \u00a0\u00a0 \u00a0 \u00a0 \u00a0 \u00a0 \u00a0 \u00a0 \u00a0 \u00a0 \u00a0\u00a0 \u00a0 \u00a0 \u00a0 \u00a0 \u00a0\u00a0 \u00a0\u00a0ALFREDO GOMEZ QUINTERO \u00a0 \u00a0\u00a0\u00a0\u00a0\u00a0\u00a0\u00a0\u00a0\u00a0\u00a0\u00a0\u00a0\u00a0\u00a0\u00a0\u00a0\u00a0\u00a0\u00a0\u00a0\u00a0\u00a0\u00a0\u00a0\u00a0\u00a0\u00a0\u00a0 \u00a0Aprobado Acta \u00a0 [&hellip;]<\/p>\n","protected":false},"author":1,"featured_media":0,"comment_status":"open","ping_status":"open","sticky":false,"template":"","format":"standard","meta":{"footnotes":""},"categories":[15],"tags":[],"class_list":["post-14480","post","type-post","status-publish","format-standard","hentry","category-15"],"_links":{"self":[{"href":"https:\/\/dmsjuridica.com\/buscador_20179478954\/salapenalcronologico20230723\/wp-json\/wp\/v2\/posts\/14480","targetHints":{"allow":["GET"]}}],"collection":[{"href":"https:\/\/dmsjuridica.com\/buscador_20179478954\/salapenalcronologico20230723\/wp-json\/wp\/v2\/posts"}],"about":[{"href":"https:\/\/dmsjuridica.com\/buscador_20179478954\/salapenalcronologico20230723\/wp-json\/wp\/v2\/types\/post"}],"author":[{"embeddable":true,"href":"https:\/\/dmsjuridica.com\/buscador_20179478954\/salapenalcronologico20230723\/wp-json\/wp\/v2\/users\/1"}],"replies":[{"embeddable":true,"href":"https:\/\/dmsjuridica.com\/buscador_20179478954\/salapenalcronologico20230723\/wp-json\/wp\/v2\/comments?post=14480"}],"version-history":[{"count":0,"href":"https:\/\/dmsjuridica.com\/buscador_20179478954\/salapenalcronologico20230723\/wp-json\/wp\/v2\/posts\/14480\/revisions"}],"wp:attachment":[{"href":"https:\/\/dmsjuridica.com\/buscador_20179478954\/salapenalcronologico20230723\/wp-json\/wp\/v2\/media?parent=14480"}],"wp:term":[{"taxonomy":"category","embeddable":true,"href":"https:\/\/dmsjuridica.com\/buscador_20179478954\/salapenalcronologico20230723\/wp-json\/wp\/v2\/categories?post=14480"},{"taxonomy":"post_tag","embeddable":true,"href":"https:\/\/dmsjuridica.com\/buscador_20179478954\/salapenalcronologico20230723\/wp-json\/wp\/v2\/tags?post=14480"}],"curies":[{"name":"wp","href":"https:\/\/api.w.org\/{rel}","templated":true}]}}