{"id":14085,"date":"2023-09-08T21:07:15","date_gmt":"2023-09-08T21:07:15","guid":{"rendered":"https:\/\/dmsjuridica.com\/buscador_20179478954\/salapenalcronologico20230723\/2023\/09\/08\/2741106-06-07\/"},"modified":"2023-09-08T21:07:15","modified_gmt":"2023-09-08T21:07:15","slug":"2741106-06-07","status":"publish","type":"post","link":"https:\/\/dmsjuridica.com\/buscador_20179478954\/salapenalcronologico20230723\/2023\/09\/08\/2741106-06-07\/","title":{"rendered":"27411(06-06-07)"},"content":{"rendered":"\n<p>\u00a0 \u00a0 Proceso No 27411 \u00a0<\/p>\n<p>CORTE SUPREMA DE JUSTICIA \u00a0<\/p>\n<p>SALA DE CASACI\u00d3N PENAL \u00a0<\/p>\n<p>MAGISTRADO PONENTE \u00a0<\/p>\n<p>\u00c1LVARO ORLANDO P\u00c9REZ PINZ\u00d3N \u00a0<\/p>\n<p>Bogot\u00e1. D.C.,\u00a0 seis (06) de junio\u00a0 \u00a0de dos mil siete (2007). \u00a0\u00a0<\/p>\n<p>Se \u00a0remite \u00a0el \u00a0expediente \u00a0contentivo de la \u00a0revisi\u00f3n \u00a0presentada \u00a0por el apoderado de Jairo Bel\u00e9n \u00a0Murcia,\u00a0 respecto de los fallos proferidos por el \u00a0Juzgado \u00a0154 \u00a0Penal \u00a0Militar \u00a0de \u00a0Primera \u00a0Instancia, \u00a0con sede en Ibagu\u00e9, y el \u00a0Tribunal \u00a0Superior \u00a0Militar, \u00a0en \u00a0atenci\u00f3n \u00a0a \u00a0que \u00a0los \u00a0suscritos \u00a0magistrados \u00a0firmamos \u00a0el \u00a0auto \u00a0del \u00a01\u00b0 de diciembre de 2004 (radicado 22.908), mediante el \u00a0cual \u00a0se \u00a0inadmitieron las demandas de casaci\u00f3n discrecional formuladas por las \u00a0defensoras \u00a0del se\u00f1or Ball\u00e9n Murcia\u00a0 y de Alex Carvajal Parra. \u00a0\u00a0<\/p>\n<p>Sin \u00a0embargo, \u00a0ello \u00a0no constituye causal de \u00a0impedimento, \u00a0dado, \u00a0de \u00a0una \u00a0parte, \u00a0que \u00a0la \u00a0Corte \u00a0en \u00a0esa \u00a0oportunidad no se \u00a0pronunci\u00f3 \u00a0de \u00a0fondo \u00a0del asunto, sino que resolvi\u00f3 inadmitir las demandas por \u00a0no \u00a0cumplir \u00a0con \u00a0las \u00a0exigencias previstas en los art\u00edculos 205 y 212, numeral \u00a03\u00b0, \u00a0del \u00a0C\u00f3digo de Procedimiento Penal; y, de otra, porque en su decisi\u00f3n la \u00a0Corte \u00a0no \u00a0se \u00a0ocup\u00f3 \u00a0en \u00a0manera \u00a0alguna \u00a0del \u00a0tema \u00a0formulado en revisi\u00f3n, la \u00a0ulterior presencia de prueba nueva. \u00a0\u00a0<\/p>\n<p>En \u00a0 consecuencia \u00a0 no \u00a0existe \u00a0causal \u00a0de \u00a0impedimento. \u00a0\u00a0<\/p>\n<p>Rem\u00edtanse \u00a0las \u00a0diligencias al despacho del \u00a0doctor Julio Enrique Socha Salamanca para lo pertinente. \u00a0\u00a0<\/p>\n<p>C\u00famplase. \u00a0\u00a0<\/p>\n<p>ALFREDO \u00a0 \u00a0G\u00d3MEZ \u00a0QUINTERO \u00a0\u00a0<\/p>\n<p>SIGIFREDO \u00a0 ESPINOSA \u00a0 P\u00c9REZ \u00a0 \u00a0 \u00a0 \u00a0\u00a0 \u00a0 \u00a0 \u00a0 \u00a0\u00a0 \u00a0 \u00a0 \u00a0 \u00a0\u00a0 \u00a0 \u00a0 \u00a0 \u00a0\u00a0\u00a0\u00a0\u00a0\u00a0\u00a0\u00a0\u00a0 \u00a0 \u00c1LVARO \u00a0ORLANDO \u00a0P\u00c9REZ \u00a0PINZ\u00d3N\u00a0\u00a0\u00a0\u00a0\u00a0\u00a0\u00a0\u00a0\u00a0\u00a0\u00a0\u00a0\u00a0 \u00a0\u00a0<\/p>\n<p>MARINA \u00a0 \u00a0 \u00a0 \u00a0PULIDO \u00a0 \u00a0 \u00a0 \u00a0DE \u00a0BAR\u00d3N\u00a0\u00a0\u00a0\u00a0\u00a0\u00a0\u00a0\u00a0\u00a0\u00a0\u00a0\u00a0\u00a0\u00a0 \u00a0JORGE LUIS QUINTERO MILAN\u00c9S \u00a0\u00a0<\/p>\n<p>YESID \u00a0 \u00a0 \u00a0 \u00a0 \u00a0 RAM\u00cdREZ \u00a0BASTIDAS\u00a0\u00a0\u00a0\u00a0\u00a0\u00a0\u00a0\u00a0\u00a0\u00a0\u00a0\u00a0\u00a0\u00a0\u00a0\u00a0\u00a0\u00a0\u00a0 \u00a0MAURO \u00a0 \u00a0 \u00a0 \u00a0 \u00a0 \u00a0 \u00a0 \u00a0 \u00a0SOLARTE \u00a0 \u00a0 \u00a0 \u00a0 \u00a0 \u00a0 \u00a0 \u00a0 \u00a0PORTILLA\u00a0\u00a0\u00a0\u00a0\u00a0\u00a0\u00a0\u00a0\u00a0\u00a0\u00a0\u00a0\u00a0\u00a0\u00a0 \u00a0\u00a0<\/p>\n<p>TERESA RUIZ N\u00da\u00d1EZ \u00a0<\/p>\n<p>Secretaria \u00a0<\/p>\n<p>\u00a0 \u00a0\u00a0<\/p>\n<p><\/p>\n","protected":false},"excerpt":{"rendered":"<p>\u00a0 \u00a0 Proceso No 27411 \u00a0 CORTE SUPREMA DE JUSTICIA \u00a0 SALA DE CASACI\u00d3N PENAL \u00a0 MAGISTRADO PONENTE \u00a0 \u00c1LVARO ORLANDO P\u00c9REZ PINZ\u00d3N \u00a0 Bogot\u00e1. D.C.,\u00a0 seis (06) de junio\u00a0 \u00a0de dos mil siete (2007). \u00a0\u00a0 Se \u00a0remite \u00a0el \u00a0expediente \u00a0contentivo de la \u00a0revisi\u00f3n \u00a0presentada \u00a0por el apoderado de Jairo Bel\u00e9n \u00a0Murcia,\u00a0 respecto de los [&hellip;]<\/p>\n","protected":false},"author":1,"featured_media":0,"comment_status":"open","ping_status":"open","sticky":false,"template":"","format":"standard","meta":{"footnotes":""},"categories":[15],"tags":[],"class_list":["post-14085","post","type-post","status-publish","format-standard","hentry","category-15"],"_links":{"self":[{"href":"https:\/\/dmsjuridica.com\/buscador_20179478954\/salapenalcronologico20230723\/wp-json\/wp\/v2\/posts\/14085","targetHints":{"allow":["GET"]}}],"collection":[{"href":"https:\/\/dmsjuridica.com\/buscador_20179478954\/salapenalcronologico20230723\/wp-json\/wp\/v2\/posts"}],"about":[{"href":"https:\/\/dmsjuridica.com\/buscador_20179478954\/salapenalcronologico20230723\/wp-json\/wp\/v2\/types\/post"}],"author":[{"embeddable":true,"href":"https:\/\/dmsjuridica.com\/buscador_20179478954\/salapenalcronologico20230723\/wp-json\/wp\/v2\/users\/1"}],"replies":[{"embeddable":true,"href":"https:\/\/dmsjuridica.com\/buscador_20179478954\/salapenalcronologico20230723\/wp-json\/wp\/v2\/comments?post=14085"}],"version-history":[{"count":0,"href":"https:\/\/dmsjuridica.com\/buscador_20179478954\/salapenalcronologico20230723\/wp-json\/wp\/v2\/posts\/14085\/revisions"}],"wp:attachment":[{"href":"https:\/\/dmsjuridica.com\/buscador_20179478954\/salapenalcronologico20230723\/wp-json\/wp\/v2\/media?parent=14085"}],"wp:term":[{"taxonomy":"category","embeddable":true,"href":"https:\/\/dmsjuridica.com\/buscador_20179478954\/salapenalcronologico20230723\/wp-json\/wp\/v2\/categories?post=14085"},{"taxonomy":"post_tag","embeddable":true,"href":"https:\/\/dmsjuridica.com\/buscador_20179478954\/salapenalcronologico20230723\/wp-json\/wp\/v2\/tags?post=14085"}],"curies":[{"name":"wp","href":"https:\/\/api.w.org\/{rel}","templated":true}]}}