{"id":13745,"date":"2023-09-08T21:06:56","date_gmt":"2023-09-08T21:06:56","guid":{"rendered":"https:\/\/dmsjuridica.com\/buscador_20179478954\/salapenalcronologico20230723\/2023\/09\/08\/2702524-10-07\/"},"modified":"2023-09-08T21:06:56","modified_gmt":"2023-09-08T21:06:56","slug":"2702524-10-07","status":"publish","type":"post","link":"https:\/\/dmsjuridica.com\/buscador_20179478954\/salapenalcronologico20230723\/2023\/09\/08\/2702524-10-07\/","title":{"rendered":"27025(24-10-07)"},"content":{"rendered":"\n<p>\u00a0 \u00a0 Proceso No 27025 \u00a0<\/p>\n<p>CORTE SUPREMA DE JUSTICIA \u00a0<\/p>\n<p>SALA DE CASACI\u00d3N PENAL \u00a0<\/p>\n<p>MAGISTRADO PONENTE \u00a0<\/p>\n<p>AUGUSTO J. IB\u00c1\u00d1EZ GUZM\u00c1N \u00a0<\/p>\n<p>Aprobado: Acta No.205 \u00a0<\/p>\n<p>Bogot\u00e1, D. C., veinticuatro (24) de octubre \u00a0de dos mil siete (2007). \u00a0\u00a0<\/p>\n<p>MOTIVO DE LA DECISI\u00d3N \u00a0<\/p>\n<p>Mediante \u00a0sentencia del 27 de abril de 2006, \u00a0el \u00a0Juzgado \u00a07\u00b0 \u00a0Penal \u00a0del \u00a0Circuito \u00a0de \u00a0Barranquilla conden\u00f3 a IV\u00c1N \u00a0 \u00a0DELGADO \u00a0 VANEGAS \u00a0 como \u00a0 autor \u00a0responsable \u00a0del \u00a0delito \u00a0de \u00a0homicidio \u00a0agravado \u00a0en \u00a0concurso \u00a0heterog\u00e9neo \u00a0y \u00a0sucesivo \u00a0con \u00a0el \u00a0de \u00a0acceso carnal violento agravado, por lo cual le impuso la \u00a0pena \u00a0 principal \u00a0 de \u00a0 treinta \u00a0 (30) \u00a0 a\u00f1os \u00a0de \u00a0prisi\u00f3n, \u00a0la \u00a0accesoria \u00a0de \u00a0inhabilitaci\u00f3n \u00a0de \u00a0derechos \u00a0y \u00a0funciones \u00a0p\u00fablicas por el mismo t\u00e9rmino, la \u00a0obligaci\u00f3n \u00a0de \u00a0indemnizar \u00a0los \u00a0perjuicios \u00a0causados, y le neg\u00f3 la condena de \u00a0ejecuci\u00f3n condicional y la prisi\u00f3n domiciliaria. \u00a0\u00a0<\/p>\n<p>El \u00a0 Tribunal \u00a0 Superior \u00a0de \u00a0Barranquilla \u00a0confirm\u00f3 \u00a0en \u00a0su \u00a0integridad \u00a0la \u00a0decisi\u00f3n \u00a0del A quo \u00a0en \u00a0providencia \u00a0del \u00a013 de septiembre del mismo a\u00f1o, \u00a0que fue recurrida en casaci\u00f3n por el defensor del procesado. \u00a0\u00a0<\/p>\n<p>El pasado 27 de junio, la Sala inadmiti\u00f3 la \u00a0demanda \u00a0por \u00a0ausencia de los requisitos l\u00f3gicos y argumentativos, pero dispuso \u00a0el \u00a0tr\u00e1mite \u00a0para \u00a0su \u00a0intervenci\u00f3n \u00a0oficiosa, dada la posible vulneraci\u00f3n de \u00a0garant\u00edas \u00a0fundamentales \u00a0del \u00a0procesado \u00a0porque \u00a0la pena accesoria excedi\u00f3 el \u00a0m\u00e1ximo legal. \u00a0\u00a0<\/p>\n<p>Recibido \u00a0 el \u00a0 concepto \u00a0 de \u00a0la \u00a0se\u00f1ora \u00a0Procuradora \u00a0 Segunda \u00a0 Delegada \u00a0en \u00a0lo \u00a0Penal, \u00a0la \u00a0Sala \u00a0resuelve \u00a0de \u00a0fondo. \u00a0\u00a0<\/p>\n<p>HECHOS Y ACTUACI\u00d3N PROCESAL \u00a0<\/p>\n<p>1. \u00a0 As\u00ed \u00a0 resumi\u00f3 \u00a0 el \u00a0 Tribunal \u00a0 lo \u00a0ocurrido: \u00a0\u00a0<\/p>\n<p>Se \u00a0desprende de autos, que el d\u00eda seis (6) \u00a0febrero \u00a0de \u00a02005, \u00a0aproximadamente\u00a0 a las\u00a0 7: 50 de la ma\u00f1ana, en un \u00a0solar \u00a0enmontado \u00a0en \u00a0el \u00a0barrio \u00a0el \u00a0Bosque \u00a0de \u00a0la \u00a0ciudad de Barranquilla, se \u00a0encontr\u00f3 \u00a0el \u00a0cuerpo \u00a0sin \u00a0vida \u00a0de una menor de dos (2) a\u00f1os de edad quien en \u00a0vida respond\u00eda al nombre de K. P. P. V. \u00a0\u00a0<\/p>\n<p>Una \u00a0 vez \u00a0 efectuada \u00a0 la \u00a0diligencia \u00a0de \u00a0inspecci\u00f3n \u00a0y \u00a0levantamiento \u00a0del \u00a0cad\u00e1ver \u00a0por la Fiscal\u00eda Quinta de la URI, \u00a0BRIHNO, \u00a0se\u00f1ala \u00a0en \u00a0el \u00a0\u00edtem \u00a0de los hechos que la madre de la menor sali\u00f3 a \u00a0buscar \u00a0a \u00a0su \u00a0marido en la madrugada, ya que este se encontraba tomando y no se \u00a0quer\u00eda \u00a0venir \u00a0a dormir, que antes de irse y salir de su casa, se cercior\u00f3 que \u00a0los \u00a0ni\u00f1os \u00a0se \u00a0quedaran \u00a0dormidos \u00a0en \u00a0el \u00a0cuarto, \u00a0cerr\u00e1ndole \u00a0la \u00a0puerta \u00a0y \u00a0ajust\u00e1ndola, \u00a0con \u00a0una silla, qued\u00e1ndose en la cantina con su marido, hasta el \u00a0momento \u00a0que le hab\u00edan avisado que la ni\u00f1a estaba muerta y estaba tirada en el \u00a0monte, fuera de la casa en el otro patio contiguo. \u00a0\u00a0<\/p>\n<p>Indica su hijo ALEXANDER P\u00c9REZ VALENCIA, que \u00a0hab\u00eda \u00a0llegado \u00a0IV\u00c1N, quien agarra a su hermanita y se la llev\u00f3, que la ni\u00f1a \u00a0estaba \u00a0llorando \u00a0y \u00a0que \u00a0\u00e9ste \u00a0se \u00a0escondi\u00f3 \u00a0para \u00a0que \u00a0no \u00a0se \u00a0lo llevaran a \u00a0\u00e9l. \u00a0\u00a0<\/p>\n<p>2. \u00a0Adelantada \u00a0la \u00a0investigaci\u00f3n, el 17 de \u00a0junio \u00a0de \u00a02005 \u00a0la Fiscal\u00eda Treinta y ocho (38) Seccional de la Unidad de Vida \u00a0de \u00a0Barranquilla \u00a0acus\u00f3 \u00a0al justiciable por el delito de homicidio agravado por \u00a0la \u00a0sevicia \u00a0y \u00a0el \u00a0estado \u00a0de \u00a0indefensi\u00f3n \u00a0en \u00a0que \u00a0coloc\u00f3 a la v\u00edctima, en \u00a0concurso \u00a0heterog\u00e9neo \u00a0y \u00a0sucesivo \u00a0con \u00a0el de acceso carnal violento agravado, \u00a0porque la v\u00edctima era menor de doce (12) a\u00f1os. \u00a0\u00a0<\/p>\n<p>3. El 27 de abril de 2006 el Juzgado S\u00e9ptimo \u00a0Penal \u00a0del \u00a0Circuito \u00a0de \u00a0Barranquilla \u00a0conden\u00f3 \u00a0al \u00a0procesado, por esas mismas \u00a0conductas \u00a0punibles, \u00a0a \u00a0la pena principal de treinta (30) a\u00f1os de prisi\u00f3n y a \u00a0la \u00a0accesoria de inhabilitaci\u00f3n de derechos y funciones p\u00fablicas, por el mismo \u00a0t\u00e9rmino. \u00a0Le \u00a0impuso \u00a0el pago de los perjuicios materiales y morales y le neg\u00f3 \u00a0la \u00a0 suspensi\u00f3n \u00a0condicional \u00a0de \u00a0la \u00a0ejecuci\u00f3n \u00a0de \u00a0la \u00a0pena \u00a0y \u00a0la \u00a0prisi\u00f3n \u00a0domiciliaria. \u00a0\u00a0<\/p>\n<p>4. \u00a0El \u00a0Tribunal \u00a0Superior \u00a0de \u00a0Barranquilla \u00a0confirm\u00f3 \u00a0 en \u00a0 su \u00a0integridad \u00a0la \u00a0decisi\u00f3n \u00a0del \u00a0A \u00a0quo.\u00a0 \u00a0\u00a0<\/p>\n<p>EL MINISTERIO P\u00daBLICO \u00a0<\/p>\n<p>Recomienda casar de oficio y parcialmente la \u00a0sentencia \u00a0en \u00a0lo \u00a0que \u00a0tiene \u00a0que \u00a0ver \u00a0con \u00a0la \u00a0sanci\u00f3n \u00a0accesoria impuesta a \u00a0IV\u00c1N \u00a0DELGADO \u00a0VANEGAS, para \u00a0que \u00a0se \u00a0haga \u00a0dentro de los l\u00edmites establecidos en la normatividad aplicable, \u00a0Ley 599 de 2000. \u00a0\u00a0<\/p>\n<p>CONSIDERACIONES \u00a0<\/p>\n<p>El principio de legalidad de los delitos y de \u00a0las \u00a0penas, \u00a0previsto \u00a0en \u00a0el art\u00edculo 29 de la Constituci\u00f3n, conforme al cual \u00a0\u201cnadie \u00a0podr\u00e1 \u00a0ser \u00a0juzgado \u00a0sino \u00a0conforme a leyes \u00a0preexistentes \u00a0al \u00a0acto \u00a0que \u00a0se le imputa\u201d garantiza \u00a0que \u00a0 \u00a0el \u00a0 \u00a0Estado, \u00a0 \u00a0en \u00a0 \u00a0ejercicio \u00a0 \u00a0del \u00a0 \u00a0ius \u00a0puniendi, \u00a0s\u00f3lo \u00a0podr\u00e1 \u00a0sancionar \u00a0al \u00a0reo \u00a0por \u00a0la \u00a0comisi\u00f3n \u00a0de las conductas punibles previamente definidas en la ley y dentro de \u00a0los \u00a0l\u00edmites \u00a0cuantitativos \u00a0y cualitativos all\u00ed consagrados. En consecuencia, \u00a0los \u00a0funcionarios \u00a0judiciales \u00a0no \u00a0pueden imponer las sanciones por fuera de los \u00a0par\u00e1metros \u00a0 legales, \u00a0porque \u00a0adem\u00e1s \u00a0de \u00a0violentar \u00a0el \u00a0referido \u00a0principio, \u00a0tambi\u00e9n \u00a0desconocen \u00a0el \u00a0de \u00a0igualdad \u00a0de \u00a0las \u00a0personas \u00a0ante \u00a0la \u00a0ley y el de \u00a0seguridad jur\u00eddica. \u00a0\u00a0<\/p>\n<p>En \u00a0el asunto que se examina, los juzgadores \u00a0de \u00a0primer \u00a0y \u00a0segundo \u00a0grado \u00a0impusieron \u00a0al \u00a0procesado \u00a0la \u00a0pena \u00a0accesoria de \u00a0inhabilitaci\u00f3n \u00a0de \u00a0derechos \u00a0y \u00a0funciones p\u00fablicas por igual t\u00e9rmino a de la \u00a0pena \u00a0de \u00a0prisi\u00f3n, \u00a0esto \u00a0es, \u00a0treinta (30) a\u00f1os, con lo cual desconocieron el \u00a0principio de legalidad. \u00a0\u00a0<\/p>\n<p>Como ese monto supera el l\u00edmite previsto en \u00a0el \u00a0art\u00edculo \u00a051 \u00a0del \u00a0C\u00f3digo \u00a0Penal, la Sala dispondr\u00e1 casar parcialmente el \u00a0fallo \u00a0 en \u00a0 el \u00a0sentido \u00a0de \u00a0fijar \u00a0como \u00a0pena \u00a0accesoria \u00a0la \u00a0de \u00a0veinte \u00a0(20) \u00a0a\u00f1os. \u00a0\u00a0<\/p>\n<p>En \u00a0virtud \u00a0de \u00a0lo \u00a0expuesto, \u00a0la \u00a0Sala \u00a0de \u00a0Casaci\u00f3n \u00a0Penal \u00a0de \u00a0la \u00a0Corte \u00a0Suprema \u00a0de Justicia, administrando justicia en \u00a0nombre de la Rep\u00fablica y por autoridad de la ley, \u00a0\u00a0<\/p>\n<p>RESUELVE \u00a0<\/p>\n<p>\u00a0 \u00a0 \u00a0 \u00a0 \u00a0<\/p>\n<p>Casar, \u00a0 \u00a0 \u00a0oficiosa \u00a0 \u00a0 \u00a0y \u00a0 \u00a0 parcialmente, \u00a0 el \u00a0 fallo \u00a0 del \u00a0 13 \u00a0de \u00a0septiembre \u00a0de \u00a02006, \u00a0proferido \u00a0por \u00a0el \u00a0Tribunal \u00a0Superior \u00a0de \u00a0Barranquilla, \u00a0exclusivamente \u00a0 para \u00a0 fijar \u00a0 en \u00a0veinte \u00a0(20) \u00a0a\u00f1os \u00a0la \u00a0pena \u00a0accesoria \u00a0de \u00a0inhabilitaci\u00f3n \u00a0para \u00a0el ejercicio de derechos y funciones p\u00fablicas impuesta a \u00a0IV\u00c1N \u00a0 \u00a0 \u00a0 \u00a0DELGADO \u00a0 \u00a0 \u00a0 \u00a0VANEGAS. \u00a0\u00a0<\/p>\n<p>En \u00a0lo \u00a0restante, \u00a0la \u00a0sentencia \u00a0permanece \u00a0vigente. \u00a0\u00a0<\/p>\n<p>Notif\u00edquese y c\u00famplase. \u00a0<\/p>\n<p>ALFREDO \u00a0 \u00a0G\u00d3MEZ \u00a0QUINTERO \u00a0\u00a0<\/p>\n<p>SIGIFREDO \u00a0 \u00a0 \u00a0 \u00a0 \u00a0ESPINOSA \u00a0P\u00c9REZ\u00a0\u00a0\u00a0\u00a0\u00a0 \u00a0 \u00a0\u00a0 \u00a0 \u00a0\u00a0 \u00a0\u00a0\u00a0\u00a0\u00a0\u00a0\u00a0\u00a0\u00a0\u00a0\u00a0 \u00a0MAR\u00cdA \u00a0 \u00a0 \u00a0 \u00a0 \u00a0 \u00a0 \u00a0DEL \u00a0 \u00a0 \u00a0 \u00a0 \u00a0 \u00a0 ROSARIO \u00a0 \u00a0 \u00a0 \u00a0 \u00a0 \u00a0 GONZ\u00c1LEZ \u00a0 \u00a0 \u00a0 \u00a0 \u00a0 \u00a0 DE \u00a0LEMOS\u00a0\u00a0\u00a0\u00a0\u00a0\u00a0\u00a0\u00a0\u00a0\u00a0\u00a0\u00a0\u00a0 \u00a0\u00a0<\/p>\n<p>AUGUSTO \u00a0 \u00a0 \u00a0 J. \u00a0 \u00a0 \u00a0 IB\u00c1\u00d1EZ \u00a0GUZM\u00c1N\u00a0\u00a0\u00a0\u00a0\u00a0\u00a0 \u00a0 \u00a0\u00a0 \u00a0\u00a0 \u00a0 \u00a0\u00a0 \u00a0 \u00a0 \u00a0 \u00a0 \u00a0 \u00a0 \u00a0 \u00a0 \u00a0\u00a0\u00a0 JORGE LUIS QUINTERO MILAN\u00c9S \u00a0\u00a0<\/p>\n<p>YESID \u00a0 \u00a0 \u00a0 \u00a0 \u00a0 RAM\u00cdREZ \u00a0BASTIDAS\u00a0\u00a0\u00a0\u00a0\u00a0\u00a0\u00a0\u00a0\u00a0\u00a0\u00a0\u00a0\u00a0\u00a0 \u00a0 \u00a0 \u00a0\u00a0 \u00a0 \u00a0\u00a0 \u00a0 \u00a0\u00a0 \u00a0 \u00a0 \u00a0 \u00a0 \u00a0\u00a0 \u00a0\u00a0 \u00a0\u00a0 \u00a0JULIO \u00a0ENRIQUE SOCHA SALAMANCA \u00a0\u00a0<\/p>\n<p>\u00a0\u00a0\u00a0 \u00a0 \u00a0Aclaraci\u00f3n \u00a0 \u00a0de \u00a0voto \u00a0\u00a0<\/p>\n<p>\u00a0 \u00a0\u00a0 \u00a0 \u00a0\u00a0 \u00a0 \u00a0 \u00a0 \u00a0\u00a0 \u00a0 \u00a0 \u00a0 \u00a0\u00a0 \u00a0 \u00a0 \u00a0 \u00a0\u00a0JAVIER \u00a0 \u00a0ZAPATA \u00a0ORTIZ \u00a0\u00a0<\/p>\n<p>TERESA RUIZ N\u00da\u00d1EZ \u00a0<\/p>\n<p>Secretaria \u00a0<\/p>\n<p>\u00a0 \u00a0\u00a0<\/p>\n<p><\/p>\n","protected":false},"excerpt":{"rendered":"<p>\u00a0 \u00a0 Proceso No 27025 \u00a0 CORTE SUPREMA DE JUSTICIA \u00a0 SALA DE CASACI\u00d3N PENAL \u00a0 MAGISTRADO PONENTE \u00a0 AUGUSTO J. IB\u00c1\u00d1EZ GUZM\u00c1N \u00a0 Aprobado: Acta No.205 \u00a0 Bogot\u00e1, D. C., veinticuatro (24) de octubre \u00a0de dos mil siete (2007). \u00a0\u00a0 MOTIVO DE LA DECISI\u00d3N \u00a0 Mediante \u00a0sentencia del 27 de abril de 2006, \u00a0el [&hellip;]<\/p>\n","protected":false},"author":1,"featured_media":0,"comment_status":"open","ping_status":"open","sticky":false,"template":"","format":"standard","meta":{"footnotes":""},"categories":[15],"tags":[],"class_list":["post-13745","post","type-post","status-publish","format-standard","hentry","category-15"],"_links":{"self":[{"href":"https:\/\/dmsjuridica.com\/buscador_20179478954\/salapenalcronologico20230723\/wp-json\/wp\/v2\/posts\/13745","targetHints":{"allow":["GET"]}}],"collection":[{"href":"https:\/\/dmsjuridica.com\/buscador_20179478954\/salapenalcronologico20230723\/wp-json\/wp\/v2\/posts"}],"about":[{"href":"https:\/\/dmsjuridica.com\/buscador_20179478954\/salapenalcronologico20230723\/wp-json\/wp\/v2\/types\/post"}],"author":[{"embeddable":true,"href":"https:\/\/dmsjuridica.com\/buscador_20179478954\/salapenalcronologico20230723\/wp-json\/wp\/v2\/users\/1"}],"replies":[{"embeddable":true,"href":"https:\/\/dmsjuridica.com\/buscador_20179478954\/salapenalcronologico20230723\/wp-json\/wp\/v2\/comments?post=13745"}],"version-history":[{"count":0,"href":"https:\/\/dmsjuridica.com\/buscador_20179478954\/salapenalcronologico20230723\/wp-json\/wp\/v2\/posts\/13745\/revisions"}],"wp:attachment":[{"href":"https:\/\/dmsjuridica.com\/buscador_20179478954\/salapenalcronologico20230723\/wp-json\/wp\/v2\/media?parent=13745"}],"wp:term":[{"taxonomy":"category","embeddable":true,"href":"https:\/\/dmsjuridica.com\/buscador_20179478954\/salapenalcronologico20230723\/wp-json\/wp\/v2\/categories?post=13745"},{"taxonomy":"post_tag","embeddable":true,"href":"https:\/\/dmsjuridica.com\/buscador_20179478954\/salapenalcronologico20230723\/wp-json\/wp\/v2\/tags?post=13745"}],"curies":[{"name":"wp","href":"https:\/\/api.w.org\/{rel}","templated":true}]}}