{"id":13381,"date":"2023-09-08T21:06:20","date_gmt":"2023-09-08T21:06:20","guid":{"rendered":"https:\/\/dmsjuridica.com\/buscador_20179478954\/salapenalcronologico20230723\/2023\/09\/08\/2661314-03-07\/"},"modified":"2023-09-08T21:06:20","modified_gmt":"2023-09-08T21:06:20","slug":"2661314-03-07","status":"publish","type":"post","link":"https:\/\/dmsjuridica.com\/buscador_20179478954\/salapenalcronologico20230723\/2023\/09\/08\/2661314-03-07\/","title":{"rendered":"26613(14-03-07)"},"content":{"rendered":"\n<p>\u00a0 \u00a0 Proceso No 26613 \u00a0<\/p>\n<p>CORTE SUPREMA DE JUSTICIA \u00a0<\/p>\n<p>SALA \u00a0 DE \u00a0 CASACI\u00d3N \u00a0PENAL \u00a0\u00a0<\/p>\n<p>Magistrado ponente \u00a0<\/p>\n<p>JAVIER ZAPATA ORTIZ\u00a0 \u00a0<\/p>\n<p>Aprobado \u00a0 acta \u00a0 No. \u00a0036 \u00a0\u00a0<\/p>\n<p>Bogot\u00e1 \u00a0 \u00a0 D. \u00a0 \u00a0C., \u00a0 \u00a0catorce (14) de marzo de dos mi siete (2007). \u00a0\u00a0<\/p>\n<p>Resuelve la Corte la solicitud que presenta \u00a0el \u00a0 apoderado \u00a0 judicial \u00a0 de\u00a0 \u00a0 JUAN \u00a0FERNANDO \u00a0JARAMILLO \u00a0SALAZAR, \u00a0ciudadano colombiano reclamado en \u00a0extradici\u00f3n \u00a0por \u00a0el \u00a0Gobierno \u00a0de \u00a0los Estados Unidos de Am\u00e9rica, mediante la \u00a0cual \u00a0renuncia a los t\u00e9rminos establecidos para el ejercicio de los derechos de \u00a0su representado. \u00a0\u00a0<\/p>\n<p>ANTECEDENTES \u00a0\u00a0<\/p>\n<p>1.- \u00a0Mediante la Nota verbal 1161 del 15 de \u00a0mayo \u00a0de \u00a02006, \u00a0el \u00a0Gobierno \u00a0de \u00a0los \u00a0Estados Unidos de Am\u00e9rica, solicit\u00f3 la \u00a0captura \u00a0con \u00a0fines \u00a0de \u00a0extradici\u00f3n \u00a0de\u00a0 \u00a0JUAN \u00a0FERNANDO \u00a0 \u00a0JARAMILLO \u00a0 SALAZAR \u00a0 de \u00a0 quien \u00a0 dijo: \u00a0\u00a0<\/p>\n<p>\u201c\u2026es requerido para comparecer a juicio \u00a0por \u00a0delitos \u00a0federales \u00a0de narc\u00f3ticos.\u00a0 Es el sujeto de la acusaci\u00f3n No. \u00a004-20277 \u00a0CR \u00a0(Lenard),\u00a0 \u00a0dictada \u00a0el \u00a030 \u00a0de \u00a0abril \u00a0de \u00a02004, en la Corte \u00a0Distrital \u00a0de \u00a0los \u00a0Estados \u00a0Unidos para el Distrito Sur de Florida, mediante la \u00a0cual se le acusa de:\u00a0 \u00a0\u00a0<\/p>\n<p>Cargo \u00a0uno: \u00a0Concierto \u00a0para importar a los \u00a0Estados \u00a0Unidos \u00a0cinco kilogramos o m\u00e1s de una mezcla y sustancia que conten\u00eda \u00a0una \u00a0cantidad \u00a0perceptible \u00a0de \u00a0coca\u00edna, \u00a0lo \u00a0cual es en contra del T\u00edtulo 21, \u00a0Secci\u00f3n \u00a0952 \u00a0(a) \u00a0del C\u00f3digo de los Estados Unidos, en violaci\u00f3n del T\u00edtulo \u00a021, \u00a0 Secciones \u00a0 963 \u00a0 y \u00a0 960 \u00a0 (b) \u00a0 (1) \u00a0(B) \u00a0del \u00a0C\u00f3digo \u00a0de \u00a0los \u00a0Estados \u00a0Unidos, \u00a0\u00a0<\/p>\n<p>Cargos Dos:\u00a0 Concierto para poseer con \u00a0la \u00a0intenci\u00f3n \u00a0de \u00a0distribuir cinco kilogramos o m\u00e1s de una mezcla y sustancia \u00a0que \u00a0conten\u00eda \u00a0una \u00a0cantidad \u00a0perceptible de coca\u00edna, lo cual es en contra del \u00a0T\u00edtulo \u00a021, \u00a0Secci\u00f3n \u00a0841 \u00a0(a) \u00a0(1) \u00a0del \u00a0C\u00f3digo \u00a0de \u00a0los \u00a0Estados Unidos, en \u00a0violaci\u00f3n \u00a0del \u00a0T\u00edtulo 21, Secciones 846 y 841 (b) (1) (a) (ii) del C\u00f3digo de \u00a0los Estados Unidos, \u00a0\u00a0<\/p>\n<p>Cargo Tres:\u00a0 Ayuda y facilitamiento de \u00a0la \u00a0importaci\u00f3n a los Estados Unidos de cinco kilogramos o m\u00e1s de una mezcla y \u00a0sustancia \u00a0que conten\u00eda una cantidad perceptible de coca\u00edna, en violaci\u00f3n del \u00a0T\u00edtulo \u00a021, \u00a0Secciones \u00a0952 \u00a0(a) \u00a0y \u00a0960 (b) (1) (B) del C\u00f3digo de los Estados \u00a0Unidos, \u00a0y \u00a0del \u00a0T\u00edtulo \u00a018, \u00a0Secci\u00f3n \u00a02 \u00a0del \u00a0C\u00f3digo \u00a0de los Estados Unidos, \u00a0y \u00a0\u00a0<\/p>\n<p>Cargo \u00a0Cuatro:\u00a0 Ayuda y facilitamiento \u00a0del \u00a0intento \u00a0de \u00a0posesi\u00f3n \u00a0con \u00a0la intenci\u00f3n de distribuir cinco kilogramos o \u00a0m\u00e1s \u00a0de \u00a0una \u00a0mezcla \u00a0y \u00a0sustancia \u00a0que \u00a0conten\u00eda \u00a0una cantidad perceptible de \u00a0coca\u00edna, \u00a0lo cual es en contra del T\u00edtulo 21, Secci\u00f3n 841 (a) (1) del C\u00f3digo \u00a0de \u00a0los \u00a0Estados \u00a0Unidos, \u00a0en violaci\u00f3n del T\u00edtulo 21, Secciones 846 y 841 (b) \u00a0(1) \u00a0(A) \u00a0(ii) \u00a0del \u00a0C\u00f3digo de los Estados Unidos, y del T\u00edtulo 18, Secci\u00f3n 2 \u00a0del \u00a0C\u00f3digo de los Estados Unidos.\u201d (fl. 3 a 6 cdno \u00a0anexo) \u00a0\u00a0<\/p>\n<p>2.- \u00a0Con \u00a0Nota \u00a0Verbal \u00a0No. \u00a02999 del 17 de \u00a0noviembre \u00a0de \u00a02006, \u00a0la \u00a0Embajada \u00a0de \u00a0los \u00a0Estados \u00a0Unidos \u00a0de \u00a0Norteam\u00e9rica, \u00a0formaliz\u00f3 \u00a0la \u00a0solicitud \u00a0de extradici\u00f3n (fls. 38 a 192 cdno anexo), allegando \u00a0la \u00a0documentaci\u00f3n exigida para el efecto, de la cual el Ministro del Interior y \u00a0de \u00a0Justicia, dio curso a esta Corporaci\u00f3n en procura del concepto, advirtiendo \u00a0que \u00a0 el \u00a0 Ministerio \u00a0 de \u00a0 Relaciones \u00a0 Exteriores \u00a0 anot\u00f3 \u00a0que \u00a0\u201cEn \u00a0atenci\u00f3n \u00a0a \u00a0lo \u00a0establecido \u00a0en nuestra legislaci\u00f3n penal \u00a0interna, \u00a0me \u00a0permito manifestarle que por no existir Convenio aplicable al caso \u00a0es \u00a0 procedente \u00a0 obrar \u00a0de \u00a0conformidad \u00a0con \u00a0el \u00a0ordenamiento \u00a0procesal \u00a0penal \u00a0colombiano.\u201d \u00a0\u00a0<\/p>\n<p>3.- \u00a0La \u00a0petici\u00f3n \u00a0de \u00a0extradici\u00f3n \u00a0fue \u00a0sometida \u00a0a \u00a0reparto \u00a0y, antes de correr el traslado para presentar la solicitud \u00a0de \u00a0pruebas, \u00a0el \u00a0ciudadano requerido en extradici\u00f3n otorg\u00f3 poder a un abogado \u00a0de \u00a0confianza, \u00a0el \u00a0cual \u00a0present\u00f3 \u00a0escrito \u00a0en \u00a0el que expres\u00f3 su voluntad de \u00a0renunciar \u00a0a los t\u00e9rminos de traslado y solicitud de pruebas (fl. 9 cuaderno de \u00a0la Corte). \u00a0\u00a0<\/p>\n<p>Esta \u00a0manifestaci\u00f3n \u00a0fue \u00a0reiterada por el \u00a0defensor \u00a0en \u00a0escrito \u00a0de marzo 8 de 2007,\u00a0 donde\u00a0 dice que renuncia a \u00a0t\u00e9rminos \u00a0 de \u00a0 ejecutoria \u00a0 y \u00a0 solicita \u00a0 emitir \u00a0 concepto \u00a0 con \u00a0 la \u00a0mayor \u00a0prontitud. \u00a0\u00a0<\/p>\n<p>CONSIDERACIONES \u00a0DE \u00a0LA \u00a0SALA \u00a0\u00a0<\/p>\n<p>Entre \u00a0los \u00a0Estados \u00a0Unidos \u00a0de \u00a0Am\u00e9rica y \u00a0Colombia \u00a0no \u00a0existe \u00a0tratado \u00a0de \u00a0extradici\u00f3n aplicable, por tanto, las normas \u00a0previstas \u00a0en \u00a0el \u00a0C\u00f3digo \u00a0de \u00a0Procedimiento \u00a0Penal son las que imperan en este \u00a0tr\u00e1mite, \u00a0teniendo \u00a0en \u00a0cuenta \u00a0las \u00a0previsiones \u00a0del \u00a0art\u00edculo 35 de la Carta \u00a0Pol\u00edtica, \u00a0modificado \u00a0por \u00a0el Acto Legislativo No. 01 de 1997, en armon\u00eda con \u00a0el \u00a0 concepto \u00a0 rendido \u00a0 por \u00a0 el \u00a0 Ministerio \u00a0 de \u00a0Relaciones \u00a0Exteriores \u00a0de \u00a0Colombia. \u00a0\u00a0<\/p>\n<p>Desde esa perspectiva, es evidente que en el \u00a0tr\u00e1mite \u00a0especial \u00a0de extradici\u00f3n todos los intervinientes gozan de los mismos \u00a0derechos, \u00a0garant\u00edas \u00a0y facultades concebidas por el Legislador en la relaci\u00f3n \u00a0procesal; \u00a0por consiguiente, es admisible que cualquier sujeto procesal renuncie \u00a0a \u00a0los \u00a0t\u00e9rminos consagrados por la ley en su favor para ejercer alg\u00fan derecho \u00a0ya que as\u00ed lo admite el art\u00edculo 167 de la Ley 600 de 2000. \u00a0\u00a0<\/p>\n<p>Sin embargo, la renuncia no puede afectar el \u00a0eventual \u00a0 inter\u00e9s \u00a0 que \u00a0 tengan \u00a0 los \u00a0 dem\u00e1s \u00a0 intervinientes \u00a0\u2013 \u00a0ciudadano \u00a0requerido \u00a0y \u00a0Ministerio \u00a0P\u00fablico \u00a0 &#8211; \u00a0 para \u00a0plantear \u00a0su \u00a0particular \u00a0opini\u00f3n \u00a0sobre \u00a0el \u00a0tr\u00e1mite \u00a0de \u00a0extradici\u00f3n, \u00a0solicitar \u00a0o \u00a0presentar \u00a0pruebas, \u00a0as\u00ed \u00a0como \u00a0dar \u00a0a \u00a0conocer su \u00a0opini\u00f3n en los alegatos conclusivos. \u00a0\u00a0<\/p>\n<p>De este modo, la Sala aceptar\u00e1 la renuncia \u00a0a \u00a0t\u00e9rminos \u00a0que \u00a0presenta \u00a0el \u00a0apoderado \u00a0judicial \u00a0del \u00a0ciudadano \u00a0colombiano \u00a0JUAN \u00a0 \u00a0FERNANDO \u00a0 \u00a0JARAMILLO \u00a0 SALAZAR, \u00a0solicitado \u00a0en \u00a0extradici\u00f3n \u00a0por \u00a0el \u00a0Gobierno \u00a0de los Estados Unidos,\u00a0 sin que ello afecte el tr\u00e1mite normal de \u00a0la \u00a0actuaci\u00f3n, \u00a0ni \u00a0enerve \u00a0la \u00a0posibilidad \u00a0de \u00a0la \u00a0participaci\u00f3n \u00a0activa del \u00a0requerido y del Ministerio P\u00fablico. \u00a0\u00a0<\/p>\n<p>Ahora, \u00a0como \u00a0los \u00a0sujetos \u00a0procesales \u00a0no \u00a0solicitaron \u00a0la \u00a0pr\u00e1ctica \u00a0de pruebas,\u00a0 la Sala debe analizar si la prueba \u00a0obrante \u00a0en \u00a0el \u00a0expediente permite acreditar los aspectos sobre los cuales debe \u00a0versar \u00a0 el \u00a0 concepto \u00a0 que \u00a0 emite, \u00a0as\u00ed:\u00a0 \u00a0(i) \u00a0validez \u00a0formal \u00a0de \u00a0la \u00a0documentaci\u00f3n \u00a0 presentada, \u00a0(ii) \u00a0demostraci\u00f3n \u00a0plena \u00a0de \u00a0la \u00a0identidad \u00a0del \u00a0solicitado,\u00a0 \u00a0 (iii) \u00a0principio \u00a0de \u00a0la \u00a0doble \u00a0incriminaci\u00f3n,\u00a0 \u00a0(iv) \u00a0equivalencia \u00a0de \u00a0la \u00a0providencia proferida en el extranjero y, (v) cuando fuere \u00a0el \u00a0 \u00a0caso, \u00a0 \u00a0en \u00a0 el \u00a0 cumplimiento \u00a0 de \u00a0 lo \u00a0 previsto \u00a0 en \u00a0 los \u00a0 tratados \u00a0p\u00fablicos. \u00a0\u00a0<\/p>\n<p>En \u00a0ese \u00a0orden de ideas,\u00a0 se encuentra \u00a0que \u00a0los \u00a0cargos tres y cuatro hacen relaci\u00f3n al Cap\u00edtulo 18 del\u00a0 C\u00f3digo \u00a0de \u00a0 los \u00a0Estados \u00a0Unidos, \u00a0Secci\u00f3n \u00a02,\u00a0 \u00a0cuya \u00a0copia \u00a0no \u00a0se \u00a0alleg\u00f3 \u00a0al \u00a0expediente;\u00a0 \u00a0en \u00a0consecuencia, \u00a0de \u00a0oficio, \u00a0se \u00a0ordena \u00a0allegar \u00a0por v\u00eda \u00a0diplom\u00e1tica,\u00a0 \u00a0copia aut\u00e9ntica y traducida de dicha disposici\u00f3n,\u00a0 a \u00a0fin \u00a0de \u00a0analizar \u00a0el principio de la doble incriminaci\u00f3n, al momento de emitir \u00a0el concepto. \u00a0\u00a0<\/p>\n<p>Atendidas las razones expuestas, la Sala de \u00a0Casaci\u00f3n Penal de la Corte Suprema de Justicia, \u00a0\u00a0<\/p>\n<p>RESUELVE \u00a0\u00a0<\/p>\n<p>PRIMERO:\u00a0 \u00a0ACEPTAR \u00a0la \u00a0renuncia \u00a0de \u00a0t\u00e9rminos \u00a0 que \u00a0 presenta \u00a0 el \u00a0apoderado \u00a0judicial \u00a0del \u00a0ciudadano \u00a0colombiano \u00a0JUAN \u00a0 \u00a0FERNANDO \u00a0 \u00a0JARAMILLO \u00a0 SALAZAR solicitado en extradici\u00f3n. \u00a0\u00a0<\/p>\n<p>SEGUNDO:\u00a0 \u00a0Como \u00a0prueba \u00a0de oficio, se \u00a0ordena \u00a0allegar \u00a0por \u00a0v\u00eda \u00a0diplom\u00e1tica,\u00a0 \u00a0copia \u00a0aut\u00e9ntica \u00a0y \u00a0traducida \u00a0del\u00a0\u00a0 \u00a0C\u00f3digo \u00a0de los Estados Unidos, Cap\u00edtulo 18, Secci\u00f3n 2,\u00a0 \u00a0a \u00a0fin de analizar el principio de la doble incriminaci\u00f3n, al momento de emitir \u00a0el concepto . \u00a0\u00a0<\/p>\n<p>C\u00d3PIESE, \u00a0 NOTIF\u00cdQUESE \u00a0 Y \u00a0 C\u00daMPLASE \u00a0\u00a0<\/p>\n<p>ALFREDO G\u00d3MEZ QUINTERO \u00a0<\/p>\n<p>\u00a0\u00a0\u00a0\u00a0\u00a0\u00a0\u00a0\u00a0\u00a0\u00a0\u00a0\u00a0\u00a0\u00a0\u00a0\u00a0\u00a0\u00a0\u00a0\u00a0\u00a0\u00a0\u00a0\u00a0\u00a0\u00a0\u00a0\u00a0\u00a0\u00a0\u00a0\u00a0\u00a0\u00a0\u00a0\u00a0\u00a0\u00a0\u00a0\u00a0\u00a0\u00a0\u00a0\u00a0\u00a0\u00a0\u00a0\u00a0\u00a0\u00a0\u00a0\u00a0\u00a0\u00a0\u00a0\u00a0\u00a0\u00a0\u00a0\u00a0\u00a0\u00a0\u00a0\u00a0\u00a0\u00a0\u00a0\u00a0\u00a0\u00a0\u00a0\u00a0\u00a0\u00a0\u00a0\u00a0\u00a0\u00a0\u00a0\u00a0\u00a0\u00a0\u00a0\u00a0\u00a0\u00a0\u00a0\u00a0\u00a0\u00a0\u00a0\u00a0\u00a0\u00a0\u00a0\u00a0\u00a0\u00a0\u00a0\u00a0\u00a0\u00a0\u00a0\u00a0\u00a0\u00a0\u00a0\u00a0\u00a0\u00a0\u00a0\u00a0\u00a0\u00a0\u00a0\u00a0\u00a0\u00a0\u00a0\u00a0\u00a0\u00a0\u00a0\u00a0\u00a0\u00a0\u00a0\u00a0\u00a0\u00a0\u00a0\u00a0\u00a0\u00a0\u00a0\u00a0\u00a0\u00a0\u00a0\u00a0\u00a0\u00a0\u00a0\u00a0\u00a0\u00a0\u00a0\u00a0\u00a0\u00a0\u00a0\u00a0\u00a0\u00a0\u00a0\u00a0\u00a0\u00a0\u00a0\u00a0\u00a0\u00a0\u00a0\u00a0\u00a0\u00a0\u00a0\u00a0\u00a0\u00a0\u00a0\u00a0\u00a0\u00a0\u00a0\u00a0\u00a0\u00a0\u00a0\u00a0\u00a0\u00a0\u00a0\u00a0\u00a0\u00a0\u00a0\u00a0\u00a0\u00a0\u00a0\u00a0\u00a0\u00a0\u00a0\u00a0\u00a0\u00a0\u00a0\u00a0 \u00a0\u00a0<\/p>\n<p>SIGIFREDO \u00a0 \u00a0 \u00a0 \u00a0 \u00a0ESPINOSA \u00a0P\u00c9REZ\u00a0\u00a0\u00a0\u00a0\u00a0\u00a0\u00a0\u00a0\u00a0\u00a0\u00a0\u00a0\u00a0\u00a0\u00a0\u00a0\u00a0\u00a0\u00a0\u00a0\u00a0 \u00a0 \u00a0 \u00a0\u00a0 \u00a0 \u00a0\u00a0 \u00a0 \u00a0\u00a0 \u00a0 \u00a0 \u00a0 \u00a0 \u00a0 \u00a0 \u00a0 \u00a0 \u00a0 \u00a0\u00c1LVARO \u00a0 \u00a0 \u00a0 \u00a0 \u00a0 \u00a0 \u00a0 \u00a0ORLANDO \u00a0 \u00a0 \u00a0 \u00a0 \u00a0 \u00a0 \u00a0 P\u00c9REZ \u00a0PINZ\u00d3N\u00a0\u00a0\u00a0\u00a0\u00a0\u00a0\u00a0\u00a0\u00a0\u00a0\u00a0\u00a0\u00a0 \u00a0 \u00a0 \u00a0 \u00a0 \u00a0 \u00a0\u00a0<\/p>\n<p>MARINA \u00a0PULIDO \u00a0DE BAR\u00d3N\u00a0\u00a0\u00a0 \u00a0 \u00a0 \u00a0\u00a0 \u00a0 \u00a0\u00a0 \u00a0 \u00a0\u00a0 \u00a0 \u00a0 \u00a0\u00a0 \u00a0\u00a0 \u00a0\u00a0 \u00a0JORGE LUIS \u00a0QUINTERO \u00a0MILAN\u00c9S\u00a0\u00a0\u00a0\u00a0\u00a0\u00a0\u00a0\u00a0\u00a0\u00a0\u00a0\u00a0\u00a0\u00a0\u00a0\u00a0 \u00a0 \u00a0 \u00a0 \u00a0 \u00a0 \u00a0\u00a0<\/p>\n<p>YESID \u00a0 \u00a0 \u00a0 \u00a0 \u00a0 RAM\u00cdREZ \u00a0BASTIDAS\u00a0\u00a0\u00a0\u00a0\u00a0\u00a0\u00a0\u00a0\u00a0\u00a0\u00a0\u00a0\u00a0\u00a0\u00a0\u00a0\u00a0\u00a0\u00a0\u00a0\u00a0\u00a0\u00a0\u00a0\u00a0\u00a0\u00a0\u00a0\u00a0 \u00a0JULIO ENRIQUE SOCHA SALAMANCA \u00a0\u00a0<\/p>\n<p>Permiso \u00a0<\/p>\n<p>MAURO \u00a0 \u00a0 \u00a0 \u00a0 \u00a0 SOLARTE \u00a0PORTILLA\u00a0\u00a0\u00a0\u00a0\u00a0\u00a0\u00a0\u00a0\u00a0\u00a0\u00a0\u00a0\u00a0\u00a0\u00a0\u00a0\u00a0\u00a0\u00a0\u00a0\u00a0\u00a0\u00a0\u00a0 \u00a0JAVIER ZAPATA ORTIZ \u00a0\u00a0<\/p>\n<p>TERESA RUIZ N\u00da\u00d1EZ \u00a0<\/p>\n<p>Secretaria \u00a0 \u00a0\u00a0<\/p>\n<p><\/p>\n","protected":false},"excerpt":{"rendered":"<p>\u00a0 \u00a0 Proceso No 26613 \u00a0 CORTE SUPREMA DE JUSTICIA \u00a0 SALA \u00a0 DE \u00a0 CASACI\u00d3N \u00a0PENAL \u00a0\u00a0 Magistrado ponente \u00a0 JAVIER ZAPATA ORTIZ\u00a0 \u00a0 Aprobado \u00a0 acta \u00a0 No. \u00a0036 \u00a0\u00a0 Bogot\u00e1 \u00a0 \u00a0 D. \u00a0 \u00a0C., \u00a0 \u00a0catorce (14) de marzo de dos mi siete (2007). \u00a0\u00a0 Resuelve la Corte la solicitud que [&hellip;]<\/p>\n","protected":false},"author":1,"featured_media":0,"comment_status":"open","ping_status":"open","sticky":false,"template":"","format":"standard","meta":{"footnotes":""},"categories":[15],"tags":[],"class_list":["post-13381","post","type-post","status-publish","format-standard","hentry","category-15"],"_links":{"self":[{"href":"https:\/\/dmsjuridica.com\/buscador_20179478954\/salapenalcronologico20230723\/wp-json\/wp\/v2\/posts\/13381","targetHints":{"allow":["GET"]}}],"collection":[{"href":"https:\/\/dmsjuridica.com\/buscador_20179478954\/salapenalcronologico20230723\/wp-json\/wp\/v2\/posts"}],"about":[{"href":"https:\/\/dmsjuridica.com\/buscador_20179478954\/salapenalcronologico20230723\/wp-json\/wp\/v2\/types\/post"}],"author":[{"embeddable":true,"href":"https:\/\/dmsjuridica.com\/buscador_20179478954\/salapenalcronologico20230723\/wp-json\/wp\/v2\/users\/1"}],"replies":[{"embeddable":true,"href":"https:\/\/dmsjuridica.com\/buscador_20179478954\/salapenalcronologico20230723\/wp-json\/wp\/v2\/comments?post=13381"}],"version-history":[{"count":0,"href":"https:\/\/dmsjuridica.com\/buscador_20179478954\/salapenalcronologico20230723\/wp-json\/wp\/v2\/posts\/13381\/revisions"}],"wp:attachment":[{"href":"https:\/\/dmsjuridica.com\/buscador_20179478954\/salapenalcronologico20230723\/wp-json\/wp\/v2\/media?parent=13381"}],"wp:term":[{"taxonomy":"category","embeddable":true,"href":"https:\/\/dmsjuridica.com\/buscador_20179478954\/salapenalcronologico20230723\/wp-json\/wp\/v2\/categories?post=13381"},{"taxonomy":"post_tag","embeddable":true,"href":"https:\/\/dmsjuridica.com\/buscador_20179478954\/salapenalcronologico20230723\/wp-json\/wp\/v2\/tags?post=13381"}],"curies":[{"name":"wp","href":"https:\/\/api.w.org\/{rel}","templated":true}]}}