{"id":1332,"date":"2023-09-07T21:00:28","date_gmt":"2023-09-07T21:00:28","guid":{"rendered":"https:\/\/dmsjuridica.com\/buscador_20179478954\/salapenalcronologico20230723\/2023\/09\/07\/14811-29-09-98\/"},"modified":"2023-09-07T21:00:28","modified_gmt":"2023-09-07T21:00:28","slug":"14811-29-09-98","status":"publish","type":"post","link":"https:\/\/dmsjuridica.com\/buscador_20179478954\/salapenalcronologico20230723\/2023\/09\/07\/14811-29-09-98\/","title":{"rendered":"14811 (29-09-98)"},"content":{"rendered":"\n<p>\u00a0 \u00a0 PROCESO No. 14811 \u00a0<\/p>\n<p>\u00a0 \u00a0\u00a0 \u00a0\u00a0 \u00a0\u00a0CORTE SUPREMA DE JUSTICIA \u00a0\u00a0<\/p>\n<p>\u00a0 \u00a0\u00a0 \u00a0\u00a0 \u00a0\u00a0SALA DE CASACION PENAL \u00a0\u00a0<\/p>\n<p>\u00a0 \u00a0\u00a0 \u00a0\u00a0 \u00a0\u00a0Magistrado Ponente : \u00a0\u00a0<\/p>\n<p>\u00a0 \u00a0\u00a0 \u00a0\u00a0 \u00a0\u00a0Dr. FERNANDO E. ARBOLEDA RIPOLL \u00a0\u00a0<\/p>\n<p>\u00a0 \u00a0\u00a0 \u00a0\u00a0 \u00a0\u00a0Aprobado acta No. 145 \u00a0\u00a0<\/p>\n<p>Santa \u00a0Fe \u00a0de \u00a0Bogot\u00e1, D.C., veintinueve de \u00a0septiembre de mil novecientos noventa y ocho (1998). \u00a0\u00a0<\/p>\n<p>1. ASUNTO \u00a0<\/p>\n<p>Resolver \u00a0la \u00a0solicitud de reconocimiento de \u00a0redenci\u00f3n \u00a0de \u00a0pena \u00a0por actividades literarias elevada por el interno BISMARCK \u00a0HERNANDEZ \u00a0RODRIGUEZ, \u00a0quien \u00a0se \u00a0encuentra \u00a0recluido en la C\u00e1rcel del Circuito \u00a0Judicial de Neiva (Huila).\u00a0 \u00a0\u00a0<\/p>\n<p>2. CONSIDERACIONES DE LA CORTE \u00a0<\/p>\n<p>Bismarck Hern\u00e1ndez Rodr\u00edguez fue condenado \u00a0en \u00a0segunda \u00a0instancia \u00a0por \u00a0el \u00a0Tribunal \u00a0Nacional, \u00a0el \u00a017 \u00a0de febrero de esta \u00a0anualidad, \u00a0a \u00a0la \u00a0pena principal privativa de la libertad de nueve (9) a\u00f1os de \u00a0prisi\u00f3n, \u00a0como autor de una de las conductas descritas en el art\u00edculo 33 de la \u00a0ley 30 de 1.986 (fl. 9 y ss. c. del Tribunal). \u00a0\u00a0<\/p>\n<p>Contra el fallo anterior la defensa interpuso \u00a0el \u00a0 \u00a0recurso \u00a0 \u00a0extraordinario \u00a0 de \u00a0 casaci\u00f3n, \u00a0 cuyo \u00a0 tr\u00e1mite \u00a0 se \u00a0 surte \u00a0actualmente. \u00a0\u00a0<\/p>\n<p>En \u00a0escrito \u00a0que \u00a0antecede, \u00a0el defensor del \u00a0prenombrado \u00a0solicita \u00a0en \u00a0forma gen\u00e9rica la redenci\u00f3n de pena &#8220;por expresi\u00f3n \u00a0literaria \u00a0-edici\u00f3n \u00a0y \u00a0publicaci\u00f3n del libro GRITOS DE NOSTALGIA&#8221;-, allegando \u00a0al \u00a0efecto \u00a0la evaluaci\u00f3n y calificaci\u00f3n de las actividades realizadas, con un \u00a0ejemplar de la mencionada obra. \u00a0\u00a0<\/p>\n<p>La \u00a0Sala ha sostenido en forma reiterada que \u00a0el \u00a0estudio \u00a0de \u00a0la \u00a0redenci\u00f3n \u00a0de \u00a0pena \u00a0(art\u00edculos \u00a0530 y ss. del C\u00f3digo de \u00a0Procedimiento \u00a0Penal) \u00a0y \u00a0la concesi\u00f3n de los beneficios administrativos de que \u00a0trata \u00a0la \u00a0ley \u00a065 \u00a0de \u00a01993 \u00a0y \u00a0dem\u00e1s \u00a0disposiciones \u00a0complementarias, \u00a0no \u00a0le \u00a0corresponde \u00a0a \u00a0esta \u00a0Corporaci\u00f3n, \u00a0no s\u00f3lo por no ser de su competencia, sino \u00a0por no encontrarse a\u00fan ejecutoriada la sentencia. \u00a0\u00a0<\/p>\n<p>Las \u00fanicas excepciones al reconocimiento de \u00a0redenci\u00f3n \u00a0de \u00a0pena \u00a0en \u00a0sede \u00a0del recurso extraordinario, son las contempladas \u00a0expresamente \u00a0 por \u00a0 los \u00a0 art\u00edculos \u00a05\ufffd \u00a0 \u00a0del \u00a0 \u00a0Decreto \u00a0 \u00a01542 \u00a0 \u00a0de \u00a0 \u00a01.997, \u00a0 \u00a0y \u00a0 415.2\ufffd \u00a0del \u00a0C\u00f3digo \u00a0de \u00a0Procedimiento Penal \u00a0(modificado \u00a0por \u00a0el \u00a0art. \u00a055 \u00a0de la Ley 81 de 1993); esto es, para efectos del \u00a0permiso \u00a0de \u00a0setenta \u00a0y dos (72) horas contemplado en el art\u00edculo 147 de la ley \u00a065 \u00a0de \u00a01993 \u00a0-siendo \u00a0claro \u00a0que \u00a0la \u00a0concesi\u00f3n \u00a0o negaci\u00f3n de este beneficio \u00a0administrativo \u00a0corresponde \u00a0a \u00a0los \u00a0directores de los centros de reclusi\u00f3n-; y \u00a0para \u00a0acreditar \u00a0la \u00a0parte \u00a0cumplida de la pena, con miras a obtener la libertad \u00a0provisional \u00a0 solicitada \u00a0 con \u00a0fundamento \u00a0en \u00a0el \u00a0art\u00edculo \u00a0415.2\ufffd \u00a0 del \u00a0 C\u00f3digo \u00a0 de \u00a0 Procedimiento \u00a0Penal. \u00a0\u00a0<\/p>\n<p>Ninguna de las hip\u00f3tesis anteriores concurre \u00a0para \u00a0el \u00a0presente \u00a0caso, toda vez que en la solicitud no se indica que se est\u00e9 \u00a0tramitando \u00a0el \u00a0permiso \u00a0administrativo \u00a0de \u00a072 horas, ni se depreca la libertad \u00a0provisional. \u00a0\u00a0<\/p>\n<p>As\u00ed \u00a0las \u00a0cosas, \u00a0como la competencia de la \u00a0Corte \u00a0en \u00a0sede \u00a0de casaci\u00f3n aparece limitada a las eventualidades referidas, y \u00a0al \u00a0tr\u00e1mite \u00a0de \u00a0los \u00a0incidentes propios del recurso extraordinario, la Sala se \u00a0abstendr\u00e1 \u00a0de \u00a0considerar \u00a0la solicitud de reconocimiento de redenci\u00f3n de pena \u00a0hecha por el procesado Bismarck Hern\u00e1ndez Rodr\u00edguez. \u00a0\u00a0<\/p>\n<p>En m\u00e9rito de lo expuesto la Corte Suprema de \u00a0Justicia, Sala de Casaci\u00f3n Penal, \u00a0\u00a0<\/p>\n<p>\u00a0 \u00a0\u00a0 \u00a0\u00a0 \u00a0\u00a0RESUELVE \u00a0\u00a0<\/p>\n<p>ABSTENERSE \u00a0de \u00a0considerar \u00a0la \u00a0solicitud de \u00a0redenci\u00f3n \u00a0de \u00a0pena \u00a0elevada \u00a0por \u00a0el \u00a0procesado \u00a0BISMARCK HERNANDEZ RODRIGUEZ. \u00a0\u00a0<\/p>\n<p>\u00a0 \u00a0\u00a0 \u00a0\u00a0 \u00a0Notif\u00edquese y c\u00famplase. \u00a0\u00a0<\/p>\n<p>\u00a0 \u00a0\u00a0 \u00a0\u00a0 \u00a0JORGE E. CORDOBA POVEDA \u00a0\u00a0<\/p>\n<p>FERNANDO \u00a0E. \u00a0ARBOLEDA \u00a0RIPOLL \u00a0 \u00a0 \u00a0\u00a0 \u00a0\u00a0 \u00a0\u00a0RICARDO \u00a0CALVETE RANGEL \u00a0\u00a0<\/p>\n<p>\u00a0 \u00a0\u00a0 \u00a0\u00a0 \u00a0\u00a0 \u00a0\u00a0 \u00a0\u00a0 \u00a0\u00a0 \u00a0\u00a0 \u00a0\u00a0 \u00a0\u00a0 \u00a0 \u00a0\u00a0 \u00a0 \u00a0 \u00a0 \u00a0 \u00a0 \u00a0 \u00a0 \u00a0 \u00a0\u00a0 \u00a0 \u00a0 \u00a0 \u00a0 \u00a0\u00a0 \u00a0\u00a0 \u00a0\u00a0 \u00a0\u00a0 \u00a0\u00a0 \u00a0\u00a0 \u00a0\u00a0 \u00a0\u00a0 \u00a0 \u00a0NO \u00a0\u00a0<\/p>\n<p>CARLOS \u00a0AUGUSTO \u00a0GALVEZ \u00a0ARGOTE \u00a0\u00a0 \u00a0 \u00a0 \u00a0JORGE ANIBAL \u00a0GOMEZ GALLEGO \u00a0\u00a0<\/p>\n<p>EDGAR \u00a0 \u00a0LOMBANA \u00a0 \u00a0TRUJILLO \u00a0\u00a0 \u00a0\u00a0 \u00a0\u00a0 \u00a0\u00a0 \u00a0\u00a0 \u00a0\u00a0 \u00a0 \u00a0 \u00a0 \u00a0 \u00a0 \u00a0CARLOS \u00a0 \u00a0 E. \u00a0 \u00a0MEJIA \u00a0ESCOBAR \u00a0\u00a0<\/p>\n<p>DIDIMO \u00a0 \u00a0PAEZ \u00a0 \u00a0VELANDIA \u00a0\u00a0 \u00a0\u00a0 \u00a0\u00a0 \u00a0\u00a0 \u00a0 \u00a0\u00a0 \u00a0 \u00a0 \u00a0\u00a0 \u00a0 \u00a0 \u00a0\u00a0NILSON \u00a0 \u00a0 PINILLA \u00a0PINILLA \u00a0\u00a0<\/p>\n<p>\u00a0 \u00a0\u00a0 \u00a0 \u00a0PATRICIA SALAZAR CUELLAR \u00a0\u00a0<\/p>\n<p>\u00a0 \u00a0\u00a0 \u00a0 \u00a0Secretaria \u00a0 \u00a0\u00a0<\/p>\n<p><\/p>\n","protected":false},"excerpt":{"rendered":"<p>\u00a0 \u00a0 PROCESO No. 14811 \u00a0 \u00a0 \u00a0\u00a0 \u00a0\u00a0 \u00a0\u00a0CORTE SUPREMA DE JUSTICIA \u00a0\u00a0 \u00a0 \u00a0\u00a0 \u00a0\u00a0 \u00a0\u00a0SALA DE CASACION PENAL \u00a0\u00a0 \u00a0 \u00a0\u00a0 \u00a0\u00a0 \u00a0\u00a0Magistrado Ponente : \u00a0\u00a0 \u00a0 \u00a0\u00a0 \u00a0\u00a0 \u00a0\u00a0Dr. FERNANDO E. ARBOLEDA RIPOLL \u00a0\u00a0 \u00a0 \u00a0\u00a0 \u00a0\u00a0 \u00a0\u00a0Aprobado acta No. 145 \u00a0\u00a0 Santa \u00a0Fe \u00a0de \u00a0Bogot\u00e1, D.C., veintinueve de \u00a0septiembre de [&hellip;]<\/p>\n","protected":false},"author":1,"featured_media":0,"comment_status":"open","ping_status":"open","sticky":false,"template":"","format":"standard","meta":{"footnotes":""},"categories":[6],"tags":[],"class_list":["post-1332","post","type-post","status-publish","format-standard","hentry","category-6"],"_links":{"self":[{"href":"https:\/\/dmsjuridica.com\/buscador_20179478954\/salapenalcronologico20230723\/wp-json\/wp\/v2\/posts\/1332","targetHints":{"allow":["GET"]}}],"collection":[{"href":"https:\/\/dmsjuridica.com\/buscador_20179478954\/salapenalcronologico20230723\/wp-json\/wp\/v2\/posts"}],"about":[{"href":"https:\/\/dmsjuridica.com\/buscador_20179478954\/salapenalcronologico20230723\/wp-json\/wp\/v2\/types\/post"}],"author":[{"embeddable":true,"href":"https:\/\/dmsjuridica.com\/buscador_20179478954\/salapenalcronologico20230723\/wp-json\/wp\/v2\/users\/1"}],"replies":[{"embeddable":true,"href":"https:\/\/dmsjuridica.com\/buscador_20179478954\/salapenalcronologico20230723\/wp-json\/wp\/v2\/comments?post=1332"}],"version-history":[{"count":0,"href":"https:\/\/dmsjuridica.com\/buscador_20179478954\/salapenalcronologico20230723\/wp-json\/wp\/v2\/posts\/1332\/revisions"}],"wp:attachment":[{"href":"https:\/\/dmsjuridica.com\/buscador_20179478954\/salapenalcronologico20230723\/wp-json\/wp\/v2\/media?parent=1332"}],"wp:term":[{"taxonomy":"category","embeddable":true,"href":"https:\/\/dmsjuridica.com\/buscador_20179478954\/salapenalcronologico20230723\/wp-json\/wp\/v2\/categories?post=1332"},{"taxonomy":"post_tag","embeddable":true,"href":"https:\/\/dmsjuridica.com\/buscador_20179478954\/salapenalcronologico20230723\/wp-json\/wp\/v2\/tags?post=1332"}],"curies":[{"name":"wp","href":"https:\/\/api.w.org\/{rel}","templated":true}]}}