{"id":13170,"date":"2023-09-08T21:06:10","date_gmt":"2023-09-08T21:06:10","guid":{"rendered":"https:\/\/dmsjuridica.com\/buscador_20179478954\/salapenalcronologico20230723\/2023\/09\/08\/2633911-04-07\/"},"modified":"2023-09-08T21:06:10","modified_gmt":"2023-09-08T21:06:10","slug":"2633911-04-07","status":"publish","type":"post","link":"https:\/\/dmsjuridica.com\/buscador_20179478954\/salapenalcronologico20230723\/2023\/09\/08\/2633911-04-07\/","title":{"rendered":"26339(11-04-07)"},"content":{"rendered":"\n<p>\u00a0 \u00a0 Proceso No 26339 \u00a0<\/p>\n<p>CORTE SUPREMA DE JUSTICIA \u00a0<\/p>\n<p>SALA DE CASACI\u00d3N PENAL \u00a0<\/p>\n<p>Magistrada Ponente: \u00a0<\/p>\n<p>MARINA PULIDO DE BAR\u00d3N \u00a0<\/p>\n<p>Aprobado Acta No. 49 \u00a0<\/p>\n<p>\u00a0 \u00a0\u00a0 \u00a0\u00a0 \u00a0\u00a0Bogot\u00e1 D.C., abril once (11) de dos mil siete (2007) \u00a0\u00a0<\/p>\n<p>VISTOS \u00a0<\/p>\n<p>\u00a0 \u00a0\u00a0 \u00a0\u00a0 \u00a0\u00a0Concept\u00faa \u00a0la \u00a0Corte \u00a0en relaci\u00f3n con la solicitud de extradici\u00f3n \u00a0del \u00a0 ciudadano \u00a0 colombiano \u00a0 ENRIQUE \u00a0OYOLA \u00a0ROPERO \u00a0elevada \u00a0por \u00a0el \u00a0Gobierno \u00a0de \u00a0los \u00a0Estados Unidos de \u00a0Am\u00e9rica a trav\u00e9s de su Embajada en Colombia. \u00a0\u00a0<\/p>\n<p>ANTECEDENTES \u00a0<\/p>\n<p>El mencionado ciudadano es requerido para que \u00a0comparezca \u00a0 en \u00a0 juicio \u00a0 \u201cpor \u00a0delitos \u00a0federales \u00a0narc\u00f3ticos\u201d \u00a0ante la Corte Distrital de los Estados \u00a0Unidos \u00a0para \u00a0el \u00a0Distrito de Columbia, dado que, con fecha abril 18 de 2006, el \u00a0Gran \u00a0Jurado profiri\u00f3 en su contra la segunda acusaci\u00f3n sustitutiva N\u00b0 05-342 \u00a0(RCL), por cuyo medio se le formul\u00f3 el siguiente cargo: \u00a0\u00a0<\/p>\n<p>\u201cCARGO \u00a0UNO:\u00a0 \u00a0Comenzando \u00a0el \u00a028 \u00a0de \u00a0abril \u00a0de \u00a02005 \u00a0o \u00a0alrededor \u00a0de esa fecha, siendo la fecha exacta desconocida para el Gran Jurado, \u00a0y \u00a0con \u00a0continuaci\u00f3n \u00a0despu\u00e9s \u00a0de \u00a0esa fecha hasta la fecha en que se presenta \u00a0esta \u00a0acusaci\u00f3n, \u00a0inclusive, \u00a0en \u00a0Colombia \u00a0y \u00a0en \u00a0otras \u00a0partes, \u00a0los acusados \u00a0\u2026ENRIQUE \u00a0OYOLA \u00a0ROPERO\u00a0 \u2026, e integrantes del concierto tanto conocidos \u00a0como \u00a0desconocidos \u00a0que no han sido acusados, con conocimiento de causa y dolosa \u00a0e \u00a0intencionadamente \u00a0se \u00a0combinaron, \u00a0concertaron, \u00a0confederaron \u00a0y concordaron \u00a0entre \u00a0s\u00ed \u00a0y \u00a0con otras personas tanto conocidas como desconocidas para el Gran \u00a0Jurado, \u00a0para \u00a0distribuir \u00a0cinco kilogramos o m\u00e1s de una mezcla y sustancia que \u00a0conten\u00eda \u00a0una \u00a0cantidad perceptible de coca\u00edna, una sustancia controlada de la \u00a0Tabla \u00a0II, \u00a0con \u00a0la \u00a0intenci\u00f3n \u00a0y el conocimiento de que dicha sustancia ser\u00eda \u00a0importada \u00a0il\u00edcitamente a los Estados Unidos, en violaci\u00f3n a las Secciones 959 \u00a0y 960 del T\u00edtulo 21 del C\u00f3digo de los Estados Unidos\u201d. \u00a0\u00a0<\/p>\n<p>1. \u00a0\u00a0 \u00a0\u00a0 \u00a0\u00a0 \u00a0\u00a0Documentos allegados con la solicitud de \u00a0extradici\u00f3n. \u00a0\u00a0<\/p>\n<p>Con \u00a0el objeto de formalizar la solicitud de \u00a0extradici\u00f3n, \u00a0fueron \u00a0allegados al presente tr\u00e1mite los siguientes documentos, \u00a0debidamente \u00a0 traducidos \u00a0 y \u00a0 legalizados \u00a0ante \u00a0el \u00a0Ministerio \u00a0de \u00a0Relaciones \u00a0Exteriores: \u00a0\u00a0<\/p>\n<p>Nota Diplom\u00e1tica N\u00b0 1855 de fecha agosto 2 \u00a0de \u00a02006 y Nota Verbal\u00a0 N\u00b0 2592 de 13 de octubre del mismo a\u00f1o, a trav\u00e9s \u00a0de \u00a0las \u00a0cuales \u00a0la \u00a0Embajada \u00a0de \u00a0los \u00a0Estados \u00a0Unidos \u00a0solicita \u00a0la detenci\u00f3n \u00a0provisional \u00a0con fines de extradici\u00f3n de ENRIQUE OYOLA \u00a0ROPERO \u00a0y \u00a0formaliza \u00a0su \u00a0solicitud \u00a0de \u00a0extradici\u00f3n, \u00a0respectivamente. \u00a0 En \u00a0 ellas, \u00a0 se \u00a0 precisa \u00a0que \u00a0se \u00a0trata \u00a0de \u00a0un \u00a0ciudadano \u00a0colombiano \u00a0nacido \u00a0el\u00a0 \u00a025\u00a0 \u00a0de \u00a0mayo \u00a0de \u00a01966 \u00a0y \u00a0titular \u00a0de \u00a0la \u00a0c\u00e9dula de ciudadan\u00eda n\u00famero \u00a085.450.575. \u00a0\u00a0<\/p>\n<p>\u00a0 \u00a0 \u00a0 \u00a0 \u00a0<\/p>\n<p>Copia \u00a0de \u00a0la \u00a0acusaci\u00f3n \u00a0No. \u00a005-342 (RCL) \u00a0dictada \u00a0por \u00a0el \u00a0Gran Jurado ante el Tribunal de Distrito de los Estados Unidos \u00a0para \u00a0el \u00a0Distrito \u00a0de Columbia, de fecha 30 de septiembre de 2004 sustituida en \u00a0abril 18 de 2006. \u00a0\u00a0<\/p>\n<p>\u00a0 \u00a0 \u00a0 \u00a0 \u00a0<\/p>\n<p>Copia \u00a0de la orden de arresto de fecha 13 de \u00a0abril \u00a0de \u00a02006 \u00a0expedida \u00a0por \u00a0la \u00a0referida Corte Distrital, contra \u00a0ENRIQUE \u00a0OYOLA \u00a0ROPERO, para que responda \u00a0por unos cargos. \u00a0\u00a0<\/p>\n<p>Copia de las disposiciones del C\u00f3digo Penal \u00a0de \u00a0los \u00a0Estados \u00a0Unidos \u00a0relativas a los cargos contenidos en la resoluci\u00f3n de \u00a0acusaci\u00f3n. \u00a0\u00a0<\/p>\n<p>Declaraci\u00f3n \u00a0 jurada \u00a0 de \u00a0 PATRICK \u00a0H. \u00a0HEARN, Fiscal de Tribunales de \u00a0la \u00a0 Secci\u00f3n \u00a0 de \u00a0 narc\u00f3ticos \u00a0 y \u00a0drogas \u00a0peligrosas, \u00a0Divisi\u00f3n \u00a0Penal \u00a0del \u00a0Departamento \u00a0de \u00a0Justicia \u00a0de los Estados Unidos, a trav\u00e9s de la cual efect\u00faa \u00a0una \u00a0presentaci\u00f3n \u00a0de \u00a0los \u00a0procedimientos \u00a0policiales y judiciales realizados, \u00a0as\u00ed \u00a0como \u00a0del \u00a0compromiso de responsabilidad del solicitado, y de ROBERT \u00a0ZACHARIASIEWICZ, Agente Especial de \u00a0la \u00a0 Administraci\u00f3n \u00a0 Antinarc\u00f3ticos \u00a0(DEA), \u00a0quien \u00a0actu\u00f3 \u00a0en \u00a0las \u00a0diversas \u00a0averiguaciones \u00a0y \u00a0pesquisas que determinaron la acusaci\u00f3n presentada contra el \u00a0requerido en extradici\u00f3n. \u00a0\u00a0<\/p>\n<p>2. \u00a0\u00a0 \u00a0\u00a0 \u00a0\u00a0 \u00a0\u00a0Actuaci\u00f3n \u00a0surtida \u00a0previo el env\u00edo de \u00a0las diligencias a la Corte. \u00a0\u00a0<\/p>\n<p>El \u00a0Gobierno \u00a0de \u00a0los \u00a0Estados \u00a0Unidos \u00a0de \u00a0Am\u00e9rica, \u00a0mediante \u00a0Nota \u00a0Diplom\u00e1tica \u00a0No. \u00a01855 \u00a0de \u00a0fecha \u00a0agosto 2 de 2006, \u00a0solicit\u00f3 \u00a0la \u00a0detenci\u00f3n \u00a0provisional \u00a0con \u00a0fines de extradici\u00f3n del ciudadano \u00a0colombiano \u00a0 \u00a0ENRIQUE \u00a0 \u00a0OYOLA \u00a0 \u00a0ROPERO, \u00a0a \u00a0quien \u00a0las autoridades judiciales de ese pa\u00eds a trav\u00e9s de la \u00a0resoluci\u00f3n \u00a0de \u00a0acusaci\u00f3n \u00a0N\u00b0 \u00a005-342 \u00a0(RCL) \u00a0de \u00a030 \u00a0de \u00a0septiembre \u00a0de 2004 \u00a0sustituida \u00a0el \u00a018 \u00a0de \u00a0abril \u00a0de \u00a02006, \u00a0le profirieron cargos relacionados con \u00a0delitos \u00a0 \u00a0 federales \u00a0 \u00a0 de \u00a0 \u00a0 narcotr\u00e1fico, \u00a0 \u00a0concretamente \u00a0 \u00a0\u201cConcierto \u00a0para \u00a0cometer el delitos narcotr\u00e1fico \u201d. \u00a0\u00a0<\/p>\n<p>Con \u00a0fundamento en la anterior petici\u00f3n, el \u00a0Fiscal \u00a0General \u00a0de \u00a0la \u00a0Naci\u00f3n \u00a0mediante \u00a0resoluci\u00f3n \u00a0de \u00a0agosto \u00a010 de 2006, \u00a0decret\u00f3 \u00a0la \u00a0captura \u00a0con \u00a0fines \u00a0de \u00a0extradici\u00f3n \u00a0del \u00a0solicitado, la cual se \u00a0produjo \u00a0el \u00a016 \u00a0de \u00a0agosto \u00a0siguiente \u00a0durante \u00a0la diligencia de allanamiento y \u00a0registro \u00a0cumplida \u00a0en \u00a0el \u00a0inmueble \u00a0ubicado \u00a0en \u00a0la \u00a0calle 15 N\u00b0 A N\u00b0 35 -28 \u00a0Urbanizaci\u00f3n \u00a0Galicia \u00a0en la ciudad de Santa Marta, departamento del Magdalena, \u00a0por \u00a0 funcionarios \u00a0de \u00a0la \u00a0Direcci\u00f3n \u00a0Antinarc\u00f3ticos, \u00a0regional \u00a0de \u00a0polic\u00eda \u00a0judicial zona norte, de la Polic\u00eda Nacional. \u00a0\u00a0<\/p>\n<p>\u00a0 \u00a0\u00a0 \u00a0\u00a0 \u00a0\u00a0Actualmente, \u00a0el \u00a0mencionado \u00a0ciudadano \u00a0se \u00a0encuentra privado de su \u00a0libertad \u00a0 \u00a0en \u00a0 \u00a0la \u00a0 Penitenciar\u00eda \u00a0 de \u00a0 M\u00e1xima \u00a0 Seguridad \u00a0 de \u00a0 C\u00f3mbita \u00a0(Boyac\u00e1). \u00a0\u00a0<\/p>\n<p>Mediante \u00a0Nota \u00a0Verbal \u00a0No. \u00a02592 \u00a0del 13 de \u00a0octubre \u00a0de \u00a02006, \u00a0la \u00a0Embajada \u00a0de \u00a0los \u00a0Estados Unidos de Am\u00e9rica formaliz\u00f3 \u00a0la\u00a0 \u00a0solicitud \u00a0de \u00a0extradici\u00f3n \u00a0de ENRIQUE OYOLA \u00a0ROPERO, \u00a0oportunidad \u00a0en \u00a0la que ratific\u00f3 que este es \u00a0requerido \u00a0por \u00a0el \u00a0Tribunal de Distrito de Columbia a trav\u00e9s de la resoluci\u00f3n \u00a0de \u00a0 \u00a0 acusaci\u00f3n \u00a0 \u00a0 N\u00b0 \u00a0 \u00a0 05 \u00a0 \u00a0\u2013\u00a0 \u00a0342 (RCL) de 30 de septiembre de 2004 sustituida en abril 18 \u00a0de \u00a02006, \u00a0mediante \u00a0la \u00a0cual \u00a0le \u00a0profiri\u00f3 \u00a0cargos \u00a0relacionados \u00a0con \u00a0delitos \u00a0federales \u00a0de narcotr\u00e1fico, concretamente \u201cConcierto \u00a0para \u00a0fabricar \u00a0y \u00a0distribuir \u00a0cinco \u00a0kilogramos \u00a0o \u00a0m\u00e1s \u00a0de \u00a0coca\u00edna \u00a0con \u00a0la \u00a0intenci\u00f3n \u00a0y \u00a0el conocimiento de que la coca\u00edna ser\u00eda importada ilegalmente a \u00a0los Estados Unidos y ayuda y facilitamiento de dicho delito \u201d. \u00a0\u00a0<\/p>\n<p>Ello \u00a0dio lugar a que el\u00a0 Ministerio de \u00a0Relaciones \u00a0Exteriores, \u00a0con \u00a0oficio \u00a0No. \u00a0OAJ.E. \u00a01960 \u00a0de \u00a0octubre \u00a017 de 2006 \u00a0conceptuara \u00a0que \u00a0\u201cEn \u00a0atenci\u00f3n a lo establecido en \u00a0nuestra \u00a0legislaci\u00f3n procesal penal interna, me permito manifestarle que por no \u00a0existir \u00a0Convenio \u00a0aplicable \u00a0al \u00a0caso es procedente obrar de conformidad con el \u00a0ordenamiento procesal penal colombiano\u201d. \u00a0\u00a0<\/p>\n<p>3. \u00a0 \u00a0Actuaci\u00f3n \u00a0 \u00a0surtida \u00a0 \u00a0en \u00a0 esta \u00a0Corporaci\u00f3n. \u00a0\u00a0<\/p>\n<p>Proveniente del Ministerio de Justicia y del \u00a0Derecho \u00a0se \u00a0recibi\u00f3 \u00a0por esta Sala la aludida solicitud de extradici\u00f3n con la \u00a0documentaci\u00f3n \u00a0anexa.\u00a0 \u00a0De \u00a0inmediato, \u00a0se \u00a0dio \u00a0inicio \u00a0a \u00a0este \u00a0tr\u00e1mite \u00a0garantizando \u00a0el \u00a0derecho \u00a0de \u00a0defensa al requerido y luego se dispuso, mediante \u00a0auto \u00a0de \u00a0noviembre \u00a023 de 2006, correr el traslado previsto en el art\u00edculo 500 \u00a0de \u00a0la \u00a0Ley \u00a0906 \u00a0de \u00a02004, \u00a0dentro \u00a0del \u00a0cual en forma exclusiva la defensa del \u00a0solicitado \u00a0en \u00a0extradici\u00f3n \u00a0present\u00f3 \u00a0memorial \u00a0deprecando \u00a0la \u00a0pr\u00e1ctica \u00a0de \u00a0pruebas. \u00a0\u00a0<\/p>\n<p>La \u00a0Sala, \u00a0mediante auto de 28 de febrero de \u00a02007, \u00a0neg\u00f3 \u00a0por \u00a0improcedente la solicitud probatoria elevada por el defensor, \u00a0al \u00a0tiempo \u00a0que \u00a0dispuso \u00a0correr \u00a0el \u00a0traslado \u00a0previsto \u00a0en \u00a0la misma norma del \u00a0estatuto \u00a0procesal \u00a0penal, \u00a0luego de lo cual se corri\u00f3 el traslado dispuesto en \u00a0la providencia impugnada. \u00a0\u00a0<\/p>\n<p>Dentro \u00a0del t\u00e9rmino previsto para presentar \u00a0alegatos \u00a0de \u00a0conclusi\u00f3n, \u00a0\u00fanicamente el Representante del Ministerio P\u00fablico \u00a0alleg\u00f3 \u00a0escrito con el fin de que sea tenido en cuenta por la Corte al proferir \u00a0su concepto. \u00a0\u00a0<\/p>\n<p>ALEGATOS DE CONCLUSI\u00d3N \u00a0<\/p>\n<p>Con \u00a0ese \u00a0prop\u00f3sito \u00a0el \u00a0Procurador \u00a0Cuarto \u00a0Delegado \u00a0 para \u00a0la \u00a0Casaci\u00f3n \u00a0Penal, \u00a0hace \u00a0una \u00a0s\u00edntesis \u00a0de \u00a0la \u00a0actuaci\u00f3n \u00a0cumplida,\u00a0 \u00a0de los soportes allegados con la solicitud de extradici\u00f3n, del \u00a0marco \u00a0legal \u00a0que \u00a0rige \u00a0este tr\u00e1mite y de los aspectos que constituyen el tema \u00a0del \u00a0concepto \u00a0que \u00a0corresponde \u00a0emitir \u00a0a \u00a0la Sala, para adentrarse luego en el \u00a0an\u00e1lisis de cada uno de tales aspectos. \u00a0\u00a0<\/p>\n<p>Indica \u00a0que \u00a0los \u00a0documentos \u00a0presentados en \u00a0apoyo \u00a0de \u00a0la \u00a0solicitud \u00a0de \u00a0extradici\u00f3n \u00a0lo \u00a0fueron \u00a0recurriendo \u00a0a \u00a0la \u00a0v\u00eda \u00a0diplom\u00e1tica \u00a0y \u00a0cumpliendo \u00a0las \u00a0exigencias legales, por lo que son formalmente \u00a0v\u00e1lidos \u00a0 y \u00a0 satisfacen \u00a0 los \u00a0requisitos \u00a0establecidos \u00a0por \u00a0el \u00a0ordenamiento \u00a0jur\u00eddico, \u00a0dado \u00a0que \u00a0no \u00a0solo \u00a0contienen la informaci\u00f3n legalmente requerida, \u00a0sino \u00a0 que \u00a0respecto \u00a0de \u00a0la \u00a0misma \u00a0se \u00a0surti\u00f3 \u00a0el \u00a0tr\u00e1mite \u00a0inherente \u00a0a \u00a0su \u00a0autenticidad. \u00a0\u00a0<\/p>\n<p>Igual \u00a0acontece \u00a0con \u00a0la demostraci\u00f3n de la \u00a0plena \u00a0identidad del requerido, habida cuenta que en los documentos que soportan \u00a0la \u00a0solicitud \u00a0de \u00a0extradici\u00f3n \u00a0se \u00a0precis\u00f3 \u00a0que \u00a0\u00e9ste \u00a0responde al nombre de \u00a0ENRIQUE \u00a0OYOLA ROPERO, que es \u00a0ciudadano \u00a0colombiano, \u00a0titular \u00a0de \u00a0la \u00a0c\u00e9dula \u00a0de ciudadan\u00eda N\u00b0 85.450.575, \u00a0nacido \u00a0el \u00a025 \u00a0de \u00a0mayo de 1966 en Santa Marta, Magdalena, datos que igualmente \u00a0corresponden \u00a0a la persona capturada por orden del Fiscal General de la Naci\u00f3n, \u00a0de \u00a0acuerdo \u00a0con \u00a0los \u00a0documentos que dan cuenta de su aprehensi\u00f3n.\u00a0\u00a0 \u00a0\u00a0<\/p>\n<p>En \u00a0 punto \u00a0 al \u00a0 principio \u00a0de \u00a0la \u00a0doble \u00a0incriminaci\u00f3n \u00a0 \u00a0precisa \u00a0 \u00a0que \u00a0 \u00a0el \u00a0 \u00a0cargo \u00a0 \u00a0atribuido \u00a0 \u00a0a \u00a0 ENRIQUE \u00a0OYOLA \u00a0ROPERO y otras personas por \u00a0el \u00a0Gran \u00a0Jurado \u00a0para la Corte del Distrito de Columbia en la acusaci\u00f3n 05-342 \u00a0(RCL), \u00a0se concreta a un delito de concierto para fabricar y distribuir coca\u00edna \u00a0en \u00a0los \u00a0Estados \u00a0Unidos, \u00a0comportamiento \u00a0que al compararse con la legislaci\u00f3n \u00a0penal \u00a0colombiana, \u00a0encuentra \u00a0adecuaci\u00f3n \u00a0t\u00edpica \u00a0en los art\u00edculos 376 y 340 \u00a0modificado \u00a0por \u00a0la \u00a0Ley \u00a0733 \u00a0de 2002 que en su orden corresponden al tr\u00e1fico, \u00a0fabricaci\u00f3n \u00a0 o \u00a0porte \u00a0de \u00a0estupefacientes \u00a0y \u00a0al \u00a0concierto \u00a0para \u00a0delinquir. \u00a0Circunstancia \u00a0que \u00a0lleva \u00a0a \u00a0concluir \u00a0que \u00a0se cumple con el principio de doble \u00a0incriminaci\u00f3n, \u00a0adem\u00e1s \u00a0del \u00a0atinente \u00a0al m\u00ednimo de pena exigido, en raz\u00f3n a \u00a0que \u00a0ambos \u00a0conductas \u00a0est\u00e1n \u00a0sancionadas \u00a0con \u00a0penas \u00a0de prisi\u00f3n superiores a \u00a0cuatro a\u00f1os. \u00a0\u00a0<\/p>\n<p>Por \u00a0otra parte, la providencia proferida en \u00a0el \u00a0extranjero \u00a0se asimila en su car\u00e1cter formal a la resoluci\u00f3n de acusaci\u00f3n \u00a0de \u00a0nuestro \u00a0sistema \u00a0procesal en la medida que refiere en detalle las conductas \u00a0atribuidas \u00a0al \u00a0requerido, se\u00f1ala las normas a las que se adecua en ese pa\u00eds y \u00a0determina \u00a0la \u00a0persona en quien recae el compromiso penal; adem\u00e1s el prop\u00f3sito \u00a0de \u00a0esta \u00a0decisi\u00f3n \u00a0es \u00a0dar \u00a0lugar \u00a0a \u00a0la \u00a0etapa del juicio, cometido que en la \u00a0legislaci\u00f3n nacional cumple la resoluci\u00f3n de acusaci\u00f3n. \u00a0\u00a0<\/p>\n<p>Con \u00a0base \u00a0en \u00a0lo \u00a0anterior, \u00a0el \u00a0Procurador \u00a0Delegado \u00a0estima \u00a0que \u00a0resulta \u00a0viable \u00a0conceptuar \u00a0de manera favorable sobre la \u00a0petici\u00f3n \u00a0 \u00a0de \u00a0 extradici\u00f3n \u00a0 de \u00a0 ENRIQUE \u00a0 OYOLA \u00a0ROPERO, \u00a0presentada por las autoridades de los Estados \u00a0Unidos, \u00a0por el cargo que le \u00a0atribuye la Corte Distrital para el Distrito de Columbia. \u00a0\u00a0<\/p>\n<p>\u00a0 \u00a0\u00a0 \u00a0\u00a0 \u00a0\u00a0Por \u00a0\u00faltimo advierte que de emitir la Corte concepto favorable a la \u00a0extradici\u00f3n \u00a0y \u00a0de \u00a0concederla \u00a0el Gobierno nacional, se requiera a los Estados \u00a0Unidos \u00a0de \u00a0Am\u00e9rica \u00a0a \u00a0que se comprometa a que el solicitado no sea sometido a \u00a0juicio \u00a0por \u00a0delitos \u00a0diversos \u00a0de \u00a0los \u00a0que \u00a0motivaron \u00a0la \u00a0petici\u00f3n, a tratos \u00a0crueles, \u00a0inhumanos o degradantes, ni a desaparici\u00f3n forzada, tortura o a penas \u00a0de \u00a0destierro, \u00a0prisi\u00f3n \u00a0perpetua \u00a0o \u00a0confiscaci\u00f3n, \u00a0ni \u00a0a \u00a0la pena de muerte, \u00a0medidas contrarias a los postulados de la Constituci\u00f3n Pol\u00edtica. \u00a0\u00a0<\/p>\n<p>CONSIDERACIONES \u00a0DE \u00a0LA \u00a0SALA \u00a0\u00a0<\/p>\n<p>\u00a0 \u00a0\u00a0 \u00a0\u00a0 \u00a0\u00a0Aspectos Generales. \u00a0\u00a0<\/p>\n<p>Como \u00a0 reiteradamente \u00a0 ha \u00a0 precisado \u00a0la \u00a0jurisprudencia \u00a0 de \u00a0 la \u00a0 Corte, \u00a0su \u00a0competencia \u00a0dentro \u00a0de \u00a0un \u00a0tr\u00e1mite \u00a0de \u00a0extradici\u00f3n \u00a0se circunscribe a la emisi\u00f3n del concepto sobre la procedencia de \u00a0entregar \u00a0o \u00a0no \u00a0a \u00a0la persona solicitada por otro pa\u00eds, luego de verificar las \u00a0exigencias \u00a0dispuestas \u00a0por \u00a0el \u00a0legislador (art\u00edculos 493, 495 y 502 de la Ley \u00a0906 \u00a0de \u00a0204), \u00a0teniendo \u00a0en \u00a0cuenta \u00a0para \u00a0ello, \u00a0adem\u00e1s \u00a0y primordialmente la \u00a0previsi\u00f3n \u00a0constitucional \u00a0contenida \u00a0en \u00a0el \u00a0inciso 2\u00ba del art\u00edculo 35 de la \u00a0Carta \u00a0Pol\u00edtica \u00a0que \u00a0autoriza \u00a0la \u00a0extradici\u00f3n \u00a0de colombianos por nacimiento \u00a0cuando \u00a0son \u00a0reclamados \u00a0por \u00a0delitos \u00a0distintos \u00a0de \u00a0los conocidos como delitos \u00a0pol\u00edticos, \u00a0que \u00a0hayan \u00a0sido \u00a0cometidos \u00a0en \u00a0el \u00a0exterior, \u00a0siempre \u00a0que \u00a0tales \u00a0comportamientos \u00a0tambi\u00e9n \u00a0est\u00e9n \u00a0contemplados \u00a0como \u00a0conductas \u00a0punibles en la \u00a0legislaci\u00f3n \u00a0penal \u00a0interna y que la comisi\u00f3n de los mismos sea posterior a la \u00a0fecha \u00a0de \u00a0promulgaci\u00f3n \u00a0del \u00a0Acto Legislativo No. 1 de 1997, esto es, al 17 de \u00a0diciembre de tal anualidad. \u00a0\u00a0<\/p>\n<p>Dado que seg\u00fan lo expres\u00f3 el Ministerio de \u00a0Relaciones \u00a0Exteriores \u00a0dentro \u00a0de \u00a0este \u00a0diligenciamiento, no existe tratado de \u00a0extradici\u00f3n \u00a0vigente \u00a0entre \u00a0Colombia \u00a0y \u00a0los \u00a0Estados \u00a0Unidos \u00a0de Am\u00e9rica, el \u00a0tr\u00e1mite \u00a0de \u00a0la \u00a0solicitud \u00a0de extradici\u00f3n y el concepto que como culminaci\u00f3n \u00a0del \u00a0mismo \u00a0debe \u00a0emitirse, \u00a0se \u00a0surtir\u00e1 \u00a0y \u00a0emitir\u00e1 \u00a0de \u00a0conformidad \u00a0con las \u00a0exigencias \u00a0 \u00a0 se\u00f1aladas \u00a0 \u00a0en \u00a0 \u00a0el \u00a0 \u00a0C\u00f3digo \u00a0 \u00a0de \u00a0 \u00a0Procedimiento \u00a0 \u00a0Penal \u00a0Colombiano. \u00a0\u00a0<\/p>\n<p>Por \u00a0tanto, en el momento actual corresponde \u00a0realizar \u00a0el an\u00e1lisis previo a la emisi\u00f3n del concepto, seg\u00fan lo precisado en \u00a0el \u00a0art\u00edculo \u00a0502 \u00a0del \u00a0referido \u00a0ordenamiento, \u00a0sobre los siguientes puntuales \u00a0aspectos: \u00a0 validez \u00a0 formal \u00a0de \u00a0la \u00a0documentaci\u00f3n \u00a0allegada \u00a0por \u00a0el \u00a0pa\u00eds \u00a0requirente; \u00a0demostraci\u00f3n plena de la identidad de la \u00a0persona \u00a0solicitada; \u00a0concurrencia \u00a0del \u00a0principio \u00a0de \u00a0la doble incriminaci\u00f3n, \u00a0seg\u00fan \u00a0el \u00a0cual \u00a0\u201cel \u00a0hecho que motiva\u201d \u00a0 \u00a0la \u00a0 \u00a0solicitud \u00a0 \u00a0tambi\u00e9n \u00a0 debe \u00a0 estar \u00a0 \u201cprevisto\u00a0 \u00a0 como \u00a0delito \u00a0en \u00a0Colombia \u00a0y \u00a0reprimido \u00a0con \u00a0una \u00a0sanci\u00f3n \u00a0privativa \u00a0de \u00a0la \u00a0libertad \u00a0cuyo m\u00ednimo no sea inferior a cuatro (4) \u00a0a\u00f1os\u201d; \u00a0y \u00a0acreditaci\u00f3n \u00a0de \u00a0la \u00a0\u201cequivalencia \u00a0 \u00a0 de \u00a0 \u00a0 la \u00a0 \u00a0 providencia \u00a0 \u00a0proferida \u00a0 \u00a0en \u00a0 \u00a0el \u00a0extranjero\u201d \u00a0con \u00a0la \u00a0acusaci\u00f3n propia del sistema \u00a0procesal colombiano. \u00a0\u00a0<\/p>\n<p>\u00a0 \u00a0\u00a0 \u00a0\u00a0 \u00a0\u00a0Pues \u00a0 bien, \u00a0en \u00a0relaci\u00f3n \u00a0con \u00a0cada \u00a0uno \u00a0de \u00a0tales \u00a0aspectos \u00a0se \u00a0tiene: \u00a0\u00a0<\/p>\n<p>\u00a0 \u00a0\u00a0 \u00a0\u00a0 \u00a0\u00a01. \u00a0 \u00a0 \u00a0 \u00a0Validez formal de la documentaci\u00f3n. \u00a0\u00a0<\/p>\n<p>\u00a0 \u00a0\u00a0 \u00a0\u00a0 \u00a0\u00a0Seg\u00fan \u00a0lo \u00a0establece \u00a0el art\u00edculo 495 del estatuto procesal penal, \u00a0la \u00a0solicitud \u00a0de extradici\u00f3n debe efectuarse por v\u00eda diplom\u00e1tica y de manera \u00a0excepcional \u00a0por \u00a0la \u00a0consular \u00a0o \u00a0de \u00a0gobierno \u00a0a \u00a0gobierno, \u00a0adjuntando \u00a0copia \u00a0aut\u00e9ntica \u00a0del \u00a0fallo \u00a0o \u00a0de \u00a0la \u00a0acusaci\u00f3n \u00a0proferida \u00a0en \u00a0el extranjero, con \u00a0indicaci\u00f3n \u00a0de \u00a0los \u00a0actos \u00a0que \u00a0determinan la petici\u00f3n, as\u00ed como del lugar y \u00a0fecha \u00a0en \u00a0que \u00a0fueron ejecutados, los datos que permitan identificar plenamente \u00a0al \u00a0reclamado \u00a0y \u00a0copia \u00a0aut\u00e9ntica \u00a0de \u00a0las disposiciones penales aplicables al \u00a0caso; \u00a0documentos \u00a0que \u00a0deben \u00a0ser \u00a0expedidos \u00a0en \u00a0la \u00a0forma \u00a0establecida por la \u00a0legislaci\u00f3n \u00a0del \u00a0pa\u00eds \u00a0reclamante \u00a0y \u00a0traducida \u00a0al \u00a0castellano, \u00a0si fuere el \u00a0caso. \u00a0\u00a0<\/p>\n<p>A \u00a0su \u00a0vez, \u00a0el art\u00edculo 259 del C\u00f3digo de \u00a0Procedimiento \u00a0Civil, \u00a0modificado \u00a0por \u00a0el \u00a0Decreto \u00a02282 de 1989, dispone en el \u00a0numeral \u00a0118 \u00a0de \u00a0su \u00a0art\u00edculo 1\u00ba que los documentos p\u00fablicos otorgados en un \u00a0pa\u00eds \u00a0extranjero \u00a0por \u00a0uno de sus funcionarios o con su intervenci\u00f3n, deber\u00e1n \u00a0presentarse \u00a0debidamente autenticados por el c\u00f3nsul o agente diplom\u00e1tico de la \u00a0Rep\u00fablica \u00a0y, en su defecto, por el de una naci\u00f3n amiga, lo cual hace presumir \u00a0que se otorgaron de acuerdo con la ley del respectivo pa\u00eds. \u00a0\u00a0<\/p>\n<p>La firma del c\u00f3nsul o agente diplom\u00e1tico se \u00a0abonar\u00e1 \u00a0por \u00a0el \u00a0Ministerio de Relaciones Exteriores de Colombia y si se trata \u00a0de \u00a0agente \u00a0consular \u00a0de \u00a0un \u00a0pa\u00eds \u00a0amigo, \u00a0se \u00a0autenticar\u00e1 previamente por el \u00a0funcionario \u00a0competente \u00a0del \u00a0mismo \u00a0y \u00a0los \u00a0de \u00e9ste por el C\u00f3nsul Colombiano, \u00a0disposici\u00f3n \u00a0 aplicable \u00a0al \u00a0caso \u00a0en \u00a0virtud \u00a0del \u00a0principio \u00a0de \u00a0integraci\u00f3n \u00a0normativa \u00a0previsto en el art\u00edculo 25 y el inciso \u00faltimo del art\u00edculo 515 del \u00a0estatuto procesal penal. \u00a0\u00a0<\/p>\n<p>\u00a0 \u00a0\u00a0 \u00a0\u00a0 \u00a0\u00a0Los \u00a0 mencionados \u00a0 requisitos \u00a0 legales, \u00a0sin \u00a0lugar \u00a0a \u00a0dudas, \u00a0se \u00a0encuentran \u00a0 orientados \u00a0 a \u00a0exigir \u00a0que \u00a0como \u00a0sustento \u00a0de \u00a0una \u00a0solicitud \u00a0de \u00a0extradici\u00f3n, \u00a0el \u00a0Estado \u00a0requirente \u00a0debe \u00a0remitir \u00a0en \u00a0todos \u00a0los casos y sin \u00a0excepci\u00f3n \u00a0alguna, \u00a0los soportes de la misma pero no de manera simple, sino con \u00a0el lleno de las referidas exigencias formales. \u00a0\u00a0<\/p>\n<p>\u00a0 \u00a0\u00a0 \u00a0\u00a0 \u00a0\u00a0Advertido \u00a0lo \u00a0anterior, \u00a0se \u00a0observa que el Gobierno de los Estados \u00a0Unidos \u00a0de Am\u00e9rica solicita por v\u00eda diplom\u00e1tica la extradici\u00f3n del ciudadano \u00a0colombiano \u00a0 \u00a0ENRIQUE \u00a0 \u00a0OYOLA \u00a0 \u00a0ROPERO \u00a0a \u00a0trav\u00e9s de su Embajada en Colombia y que para tal efecto anex\u00f3 \u00a0copia \u00a0 \u00a0de \u00a0 \u00a0la \u00a0 \u00a0resoluci\u00f3n \u00a0 \u00a0de \u00a0 \u00a0acusaci\u00f3n \u00a0 \u00a0No. \u00a0 \u00a005 \u00a0 \u2013 342 (RCL) de 30 de septiembre de 2004 \u00a0sustituida \u00a0en \u00a0abril \u00a018 \u00a0de \u00a02006, \u00a0dictada \u00a0por \u00a0el Gran Jurado ante la Corte \u00a0Distrital \u00a0de \u00a0los \u00a0Estados \u00a0Unidos \u00a0para el Distrito de Columbia, en la cual se \u00a0relaciona \u00a0la \u00a0conducta \u00a0objeto de censura, as\u00ed como los lugares y fechas de su \u00a0ocurrencia. \u00a0\u00a0<\/p>\n<p>\u00a0 \u00a0\u00a0 \u00a0\u00a0 \u00a0\u00a0Tambi\u00e9n \u00a0alleg\u00f3 copia de la orden de arresto expedida en contra de \u00a0ENRIQUE \u00a0OYOLA ROPERO, por la \u00a0Corte \u00a0para \u00a0el \u00a0Distrito \u00a0de Columbia el 13 de abril de 2006, para que responda \u00a0por \u00a0los \u00a0cargos \u00a0que \u00a0el \u00a0Gran \u00a0Jurado \u00a0le \u00a0atribuy\u00f3 en la acusaci\u00f3n aludida. \u00a0\u00a0<\/p>\n<p>Fueron \u00a0aportadas las declaraciones juradas \u00a0de \u00a0PATRICK \u00a0H. HEARN, Fiscal \u00a0de \u00a0Tribunales de la Secci\u00f3n de Narc\u00f3ticos y drogas peligrosas Divisi\u00f3n de lo \u00a0Penal \u00a0del \u00a0Departamento de Justicia de los Estados Unidos, a trav\u00e9s de la cual \u00a0realiza \u00a0 una \u00a0presentaci\u00f3n \u00a0de \u00a0los \u00a0procedimientos \u00a0policiales \u00a0y \u00a0judiciales \u00a0efectuados, \u00a0as\u00ed \u00a0como \u00a0del \u00a0compromiso de responsabilidad del solicitado, y de \u00a0ROBERT \u00a0 \u00a0 \u00a0 ZACHARIASIEWICZ, \u00a0 \u00a0 \u00a0 Agente \u00a0Especial \u00a0de la Administraci\u00f3n Antinarc\u00f3ticos (DEA) de los \u00a0Estados \u00a0 Unidos, \u00a0 responsable \u00a0 de \u00a0las \u00a0averiguaciones \u00a0que \u00a0determinaron \u00a0la \u00a0acusaci\u00f3n \u00a0presentada \u00a0por \u00a0la \u00a0Corte \u00a0para \u00a0el \u00a0Distrito de Columbia contra el \u00a0requerido \u00a0en \u00a0extradici\u00f3n, \u00a0quien \u00a0adem\u00e1s \u00a0de confirmar los pormenores de los \u00a0cargos, \u00a0especific\u00f3 \u00a0los \u00a0datos \u00a0de \u00a0identidad \u00a0del acusado y las disposiciones \u00a0normativas aplicables al caso. \u00a0\u00a0<\/p>\n<p>\u00a0 \u00a0 \u00a0 \u00a0 \u00a0<\/p>\n<p>Los \u00a0 referidos \u00a0 documentos \u00a0 obran \u00a0 en \u00a0traducci\u00f3n \u00a0al \u00a0castellano certificada y autenticada conforme a la legislaci\u00f3n \u00a0propia \u00a0del \u00a0Estado \u00a0requirente, \u00a0cuentan \u00a0con la certificaci\u00f3n de autenticidad \u00a0expedida \u00a0por JASON E. CARTER, \u00a0Director \u00a0Adjunto de la Oficina de Asuntos Internacionales de la Divisi\u00f3n de lo \u00a0Penal \u00a0del \u00a0Departamento \u00a0de Justicia de los Estados Unidos, quien es reconocido \u00a0en \u00a0 tal \u00a0 condici\u00f3n \u00a0 por \u00a0 el \u00a0 Procurador \u00a0 del \u00a0mismo \u00a0pa\u00eds, \u00a0ALBERTO R. GONZALES. \u00a0\u00a0<\/p>\n<p>\u00a0 \u00a0\u00a0 \u00a0\u00a0 \u00a0Se \u00a0adujeron sendas certificaciones sobre la referida documentaci\u00f3n \u00a0suscritas \u00a0 \u00a0 por \u00a0 \u00a0CONDOLEEZZA \u00a0 \u00a0RICE, \u00a0Secretaria \u00a0de \u00a0Estado \u00a0de los Estados Unidos y\u00a0 \u00a0 PATRICK \u00a0 O \u00a0 HATCHETT, \u00a0 Auxiliar \u00a0de \u00a0Autenticaciones \u00a0del \u00a0Departamento de Estado, cuya firma fue formalizada ante la \u00a0C\u00f3nsul de Colombia en Washington D.C. \u00a0\u00a0<\/p>\n<p>\u00a0 \u00a0\u00a0 \u00a0\u00a0 \u00a0A \u00a0partir \u00a0entonces \u00a0de \u00a0tales \u00a0documentos, \u00a0es \u00a0claro que el primer \u00a0requisito \u00a0exigido \u00a0por \u00a0el \u00a0art\u00edculo \u00a0502 \u00a0de \u00a0la Ley 906 de 2004 se encuentra \u00a0suficientemente acreditado. \u00a0\u00a0<\/p>\n<p>2. \u00a0\u00a0 \u00a0 \u00a0\u00a0 \u00a0\u00a0Demostraci\u00f3n \u00a0plena de la identidad del \u00a0solicitado. \u00a0\u00a0<\/p>\n<p>\u00a0 \u00a0 \u00a0 \u00a0 \u00a0<\/p>\n<p>La \u00a0anunciada \u00a0exigencia, \u00a0cuya evaluaci\u00f3n \u00a0debe \u00a0efectuar \u00a0la \u00a0Sala \u00a0en \u00a0el \u00a0concepto \u00a0que \u00a0le corresponde emitir, apunta a \u00a0establecer \u00a0 que \u00a0la \u00a0persona \u00a0procesada \u00a0(acusada \u00a0o \u00a0condenada) \u00a0en \u00a0el \u00a0pa\u00eds \u00a0reclamante, \u00a0es \u00a0la \u00a0misma \u00a0sometida \u00a0al \u00a0tr\u00e1mite de extradici\u00f3n, sin que ello \u00a0implique \u00a0determinar \u00a0su \u00a0verdadera \u00a0identidad, pues para tenerlo por acreditado \u00a0suficiente \u00a0resulta \u00a0que \u00a0exista \u00a0plena \u00a0coincidencia \u00a0entre una y otra de tales \u00a0personas. \u00a0\u00a0<\/p>\n<p>Sobre \u00a0el \u00a0particular \u00a0se tiene que el Gran \u00a0Jurado \u00a0convocado por la Corte para el Distrito de Columbia acusa a ENRIQUE \u00a0OYOLA ROPERO;\u00a0 la\u00a0 orden \u00a0de \u00a0arresto fue librada en contra del mismo y en la Nota Verbal 1855 de agosto 2 \u00a0de \u00a02006, \u00a0remitida tiempo antes de que se produjera su captura, as\u00ed como en la \u00a0Nota \u00a0Verbal n\u00famero 2592 de octubre 13 de la misma anualidad, por cuyo medio se \u00a0formaliza \u00a0la \u00a0solicitud \u00a0de \u00a0extradici\u00f3n, \u00a0se \u00a0indican \u00a0el \u00a0referido \u00a0nombre y \u00a0apellido \u00a0 del \u00a0 reclamado \u00a0 y \u00a0 se \u00a0 precisa \u00a0que \u00a0el \u00a0solicitado \u00a0\u201c \u00a0es \u00a0ciudadano \u00a0de \u00a0Colombia, \u00a0nacido \u00a0el \u00a025 \u00a0de \u00a0mayo de 1966, \u00a0portador de la c\u00e9dula de ciudadan\u00eda N\u00b0 85.450.575\u201d. \u00a0\u00a0<\/p>\n<p>La \u00a0persona \u00a0capturada por orden del Fiscal \u00a0General \u00a0 de \u00a0 la \u00a0 Naci\u00f3n \u00a0con \u00a0fines \u00a0de \u00a0extradici\u00f3n \u00a0se \u00a0identific\u00f3 \u00a0como \u00a0ENRIQUE \u00a0OYOLA \u00a0ROPERO \u00a0con \u00a0c\u00e9dula \u00a0de \u00a0ciudadan\u00eda \u00a0n\u00famero 85.450.575 y as\u00ed se ha notificado de diversas \u00a0decisiones \u00a0adoptadas \u00a0en el marco de este tr\u00e1mite, en el que adem\u00e1s otorg\u00f3 a \u00a0su \u00a0defensor \u00a0poder \u00a0para \u00a0representarlo, \u00a0en \u00a0escrito \u00a0signado con tal nombre e \u00a0identificaci\u00f3n. \u00a0\u00a0<\/p>\n<p>De lo expuesto puede concluirse que en punto \u00a0de \u00a0la \u00a0plena \u00a0identidad \u00a0del ciudadano colombiano solicitado en extradici\u00f3n no \u00a0existe \u00a0dubitaci\u00f3n \u00a0alguna, \u00a0en \u00a0tanto \u00a0que \u00a0con \u00a0los \u00a0mismos datos con que fue \u00a0solicitado \u00a0se \u00a0ha \u00a0identificado \u00a0y \u00a0firmado en repetidas oportunidades, sin que \u00a0tampoco \u00a0 haya \u00a0 elevado \u00a0 ning\u00fan \u00a0 cuestionamiento \u00a0 sobre \u00a0 este \u00a0 particular \u00a0aspecto. \u00a0\u00a0<\/p>\n<p>\u00a0 \u00a0\u00a0 \u00a0\u00a0 \u00a0De \u00a0conformidad \u00a0con \u00a0lo \u00a0anterior, \u00a0estima \u00a0la \u00a0Sala \u00a0satisfecha la \u00a0exigencia \u00a0 \u00a0 legal \u00a0 \u00a0de \u00a0 \u00a0la \u00a0 \u00a0plena \u00a0 \u00a0identidad \u00a0 \u00a0del \u00a0 \u00a0solicitado \u00a0 \u00a0en \u00a0extradici\u00f3n. \u00a0\u00a0<\/p>\n<p>\u00a0 \u00a0 \u00a0 \u00a0 \u00a0<\/p>\n<p>3. \u00a0\u00a0 \u00a0 \u00a0\u00a0 \u00a0 \u00a0 \u00a0\u00a0Principio \u00a0 \u00a0 de \u00a0 \u00a0 la \u00a0 \u00a0 doble \u00a0incriminaci\u00f3n. \u00a0\u00a0<\/p>\n<p>En \u00a0el an\u00e1lisis de la operatividad de este \u00a0principio \u00a0debe \u00a0la \u00a0Sala \u00a0establecer \u00a0si \u00a0los comportamientos delictivos que se \u00a0imputan \u00a0al \u00a0requerido \u00a0en \u00a0el \u00a0pa\u00eds \u00a0solicitante \u00a0tienen \u00a0en Colombia la misma \u00a0naturaleza, \u00a0esto \u00a0es, que tambi\u00e9n sean considerados como conductas il\u00edcitas y \u00a0que, \u00a0adem\u00e1s, \u00a0tengan \u00a0se\u00f1alada \u00a0como \u00a0sanci\u00f3n una pena m\u00ednima no inferior a \u00a0cuatro (4) a\u00f1os de prisi\u00f3n. \u00a0\u00a0<\/p>\n<p>Dado \u00a0que \u00a0se \u00a0trata \u00a0de \u00a0un \u00a0mecanismo \u00a0de \u00a0cooperaci\u00f3n \u00a0internacional, \u00a0el \u00a0mencionado cotejo debe adelantarse con base en \u00a0los \u00a0preceptos \u00a0internos \u00a0vigentes \u00a0para el momento en que se rinda el concepto, \u00a0motivo \u00a0por \u00a0el \u00a0cual \u00a0resulta \u00a0improcedente \u00a0la \u00a0aplicaci\u00f3n \u00a0del \u00a0principio de \u00a0favorabilidad \u00a0con \u00a0ocasi\u00f3n \u00a0del tr\u00e1nsito legislativo, en cuanto los preceptos \u00a0del \u00a0pa\u00eds \u00a0requerido \u00a0no \u00a0son \u00a0objeto \u00a0de \u00a0aplicaci\u00f3n \u00a0por \u00a0parte \u00a0del \u00a0Estado \u00a0reclamante1. \u00a0\u00a0<\/p>\n<p>ENRIQUE \u00a0 OYOLA \u00a0ROPERO\u00a0 \u00a0es \u00a0solicitado \u00a0para \u00a0dar respuesta a la resoluci\u00f3n de acusaci\u00f3n \u00a0No. \u00a0 05 \u00a0\u2013 \u00a00342 \u00a0(RCL), \u00a0dictada \u00a0por \u00a0el \u00a0Gran Jurado ante la Corte Distrital de los Estados Unidos para \u00a0el \u00a0Distrito \u00a0de Columbia el 30 de septiembre de 2004, sustituida el 18 de abril \u00a0de \u00a02006, \u00a0en \u00a0la que se le atribuyen conforme la Nota Verbal 2592 de octubre 13 \u00a0de \u00a02006, \u00a0cargos \u00a0de concierto para cometer delitos federales de narcotr\u00e1fico, \u00a0se\u00f1alados \u00a0en \u00a0la \u00a0acusaci\u00f3n \u00a0en \u00a0los \u00a0t\u00e9rminos que se dejaron transcritos al \u00a0inicio del concepto. \u00a0\u00a0<\/p>\n<p>Las \u00a0normas \u00a0que \u00a0consideran \u00a0violadas \u00a0las \u00a0autoridades \u00a0de \u00a0ese \u00a0pa\u00eds, \u00a0de \u00a0acuerdo \u00a0con el cargo primero formulado por la \u00a0Corte \u00a0para \u00a0el \u00a0Distrito de Columbia corresponden al T\u00edtulo 21, Secciones 959, \u00a0960 \u00a0 y \u00a0 963 \u00a0 y \u00a0 T\u00edtulo \u00a0 18, \u00a0 Secci\u00f3n \u00a0 2 \u00a0del \u00a0C\u00f3digo \u00a0de \u00a0los \u00a0Estados \u00a0Unidos. \u00a0\u00a0<\/p>\n<p>\u00a0 \u00a0 \u00a0 \u00a0 \u00a0<\/p>\n<p>Disposiciones legales que de acuerdo con los \u00a0documentos allegados, tienen el siguiente contenido: \u00a0\u00a0<\/p>\n<p>\u00a0 \u00a0 \u00a0 \u00a0 \u00a0<\/p>\n<p>\u201cT\u00edtulo 21, Secci\u00f3n 959 \u00a0<\/p>\n<p>\u00a0 \u00a0\u00a0 \u00a0\u00a0 \u00a0 \u00a0 \u00a0Posesi\u00f3n, \u00a0 \u00a0fabricaci\u00f3n \u00a0 o \u00a0 distribuci\u00f3n \u00a0 de \u00a0 sustancias \u00a0controladas \u00a0\u00a0<\/p>\n<p>(a)Fabricaci\u00f3n o distribuci\u00f3n con fines de \u00a0importaci\u00f3n il\u00edcita. \u00a0\u00a0<\/p>\n<p>Ser\u00e1 ilegal que cualquier persona fabrique \u00a0o \u00a0distribuya \u00a0una \u00a0sustancia \u00a0controlada \u00a0de \u00a0la \u00a0Tabla \u00a0I \u00a0o \u00a0II \u2026(1) Con la \u00a0intenci\u00f3n \u00a0de \u00a0que \u00a0esa \u00a0sustancia o ese qu\u00edmico sea importado il\u00edcitamente a \u00a0los \u00a0Estados \u00a0Unidos \u00a0o \u00a0a \u00a0las aguas dentro de las 12 millas de la costa de los \u00a0Estados \u00a0Unidos; \u00a0o \u00a0(2) \u00a0con \u00a0conocimiento \u00a0de que esa sustancia o ese qu\u00edmico \u00a0ser\u00e1 \u00a0importado \u00a0il\u00edcitamente a los Estados Unidos o a las aguas dentro de las \u00a012 millas de la costa de los Estados Unidos. \u00a0\u00a0<\/p>\n<p>T\u00edtulo 21, Secci\u00f3n 960 \u00a0<\/p>\n<p>\u00a0 \u00a0\u00a0 \u00a0\u00a0 \u00a0Actos Prohibidos \u00a0\u00a0<\/p>\n<p>\u00a0 \u00a0\u00a0 \u00a0\u00a0 \u00a0 \u00a0 \u00a0 \u00a0 \u00a0 \u00a0\u00a0 \u00a0\u00a0(a)Actos \u00a0Il\u00edcitos \u00a0\u00a0<\/p>\n<p>El \u00a0que- \u00a0(1) en violaci\u00f3n a las Secciones \u00a0952, \u00a0953, o 957 de este t\u00edtulo, con conocimiento de causa o intencionadamente, \u00a0importe \u00a0o \u00a0exporte \u00a0una \u00a0sustancia controlada, (2) en violaci\u00f3n de la Secci\u00f3n \u00a0955 \u00a0de este t\u00edtulo, con conocimiento de causa o intencionadamente trae o posea \u00a0a \u00a0bordo \u00a0de \u00a0una \u00a0embarcaci\u00f3n, \u00a0aeronave o veh\u00edculo una sustancia controlada, \u00a0o\u00a0 \u00a0(3) \u00a0en \u00a0violaci\u00f3n de la Secci\u00f3n 959 de este t\u00edtulo, fabrique, posea \u00a0con \u00a0intenciones \u00a0de \u00a0distribuir, \u00a0o \u00a0distribuya una sustancia controlada, ser\u00e1 \u00a0castigado \u00a0 de \u00a0 acuerdo \u00a0 con \u00a0lo \u00a0previsto \u00a0en \u00a0la \u00a0subsecci\u00f3n \u00a0(b) \u00a0de \u00a0esta \u00a0secci\u00f3n. \u00a0\u00a0<\/p>\n<p>\u00a0 \u00a0\u00a0 \u00a0\u00a0 \u00a0 \u00a0 \u00a0 \u00a0 \u00a0 \u00a0\u00a0<\/p>\n<p>(b) \u00a0Las \u00a0penas. \u00a0(1) \u00a0En \u00a0el \u00a0caso \u00a0de una \u00a0violaci\u00f3n \u00a0a \u00a0la \u00a0subsecci\u00f3n \u00a0(a) \u00a0de \u00a0esta \u00a0secci\u00f3n, \u00a0que \u00a0trata de&#8212; (B) 5 \u00a0kilogramos \u00a0o \u00a0m\u00e1s \u00a0de \u00a0una \u00a0mezcla \u00a0o \u00a0sustancia \u00a0que \u00a0contenga \u00a0una \u00a0cantidad \u00a0perceptible \u00a0de: \u00a0\u2026 \u00a0(ii) \u00a0coca\u00edna, \u00a0sus \u00a0sales, \u00a0sus \u00a0is\u00f3meros \u00a0\u00f3pticos \u00a0y \u00a0geom\u00e9tricos, \u00a0 y \u00a0las \u00a0sales \u00a0de \u00a0los \u00a0is\u00f3meros \u00a0\u00f3pticos; \u00a0***(iv) \u00a0cualquier \u00a0compuesto, \u00a0mezcla o preparado que contenga alguna cantidad de cualquiera de los \u00a0incisos (i) a (iii). \u00a0\u00a0<\/p>\n<p>*** \u00a0el \u00a0que cometa tal violaci\u00f3n a la ley \u00a0ser\u00e1 \u00a0castigado \u00a0con \u00a0la \u00a0pena \u00a0de \u00a0prisi\u00f3n por un t\u00e9rmino de cuando menos 10 \u00a0a\u00f1os\u00a0 \u00a0y no mayor que la cadena perpetua ***, con una multa que no deber\u00e1 \u00a0exceder \u00a0de \u00a0lo \u00a0autorizado \u00a0en \u00a0el \u00a0t\u00edtulo \u00a018 \u00a0o \u00a0US $ 4,000.000 si el reo es \u00a0individuo***, o con ambas penas. \u00a0\u00a0<\/p>\n<p>\u00a0 \u00a0\u00a0 \u00a0\u00a0 \u00a0T\u00edtulo 21, Secci\u00f3n 963 \u00a0\u00a0<\/p>\n<p>\u00a0 \u00a0\u00a0 \u00a0\u00a0 \u00a0Tentativa y asociaci\u00f3n il\u00edcita \u00a0\u00a0<\/p>\n<p>El \u00a0que \u00a0intente o concierte para perpetrar \u00a0cualquier \u00a0delito \u00a0definido \u00a0en este subcap\u00edtulo ser\u00e1 castigado con las mismas \u00a0penas \u00a0que \u00a0se \u00a0prev\u00e9n \u00a0para \u00a0el \u00a0delito \u00a0cuya \u00a0comisi\u00f3n era el objetivo de la \u00a0tentativa o el concierto. \u00a0\u00a0<\/p>\n<p>T\u00edtulo 18, Secci\u00f3n 2 \u00a0<\/p>\n<p>Autores \u00a0<\/p>\n<p>\u00a0 \u00a0\u00a0 \u00a0\u00a0 \u00a0(a) \u00a0El \u00a0que \u00a0cometa \u00a0un \u00a0delito \u00a0en \u00a0contra de los Estados Unidos o \u00a0apoye, \u00a0instigue, \u00a0aconseje, \u00a0ordene, \u00a0induzca \u00a0o \u00a0logre su\u00a0 perpetraci\u00f3n, \u00a0ser\u00e1 castigado en calidad de autor. \u00a0\u00a0<\/p>\n<p>\u00a0 \u00a0\u00a0 \u00a0\u00a0 \u00a0(b) \u00a0El \u00a0que \u00a0intencionadamente cause que se lleve a cabo un acto el \u00a0cual, \u00a0si \u00e9l u otro lo realizara directamente ser\u00eda un delito en contra de los \u00a0Estados Unidos, ser\u00e1 castigado en calidad de autor\u201d. \u00a0\u00a0<\/p>\n<p>Las \u00a0anteriores conductas por las cuales se \u00a0acus\u00f3 \u00a0 \u00a0a \u00a0 ENRIQUE \u00a0 OYOLA \u00a0 ROPERO \u00a0 se \u00a0encuentran \u00a0tipificadas \u00a0en \u00a0el \u00a0C\u00f3digo Penal Colombiano, de la \u00a0siguiente manera: \u00a0\u00a0<\/p>\n<p>Art\u00edculo \u00a0340 \u00a0de \u00a0la \u00a0Ley \u00a0599 \u00a0de \u00a02000, \u00a0modificado \u00a0por \u00a0los art\u00edculos 8\u00b0 de la Ley 733 de 2002 y 19 de la Ley 1121 de \u00a02006: \u00a0\u00a0<\/p>\n<p>\u201cConcierto \u00a0para delinquir. Cuando varias \u00a0personas \u00a0se \u00a0concierten \u00a0con el fin de cometer delitos, cada una de ellas ser\u00e1 \u00a0penada, \u00a0por \u00a0esa \u00a0sola \u00a0conducta, \u00a0con \u00a0prisi\u00f3n \u00a0de \u00a0cuatro \u00a0(4) \u00a0a \u00a0nueve (9) \u00a0a\u00f1os. \u00a0\u00a0<\/p>\n<p>Cuando \u00a0 el \u00a0concierto \u00a0 sea \u00a0 para \u00a0cometer \u00a0delitos \u00a0de\u2026 \u00a0tr\u00e1fico \u00a0de \u00a0drogas \u00a0t\u00f3xicas, \u00a0estupefacientes \u00a0o \u00a0sustancias \u00a0sicotr\u00f3picas (\u2026) la pena ser\u00e1 de prisi\u00f3n de \u00a0ocho \u00a0(8) \u00a0a \u00a0dieciocho \u00a0(18) a\u00f1os y multa de dos mil setecientos (2.700) hasta \u00a0treinta \u00a0 mil \u00a0 (30.000) \u00a0 salarios \u00a0 m\u00ednimos \u00a0 legales \u00a0 mensuales\u201d. \u00a0\u00a0<\/p>\n<p>Art\u00edculo \u00a0 376 \u00a0 de \u00a0 la \u00a0 Ley \u00a0 599 \u00a0de \u00a02000, \u00a0modificado \u00a0por \u00a0el \u00a0art\u00edculo 14 de la Ley 890 de 2004. \u00a0\u00a0<\/p>\n<p>\u201cTr\u00e1fico, \u00a0fabricaci\u00f3n \u00a0o \u00a0porte \u00a0de \u00a0estupefacientes. \u00a0El \u00a0que \u00a0sin \u00a0permiso de autoridad \u00a0competente, \u00a0salvo \u00a0lo \u00a0dispuesto \u00a0sobre \u00a0dosis para uso personal, introduzca al \u00a0pa\u00eds, \u00a0as\u00ed \u00a0sea \u00a0en \u00a0tr\u00e1nsito \u00a0o \u00a0saque \u00a0de \u00a0\u00e9l, \u00a0transporte, lleve consigo, \u00a0almacene, \u00a0conserve, \u00a0elabore, venda, ofrezca, adquiera, financie o suministre a \u00a0cualquier \u00a0t\u00edtulo droga que produzca dependencia incurrir\u00e1 en prisi\u00f3n de ocho \u00a0(8) \u00a0a \u00a0veinte \u00a0(20) \u00a0a\u00f1os \u00a0y \u00a0multa \u00a0de \u00a0mil \u00a0(1.000) a cincuenta mil (50.000) \u00a0salarios m\u00ednimos legales mensuales\u201d. \u00a0\u00a0<\/p>\n<p>As\u00ed \u00a0las \u00a0cosas, \u00a0al \u00a0cotejar \u00a0las \u00a0normas \u00a0invocadas \u00a0por \u00a0Estados \u00a0Unidos \u00a0como \u00a0pa\u00eds \u00a0requirente \u00a0con \u00a0las disposiciones \u00a0internas \u00a0de Colombia, f\u00e1cilmente se advierte que la conducta de Concierto para \u00a0delinquir, \u00a0agravada \u00a0por \u00a0la \u00a0naturaleza \u00a0de \u00a0los \u00a0actos, \u00a0en este caso delitos \u00a0relacionados \u00a0con \u00a0el \u00a0narcotr\u00e1fico, \u00a0al \u00a0igual que el Tr\u00e1fico, fabricaci\u00f3n o \u00a0porte \u00a0de \u00a0estupefacientes, \u00a0se \u00a0encuentran \u00a0penalizadas \u00a0tanto all\u00ed como ac\u00e1. \u00a0\u00a0<\/p>\n<p>Adicional a lo anterior, se observa que los \u00a0comportamientos \u00a0por \u00a0los \u00a0cuales \u00a0fue \u00a0acusado ENRIQUE \u00a0OYOLA \u00a0ROPERO \u00a0por parte del Gran Jurado ante la Corte \u00a0del \u00a0Distrito de Columbia, se encuentran sancionados en la legislaci\u00f3n punitiva \u00a0de \u00a0Colombia \u00a0con \u00a0pena \u00a0privativa \u00a0de \u00a0la libertad superior a cuatro (4) a\u00f1os. \u00a0\u00a0<\/p>\n<p>En \u00a0suma, \u00a0estima \u00a0la Sala que se encuentra \u00a0satisfecha \u00a0la \u00a0exigencia \u00a0de \u00a0la \u00a0doble \u00a0incriminaci\u00f3n, \u00a0dado que, adem\u00e1s, la \u00a0mencionada \u00a0 \u00a0conducta \u00a0 \u00a0no \u00a0 \u00a0corresponde \u00a0 \u00a0a \u00a0 delitos \u00a0 pol\u00edticos \u00a0 o \u00a0 de \u00a0opini\u00f3n. \u00a0\u00a0<\/p>\n<p>En \u00a0cuanto \u00a0se \u00a0refiere a que la acusaci\u00f3n \u00a0tambi\u00e9n \u00a0incluyen \u00a0sanciones \u00a0de \u00a0decomiso de conformidad con las disposiciones \u00a0legales \u00a0del \u00a0pa\u00eds requirente, las cuales buscan concretar esa medida sobre los \u00a0bienes \u00a0adquiridos \u00a0con ingresos obtenidos como resultado de la comisi\u00f3n de los \u00a0anteriores \u00a0delitos \u00a0y \u00a0si \u00a0dichos \u00a0bienes no estuvieren disponibles sobre otros \u00a0bienes \u00a0del \u00a0acusado, \u00a0preciso \u00a0es \u00a0se\u00f1alar \u00a0que \u00a0dicha \u00a0menci\u00f3n \u00a0no puede ser \u00a0entendida en estricto sentido como un cargo. \u00a0\u00a0<\/p>\n<p>En \u00a0efecto, \u00a0como \u00a0ya ha tenido ocasi\u00f3n de \u00a0expresarlo \u00a0esta \u00a0Corporaci\u00f3n en situaci\u00f3n similar2, \u00a0el \u00a0se\u00f1alamiento de la pena \u00a0de \u00a0decomiso \u00a0no \u00a0comporta \u00a0imputaci\u00f3n \u00a0alguna, sino a lo sumo el anuncio de la \u00a0consecuencia \u00a0 patrimonial \u00a0 que \u00a0la \u00a0declaratoria \u00a0de \u00a0responsabilidad \u00a0acarrea \u00a0respecto \u00a0de \u00a0los bienes involucrados en los delitos por cuya comisi\u00f3n se acusa \u00a0al \u00a0requerido, tema ajeno a la solicitud de extradici\u00f3n y que, por tanto, no se \u00a0encuentra \u00a0comprendido \u00a0dentro \u00a0de \u00a0la \u00a0tem\u00e1tica \u00a0de \u00a0la \u00a0cual debe ocuparse el \u00a0concepto que corresponde emitir a la Sala. \u00a0\u00a0<\/p>\n<p>4. \u00a0\u00a0 \u00a0 \u00a0\u00a0 \u00a0\u00a0Equivalencia de la providencia proferida \u00a0en el extranjero con la acusaci\u00f3n del sistema procesal colombiano. \u00a0\u00a0<\/p>\n<p>Al \u00a0respecto, compete a la Sala se\u00f1alar en \u00a0el \u00a0concepto \u00a0si \u00a0el \u00a0acto \u00a0judicial \u00a0por \u00a0cuyo \u00a0medio \u00a0se acusa al reclamado en \u00a0extradici\u00f3n \u00a0en \u00a0el \u00a0Estado \u00a0requirente \u00a0es \u00a0equivalente \u00a0a \u00a0la \u00a0resoluci\u00f3n de \u00a0acusaci\u00f3n propia del sistema procesal colombiano. \u00a0\u00a0<\/p>\n<p>Seg\u00fan \u00a0se ha se\u00f1alado en forma reiterada, \u00a0no \u00a0se \u00a0trata \u00a0de \u00a0una \u00a0identidad \u00a0entre \u00a0ambas \u00a0decisiones \u00a0judiciales, pues lo \u00a0importante \u00a0es \u00a0establecer \u00a0que \u00a0con \u00a0ellas \u00a0se \u00a0abre el paso al juicio donde se \u00a0debatir\u00e1 \u00a0la \u00a0acusaci\u00f3n, \u00a0que en tal pieza procesal aparezca un relato sucinto \u00a0del \u00a0comportamiento \u00a0imputado \u00a0con \u00a0especificaci\u00f3n \u00a0de \u00a0las \u00a0circunstancias \u00a0de \u00a0tiempo, \u00a0modo \u00a0y \u00a0lugar \u00a0y \u00a0su \u00a0calificaci\u00f3n \u00a0jur\u00eddica, con el correspondiente \u00a0se\u00f1alamiento de los preceptos aplicables. \u00a0\u00a0<\/p>\n<p>Como \u00a0sin \u00a0dificultad \u00a0puede observarse, es \u00a0evidente \u00a0que \u00a0la \u00a0acusaci\u00f3n \u00a0N\u00b0 \u00a005-342 \u00a0(RCL) \u00a0dictada \u00a0contra \u00a0ENRIQUE \u00a0OYOLA \u00a0ROPERO \u00a0por el Gran Jurado \u00a0convocado, \u00a0por \u00a0la \u00a0Corte \u00a0Distrital \u00a0de los Estados Unidos para el Distrito de \u00a0Columbia, \u00a0al \u00a0igual \u00a0que \u00a0ocurre \u00a0con \u00a0la demanda acusatoria en el ordenamiento \u00a0interno \u00a0colombiano, \u00a0marca \u00a0el comienzo del juicio, en el cual el acusado tiene \u00a0la \u00a0oportunidad \u00a0de \u00a0controvertir \u00a0las pruebas y los cargos por los cuales se le \u00a0acusa. \u00a0\u00a0<\/p>\n<p>Adem\u00e1s, \u00a0 seg\u00fan \u00a0 la \u00a0 documentaci\u00f3n \u00a0debidamente \u00a0aportada \u00a0por \u00a0v\u00eda \u00a0diplom\u00e1tica, \u00a0autenticada \u00a0y \u00a0traducida, \u00a0las \u00a0acusaciones \u00a0se\u00f1alan \u00a0los \u00a0cargos \u00a0imputados \u00a0y \u00a0las \u00a0disposiciones \u00a0del \u00a0pa\u00eds \u00a0requirente \u00a0que \u00a0se \u00a0estimaron \u00a0violadas; \u00a0tambi\u00e9n \u00a0aparecen \u00a0relacionados \u00a0los \u00a0lugares \u00a0de \u00a0ocurrencia \u00a0de \u00a0los comportamientos (costa \u00a0norte \u00a0de \u00a0Colombia, \u00a0Centro \u00a0Am\u00e9rica \u00a0y \u00a0M\u00e9xico, \u00a0desde \u00a0donde \u00a0se \u00a0fabric\u00f3, \u00a0transport\u00f3, \u00a0distribuy\u00f3 \u00a0o intent\u00f3 distribuir coca\u00edna con el conocimiento de \u00a0que \u00a0ser\u00eda \u00a0importada \u00a0o \u00a0distribuida \u00a0en\u00a0 \u00a0los Estados Unidos), \u00a0y \u00a0su \u00e9poca (comenzando el 28 de abril \u00a0de \u00a02005 \u00a0y \u00a0hasta \u00a0la \u00a0fecha \u00a0de \u00a0presentaci\u00f3n \u00a0de \u00a0la acusaci\u00f3n), \u00a0as\u00ed como el nombre del acusado, ENRIQUE \u00a0OYOLA \u00a0ROPERO \u00a0y \u00a0los \u00a0datos \u00a0que \u00a0permiten \u00a0su \u00a0plena \u00a0identificaci\u00f3n. \u00a0\u00a0<\/p>\n<p>Tambi\u00e9n \u00a0se \u00a0allegaron \u00a0las \u00a0declaraciones \u00a0juradas \u00a0de \u00a0PATRICK H. HEARN, \u00a0Fiscal \u00a0de \u00a0Tribunales \u00a0de \u00a0la \u00a0Secci\u00f3n \u00a0de \u00a0narc\u00f3ticos \u00a0y \u00a0drogas peligrosas, \u00a0Divisi\u00f3n \u00a0Penal \u00a0del \u00a0Departamento \u00a0de \u00a0Justicia \u00a0de \u00a0los \u00a0Estados \u00a0Unidos y de \u00a0ROBERT \u00a0 \u00a0 \u00a0 ZACHARIASIEWICZ, \u00a0 \u00a0 \u00a0 Agente \u00a0 Especial \u00a0 de \u00a0la \u00a0Administraci\u00f3n \u00a0Antinarc\u00f3ticos \u00a0(DEA), \u00a0declaraciones \u00a0 que \u00a0 apoyan \u00a0 la \u00a0 actuaci\u00f3n \u00a0 y \u00a0se\u00f1alan \u00a0el \u00a0compromiso \u00a0de \u00a0responsabilidad \u00a0del \u00a0requerido, \u00a0luego \u00a0es \u00a0evidente \u00a0la \u00a0equivalencia entre la \u00a0acusaci\u00f3n \u00a0emitida por el Gran Jurado ante la Corte del Distrito de Columbia, y \u00a0la \u00a0establecida \u00a0en \u00a0nuestro \u00a0sistema; \u00a0obviamente, se trata de una equivalencia \u00a0material y no de identidad de formas. \u00a0\u00a0<\/p>\n<p>\u00a0 \u00a0\u00a0 \u00a0\u00a0 \u00a0Por \u00a0 tanto, \u00a0 estima \u00a0la \u00a0Sala \u00a0que \u00a0esta \u00a0exigencia \u00a0se \u00a0encuentra \u00a0acreditada, \u00a0pues las acusaciones del Gran Jurado que acompa\u00f1an la petici\u00f3n de \u00a0extradici\u00f3n, \u00a0son equivalentes a la acusaci\u00f3n de que tratan los art\u00edculos 336 \u00a0y 337 de la Ley 906 de 2004. \u00a0\u00a0<\/p>\n<p>De conformidad con lo expuesto, coincidiendo \u00a0con \u00a0las consideraciones del Procurador Cuarto Delegado para la Casaci\u00f3n Penal, \u00a0la \u00a0CORTE \u00a0SUPREMA DE JUSTICIA, SALA DE CASACI\u00d3N PENAL emite CONCEPTO FAVORABLE \u00a0a \u00a0 la \u00a0 solicitud \u00a0 de \u00a0 extradici\u00f3n \u00a0del \u00a0ciudadano \u00a0colombiano \u00a0ENRIQUE \u00a0OYOLA \u00a0ROPERO, \u00a0formulada \u00a0por el \u00a0Gobierno \u00a0de \u00a0los Estados Unidos de Am\u00e9rica a trav\u00e9s de su Embajada en Bogot\u00e1 \u00a0para \u00a0que \u00a0responda \u00a0por \u00a0el \u00a0cargo \u00a0uno \u00a0consignado \u00a0en \u00a0la \u00a0acusaci\u00f3n \u00a0No. 05 \u00a0\u2013 342 (RCL) dictada por el \u00a0Gran \u00a0Jurado \u00a0ante \u00a0la Corte Distrital de los Estados Unidos para el Distrito de \u00a0Columbia, \u00a0de \u00a0fecha \u00a030 \u00a0de \u00a0septiembre \u00a0de \u00a02004 \u00a0sustituida \u00a0en \u00a0abril \u00a018 de \u00a02006. \u00a0\u00a0<\/p>\n<p>Ahora \u00a0 bien, \u00a0 corresponde \u00a0al \u00a0Gobierno \u00a0Nacional, \u00a0como \u00a0lo acota el colaborador del Ministerio P\u00fablico, condicionar la \u00a0entrega \u00a0a \u00a0que \u00a0el \u00a0extraditado \u00a0no \u00a0vaya \u00a0a ser condenado a pena de muerte, ni \u00a0juzgado \u00a0por \u00a0hechos \u00a0diversos a los que motivaron la solicitud de extradici\u00f3n, \u00a0ni \u00a0por \u00a0sucesos \u00a0anteriores \u00a0a \u00a0la \u00a0fecha indicada, ni sometido a desaparici\u00f3n \u00a0forzada, \u00a0torturas, \u00a0tratos \u00a0o \u00a0penas \u00a0crueles, inhumanos o degradantes, ni a la \u00a0sanci\u00f3n \u00a0de \u00a0destierro, cadena perpetua o confiscaci\u00f3n, conforme lo establecen \u00a0los art\u00edculos 11, 12 y 34 de la Carta Pol\u00edtica. \u00a0\u00a0<\/p>\n<p>Adicional \u00a0a \u00a0lo \u00a0anterior, \u00a0corresponde al \u00a0Gobierno \u00a0Nacional \u00a0exigir \u00a0al \u00a0pa\u00eds \u00a0reclamante \u00a0que \u00a0en \u00a0caso \u00a0de un fallo de \u00a0condena, \u00a0tenga \u00a0en \u00a0cuenta el tiempo que ENRIQUE OYOLA \u00a0ROPERO \u00a0ha \u00a0permanecido \u00a0privado \u00a0de \u00a0su \u00a0libertad con \u00a0ocasi\u00f3n de este tr\u00e1mite. \u00a0\u00a0<\/p>\n<p>La \u00a0Sala \u00a0ha de indicar que en virtud de lo \u00a0dispuesto \u00a0por \u00a0el \u00a0numeral 2\u00ba del art\u00edculo 189 de la Constituci\u00f3n Pol\u00edtica, \u00a0le \u00a0compete \u00a0al \u00a0Gobierno, \u00a0encabezado \u00a0por \u00a0el \u00a0se\u00f1or \u00a0Presidente como supremo \u00a0director \u00a0de la pol\u00edtica exterior y de las relaciones internacionales, realizar \u00a0el \u00a0respectivo \u00a0seguimiento \u00a0a \u00a0los \u00a0condicionamientos \u00a0que \u00a0se \u00a0impongan \u00a0a \u00a0la \u00a0concesi\u00f3n \u00a0de la extradici\u00f3n y determinar las consecuencias que se derivar\u00edan \u00a0de su eventual incumplimiento. \u00a0\u00a0<\/p>\n<p>Comun\u00edquese por Secretar\u00eda de la Sala esta \u00a0determinaci\u00f3n \u00a0 \u00a0al \u00a0 \u00a0requerido \u00a0 \u00a0ENRIQUE \u00a0 OYOLA \u00a0ROPERO, \u00a0a \u00a0su defensor, al Procurador Cuarto Delegado \u00a0para \u00a0la \u00a0Casaci\u00f3n \u00a0Penal y al Fiscal General de la Naci\u00f3n para lo de su cargo \u00a0con \u00a0 \u00a0 relaci\u00f3n \u00a0 \u00a0 al \u00a0 \u00a0 detenido \u00a0 \u00a0 preventivamente \u00a0 \u00a0 con \u00a0 \u00a0fines \u00a0 \u00a0de \u00a0extradici\u00f3n. \u00a0\u00a0<\/p>\n<p>Devu\u00e9lvase la actuaci\u00f3n al Ministerio del \u00a0Interior \u00a0 y \u00a0 de\u00a0 \u00a0 Justicia \u00a0 para \u00a0 los \u00a0 tr\u00e1mites \u00a0 subsiguientes \u00a0 de \u00a0ley. \u00a0\u00a0<\/p>\n<p>ALFREDO G\u00d3MEZ QUINTERO \u00a0<\/p>\n<p>SIGIFREDO \u00a0 ESPINOSA \u00a0 P\u00c9REZ \u00a0 \u00a0 \u00a0 \u00a0\u00a0 \u00a0 \u00a0 \u00a0 \u00a0\u00a0 \u00a0 \u00a0 \u00a0 \u00a0\u00a0 \u00a0 \u00a0 \u00a0 \u00a0\u00a0\u00a0\u00a0\u00a0\u00a0\u00a0\u00a0\u00a0\u00a0\u00a0\u00a0\u00a0\u00a0\u00a0\u00a0\u00a0\u00a0\u00a0\u00a0 \u00a0\u00c1LVARO ORLANDO P\u00c9REZ PINZ\u00d3N \u00a0\u00a0<\/p>\n<p>Aclaraci\u00f3n \u00a0 \u00a0de \u00a0 \u00a0voto \u00a0\u00a0 \u00a0\u00a0 \u00a0\u00a0 \u00a0\u00a0 \u00a0\u00a0 \u00a0\u00a0 \u00a0 \u00a0\u00a0 \u00a0 \u00a0 \u00a0 \u00a0 \u00a0 \u00a0 \u00a0 \u00a0 \u00a0\u00a0 \u00a0 \u00a0 \u00a0 \u00a0 \u00a0\u00a0 \u00a0\u00a0 \u00a0 \u00a0 \u00a0 \u00a0\u00a0 \u00a0 \u00a0 \u00a0 \u00a0\u00a0 \u00a0 \u00a0 \u00a0 \u00a0\u00a0 \u00a0 \u00a0 \u00a0 \u00a0Permiso \u00a0\u00a0<\/p>\n<p>MARINA \u00a0 \u00a0 \u00a0 \u00a0PULIDO \u00a0 \u00a0 \u00a0 \u00a0DE \u00a0BAR\u00d3N\u00a0\u00a0\u00a0\u00a0\u00a0\u00a0\u00a0\u00a0\u00a0\u00a0\u00a0\u00a0\u00a0\u00a0\u00a0\u00a0\u00a0\u00a0\u00a0\u00a0\u00a0\u00a0\u00a0\u00a0\u00a0\u00a0\u00a0\u00a0 \u00a0JORGE LUIS QUINTERO MILANES \u00a0\u00a0<\/p>\n<p>YESID \u00a0 RAM\u00cdREZ \u00a0 BASTIDAS \u00a0 \u00a0 \u00a0 \u00a0\u00a0 \u00a0 \u00a0 \u00a0 \u00a0\u00a0 \u00a0 \u00a0 \u00a0 \u00a0\u00a0 \u00a0 \u00a0 \u00a0 \u00a0\u00a0\u00a0\u00a0\u00a0\u00a0\u00a0\u00a0\u00a0\u00a0\u00a0\u00a0\u00a0\u00a0\u00a0\u00a0\u00a0\u00a0\u00a0\u00a0 \u00a0JULIO ENRIQUE SOCHA SALAMANCA \u00a0\u00a0<\/p>\n<p>MAURO \u00a0 \u00a0 \u00a0 \u00a0 \u00a0 SOLARTE \u00a0PORTILLA\u00a0\u00a0\u00a0\u00a0\u00a0\u00a0\u00a0\u00a0\u00a0\u00a0\u00a0\u00a0\u00a0\u00a0\u00a0\u00a0\u00a0\u00a0\u00a0\u00a0\u00a0\u00a0\u00a0\u00a0\u00a0\u00a0\u00a0\u00a0\u00a0 \u00a0JAVIER ZAPATA ORT\u00cdZ \u00a0\u00a0<\/p>\n<p>TERESA \u00a0 \u00a0RUIZ \u00a0N\u00da\u00d1EZ \u00a0\u00a0<\/p>\n<p>Secretaria \u00a0<\/p>\n<p>ACLARACI\u00d3N\u00a0 DE\u00a0 VOTO \u00a0<\/p>\n<p>Con el respeto que siempre profeso por las \u00a0decisiones \u00a0de \u00a0la Sala, expongo a continuaci\u00f3n los aspectos que, en mi sentir, \u00a0deben \u00a0incluirse \u00a0en \u00a0los \u00a0conceptos de extradici\u00f3n que emite la Corte frente a \u00a0tr\u00e1mites \u00a0que involucran ciudadanos colombianos por nacimiento, particularmente \u00a0cuando \u00a0se \u00a0desarrollan \u00a0en \u00a0ausencia \u00a0de \u00a0cl\u00e1usulas \u00a0pactadas \u00a0en instrumentos \u00a0internacionales \u00a0 de \u00a0 car\u00e1cter \u00a0bilateral \u00a0o \u00a0multilateral, \u00a0en \u00a0la \u00a0forma \u00a0de \u00a0condicionamientos \u00a0que \u00a0el \u00a0Gobierno \u00a0Nacional \u00a0deber\u00eda \u00a0exigir \u00a0al \u00a0momento de \u00a0acceder \u00a0a \u00a0la \u00a0entrega \u00a0de \u00a0un \u00a0connacional, \u00a0adem\u00e1s \u00a0de \u00a0los que se le vienen \u00a0sugiriendo de manera com\u00fan. \u00a0\u00a0<\/p>\n<p>La \u00a0posici\u00f3n que he venido sustentando en \u00a0Sala \u00a0y que no ha tenido acogida, descansa en que la Corte al asumir la funci\u00f3n \u00a0de \u00a0conceptuar, \u00a0no \u00a0s\u00f3lo \u00a0ha \u00a0de tener como gu\u00eda los par\u00e1metros que sobre la \u00a0materia \u00a0est\u00e1n \u00a0fijados \u00a0en \u00a0el \u00a0ordenamiento \u00a0procesal penal patrio, sino que, \u00a0adem\u00e1s, \u00a0su misi\u00f3n tambi\u00e9n debe estar influida por la regla del art\u00edculo 2\u00ba \u00a0de \u00a0la \u00a0Constituci\u00f3n, \u00a0pues \u00a0en \u00a0cuanto \u00a0\u00f3rgano \u00a0m\u00e1ximo \u00a0de \u00a0la jurisdicci\u00f3n \u00a0ordinaria \u00a0y, \u00a0por tanto, componente esencial en la estructura del Estado Social \u00a0de \u00a0Derecho, \u00a0tambi\u00e9n \u00a0debe \u00a0velar \u00a0por \u00a0la efectividad de los principios\u00a0 \u00a0\u2013entre ellos el fundante \u00a0de \u00a0la \u00a0dignidad \u00a0humana-,\u00a0 \u00a0derechos \u00a0y \u00a0deberes \u00a0consagrados en la Carta; \u00a0defender \u00a0la \u00a0independencia \u00a0nacional y proteger a todas las personas residentes \u00a0en \u00a0 \u00a0Colombia \u00a0 \u00a0en \u00a0 su \u00a0 vida, \u00a0 honra, \u00a0 bienes, \u00a0 creencias, \u00a0 derechos \u00a0 y \u00a0libertades. \u00a0\u00a0<\/p>\n<p>En \u00a0ese \u00a0orden \u00a0de \u00a0cosas, \u00a0estimo \u00a0que es \u00a0preciso \u00a0 advertir \u00a0 en \u00a0el \u00a0concepto \u00a0sobre \u00a0la \u00a0necesidad \u00a0de \u00a0plantear \u00a0otras \u00a0condiciones \u00a0a \u00a0la \u00a0entrega del reclamado, derivadas del hecho de que el acto de \u00a0extradici\u00f3n \u00a0no \u00a0implica \u00a0que el extraditado pierda la nacionalidad colombiana, \u00a0lo \u00a0cual s\u00f3lo ocurre frente a los presupuestos se\u00f1alados en el art\u00edculo 98 de \u00a0la Constituci\u00f3n. \u00a0\u00a0<\/p>\n<p>En tales condiciones, cuando la entrega en \u00a0extradici\u00f3n \u00a0de \u00a0un \u00a0nacional \u00a0colombiano se tramita y agota, en ausencia de un \u00a0convenio \u00a0 multilateral \u00a0 o \u00a0bilateral \u00a0sobre \u00a0la \u00a0materia, \u00a0con \u00a0arreglo \u00a0a \u00a0la \u00a0Constituci\u00f3n \u00a0y \u00a0a \u00a0la \u00a0ley, \u00a0debe tenerse en cuenta que a diferencia de lo que \u00a0ocurre \u00a0si \u00a0se \u00a0hubiera adelantado conforme a un instrumento internacional en el \u00a0cual \u00a0las \u00a0partes \u00a0acuerdan condiciones que pueden significar la restricci\u00f3n de \u00a0ciertos \u00a0derechos, \u00a0en \u00a0virtud \u00a0a \u00a0la \u00a0configuraci\u00f3n del Estado colombiano como \u00a0social \u00a0y \u00a0democr\u00e1tico \u00a0de derecho, en el cual es base fundamental el respeto a \u00a0la \u00a0dignidad \u00a0humana \u00a0(art\u00edculo \u00a01\u00ba de la Carta), las condiciones que se deben \u00a0exigir \u00a0al pa\u00eds reclamante tienen que estar ligadas con la observancia all\u00ed de \u00a0los \u00a0derechos \u00a0y \u00a0garant\u00edas \u00a0que \u00a0cobijar\u00edan \u00a0al \u00a0solicitado de ser juzgado en \u00a0Colombia. \u00a0\u00a0<\/p>\n<p>Eso \u00a0es \u00a0as\u00ed, \u00a0porque \u00a0al \u00a0acceder \u00a0a \u00a0la \u00a0extradici\u00f3n \u00a0de \u00a0un colombiano por nacimiento el Estado, a trav\u00e9s del Gobierno \u00a0Nacional, \u00a0renuncia \u00a0a la potestad de ejercer su propia jurisdicci\u00f3n, pero no a \u00a0la \u00a0obligaci\u00f3n \u00a0de \u00a0proteger al extraditado, pues en tanto siga siendo s\u00fabdito \u00a0de \u00a0Colombia, tiene derecho a todas las prerrogativas, garant\u00edas y derechos que \u00a0emanan \u00a0de \u00a0la Constituci\u00f3n y la ley, en particular, aquellos que se relacionan \u00a0con \u00a0 su \u00a0 calidad \u00a0 de \u00a0 procesado \u00a0y \u00a0que \u00a0tienen \u00a0que \u00a0ver \u00a0con \u00a0la \u00a0dignidad \u00a0humana. \u00a0\u00a0<\/p>\n<p>As\u00ed las cosas, siendo el marco esencial de \u00a0la \u00a0 figura \u00a0 de \u00a0la \u00a0extradici\u00f3n \u00a0lo \u00a0se\u00f1alado \u00a0en \u00a0el \u00a0art\u00edculo \u00a035 \u00a0de \u00a0la \u00a0Constituci\u00f3n, \u00a0que \u00a0fija \u00a0un \u00a0sistema \u00a0de \u00a0fuentes3 para que se solicite, conceda \u00a0u \u00a0ofrezca, \u00a0que son los tratados p\u00fablicos y, en su defecto, la ley, es preciso \u00a0comentar \u00a0que \u00a0como \u00a0no hay un instrumento vigente de esa naturaleza que ligue a \u00a0Colombia \u00a0con Estados Unidos en el tema de extradici\u00f3n, el \u00e1mbito para evaluar \u00a0la \u00a0procedencia \u00a0de \u00a0una \u00a0solicitud, \u00a0concesi\u00f3n \u00a0u ofrecimiento de extradici\u00f3n \u00a0entre los dos pa\u00edses es el C\u00f3digo de Procedimiento Penal. \u00a0\u00a0<\/p>\n<p>Obs\u00e9rvese \u00a0 que \u00a0 los \u00a0 preceptos \u00a0 que \u00a0desarrollan \u00a0la \u00a0extradici\u00f3n \u00a0tanto en la Ley 600 de 2000 como en la ley 906 de \u00a02004, \u00a0adem\u00e1s \u00a0de \u00a0reiterar \u00a0las \u00a0reglas \u00a0constitucionales \u00a0(improcedencia \u00a0por \u00a0delitos \u00a0pol\u00edticos, o la de colombianos por nacimiento por hechos cometidos con \u00a0anterioridad \u00a0 \u00a0 al \u00a0 \u00a0 17 \u00a0 \u00a0 de \u00a0 \u00a0 diciembre \u00a0 \u00a0 de \u00a0 \u00a0 1997 \u00a0 \u00a0 \u2013art\u00edculo \u00a0 508 \u00a0 y \u00a0art\u00edculo \u00a0490, \u00a0respectivamente-); \u00a0fijan \u00a0el organismo al que le corresponde ofrecer o conceder \u00a0la \u00a0extradici\u00f3n \u00a0de \u00a0una persona y las facultades sobre la materia \u2013el \u00a0 gobierno-, \u00a0 el \u00a0 \u00e1mbito \u00a0 de \u00a0competencia \u00a0de \u00a0cada ente gubernamental, y el que le corresponde en el tr\u00e1mite \u00a0a \u00a0 la \u00a0Corte; \u00a0se\u00f1alan \u00a0requisitos \u00a0adicionales \u00a0(doble \u00a0incriminaci\u00f3n, \u00a0acto \u00a0procesal \u00a0 m\u00ednimo \u00a0en \u00a0el \u00a0exterior \u00a0\u2013art\u00edculo \u00a0510 \u00a0y art\u00edculo 492 ib.-); estructuran la forma como se \u00a0desarrolla \u00a0el tr\u00e1mite mixto, as\u00ed como los fundamentos del concepto (art\u00edculo \u00a0520 \u00a0del \u00a0C\u00f3digo \u00a0de \u00a0Procedimiento \u00a0Penal \u00a0de 2000 y art\u00edculo 502 del C\u00f3digo \u00a0Procesal \u00a0Penal \u00a0de \u00a02004); \u00a0determinan cu\u00e1ndo se decide sobre la solicitud, en \u00a0qu\u00e9 \u00a0momento \u00a0se \u00a0hace \u00a0la \u00a0entrega \u00a0y regula la orden de prelaci\u00f3n en caso de \u00a0varias \u00a0solicitudes \u00a0(art\u00edculos \u00a0522, \u00a0523 \u00a0y \u00a0524, y art\u00edculos 504, 505 y 506 \u00a0ib\u00eddem); \u00a0consagran el derecho a la defensa y los eventos en que hay lugar a la \u00a0libertad \u00a0(art\u00edculos \u00a0529 y 530 de la Ley 600 de 2000 y art\u00edculos 510 y 511 de \u00a0la Ley 906 de 2004). \u00a0\u00a0<\/p>\n<p>Adem\u00e1s, el art\u00edculo 512 de la primera de \u00a0las \u00a0leyes \u00a0en \u00a0cita \u00a0le impone de modo imperativo al gobierno la obligaci\u00f3n de \u00a0exigir \u00a0que \u00a0el \u00a0solicitado \u00a0no vaya a ser juzgado por un hecho anterior diverso \u00a0del \u00a0que motiva la extradici\u00f3n, ni sometido a sanciones distintas de las que se \u00a0le \u00a0hubieran \u00a0impuesto en la condena, y a que se le conmute la pena de muerte en \u00a0caso \u00a0de \u00a0que \u00a0la \u00a0legislaci\u00f3n del pa\u00eds reclamante la prevea como sanci\u00f3n del \u00a0delito \u00a0que \u00a0motiva \u00a0la \u00a0solicitud \u00a0de \u00a0extradici\u00f3n, \u00a0circunstancias \u00e9stas que \u00a0igualmente \u00a0se \u00a0encuentra \u00a0previstas \u00a0en \u00a0el \u00a0art\u00edculo 494 del C\u00f3digo Adjetivo \u00a0Penal \u00a0de \u00a02004, con la inclusi\u00f3n en este \u00faltimo de que tampoco al extraditado \u00a0se \u00a0le \u00a0someta \u00a0a \u00a0desaparici\u00f3n forzada, torturas ni a tratos ni penas crueles, \u00a0inhumanas \u00a0o \u00a0degradantes, \u00a0como \u00a0tampoco \u00a0a \u00a0las \u00a0penas \u00a0de destierro, prisi\u00f3n \u00a0perpetua o confiscaci\u00f3n. \u00a0\u00a0<\/p>\n<p>Recu\u00e9rdese \u00a0que \u00a0las \u00a0condiciones \u00a0arriba \u00a0se\u00f1aladas \u00a0fueron \u00a0extendidas, \u00a0con el mismo car\u00e1cter imperativo, por la Corte \u00a0Constitucional a otras situaciones, al se\u00f1alar que: \u00a0\u00a0<\/p>\n<p>\u201c&#8230;no \u00a0s\u00f3lo \u00a0habr\u00e1 \u00a0de \u00a0entenderse que en caso de que exista en el Estado requirente la pena \u00a0de \u00a0muerte, \u00a0la entrega se har\u00e1 bajo la condici\u00f3n de la conmutaci\u00f3n de \u00e9sta, \u00a0sino, \u00a0tambi\u00e9n \u00a0bajo el entendido de que al extraditado no se le podr\u00e1 someter \u00a0ni \u00a0a \u00a0torturas, \u00a0ni \u00a0a tratos o penas crueles, ni a desaparici\u00f3n forzada, ni a \u00a0tratamiento \u00a0 degradante \u00a0 e \u00a0inhumano, \u00a0raz\u00f3n \u00a0por \u00a0la \u00a0cual \u00a0as\u00ed \u00a0habr\u00e1 \u00a0de \u00a0condicionarse \u00a0la \u00a0constitucionalidad \u00a0que \u00a0se \u00a0declara \u00a0del \u00a0art\u00edculo \u00a0550 del \u00a0C\u00f3digo de Procedimiento Penal. \u00a0\u00a0<\/p>\n<p>Por otra parte, se observa por la Corte, que \u00a0la \u00a0 Constituci\u00f3n \u00a0 colombiana, \u00a0 proh\u00edbe \u00a0en \u00a0su \u00a0art\u00edculo \u00a034 \u00a0\u2018las \u00a0 penas \u00a0de \u00a0destierro, \u00a0prisi\u00f3n \u00a0perpetua \u00a0y confiscaci\u00f3n\u2019, \u00a0a \u00a0las \u00a0cuales, \u00a0por \u00a0las \u00a0mismas \u00a0razones \u00a0anteriormente \u00a0expuestas, \u00a0no podr\u00e1 \u00a0someterse \u00a0al \u00a0extraditado \u00a0por \u00a0el \u00a0pa\u00eds \u00a0que \u00a0lo \u00a0juzgue, \u00a0lo que implica que \u00a0igualmente \u00a0 en \u00a0ese \u00a0sentido \u00a0habr\u00e1 \u00a0de \u00a0condicionarse \u00a0la \u00a0exequibilidad \u00a0del \u00a0art\u00edculo \u00a0 \u00a0 550 \u00a0 \u00a0del \u00a0 \u00a0C\u00f3digo \u00a0 \u00a0de \u00a0 \u00a0Procedimiento \u00a0 \u00a0Penal.\u201d4 \u00a0\u00a0<\/p>\n<p>Sin \u00a0embargo, \u00a0esas \u00a0no \u00a0son \u00a0las \u00a0\u00fanicas \u00a0condiciones \u00a0susceptibles \u00a0de formularse, pues al fin y al cabo el primer inciso \u00a0del \u00a0art\u00edculo \u00a0512 \u00a0del \u00a0C\u00f3digo \u00a0de \u00a0Procedimiento Penal de 2000, as\u00ed como el \u00a0primer \u00a0inciso \u00a0del \u00a0art\u00edculo \u00a0494 \u00a0de \u00a0la \u00a0Ley \u00a0906 \u00a0de \u00a02004, \u00a0precept\u00faa que \u00a0\u201cEl gobierno podr\u00e1 subordinar el ofrecimiento o la \u00a0concesi\u00f3n \u00a0 \u00a0de \u00a0 \u00a0la \u00a0 \u00a0extradici\u00f3n \u00a0 a \u00a0 las \u00a0 condiciones \u00a0 que \u00a0 considere \u00a0oportunas.\u201d \u00a0\u00a0<\/p>\n<p>Esa \u00a0facultad, \u00a0debe \u00a0se\u00f1alarse, \u00a0no \u00a0es \u00a0discrecional, \u00a0pues \u00a0al \u00a0momento \u00a0de \u00a0decidir \u00a0sobre \u00a0la \u00a0entrega de un nacional \u00a0colombiano \u00a0el \u00a0gobierno \u00a0est\u00e1 \u00a0en \u00a0el \u00a0deber \u00a0de \u00a0armonizar \u00a0los \u00a0criterios de \u00a0conveniencia \u00a0nacional o de cooperaci\u00f3n internacional, con la premisa seg\u00fan la \u00a0cual \u00a0al \u00a0concederse la extradici\u00f3n no se renuncia a la soberan\u00eda, sino que se \u00a0ejerce5, \u00a0y \u00a0con \u00a0los \u00a0derechos \u00a0y garant\u00edas que est\u00e1n consagrados en la \u00a0Constituci\u00f3n \u00a0y \u00a0en \u00a0los instrumentos internacionales sobre derechos humanos en \u00a0pro \u00a0 de \u00a0 un \u00a0 justiciable, \u00a0 as\u00ed \u00a0 como \u00a0 en \u00a0 protecci\u00f3n \u00a0 de \u00a0su \u00a0dignidad \u00a0humana. \u00a0\u00a0<\/p>\n<p>As\u00ed, \u00a0con \u00a0arreglo \u00a0al art\u00edculo 29 de la \u00a0Carta; \u00a0a \u00a0los \u00a0art\u00edculos \u00a09 \u00a0y \u00a010 \u00a0de \u00a0la \u00a0Declaraci\u00f3n Universal de Derechos \u00a0Humanos, \u00a05-3.6, 7-2.5, 8-1.2(a)(b)(c)(d)(e)(f)(g)(h).3.4.5, 9 de la Convenci\u00f3n \u00a0Americana \u00a0de \u00a0Derechos \u00a0Humanos, \u00a09-2.3, \u00a010-1.2.3, \u00a014-1.2.3,5, y 15 del Pacto \u00a0Internacional \u00a0de \u00a0Derechos \u00a0Civiles \u00a0y \u00a0Pol\u00edticos, \u00a0el \u00a0Gobierno Nacional debe \u00a0condicionar \u00a0la \u00a0entrega de un compatriota, si concede la extradici\u00f3n, a que se \u00a0le \u00a0 \u00a0respeten \u00a0 \u00a0al \u00a0 extraditado \u00a0 \u2013como \u00a0a \u00a0cualquier \u00a0otro \u00a0nacional en las mismas condiciones- todas \u00a0las \u00a0garant\u00edas \u00a0debidas \u00a0a \u00a0su \u00a0condici\u00f3n de justiciable, en particular, a que \u00a0tenga \u00a0acceso \u00a0a \u00a0un \u00a0proceso \u00a0p\u00fablico \u00a0sin dilaciones injustificadas, a que se \u00a0presuma \u00a0su \u00a0inocencia, a que cuente con un int\u00e9rprete, a que tenga un defensor \u00a0designado \u00a0por \u00a0\u00e9l \u00a0o por el Estado, a que se le conceda el tiempo y los medios \u00a0adecuados \u00a0para \u00a0que \u00a0prepare la defensa, a presentar pruebas y controvertir las \u00a0que \u00a0se \u00a0aduzcan \u00a0en contra, a que su situaci\u00f3n de privaci\u00f3n de la libertad se \u00a0desarrolle \u00a0en \u00a0condiciones \u00a0dignas, a que la eventual pena que se le imponga no \u00a0trascienda \u00a0de \u00a0su persona, a que la sanci\u00f3n pueda ser apelada ante un tribunal \u00a0superior, \u00a0a que la pena privativa de la libertad tenga la finalidad esencial de \u00a0reforma y readaptaci\u00f3n social. \u00a0\u00a0<\/p>\n<p>Igualmente, el gobierno debe condicionar la \u00a0entrega \u00a0a \u00a0que el pa\u00eds reclamante, conforme a sus pol\u00edticas internas sobre la \u00a0materia, \u00a0le \u00a0ofrezca \u00a0posibilidades racionales y reales para que el extraditado \u00a0pueda \u00a0tener \u00a0contacto \u00a0regular \u00a0con sus familiares m\u00e1s cercanos, habida cuenta \u00a0que \u00a0la \u00a0Constituci\u00f3n \u00a0de \u00a01991, en su art\u00edculo 42, reconoce a la familia como \u00a0n\u00facleo \u00a0esencial \u00a0de la sociedad, garantiza su protecci\u00f3n y reconoce su honra, \u00a0dignidad \u00a0e \u00a0intimidad, \u00a0lo \u00a0cual se refuerza con la protecci\u00f3n adicional que a \u00a0ese \u00a0 n\u00facleo \u00a0le \u00a0otorgan \u00a0la \u00a0Convenci\u00f3n \u00a0Americana \u00a0sobre \u00a0Derechos \u00a0Humanos \u00a0(art\u00edculo \u00a017) \u00a0y \u00a0el \u00a0Pacto \u00a0Internacional \u00a0de \u00a0Derechos \u00a0Civiles y Pol\u00edticos \u00a0(art\u00edculo 23). \u00a0\u00a0<\/p>\n<p>En cumplimiento de su deber de protecci\u00f3n \u00a0a \u00a0las \u00a0garant\u00edas y derechos del nacional colombiano entregado en extradici\u00f3n, \u00a0es \u00a0misi\u00f3n \u00a0del \u00a0Estado, \u00a0por medio del \u00e1mbito de competencias de los \u00f3rganos \u00a0respectivos, \u00a0vigilar \u00a0que \u00a0en \u00a0el \u00a0pa\u00eds reclamante se respeten las mencionadas \u00a0condiciones \u00a0(art\u00edculo \u00a09 \u00a0y 226 de la Carta). As\u00ed, en primer orden, a trav\u00e9s \u00a0del \u00a0cuerpo \u00a0diplom\u00e1tico, \u00a0en concreto, por las diferentes oficinas consulares, \u00a0con \u00a0apoyo \u00a0de \u00a0la \u00a0Procuradur\u00eda \u00a0General \u00a0de \u00a0la \u00a0Naci\u00f3n (art\u00edculo 277 de la \u00a0Constituci\u00f3n) \u00a0y \u00a0de \u00a0la \u00a0Defensor\u00eda del Pueblo (art\u00edculo 282 ib\u00eddem), de lo \u00a0cual, \u00a0adem\u00e1s, \u00a0habr\u00e1 \u00a0de darse informes peri\u00f3dicos a la Corte, en virtud del \u00a0principio \u00a0de \u00a0colaboraci\u00f3n \u00a0arm\u00f3nica \u00a0entre \u00a0los diferentes Poderes P\u00fablicos \u00a0(art\u00edculo \u00a0113 \u00a0de \u00a0la \u00a0Carta), \u00a0con \u00a0el \u00a0fin \u00a0de \u00a0que todos los estamentos con \u00a0injerencia \u00a0en \u00a0el \u00a0tema \u00a0tengan elementos de juicio que les permitan sopesar la \u00a0conveniencia \u00a0 \u00a0de \u00a0 \u00a0privilegiar \u00a0 jurisdicciones \u00a0 for\u00e1neas \u00a0 frente \u00a0 a \u00a0 la \u00a0interna. \u00a0\u00a0<\/p>\n<p>De \u00a0 esa \u00a0 manera, \u00a0 dejo \u00a0 sentado \u00a0 mi \u00a0criterio. \u00a0\u00a0<\/p>\n<p>Se\u00f1ores Magistrados, \u00a0<\/p>\n<p>SIGIFREDO ESPINOSA P\u00c9REZ \u00a0<\/p>\n<p>Magistrado \u00a0<\/p>\n<p>Fecha \u00a0 ut \u00a0supra. \u00a0\u00a0<\/p>\n<p>\u00a0 \u00a0\u00a0<\/p>\n<p>1 Cfr. \u00a0Concepto del 22 de julio de 2004. Rad. 22206, entre otros. \u00a0\u00a0<\/p>\n<p>2 \u00a0Concepto del 8 de junio de 2005. Rad. 23293. \u00a0\u00a0<\/p>\n<p>3 Corte \u00a0Constitucional, sentencia C-740\/00. \u00a0\u00a0<\/p>\n<p>4 \u00a0Sentencia C-1106\/00. \u00a0\u00a0<\/p>\n<p>5 Cfr. \u00a0Corte Constitucional, Sentencia C-621\/01. \u00a0 \u00a0\u00a0<\/p>\n<p><\/p>\n","protected":false},"excerpt":{"rendered":"<p>\u00a0 \u00a0 Proceso No 26339 \u00a0 CORTE SUPREMA DE JUSTICIA \u00a0 SALA DE CASACI\u00d3N PENAL \u00a0 Magistrada Ponente: \u00a0 MARINA PULIDO DE BAR\u00d3N \u00a0 Aprobado Acta No. 49 \u00a0 \u00a0 \u00a0\u00a0 \u00a0\u00a0 \u00a0\u00a0Bogot\u00e1 D.C., abril once (11) de dos mil siete (2007) \u00a0\u00a0 VISTOS \u00a0 \u00a0 \u00a0\u00a0 \u00a0\u00a0 \u00a0\u00a0Concept\u00faa \u00a0la \u00a0Corte \u00a0en relaci\u00f3n con la [&hellip;]<\/p>\n","protected":false},"author":1,"featured_media":0,"comment_status":"open","ping_status":"open","sticky":false,"template":"","format":"standard","meta":{"footnotes":""},"categories":[15],"tags":[],"class_list":["post-13170","post","type-post","status-publish","format-standard","hentry","category-15"],"_links":{"self":[{"href":"https:\/\/dmsjuridica.com\/buscador_20179478954\/salapenalcronologico20230723\/wp-json\/wp\/v2\/posts\/13170","targetHints":{"allow":["GET"]}}],"collection":[{"href":"https:\/\/dmsjuridica.com\/buscador_20179478954\/salapenalcronologico20230723\/wp-json\/wp\/v2\/posts"}],"about":[{"href":"https:\/\/dmsjuridica.com\/buscador_20179478954\/salapenalcronologico20230723\/wp-json\/wp\/v2\/types\/post"}],"author":[{"embeddable":true,"href":"https:\/\/dmsjuridica.com\/buscador_20179478954\/salapenalcronologico20230723\/wp-json\/wp\/v2\/users\/1"}],"replies":[{"embeddable":true,"href":"https:\/\/dmsjuridica.com\/buscador_20179478954\/salapenalcronologico20230723\/wp-json\/wp\/v2\/comments?post=13170"}],"version-history":[{"count":0,"href":"https:\/\/dmsjuridica.com\/buscador_20179478954\/salapenalcronologico20230723\/wp-json\/wp\/v2\/posts\/13170\/revisions"}],"wp:attachment":[{"href":"https:\/\/dmsjuridica.com\/buscador_20179478954\/salapenalcronologico20230723\/wp-json\/wp\/v2\/media?parent=13170"}],"wp:term":[{"taxonomy":"category","embeddable":true,"href":"https:\/\/dmsjuridica.com\/buscador_20179478954\/salapenalcronologico20230723\/wp-json\/wp\/v2\/categories?post=13170"},{"taxonomy":"post_tag","embeddable":true,"href":"https:\/\/dmsjuridica.com\/buscador_20179478954\/salapenalcronologico20230723\/wp-json\/wp\/v2\/tags?post=13170"}],"curies":[{"name":"wp","href":"https:\/\/api.w.org\/{rel}","templated":true}]}}