{"id":13123,"date":"2023-09-08T21:04:39","date_gmt":"2023-09-08T21:04:39","guid":{"rendered":"https:\/\/dmsjuridica.com\/buscador_20179478954\/salapenalcronologico20230723\/2023\/09\/08\/2626726-09-07\/"},"modified":"2023-09-08T21:04:39","modified_gmt":"2023-09-08T21:04:39","slug":"2626726-09-07","status":"publish","type":"post","link":"https:\/\/dmsjuridica.com\/buscador_20179478954\/salapenalcronologico20230723\/2023\/09\/08\/2626726-09-07\/","title":{"rendered":"26267(26-09-07)"},"content":{"rendered":"\n<p>\u00a0 \u00a0 Proceso No 26267 \u00a0<\/p>\n<p>CORTE SUPREMA DE JUSTICIA \u00a0<\/p>\n<p>SALA DE CASACI\u00d3N PENAL \u00a0<\/p>\n<p>Magistrado Ponente: \u00a0<\/p>\n<p>JORGE \u00a0LUIS \u00a0QUINTERO \u00a0MILAN\u00c9S \u00a0\u00a0<\/p>\n<p>Aprobado \u00a0 acta \u00a0 N\u00b0 \u00a0181 \u00a0\u00a0<\/p>\n<p>Bogot\u00e1, \u00a0 D. \u00a0 C., \u00a0veintis\u00e9is \u00a0(26) \u00a0de \u00a0septiembre de dos mil siete (2007). \u00a0\u00a0<\/p>\n<p>V \u00a0 I \u00a0 S \u00a0 TO \u00a0 S \u00a0\u00a0<\/p>\n<p>Procede la Corte a decidir lo que en derecho \u00a0corresponda \u00a0 \u00a0respecto \u00a0 \u00a0del \u00a0 \u00a0fallecimiento \u00a0 del \u00a0 procesado \u00a0 SEVERIANO \u00a0 \u00a0 \u00a0 \u00a0 HERN\u00c1N \u00a0 \u00a0 \u00a0 \u00a0 FRANCO \u00a0 \u00a0 \u00a0 \u00a0RAM\u00cdREZ. \u00a0\u00a0<\/p>\n<p>A N T E C E D E N T E S \u00a0<\/p>\n<p>1.\u00a0 \u00a0El \u00a0Juzgado \u00a0Segundo \u00a0Penal \u00a0del \u00a0Circuito de Pereira, \u00a0mediante \u00a0sentencia \u00a0del \u00a023 \u00a0de enero de 2006, conden\u00f3 al abogado Severiano \u00a0 \u00a0 \u00a0 \u00a0 Hern\u00e1n \u00a0 \u00a0 \u00a0 \u00a0 Franco \u00a0 \u00a0 \u00a0 \u00a0Ram\u00edrez, \u00a0identificado \u00a0con \u00a0la \u00a0c\u00e9dula \u00a0de ciudadan\u00eda n\u00famero 79.242.944 de Bogot\u00e1, y a Martha In\u00e9s \u00a0Ram\u00edrez \u00a0S\u00e1nchez \u00a0a \u00a0la \u00a0pena principal de cuatro (4) a\u00f1os de prisi\u00f3n y a la \u00a0accesoria \u00a0 de \u00a0inhabilitaci\u00f3n \u00a0para \u00a0el \u00a0ejercicio \u00a0de \u00a0derechos \u00a0y \u00a0funciones \u00a0p\u00fablicas \u00a0por \u00a0el \u00a0mismo \u00a0lapso \u00a0de \u00a0la \u00a0pena \u00a0privativa \u00a0de \u00a0la libertad, como \u00a0responsables, \u00a0 \u00a0a \u00a0 \u00a0t\u00edtulo \u00a0 de \u00a0 determinadores, \u00a0 del \u00a0 delito \u00a0 de \u00a0 falso \u00a0testimonio. \u00a0\u00a0<\/p>\n<p>2.\u00a0 Apelada la anterior decisi\u00f3n por el \u00a0defensor \u00a0 del \u00a0 acusado \u00a0 Severiano \u00a0Hern\u00e1n \u00a0Franco \u00a0Ram\u00edrez, \u00a0la \u00a0Sala \u00a0de \u00a0Decisi\u00f3n \u00a0Penal del Tribunal \u00a0Superior \u00a0de \u00a0Pereira, \u00a0al \u00a0desatar \u00a0el \u00a0recurso, \u00a0el \u00a024 \u00a0de \u00a0mayo \u00a0de 2006, la \u00a0confirm\u00f3. \u00a0\u00a0<\/p>\n<p>3.\u00a0 \u00a0Dentro \u00a0del \u00a0t\u00e9rmino \u00a0legal, \u00a0el \u00a0defensor \u00a0de \u00a0Franco \u00a0Ram\u00edrez \u00a0interpuso \u00a0el \u00a0recurso \u00a0de \u00a0casaci\u00f3n \u00a0y, concedida la impugnaci\u00f3n, present\u00f3 la respectiva demanda, raz\u00f3n \u00a0por la cual el proceso fue remitido a esta Corporaci\u00f3n. \u00a0\u00a0<\/p>\n<p>4.\u00a0 Encontr\u00e1ndose el \u00a0diligenciamiento \u00a0 para \u00a0el \u00a0estudio \u00a0de \u00a0la \u00a0admisibilidad \u00a0de \u00a0la \u00a0demanda \u00a0de \u00a0casaci\u00f3n, \u00a0el Tribunal Superior de Pereira, mediante oficio N\u00b0 1382 del pasado \u00a04 \u00a0de \u00a0septiembre, \u00a0inform\u00f3 \u00a0a \u00a0la Corte sobre la muerte violenta del procesado \u00a0Severiano \u00a0Hern\u00e1n \u00a0Franco \u00a0Ram\u00edrez, \u00a0 \u00a0quien \u00a0 \u00a0se \u00a0identificaba \u00a0con \u00a0la c\u00e9dula de ciudadan\u00eda n\u00famero 79.242.944 de Bogot\u00e1, para \u00a0lo \u00a0cual \u00a0alleg\u00f3 \u00a0copia \u00a0del acta del levantamiento e inspecci\u00f3n del cad\u00e1ver, \u00a0suscrita \u00a0por \u00a0un por funcionario del Cuerpo T\u00e9cnico de Investigaci\u00f3n adscrito \u00a0al \u00a0Grupo \u00a0de \u00a0Reacci\u00f3n \u00a0Inmediata \u00a0de \u00a0Pereira, \u00a0y \u00a0copia \u00a0del \u00a0certificado de \u00a0defunci\u00f3n, \u00a0 expedido \u00a0 por \u00a0 el \u00a0 Departamento \u00a0 Administrativo \u00a0 Nacional \u00a0de \u00a0Estad\u00edstica, \u00a0el \u00a0cual se encuentra avalado por el Instituto de Medicina legal, \u00a0Seccional de Pereira.\u00a0 \u00a0\u00a0<\/p>\n<p>CONSIDERACIONES\u00a0 \u00a0DE\u00a0 LA\u00a0 CORTE \u00a0\u00a0<\/p>\n<p>En\u00a0 \u00a0este\u00a0 \u00a0asunto\u00a0 \u00a0se\u00a0 \u00a0tiene\u00a0 \u00a0certeza\u00a0 \u00a0que\u00a0 \u00a0el\u00a0 \u00a0procesado \u00a0abogado Severiano \u00a0Hern\u00e1n \u00a0Franco \u00a0Ram\u00edrez, quien \u00a0se \u00a0identificaba \u00a0con \u00a0la \u00a0c\u00e9dula de ciudadan\u00eda n\u00famero 79.242.944 de Bogot\u00e1, \u00a0muri\u00f3 \u00a0el \u00a05 \u00a0de julio de 2007, seg\u00fan\u00a0 as\u00ed qued\u00f3\u00a0 consignado tanto \u00a0en \u00a0el \u00a0acta \u00a0de \u00a0levantamiento de su cad\u00e1ver como en el mencionado registro de \u00a0defunci\u00f3n,\u00a0 \u00a0documento\u00a0 \u00a0expedido \u00a0por el Departamento Administrativo \u00a0Nacional \u00a0de \u00a0Estad\u00edstica \u00a0y \u00a0avalado \u00a0por \u00a0el \u00a0Instituto \u00a0de \u00a0Medicina \u00a0Legal, \u00a0Seccional de Pereira. \u00a0\u00a0<\/p>\n<p>De otra parte, los art\u00edculos 82 y 38 de los \u00a0C\u00f3digos \u00a0Penal \u00a0y \u00a0de \u00a0Procedimiento Penal (Leyes 599 y 600 de 2000) establecen \u00a0que \u00a0la acci\u00f3n penal se extingue, entre otras razones, por muerte del imputado, \u00a0procesado o acusado. \u00a0\u00a0<\/p>\n<p>Por \u00a0consiguiente, \u00a0siendo \u00a0la \u00a0muerte \u00a0del \u00a0procesado \u00a0 \u00a0una \u00a0 \u00a0de \u00a0 \u00a0las \u00a0 \u00a0causales \u00a0 que\u00a0 \u00a0 impiden\u00a0 \u00a0 la\u00a0 \u00a0continuaci\u00f3n\u00a0 \u00a0del\u00a0 \u00a0proceso\u00a0 \u00a0penal,\u00a0 \u00a0lo procedente\u00a0 \u00a0en\u00a0 \u00a0este\u00a0 \u00a0caso\u00a0 \u00a0es\u00a0 \u00a0cesar el procedimiento, seg\u00fan\u00a0 \u00a0as\u00ed\u00a0 \u00a0 lo\u00a0 \u00a0 precept\u00faa\u00a0 \u00a0 el\u00a0 \u00a0 art\u00edculo\u00a0 \u00a0 38\u00a0 \u00a0del\u00a0 C\u00f3digo\u00a0 de\u00a0 Procedimiento Penal. \u00a0\u00a0<\/p>\n<p>Por \u00a0 Secretar\u00eda \u00a0 se \u00a0 librar\u00e1n \u00a0 las \u00a0correspondientes comunicaciones sobre esta determinaci\u00f3n. \u00a0\u00a0<\/p>\n<p>Por \u00a0lo brevemente expuesto, la CORTE \u00a0 SUPREMA \u00a0DE \u00a0JUSTICIA, SALA DE CASACI\u00d3N PENAL, \u00a0\u00a0<\/p>\n<p>R \u00a0E \u00a0S \u00a0U \u00a0E \u00a0L \u00a0V \u00a0E \u00a0\u00a0<\/p>\n<p>1.\u00a0 \u00a0 \u00a0 \u00a0 \u00a0 DECLARAR \u00a0extinguida \u00a0la \u00a0presente acci\u00f3n \u00a0penal \u00a0por \u00a0muerte \u00a0del \u00a0procesado \u00a0SEVERIANO \u00a0HERN\u00c1N \u00a0FRANCO \u00a0RAM\u00cdREZ, \u00a0En \u00a0consecuencia, \u00a0se \u00a0cesa \u00a0toda actuaci\u00f3n procesal respecto del \u00a0mismo. \u00a0\u00a0<\/p>\n<p>2.\u00a0 \u00a0Por \u00a0Secretar\u00eda \u00a0se l\u00edbrense las \u00a0correspondientes comunicaciones sobre esta determinaci\u00f3n. \u00a0\u00a0<\/p>\n<p>3. \u00a0Ejecutoriada \u00a0la \u00a0presente \u00a0providencia, \u00a0env\u00edese las diligencias al Tribunal de origen. \u00a0\u00a0<\/p>\n<p>C\u00f3piese, \u00a0 \u00a0 \u00a0notif\u00edquese \u00a0 \u00a0 \u00a0y \u00a0c\u00famplase. \u00a0\u00a0<\/p>\n<p>ALFREDO G\u00d3MEZ QUINTERO \u00a0<\/p>\n<p>Cita medica \u00a0<\/p>\n<p>SIGIFREDO \u00a0 ESPINOSA \u00a0 P\u00c9REZ \u00a0\u00a0 \u00a0 \u00a0 \u00a0 \u00a0 \u00a0 \u00a0\u00a0 \u00a0\u00a0 \u00a0MAR\u00cdA \u00a0DEL ROSARIO GONZ\u00c1LEZ DE LEMOS \u00a0\u00a0<\/p>\n<p>AUGUSTO \u00a0 J. \u00a0IBA\u00d1EZ \u00a0GUZM\u00c1N \u00a0\u00a0 \u00a0 \u00a0 \u00a0 \u00a0 \u00a0 \u00a0\u00a0 \u00a0 \u00a0 \u00a0\u00a0 \u00a0 \u00a0JORGE \u00a0 \u00a0LUIS \u00a0 \u00a0QUINTERO \u00a0MILAN\u00c9S \u00a0 \u00a0 \u00a0\u00a0 \u00a0\u00a0 \u00a0\u00a0 \u00a0\u00a0 \u00a0 \u00a0 \u00a0 \u00a0 \u00a0 \u00a0\u00a0 \u00a0 \u00a0\u00a0<\/p>\n<p>YESID \u00a0 \u00a0RAM\u00cdREZ \u00a0 BASTIDAS \u00a0\u00a0 \u00a0 \u00a0 \u00a0 \u00a0 \u00a0 \u00a0\u00a0 \u00a0 \u00a0 \u00a0\u00a0 \u00a0 \u00a0JULIO \u00a0 \u00a0ENRIQUE \u00a0 \u00a0SOCHA \u00a0SALAMANCA \u00a0\u00a0 \u00a0\u00a0 \u00a0\u00a0 \u00a0\u00a0 \u00a0\u00a0 \u00a0 \u00a0 \u00a0 \u00a0 \u00a0 \u00a0\u00a0 \u00a0 \u00a0\u00a0<\/p>\n<p>MAURO \u00a0 \u00a0SOLARTE \u00a0 \u00a0PORTILLA \u00a0\u00a0 \u00a0 \u00a0 \u00a0 \u00a0 \u00a0 \u00a0\u00a0 \u00a0 \u00a0 \u00a0\u00a0 \u00a0 \u00a0 JAVIER\u00a0 \u00a0 \u00a0 ZAPATA \u00a0ORT\u00cdZ \u00a0\u00a0<\/p>\n<p>TERESA RU\u00cdZ NU\u00d1EZ \u00a0<\/p>\n<p>\u00a0 \u00a0\u00a0 \u00a0\u00a0 \u00a0\u00a0 \u00a0\u00a0 \u00a0 \u00a0 \u00a0 \u00a0 \u00a0 \u00a0\u00a0 \u00a0\u00a0 \u00a0 \u00a0 \u00a0 \u00a0 \u00a0 \u00a0 \u00a0 \u00a0\u00a0 \u00a0 \u00a0 \u00a0 \u00a0\u00a0 \u00a0 \u00a0 \u00a0 \u00a0\u00a0 \u00a0 \u00a0 \u00a0 \u00a0\u00a0\u00a0\u00a0\u00a0\u00a0\u00a0\u00a0\u00a0\u00a0 \u00a0Secretaria \u00a0 \u00a0\u00a0<\/p>\n<p><\/p>\n","protected":false},"excerpt":{"rendered":"<p>\u00a0 \u00a0 Proceso No 26267 \u00a0 CORTE SUPREMA DE JUSTICIA \u00a0 SALA DE CASACI\u00d3N PENAL \u00a0 Magistrado Ponente: \u00a0 JORGE \u00a0LUIS \u00a0QUINTERO \u00a0MILAN\u00c9S \u00a0\u00a0 Aprobado \u00a0 acta \u00a0 N\u00b0 \u00a0181 \u00a0\u00a0 Bogot\u00e1, \u00a0 D. \u00a0 C., \u00a0veintis\u00e9is \u00a0(26) \u00a0de \u00a0septiembre de dos mil siete (2007). \u00a0\u00a0 V \u00a0 I \u00a0 S \u00a0 TO \u00a0 S [&hellip;]<\/p>\n","protected":false},"author":1,"featured_media":0,"comment_status":"open","ping_status":"open","sticky":false,"template":"","format":"standard","meta":{"footnotes":""},"categories":[15],"tags":[],"class_list":["post-13123","post","type-post","status-publish","format-standard","hentry","category-15"],"_links":{"self":[{"href":"https:\/\/dmsjuridica.com\/buscador_20179478954\/salapenalcronologico20230723\/wp-json\/wp\/v2\/posts\/13123","targetHints":{"allow":["GET"]}}],"collection":[{"href":"https:\/\/dmsjuridica.com\/buscador_20179478954\/salapenalcronologico20230723\/wp-json\/wp\/v2\/posts"}],"about":[{"href":"https:\/\/dmsjuridica.com\/buscador_20179478954\/salapenalcronologico20230723\/wp-json\/wp\/v2\/types\/post"}],"author":[{"embeddable":true,"href":"https:\/\/dmsjuridica.com\/buscador_20179478954\/salapenalcronologico20230723\/wp-json\/wp\/v2\/users\/1"}],"replies":[{"embeddable":true,"href":"https:\/\/dmsjuridica.com\/buscador_20179478954\/salapenalcronologico20230723\/wp-json\/wp\/v2\/comments?post=13123"}],"version-history":[{"count":0,"href":"https:\/\/dmsjuridica.com\/buscador_20179478954\/salapenalcronologico20230723\/wp-json\/wp\/v2\/posts\/13123\/revisions"}],"wp:attachment":[{"href":"https:\/\/dmsjuridica.com\/buscador_20179478954\/salapenalcronologico20230723\/wp-json\/wp\/v2\/media?parent=13123"}],"wp:term":[{"taxonomy":"category","embeddable":true,"href":"https:\/\/dmsjuridica.com\/buscador_20179478954\/salapenalcronologico20230723\/wp-json\/wp\/v2\/categories?post=13123"},{"taxonomy":"post_tag","embeddable":true,"href":"https:\/\/dmsjuridica.com\/buscador_20179478954\/salapenalcronologico20230723\/wp-json\/wp\/v2\/tags?post=13123"}],"curies":[{"name":"wp","href":"https:\/\/api.w.org\/{rel}","templated":true}]}}