{"id":12975,"date":"2023-09-08T21:04:32","date_gmt":"2023-09-08T21:04:32","guid":{"rendered":"https:\/\/dmsjuridica.com\/buscador_20179478954\/salapenalcronologico20230723\/2023\/09\/08\/2589814-03-07\/"},"modified":"2023-09-08T21:04:32","modified_gmt":"2023-09-08T21:04:32","slug":"2589814-03-07","status":"publish","type":"post","link":"https:\/\/dmsjuridica.com\/buscador_20179478954\/salapenalcronologico20230723\/2023\/09\/08\/2589814-03-07\/","title":{"rendered":"25898(14-03-07)"},"content":{"rendered":"\n<p>\u00a0 \u00a0 Proceso No 25898 \u00a0<\/p>\n<p>CORTE SUPREMA DE JUSTICIA \u00a0<\/p>\n<p>SALA DE CASACI\u00d3N PENAL \u00a0<\/p>\n<p>Magistrado Ponente \u00a0<\/p>\n<p>\u00a0\u00a0\u00a0\u00a0\u00a0\u00a0\u00a0\u00a0\u00a0\u00a0\u00a0\u00a0\u00a0\u00a0\u00a0\u00a0\u00a0\u00a0\u00a0\u00a0\u00a0\u00a0\u00a0\u00a0\u00a0\u00a0\u00a0\u00a0\u00a0\u00a0\u00a0 \u00a0JULIO ENRIQUE SOCHA SALAMANCA \u00a0\u00a0<\/p>\n<p>\u00a0\u00a0\u00a0\u00a0\u00a0\u00a0\u00a0\u00a0\u00a0\u00a0\u00a0\u00a0\u00a0\u00a0\u00a0\u00a0\u00a0\u00a0\u00a0\u00a0\u00a0\u00a0\u00a0\u00a0\u00a0\u00a0\u00a0\u00a0\u00a0\u00a0\u00a0\u00a0\u00a0\u00a0\u00a0\u00a0\u00a0\u00a0 \u00a0Aprobado Acta No.36 \u00a0\u00a0<\/p>\n<p>Bogot\u00e1 \u00a0D. \u00a0C., catorce (14) de marzo de dos \u00a0mil siete (2007). \u00a0\u00a0<\/p>\n<p>VISTOS \u00a0<\/p>\n<p>Procede \u00a0la \u00a0Sala a rendir el concepto que en \u00a0derecho \u00a0corresponda, en relaci\u00f3n con la solicitud de extradici\u00f3n hecha por el \u00a0Gobierno \u00a0de \u00a0los \u00a0Estados \u00a0Unidos de Am\u00e9rica del ciudadano colombiano, ERMINSO \u00a0CUEVAS CABRERA. \u00a0\u00a0<\/p>\n<p>ANTECEDENTES \u00a0<\/p>\n<p>1. Con la Nota Verbal No. 0709 del 21 de marzo \u00a0de \u00a02006, la Embajada de los Estados Unidos de Am\u00e9rica en Colombia solicit\u00f3 la \u00a0detenci\u00f3n \u00a0provisional \u00a0con fines de extradici\u00f3n de ERMINSO CUEVAS CABRERA, la \u00a0cual \u00a0fue \u00a0decretada por el se\u00f1or Fiscal General de la Naci\u00f3n el 18 de abril y \u00a0notificada \u00a0al requerido en el sitio de reclusi\u00f3n, el 24 de mayo del mismo a\u00f1o \u00a0de 2006. \u00a0\u00a0<\/p>\n<p>2. Con la Nota Verbal 1794 del 21 de julio de \u00a02006, \u00a0la \u00a0misma \u00a0Embajada \u00a0de \u00a0los \u00a0Estados \u00a0Unidos \u00a0formaliz\u00f3 la solicitud de \u00a0extradici\u00f3n. \u00a0\u00a0<\/p>\n<p>Argument\u00f3 \u00a0acerca \u00a0de \u00a0los hechos, que desde \u00a0comienzos \u00a0de \u00a01997 \u00a0ERMINSO \u00a0CUEVAS \u00a0CABRERA \u00a0ha \u00a0servido \u00a0como asociado de las \u00a0Fuerzas \u00a0Armadas \u00a0Revolucionarias \u00a0de \u00a0Colombia, \u00a0tambi\u00e9n conocidas como \u201clas \u00a0FARC\u201d, \u00a0una \u00a0organizaci\u00f3n \u00a0terrorista \u00a0extranjera \u00a0seg\u00fan lo se\u00f1alado por la \u00a0Secretar\u00eda de Estado de los Estados Unidos. \u00a0\u00a0<\/p>\n<p>Dice, \u00a0que \u00a0la investigaci\u00f3n ha revelado que \u00a0entre \u00a0los \u00a0a\u00f1os \u00a0de\u00a0 \u00a02001 a 2004, CUEVAS CABRERA manej\u00f3 laboratorios de \u00a0coca\u00edna \u00a0para \u00a0el \u00a0Frente \u00a014 \u00a0de \u00a0las \u00a0FARC \u00a0y \u00a0supervis\u00f3 \u00a0la \u00a0producci\u00f3n \u00a0y \u00a0distribuci\u00f3n \u00a0de \u00a0cientos de miles de kilogramos de coca\u00edna; adem\u00e1s, que como \u00a0asociado \u00a0de \u00a0las \u00a0FARC \u00a0suministr\u00f3 \u00a0ese \u00a0alcaloide \u00a0a varias organizaciones de \u00a0tr\u00e1fico \u00a0de \u00a0narc\u00f3ticos, \u00a0las cuales lo transportaron a los Estados Unidos y a \u00a0otros \u00a0lugares, y compr\u00f3 grandes cantidades de pasta de coca\u00edna a miembros del \u00a0Frente \u00a014 \u00a0de \u00a0las \u00a0FARC, \u00a0convirti\u00e9ndola \u00a0en \u00a0coca\u00edna \u00a0como \u00a0producto final. \u00a0\u00a0<\/p>\n<p>Solicitud \u00a0que \u00a0acompa\u00f1\u00f3 de los siguientes \u00a0anexos: \u00a0\u00a0<\/p>\n<p>2.1. Declaraci\u00f3n del Fiscal Federal Adjunto \u00a0NEIL \u00a0M. \u00a0BAROFSKY \u00a0de \u00a0la Oficina del Fiscal Federal del Distrito Meridional de \u00a0New York. \u00a0\u00a0<\/p>\n<p>Explica \u00a0c\u00f3mo \u00a0se \u00a0conforma un Gran Jurado, \u00a0cu\u00e1l \u00a0es \u00a0el \u00a0procedimiento que sigue para dictar una acusaci\u00f3n precisando los \u00a0requisitos \u00a0formales \u00a0que \u00a0ella \u00a0debe contener, evoca la conducta punible que se \u00a0atribuye \u00a0a \u00a0ERMINSO \u00a0CUEVAS \u00a0CABRERA determinando el contenido y alcance de sus \u00a0elementos constitutivos. \u00a0\u00a0<\/p>\n<p>Aclara, \u00a0que \u00a0pese a que en la acusaci\u00f3n se \u00a0alega \u00a0que \u00a0la \u00a0conducta empez\u00f3 en 1985 y que en la declaraci\u00f3n jurada se hace \u00a0referencia \u00a0a pruebas de actividades antecedentes que ocurrieron antes del 17 de \u00a0diciembre \u00a0de \u00a01997, \u00a0las \u00a0pruebas \u00a0en \u00a0que \u00a0se \u00a0apoyar\u00e1 la comprobaci\u00f3n de la \u00a0conducta delictiva imputada sucedieron despu\u00e9s de es fecha. \u00a0\u00a0<\/p>\n<p>2.2. Acusaci\u00f3n sustitutiva No. 04-446 (TFH), \u00a0dictada \u00a0el \u00a01\u00ba \u00a0de \u00a0marzo de 2006, en la Corte Distrital de los Estados Unidos \u00a0para \u00a0el \u00a0Distrito \u00a0de \u00a0Columbia, \u00a0mediante la cual atribuye a CUEVAS CABRERA el \u00a0cargo \u00a0de \u00a0conspiraci\u00f3n para importar a los Estados Unidos desde un lugar fuera \u00a0del \u00a0mismo \u00a05 \u00a0kilogramos \u00a0o \u00a0m\u00e1s de coca\u00edna, y para elaborar y distribuir una \u00a0cantidad \u00a0similar \u00a0de \u00a0esa sustancia sabiendo que ser\u00eda importada a los Estados \u00a0Unidos. \u00a0\u00a0<\/p>\n<p>Adicionalmente, \u00a0describe el proceso que, en \u00a0t\u00e9rminos \u00a0 generales, \u00a0 se \u00a0cumple \u00a0en \u00a0Colombia \u00a0desde \u00a0el \u00a0cultivo \u00a0hasta \u00a0el \u00a0procesamiento de base de coca hasta la obtenci\u00f3n de la coca\u00edna. \u00a0\u00a0<\/p>\n<p>Hace \u00a0una \u00a0s\u00edntesis \u00a0de \u00a0la \u00a0creaci\u00f3n \u00a0y \u00a0funcionamiento \u00a0de \u00a0las \u00a0Fuerzas Armadas Revolucionarias de Colombia \u201cFARC\u201d, \u00a0organizaci\u00f3n \u00a0que, \u00a0dice, \u00a0en \u00a0octubre \u00a0de \u00a01997 \u00a0y \u00a0m\u00e1s recientemente el 2 de \u00a0octubre \u00a0de \u00a02003, \u00a0el Secretario de Estado de los Estados Unidos de Am\u00e9rica la \u00a0design\u00f3 \u00a0como \u00a0organizaci\u00f3n \u00a0terrorista \u00a0extranjera \u00a0conforme \u00a0al \u00a0T\u00edtulo \u00a08, \u00a0Secci\u00f3n 1189 del C\u00f3digo de los Estados Unidos. \u00a0\u00a0<\/p>\n<p>Describe su estructura, as\u00ed: \u00a0<\/p>\n<p>En \u00a0la \u00a0c\u00faspide, \u00a0dice, \u00a0se \u00a0encuentra \u00a0la \u00a0Secretar\u00eda \u00a0integrada por 7 de sus l\u00edderes del m\u00e1s alto nivel que tienen a su \u00a0cargo \u00a0las \u00a0decisiones \u00a0finales \u00a0de \u00a0la organizaci\u00f3n, la cual est\u00e1 al mando de \u00a0PEDRO \u00a0ANTONIO \u00a0MAR\u00cdN, al\u00edas \u201cMANUEL MARULANDA V\u00c9LEZ, alias \u201cTIROFIJO\u201d, \u00a0comandante \u00a0supremo \u00a0de las FARC; relaciona, adicionalmente, a sus seis miembros \u00a0restantes. \u00a0\u00a0<\/p>\n<p>El \u00a0cuerpo central del gobierno de las FARC, \u00a0aduce, \u00a0es el Estado Mayor o Consejo General que est\u00e1 directamente debajo de la \u00a0Secretar\u00eda, \u00a0conformado \u00a0por \u00a0sus \u00a0siete miembros y aproximadamente 20 personas \u00a0m\u00e1s, \u00a0entre \u00a0ellos, \u00a0los \u00a0Comandantes de Bloque, Comandantes de Frente de mayor \u00a0cargo \u00a0y por otras personas con liderazgo en el movimiento. Enlista las personas \u00a0del Estado Mayor que hicieron parte de la conspiraci\u00f3n. \u00a0\u00a0<\/p>\n<p>Adem\u00e1s, \u00a0 afirma, \u00a0 est\u00e1 \u00a0compuesta \u00a0por \u00a0aproximadamente \u00a077 frentes y columnas m\u00f3viles llamadas colectivamente Frentes, \u00a0los \u00a0cuales \u00a0se \u00a0les \u00a0designa \u00a0por \u00a0n\u00fameros \u00a0o \u00a0nombres. \u00a0Cada \u00a0uno de ellos es \u00a0responsable \u00a0de \u00a0todas \u00a0las \u00a0actividades \u00a0del \u00e1rea que controla, incluyendo las \u00a0relacionadas \u00a0con \u00a0la \u00a0elaboraci\u00f3n \u00a0y \u00a0distribuci\u00f3n \u00a0de \u00a0coca\u00edna \u00a0y \u00a0pasta de \u00a0coca\u00edna, y est\u00e1 dirigido por un Comandante. \u00a0\u00a0<\/p>\n<p>Cada Comandante de Frente, advera, cuenta con \u00a0la \u00a0asistencia de uno o varios funcionarios de finanzas encargados de supervisar \u00a0los \u00a0asuntos \u00a0financieros, \u00a0entre \u00a0ellos, \u00a0los \u00a0atinentes \u00a0a \u00a0la \u00a0elaboraci\u00f3n y \u00a0distribuci\u00f3n de estupefacientes. \u00a0\u00a0<\/p>\n<p>Tambi\u00e9n les colaboran aliados encargados de \u00a0trabajar \u00a0con \u00a0los \u00a0Frentes \u00a0en \u00a0la \u00a0comercializaci\u00f3n \u00a0de \u00a0narc\u00f3ticos \u00a0y en la \u00a0elaboraci\u00f3n \u00a0de coca\u00edna y el intercambio de la droga por armas de fuego. Entre \u00a0otros, \u00a0ERMINSO \u00a0CUEVAS CABRERA, alias \u201cMincho\u201d y JUAN JOS\u00c9 MART\u00cdNEZ VEGA, \u00a0alias \u201cGentil Alves Pati\u00f1o\u201d. \u00a0\u00a0<\/p>\n<p>Los \u00a0Frentes \u00a0como \u00a0las \u00a0Columnas \u00a0M\u00f3viles, \u00a0expresa, \u00a0est\u00e1n \u00a0organizadas \u00a0dentro \u00a0de celdas geogr\u00e1ficas llamadas Bloques o \u00a0Comandos \u00a0Conjuntos. \u00a0Todos \u00a0los \u00a0Comandantes \u00a0de \u00a0Frente \u00a0deben reportarse a la \u00a0Jefatura \u00a0del \u00a0respectivo \u00a0Bloque, la cual est\u00e1 integrada por un grupo peque\u00f1o \u00a0de \u00a0 l\u00edderes \u00a0 que \u00a0 componen \u00a0 el \u00a0Estado \u00a0Mayor \u00a0de \u00a0cada \u00a0Bloque \u00a0denominado \u00a0Comandante\u00a0 \u00a0 de \u00a0 Bloque. \u00a0 Relaciona \u00a0 los \u00a0 bloques \u00a0que \u00a0conforman \u00a0las \u00a0FARC. \u00a0\u00a0<\/p>\n<p>Precisa las siguientes actividades realizadas \u00a0por \u00a0las \u00a0FARC \u00a0durante \u00a0el transcurso de los a\u00f1os para convertirse en la mayor \u00a0proveedora de coca\u00edna de los Estados Unidos y del mundo. \u00a0\u00a0<\/p>\n<p>a. \u00a0 Al \u00a0 principio \u00a0 se \u00a0dedicaron \u00a0a \u00a0la \u00a0comercializaci\u00f3n \u00a0de \u00a0coca\u00edna y pasta de coca\u00edna cobrando un \u201cimpuesto\u201d a \u00a0quienes \u00a0estaban \u00a0involucrados \u00a0en \u00a0su \u00a0producci\u00f3n \u00a0dentro \u00a0del \u00a0territorio que \u00a0controlaban \u00a0a \u00a0cambio \u00a0de \u00a0proteger \u00a0a \u00a0los traficantes de drogas contra robos, \u00a0permitir \u00a0el \u00a0movimiento de pasta de coca\u00edna dentro del territorio controlado y \u00a0escoltar \u00a0a \u00a0las \u00a0cargas \u00a0de \u00a0coca\u00edna \u00a0durante \u00a0su \u00a0transporte desde las selvas \u00a0colombianas \u00a0a \u00a0los \u00a0puntos \u00a0de \u00a0embarque \u00a0hacia \u00a0los \u00a0Estados \u00a0Unidos \u00a0y \u00a0otros \u00a0lugares. \u00a0\u00a0<\/p>\n<p>b. \u00a0A \u00a0partir \u00a0de \u00a0la \u00a0d\u00e9cada \u00a0del \u00a090 \u00a0y \u00a0continuando \u00a0hasta \u00a0la \u00a0fecha \u00a0de la acusaci\u00f3n, mientras se gravaba a todos los \u00a0aspectos \u00a0de \u00a0la comercializaci\u00f3n de la coca\u00edna, adquirieron una funci\u00f3n m\u00e1s \u00a0activa en la producci\u00f3n de la pasta de coca\u00edna y la coca\u00edna. \u00a0\u00a0<\/p>\n<p>Empezaron a actuar como intermediarias entre \u00a0los \u00a0 campesinos \u00a0 productores \u00a0 de \u00a0pasta \u00a0de \u00a0coca\u00edna \u00a0y \u00a0las \u00a0organizaciones \u00a0transportadoras \u00a0de \u00a0coca\u00edna \u00a0que \u00a0la distribu\u00edan a los Estados Unidos y otras \u00a0partes del mundo. \u00a0\u00a0<\/p>\n<p>Se \u00a0declararon \u00a0las \u00a0\u00fanicas \u00a0compradoras de \u00a0pasta de coca\u00edna en el frente o zona geogr\u00e1fica que controlaba. \u00a0\u00a0<\/p>\n<p>Obtenido \u00a0el monopolio de la compra de pasta \u00a0de \u00a0coca\u00edna \u00a0la \u00a0Jefatura \u00a0de \u00a0las\u00a0 FARC fijaba el precio que pagar\u00eda por \u00a0ella \u00a0a los campesinos, luego la vend\u00eda a las organizaciones transportadoras de \u00a0coca\u00edna \u00a0por \u00a0el \u00a0precio \u00a0que \u00a0ella \u00a0establec\u00eda, o la llevaba a un laboratorio \u00a0operado, \u00a0controlado \u00a0o \u00a0supervisado \u00a0por \u00a0ellas \u00a0en \u00a0donde \u00a0era transformada en \u00a0coca\u00edna \u00a0y \u00a0entregada \u00a0a \u00a0las \u00a0organizaciones transportadoras que la sacaban de \u00a0Colombia \u00a0 y \u00a0 la \u00a0 llevaban \u00a0a \u00a0los \u00a0Estados \u00a0Unidos \u00a0y \u00a0a \u00a0otros \u00a0lugares \u00a0del \u00a0mundo. \u00a0\u00a0<\/p>\n<p>c. \u00a0Los \u00a0diferentes \u00a0Frentes coordinaban sus \u00a0actividades \u00a0de producci\u00f3n y distribuci\u00f3n de coca\u00edna y pasta de coca\u00edna, los \u00a0ubicados \u00a0en \u00a0las \u00a0fronteras de Colombia eran los responsables de transportar la \u00a0coca\u00edna \u00a0fuera \u00a0del \u00a0pa\u00eds \u00a0y \u00a0de \u00a0facilitar su intercambio por las armas y las \u00a0provisiones \u00a0 que \u00a0 las \u00a0 FARC \u00a0 usaban \u00a0para \u00a0llevar \u00a0a \u00a0cabo \u00a0sus \u00a0actividades \u00a0il\u00edcitas. \u00a0\u00a0<\/p>\n<p>d. \u00a0A \u00a0partir \u00a0de \u00a0los \u00a0\u00faltimos a\u00f1os de la \u00a0d\u00e9cada \u00a0de \u00a0los \u00a090 \u00a0aproximadamente, \u00a0las FARC participaron directamente en la \u00a0importaci\u00f3n \u00a0 de \u00a0coca\u00edna \u00a0en \u00a0los \u00a0Estados \u00a0Unidos \u00a0y \u00a0Europa, \u00a0establecieron \u00a0v\u00ednculos \u00a0directos \u00a0con organizaciones distribuidoras de coca\u00edna a los Estados \u00a0Unidos y Europa. \u00a0\u00a0<\/p>\n<p>Por \u00a0orden \u00a0del \u00a0Secretariado \u00a0y \u00a0el Estados \u00a0Mayor, \u00a0tras \u00a0una \u00a0reuni\u00f3n \u00a0de \u00a0los \u00a0l\u00edderes \u00a0de \u00a0las \u00a0FARC, \u00a0cada \u00a0Frente era \u00a0responsable \u00a0de \u00a0sus \u00a0propias \u00a0finanzas \u00a0y \u00a0deb\u00eda \u00a0pagar una contribuci\u00f3n a la \u00a0Secretar\u00eda \u00a0y \u00a0al \u00a0Estado \u00a0Mayor a trav\u00e9s de la producci\u00f3n y distribuci\u00f3n de \u00a0pasta de coca\u00edna. \u00a0\u00a0<\/p>\n<p>e. \u00a0Al \u00a0controlar la producci\u00f3n de pasta de \u00a0coca\u00edna \u00a0y \u00a0coca\u00edna, \u00a0las \u00a0FARC \u00a0compitieron con una organizaci\u00f3n paramilitar \u00a0derechista \u00a0de \u00a0Colombia llamada Autodefensas Unidas de Colombia \u201cAUC\u201d, para \u00a0adquirir \u00a0el \u00a0control \u00a0de \u00a0la compra de pasta de coca\u00edna de los campesinos y el \u00a0derecho \u00a0de \u00a0\u201cgravar\u201d \u00a0a \u00a0las \u00a0transacciones \u00a0de \u00a0coca\u00edna que ten\u00edan lugar \u00a0dentro de su territorio. \u00a0\u00a0<\/p>\n<p>Actualmente, \u00a0precisa, \u00a0las \u00a0FARC \u00a0controlan \u00a0aproximadamente \u00a0 el \u00a0 70% \u00a0 de \u00a0 la \u00a0 coca \u00a0 cultivada \u00a0 en \u00a0Colombia, \u00a0produce \u00a0aproximadamente \u00a0el \u00a080% \u00a0de la provisi\u00f3n mundial de coca\u00edna y aproximadamente \u00a0el 90% de coca\u00edna que se importa a los Estados Unidos. \u00a0\u00a0<\/p>\n<p>Concreta \u00a0los \u00a0siguientes \u00a0actos manifiestos \u00a0realizados por el solicitado dentro del concierto: \u00a0\u00a0<\/p>\n<p>Desde 1999 o aproximadamente desde ese a\u00f1o, \u00a0hasta \u00a0inclusive \u00a0o \u00a0hasta \u00a0aproximadamente \u00a0ese a\u00f1o, el acusado ERMINSO CUEVAS \u00a0CABRERA, \u00a0alias \u00a0\u201cMincho\u201d, \u00a0fue aliado de las FARC, administr\u00f3 laboratorios \u00a0de \u00a0coca\u00edna \u00a0para \u00a0el \u00a0Frente \u00a014 \u00a0de \u00a0las \u00a0FARC \u00a0y supervis\u00f3 la producci\u00f3n y \u00a0distribuci\u00f3n \u00a0de \u00a0cientos \u00a0de miles de kilogramos de coca\u00edna. En esa funci\u00f3n, \u00a0cometi\u00f3, entre otros, los siguientes actos manifiestos: \u00a0\u00a0<\/p>\n<p>\u201c(i) Desde 1999 o aproximadamente desde ese \u00a0a\u00f1o, \u00a0hasta \u00a02001 \u00a0inclusive o hasta aproximadamente ese a\u00f1o, el acusado JOS\u00c9 \u00a0BENITO \u00a0CABRERA \u00a0CUEVAS, \u00a0alias \u00a0\u201cFabi\u00e1n \u00a0Ram\u00edrez\u201d, \u00a0orden\u00f3 que se usaran \u00a0ingresos \u00a0de \u00a0las \u00a0FARC \u00a0para \u00a0comprar \u00a0equipos \u00a0destinados \u00a0a un laboratorio de \u00a0coca\u00edna \u00a0que \u00a0el \u00a0acusado \u00a0ERMINSO \u00a0CUEVAS \u00a0CABRERA, alias \u201cMincho\u201d, estaba \u00a0operando. \u00a0\u00a0<\/p>\n<p>\u201c(ii) \u00a0En el 2000 o aproximadamente en ese \u00a0a\u00f1o, \u00a0la \u00a0funcionaria \u00a0de finanzas del Frente 14 de las FARC acumul\u00f3 toneladas \u00a0de \u00a0pasta \u00a0de coca\u00edna que ella hab\u00eda comprado en nombre del Frente 14\u00ba de las \u00a0FARC \u00a0y \u00a0la entreg\u00f3 al acusado ERMINSO CUEVAS CABRERA, alias \u201cMincho\u201d, para \u00a0que la convirtiera en coca\u00edna. \u00a0\u00a0<\/p>\n<p>\u201c(iii) \u00a0Desde \u00a0el \u00a02001 \u00a0o aproximadamente \u00a0desde \u00a0ese \u00a0a\u00f1o, \u00a0hasta el 2004 inclusive, o hasta aproximadamente ese a\u00f1o, en \u00a0calidad \u00a0de operador de un laboratorio de coca\u00edna para las FARC, ERMINSO CUEVAS \u00a0CABRERA, \u00a0alias \u00a0\u201cMincho\u201d, convirti\u00f3 en coca\u00edna unas dos toneladas y media \u00a0de \u00a0 pasta \u00a0 de \u00a0 coca\u00edna. \u00a0 Esto \u00a0lo \u00a0hizo \u00a0aproximadamente \u00a0varias \u00a0veces \u00a0al \u00a0mes. \u00a0\u00a0<\/p>\n<p>\u201c(iv) \u00a0 Desde \u00a0 el \u00a0 a\u00f1o \u00a0 de \u00a0 2001, \u00a0aproximadamente, \u00a0hasta \u00a0finales \u00a0de \u00a02004 \u00a0aproximadamente, \u00a0el acusado ERMINSO \u00a0CUEVAS \u00a0CABRERA, \u00a0alias \u00a0\u201cMincho\u201d, convirti\u00f3 toneladas de pasta de coca\u00edna \u00a0de \u00a0propiedad \u00a0de \u00a0las \u00a0FARC \u00a0en \u00a0sus \u00a0laboratorios \u00a0y \u00a0proporcion\u00f3 el producto \u00a0terminado \u00a0de \u00a0la coca (coca\u00edna) a organizaciones transportadoras de drogas que \u00a0fueron \u00a0 identificadas \u00a0por \u00a0el \u00a0acusado \u00a0JOS\u00c9 \u00a0BENITO \u00a0CABRERA \u00a0CUEVAS, \u00a0alias \u00a0\u201cFabi\u00e1n \u00a0Ram\u00edrez\u201d, \u00a0quien \u00a0luego \u00a0se \u00a0encarg\u00f3 de enviar la coca\u00edna a los \u00a0Estados Unidos y a otras partes. \u00a0\u00a0<\/p>\n<p>\u201c(v) \u00a0 \u00a0Desde \u00a0 el \u00a0 a\u00f1o \u00a0 de \u00a0 2001, \u00a0aproximadamente, \u00a0hasta fines de 2004 aproximadamente, el acusado ERMINSO CUEVAS \u00a0CABRERA, \u00a0alias \u00a0\u201cMincho\u201d, \u00a0env\u00edo \u00a0regularmente \u00a0miles de millones de pesos \u00a0colombianos \u00a0a la funcionaria de finanzas del Frente 14 de las FARC para pagarle \u00a0la pasta de coca\u00edna. \u00a0\u00a0<\/p>\n<p>\u201c(vi) \u00a0 Desde \u00a0 el \u00a0 a\u00f1o \u00a0 de \u00a0 2000, \u00a0aproximadamente, \u00a0hasta \u00a0fines \u00a0de \u00a02003 \u00a0aproximadamente, \u00a0obrando de acuerdo a \u00a0instrucciones \u00a0impartidas \u00a0por \u00a0la \u00a0funcionaria de finanzas del Frente 14 de las \u00a0FARC \u00a0y otros, un coconspirador, cuyo nombre no aparece en el presente documento \u00a0como \u00a0acusado\u00a0 \u00a0(\u201cCC-2\u201d), en m\u00e1s de 50 ocasiones transport\u00f3 toneladas \u00a0de \u00a0coca\u00edna \u00a0de propiedad de las FARC desde los laboratorios controlados por el \u00a0acusado ERMINSO CUEVAS CABRERA, alias \u201cMincho\u201d. \u00a0\u00a0<\/p>\n<p>2.3. En su declaraci\u00f3n el Agente Especial de \u00a0la \u00a0DEA, \u00a0DANIEL \u00a0J. \u00a0DYER, \u00a0refiere \u00a0que \u00a0la \u00a0investigaci\u00f3n descubri\u00f3 que los \u00a0inculpados \u00a0son \u00a0l\u00edderes \u00a0y \u00a0socios \u00a0de \u00a0las \u00a0FARC, \u00a0habiendo participado en un \u00a0concierto \u00a0con \u00a0las \u00a0jerarcas de las FARC para fabricar y distribuir millares de \u00a0toneladas \u00a0de \u00a0coca\u00edna \u00a0en \u00a0Colombia con el conocimiento y la intenci\u00f3n de que \u00a0ser\u00edan importadas a los Estados Unidos \u00a0\u00a0<\/p>\n<p>Relaciona los elementos de prueba tenientes a \u00a0demostrar \u00a0el \u00a0funcionamiento \u00a0del \u00a0concierto \u00a0y \u00a0la \u00a0participaci\u00f3n \u00a0en \u00e9l del \u00a0requerido. \u00a0\u00a0<\/p>\n<p>Efect\u00faa un resumen id\u00e9ntico al contenido en \u00a0la \u00a0acusaci\u00f3n \u00a0acerca \u00a0de la estructura de las FARC, de los m\u00e9todos utilizados \u00a0en \u00a0el \u00a0devenir del tiempo para convertirse en la mayor abastecedora de coca\u00edna \u00a0de \u00a0los \u00a0Estados Unidos y del mundo, y de los actos ejecutados por el solicitado \u00a0que evidencian su participaci\u00f3n en el delito que se le atribuye. \u00a0\u00a0<\/p>\n<p>Aporta, \u00a0los \u00a0datos \u00a0que \u00a0posee \u00a0sobre \u00a0la \u00a0identidad del reclamado. \u00a0\u00a0<\/p>\n<p>3. \u00a0El Ministerio del Interior y de Justicia \u00a0envi\u00f3 \u00a0el \u00a0expediente \u00a0a \u00a0esta \u00a0Sala para lo de su competencia, dentro del cual \u00a0est\u00e1 \u00a0el \u00a0concepto \u00a0de su hom\u00f3logo de Relaciones Exteriores atinente a que por \u00a0no \u00a0existir \u00a0tratado \u00a0de extradici\u00f3n aplicable procede obrar de conformidad con \u00a0el ordenamiento procesal penal colombiano. \u00a0\u00a0<\/p>\n<p>4. \u00a0Negadas \u00a0las \u00a0pruebas \u00a0pedidas \u00a0por \u00a0el \u00a0defensor \u00a0del \u00a0requerido, \u00a0se \u00a0corri\u00f3 traslado a los intervinientes para alegar \u00a0habi\u00e9ndolo \u00a0hecho \u00a0tan \u00a0s\u00f3lo \u00a0el Procurador Primero Delegado para la Casaci\u00f3n \u00a0Penal, \u00a0demandando \u00a0de \u00a0la \u00a0Sala \u00a0concepto \u00a0favorable \u00a0a \u00a0la entrega por estimar \u00a0reunidos los requisitos del 518 de la ley 600 de 2000. \u00a0\u00a0<\/p>\n<p>Da \u00a0por \u00a0acreditada \u00a0la validez formal de la \u00a0documentaci\u00f3n \u00a0al \u00a0encontrar \u00a0que \u00a0el \u00a0Gobierno de los Estados Unidos elev\u00f3 la \u00a0solicitud \u00a0a \u00a0trav\u00e9s \u00a0de \u00a0su \u00a0Embajada \u00a0en \u00a0nuestro \u00a0pa\u00eds, \u00a0y \u00a0que \u00a0sus anexos \u00a0determinan \u00a0con \u00a0exactitud los hechos que sostienen la reclamaci\u00f3n, aportan los \u00a0datos \u00a0 \u00a0sobre \u00a0 \u00a0la \u00a0 \u00a0identidad \u00a0 del \u00a0 requerido \u00a0 y \u00a0 las \u00a0 normas \u00a0 penales \u00a0transgredidas. \u00a0\u00a0<\/p>\n<p>Am\u00e9n, de que fueron traducidos al castellano \u00a0y autenticados por las autoridades extranjeras competentes. \u00a0\u00a0<\/p>\n<p>Del cotejo de los datos suministrados por la \u00a0petici\u00f3n \u00a0y \u00a0sus \u00a0anexos y los obtenidos con la notificaci\u00f3n de la resoluci\u00f3n \u00a0que \u00a0dispuso \u00a0la \u00a0captura \u00a0con fines de extradici\u00f3n, reiterados en el curso del \u00a0tr\u00e1mite; \u00a0concluye \u00a0que la persona que permanece en prisi\u00f3n por virtud de este \u00a0tr\u00e1mite \u00a0 es \u00a0 la \u00a0 misma \u00a0 que \u00a0fue \u00a0solicitada \u00a0por \u00a0los \u00a0Estados \u00a0Unidos \u00a0de \u00a0Am\u00e9rica. \u00a0\u00a0<\/p>\n<p>El \u00a0principio \u00a0de la doble incriminaci\u00f3n lo \u00a0considera \u00a0agotado afirmando que la conducta endilgada constituye en Colombia el \u00a0delito \u00a0de \u00a0concierto \u00a0para \u00a0delinquir \u00a0previsto en el art\u00edculo 340 del C\u00f3digo \u00a0Penal, \u00a0 sancionado \u00a0 con \u00a0 pena \u00a0privativa \u00a0de \u00a0la \u00a0libertad \u00a0mayor \u00a0de \u00a0cuatro \u00a0a\u00f1os. \u00a0\u00a0<\/p>\n<p>La \u00a0providencia \u00a0que soporta la petici\u00f3n la \u00a0estima \u00a0equivalente \u00a0a \u00a0la \u00a0resoluci\u00f3n de acusaci\u00f3n colombiana por se\u00f1alar la \u00a0conducta \u00a0imputada, \u00a0contener \u00a0su \u00a0calificaci\u00f3n \u00a0jur\u00eddica e indicar las normas \u00a0violadas. \u00a0\u00a0<\/p>\n<p>De \u00a0rendir concepto favorable pide a la Sala \u00a0en \u00a0garant\u00eda \u00a0de los derechos fundamentales del requerido, exhortar al Gobierno \u00a0Nacional \u00a0para \u00a0que \u00a0condicione la entrega a que el se\u00f1or CUEVAS no sea juzgado \u00a0por \u00a0hechos \u00a0anteriores \u00a0al \u00a017 \u00a0de \u00a0diciembre \u00a0de \u00a01997, \u00a0ni condenado a cadena \u00a0perpetua, \u00a0ni \u00a0sometido \u00a0a penas diferentes a las que se le hubieren impuesto en \u00a0la \u00a0condena, \u00a0y \u00a0si \u00a0la \u00a0legislaci\u00f3n de los Estados Unidos sanciona con pena de \u00a0muerte \u00a0la \u00a0conducta \u00a0delictiva \u00a0que \u00a0motiva la solicitud, la entrega se realice \u00a0bajo \u00a0la \u00a0condici\u00f3n \u00a0que \u00a0dicha \u00a0pena \u00a0sea \u00a0conmutada \u00a0de \u00a0conformidad \u00a0con los \u00a0art\u00edculo \u00a0512 \u00a0del \u00a0C\u00f3digo \u00a0de \u00a0Procedimiento Penal de 2000, 11, 12 y 34 de la \u00a0Carta Pol\u00edtica, y 494 de la ley 906 de 2004. \u00a0\u00a0<\/p>\n<p>CONSIDERACIONES DE LA SALA \u00a0<\/p>\n<p>1. \u00a0Como \u00a0no \u00a0existe tratado de extradici\u00f3n \u00a0aplicable \u00a0entre Colombia y los Estados Unidos de Am\u00e9rica al tenor del criterio \u00a0del \u00a0Ministerio \u00a0de \u00a0Relaciones \u00a0Exteriores, \u00a0la \u00a0solicitud \u00a0de extradici\u00f3n del \u00a0ciudadano \u00a0colombiano \u00a0ERMINSO \u00a0CUEVAS \u00a0CABRERA \u00a0se \u00a0disciplina \u00a0por el tr\u00e1mite \u00a0previsto \u00a0en \u00a0el \u00a0C\u00f3digo \u00a0Procesal \u00a0Penal de 2000, en atenci\u00f3n a que los actos \u00a0reveladores \u00a0 de \u00a0 su \u00a0participaci\u00f3n \u00a0en \u00a0el \u00a0delito \u00a0imputado \u00a0ocurrieron \u00a0con \u00a0precedencia al 1\u00ba de enero de 2005. \u00a0\u00a0<\/p>\n<p>2. \u00a0La Sala rendir\u00e1 concepto favorable a la \u00a0entrega \u00a0por \u00a0concurrir \u00a0los \u00a0presupuestos \u00a0del \u00a0art\u00edculo \u00a0520 \u00a0del \u00a0mencionado \u00a0Estatuto, \u00a0coincidiendo con el an\u00e1lisis de ellos hecho por el se\u00f1or Agente del \u00a0Ministerio P\u00fablico. \u00a0\u00a0<\/p>\n<p>2.1. \u00a0 \u00a0 VALIDEZ \u00a0 \u00a0FORMAL \u00a0 \u00a0DE \u00a0 \u00a0LA \u00a0DOCUMENTACI\u00d3N. \u00a0\u00a0<\/p>\n<p>El Gobierno de los Estados Unidos de Am\u00e9rica \u00a0present\u00f3 \u00a0la \u00a0solicitud \u00a0de \u00a0extradici\u00f3n de ERMINSO CUEVAS CABRERA mediante su \u00a0Embajada \u00a0en \u00a0nuestro \u00a0pa\u00eds, \u00a0es \u00a0decir, por v\u00eda diplom\u00e1tica; adem\u00e1s, anex\u00f3 \u00a0copia \u00a0de la acusaci\u00f3n sustitutiva No. 04-446 (TFH), dictada el 1\u00ba de marzo de \u00a02006, \u00a0en \u00a0la \u00a0Corte \u00a0Distrital de los Estados Unidos de Columbia; declaraciones \u00a0rendidas \u00a0en \u00a0apoyo por el Fiscal Federal Adjunto NEIL M. BAROFSKY de la Oficina \u00a0del \u00a0Fiscal Federal del Distrito Meridional de New York, y el Agente Especial de \u00a0la \u00a0DEA \u00a0DANIEL \u00a0J. \u00a0DYER, \u00a0y \u00a0copia \u00a0de \u00a0las \u00a0disposiciones penales sustantivas \u00a0supuestamente contravenidas. \u00a0\u00a0<\/p>\n<p>Documentos \u00a0 que \u00a0 con \u00a0 claridad \u00a0indican \u00a0exactamente \u00a0los hechos que originaron la petici\u00f3n de extradici\u00f3n y el lugar y \u00a0la fecha en que fueron ejecutados. \u00a0\u00a0<\/p>\n<p>Seg\u00fan la nota diplom\u00e1tica que formaliz\u00f3 el \u00a0requerimiento \u00a0y \u00a0la \u00a0resoluci\u00f3n de acusaci\u00f3n, desde comienzos de 1997 ERMINSO \u00a0CUEVAS \u00a0CABRERA \u00a0ha servido como asociado de las Fuerzas Armadas Revolucionarias \u00a0de \u00a0Colombia, \u00a0tambi\u00e9n \u00a0conocidas \u00a0como \u00a0\u201clas \u00a0FARC\u201d. \u00a0En desarrollo de esa \u00a0funci\u00f3n \u00a0entre \u00a0el \u00a02001 \u00a0y \u00a0el \u00a02004, manej\u00f3 laboratorios de coca\u00edna para el \u00a0Frente \u00a014 de las FARC y supervis\u00f3 la producci\u00f3n y distribuci\u00f3n de cientos de \u00a0miles \u00a0de kilogramos de esa sustancia; adem\u00e1s, suministr\u00f3 coca\u00edna a varias de \u00a0las \u00a0organizaciones \u00a0traficantes \u00a0de \u00a0narc\u00f3ticos, las cuales la transportaron a \u00a0los \u00a0Estados \u00a0Unidos y a otros lugares, y compr\u00f3 grandes cantidades de pasta de \u00a0coca\u00edna \u00a0a \u00a0miembros del Frente 14 de las FARC convirti\u00e9ndola en coca\u00edna como \u00a0producto final. \u00a0\u00a0<\/p>\n<p>En particular, la resoluci\u00f3n de acusaci\u00f3n y \u00a0el \u00a0testimonio \u00a0del \u00a0Agente de Especial de la DEA describen los siguientes actos \u00a0orientados \u00a0a evidenciar el actuar de las FARC en el tr\u00e1fico de estupefacientes \u00a0a \u00a0 \u00a0Estados \u00a0 \u00a0Unidos, \u00a0 \u00a0y \u00a0 \u00a0la \u00a0 \u00a0participaci\u00f3n \u00a0 del \u00a0 requerido \u00a0 en \u00a0 el \u00a0concierto. \u00a0\u00a0<\/p>\n<p>Sintetizan \u00a0el \u00a0proceso \u00a0que \u00a0se \u00a0surte \u00a0en \u00a0Colombia \u00a0para \u00a0el \u00a0procesamiento de coca\u00edna partiendo de la recolecci\u00f3n de la \u00a0hoja \u00a0 de \u00a0 coca, \u00a0hace \u00a0un \u00a0bosquejo \u00a0acerca \u00a0de \u00a0la \u00a0creaci\u00f3n, \u00a0estructura \u00a0y \u00a0funcionamiento \u00a0de \u00a0las FARC, movimiento del cual, dice, el 2 de octubre de 2003 \u00a0el \u00a0Secretario \u00a0de \u00a0Estado \u00a0de \u00a0los \u00a0Estados Unidos de Am\u00e9rica la design\u00f3 como \u00a0organizaci\u00f3n \u00a0terrorista \u00a0extranjera de conformidad al T\u00edtulo 8, Secci\u00f3n 1189 \u00a0del \u00a0C\u00f3digo \u00a0de \u00a0los \u00a0Estados \u00a0Unidos, \u00a0individualizan \u00a0los diferentes m\u00e9todos \u00a0utilizados \u00a0por \u00a0ella \u00a0en \u00a0el \u00a0decurso \u00a0del \u00a0tiempo \u00a0para \u00a0lucrarse del tr\u00e1fico \u00a0il\u00edcito \u00a0 de \u00a0 estupefacientes \u00a0 hasta \u00a0convertirse \u00a0en \u00a0la \u00a0abastecedora \u00a0m\u00e1s \u00a0importante \u00a0 de \u00a0 coca\u00edna \u00a0de \u00a0los \u00a0Estados \u00a0Unidos \u00a0y \u00a0del \u00a0mundo, \u00a0denota \u00a0el \u00a0procedimiento \u00a0para\u00a0 \u00a0la toma de decisiones al interior de la organizaci\u00f3n \u00a0y \u00a0 \u00a0la \u00a0 \u00a0participaci\u00f3n \u00a0 en \u00a0 el \u00a0 concierto \u00a0 de \u00a0 los \u00a0 distintos \u00a0 cuadros \u00a0directivos. \u00a0\u00a0<\/p>\n<p>Atribuye a ERMINSO CUEVAS CABRERA ser uno de \u00a0los \u00a0aliados \u00a0de \u00a0las FARC en la comercializaci\u00f3n y elaboraci\u00f3n de coca\u00edna, y \u00a0en concreto participar en los siguientes actos del concierto: \u00a0\u00a0<\/p>\n<p>Desde 1999 o aproximadamente desde ese a\u00f1o, \u00a0hasta \u00a02001 \u00a0inclusive \u00a0o \u00a0hasta \u00a0aproximadamente ese a\u00f1o, JOS\u00c9 BENITO CABRERA \u00a0CUEVAS, \u00a0alias \u201cFabi\u00e1n Ram\u00edrez\u201d, orden\u00f3 el uso de ingresos econ\u00f3micos de \u00a0las \u00a0FARC \u00a0para \u00a0comprar \u00a0equipos \u00a0destinados \u00a0a \u00a0un laboratorio de coca\u00edna que \u00a0ERMINSO CUEVAS CABRERA, estaba operando. \u00a0\u00a0<\/p>\n<p>En el 2000 o aproximadamente en ese a\u00f1o, la \u00a0funcionaria \u00a0de \u00a0finanzas \u00a0del \u00a0Frente \u00a014 de las FARC entreg\u00f3 a CUEVAS CABRERA \u00a0toneladas \u00a0de \u00a0pasta \u00a0de coca\u00edna que hab\u00eda comprado en nombre del Frente 14 de \u00a0las FARC, para que las convirtiera en coca\u00edna. \u00a0\u00a0<\/p>\n<p>Desde \u00a0el \u00a02001 \u00a0o aproximadamente desde ese \u00a0a\u00f1o, \u00a0hasta \u00a0el \u00a02004 inclusive o hasta aproximadamente ese a\u00f1o, en calidad de \u00a0operador \u00a0de \u00a0un \u00a0laboratorio \u00a0de coca\u00edna para las FARC, ERMINSO CUEVAS CABRERA \u00a0convirti\u00f3 \u00a0en \u00a0coca\u00edna \u00a0unas \u00a0dos \u00a0toneladas \u00a0y \u00a0media \u00a0de \u00a0pasta de coca\u00edna, \u00a0actividad que realiz\u00f3 varias veces al mes. \u00a0\u00a0<\/p>\n<p>Desde el a\u00f1o de 2001, aproximadamente, hasta \u00a0finales \u00a0de \u00a02004 \u00a0aproximadamente \u00a0convirti\u00f3 toneladas de pasta de coca\u00edna de \u00a0propiedad \u00a0de \u00a0las FARC en sus laboratorios y proporcion\u00f3 el producto terminado \u00a0de \u00a0la \u00a0coca \u00a0a \u00a0organizaciones \u00a0transportadoras \u00a0de \u00a0drogas indicadas por JOS\u00c9 \u00a0BENITO \u00a0CABRERA CUEVAS, alias \u201cFabi\u00e1n Ram\u00edrez\u201d, quien luego se encarg\u00f3 de \u00a0enviarlo a los Estados Unidos y a otras partes. \u00a0\u00a0<\/p>\n<p>Desde el a\u00f1o de 2001, aproximadamente, hasta \u00a0fines \u00a0de \u00a02004 \u00a0aproximadamente, env\u00edo regularmente miles de millones de pesos \u00a0colombianos \u00a0a la funcionaria de finanzas del Frente 14 de las FARC para pagarle \u00a0la pasta de coca\u00edna. \u00a0\u00a0<\/p>\n<p>Desde el a\u00f1o de 2000, aproximadamente, hasta \u00a0fines \u00a0de \u00a02003 \u00a0aproximadamente, \u00a0obrando de acuerdo a instrucciones impartidas \u00a0por \u00a0la \u00a0funcionaria \u00a0de \u00a0finanzas \u00a0del \u00a0Frente \u00a014 \u00a0de \u00a0las \u00a0FARC \u00a0y \u00a0otros, un \u00a0coconspirador, \u00a0 cuyo \u00a0 nombre \u00a0 no \u00a0 aparece \u00a0en \u00a0el \u00a0presente \u00a0documento \u00a0como \u00a0acusado\u00a0 \u00a0(\u201cCC-2\u201d), \u00a0en \u00a0m\u00e1s \u00a0de 50 ocasiones transport\u00f3 toneladas de \u00a0coca\u00edna \u00a0de \u00a0propiedad \u00a0de \u00a0las \u00a0FARC \u00a0desde \u00a0los \u00a0laboratorios controlados por \u00a0 \u00a0 \u00a0\u00a0 \u00a0 \u00a0\u00a0 \u00a0 \u00a0\u00a0 \u00a0 \u00a0\u00a0CUEVAS CABRERA. \u00a0\u00a0<\/p>\n<p>Documentos \u00a0que \u00a0adem\u00e1s \u00a0de \u00a0evidenciar los \u00a0actos \u00a0que originaron la solicitud, denotan que la conducta punible fue cometida \u00a0al \u00a0menos \u00a0parcialmente \u00a0en \u00a0los \u00a0Estados \u00a0Unidos \u00a0de \u00a0Am\u00e9rica, \u00a0cumpliendo \u00a0la \u00a0exigencia \u00a0del \u00a0art\u00edculo \u00a035 \u00a0Superior \u00a0relativa \u00a0a \u00a0que para ser procedente la \u00a0extradici\u00f3n los hechos han de ocurrir en el exterior. \u00a0\u00a0<\/p>\n<p>Requisito \u00a0que \u00a0al \u00a0ser \u00a0interpretado, \u00a0como \u00a0corresponde, \u00a0 \u00a0con \u00a0 \u00a0arreglo \u00a0 a \u00a0 los \u00a0 principios \u00a0 de \u00a0 territorialidad \u00a0 y \u00a0extraterritorialidad \u00a0definidos y desarrollados por los art\u00edculos 14 y 16 de la \u00a0ley \u00a0599 de 2000, aplicables en nuestro ordenamiento jur\u00eddico interno por hacer \u00a0parte \u00a0del \u00a0derecho internacional seg\u00fan el art\u00edculo 90 de la Carta; denotan su \u00a0presencia \u00a0 cuando \u00a0 los \u00a0hechos \u00a0han \u00a0sucedido \u00a0as\u00ed \u00a0sea \u00a0parcialmente \u00a0en \u00a0el \u00a0exterior. \u00a0\u00a0<\/p>\n<p>Desde esta perspectiva viene insistiendo que \u00a0en \u00a0 el \u00a0delito \u00a0de \u00a0concierto \u00a0para \u00a0delinquir \u00a0dirigido \u00a0a \u00a0la \u00a0comisi\u00f3n \u00a0del \u00a0narcotr\u00e1fico, \u00a0 no \u00a0 s\u00f3lo \u00a0 resultan \u00a0involucradas \u00a0las \u00a0personas \u00a0previamente \u00a0concertadas \u00a0para \u00a0esos \u00a0efectos, \u00a0sino \u00a0adem\u00e1s \u00a0los diferentes pa\u00edses en cuyo \u00a0territorio \u00a0se \u00a0ejecutan \u00a0los \u00a0actos \u00a0que \u00a0evidencian \u00a0su \u00a0configuraci\u00f3n, el de \u00a0origen, \u00a0los \u00a0de \u00a0tr\u00e1nsito y el de destino, fundada en las hip\u00f3tesis previstas \u00a0en \u00a0el \u00a0art\u00edculo \u00a014 del C\u00f3digo Penal para determinar el sitio de la comisi\u00f3n \u00a0del \u00a0delito, \u00a0el \u00a0lugar de desarrollo total o parcial de la acci\u00f3n, en donde se \u00a0debi\u00f3 \u00a0realizar \u00a0la \u00a0acci\u00f3n \u00a0omitida y el lugar en el cual se produjo o debi\u00f3 \u00a0producir el resultado. \u00a0\u00a0<\/p>\n<p>Y, como atr\u00e1s se vio en este caso los actos \u00a0demostrativos \u00a0del \u00a0concierto \u00a0fueron \u00a0ejecutados tanto en territorio colombiano \u00a0como en el de los Estados Unidos de Am\u00e9rica. \u00a0\u00a0<\/p>\n<p>Ahora, los anexos suministran la informaci\u00f3n \u00a0necesaria \u00a0 para \u00a0 comprobar \u00a0 la \u00a0identidad \u00a0del \u00a0solicitado \u00a0y \u00a0contienen \u00a0las \u00a0disposiciones penales sustantivas supuestamente violadas. \u00a0\u00a0<\/p>\n<p>Adem\u00e1s, \u00a0por obrar autenticados a la luz de \u00a0las \u00a0directrices \u00a0del \u00a0art\u00edculo\u00a0 \u00a0259 \u00a0del C\u00f3digo de Procedimiento Civil, \u00a0deben \u00a0ser \u00a0considerados \u00a0otorgados \u00a0de \u00a0acuerdo \u00a0con \u00a0el ordenamiento jur\u00eddico \u00a0interno de esa Naci\u00f3n. \u00a0\u00a0<\/p>\n<p>As\u00ed, \u00a0el Director Asociado de la Oficina de \u00a0Asuntos \u00a0Internacionales \u00a0de \u00a0la \u00a0Divisi\u00f3n \u00a0de \u00a0lo \u00a0Penal \u00a0del \u00a0Departamento de \u00a0Justicia \u00a0de \u00a0los \u00a0Estados Unidos, JASON E. CARTER, certific\u00f3 que copias fieles \u00a0de \u00a0los \u00a0testimonios \u00a0rendidos por el Fiscal Federal Adjunto NEIL M. BAROFSKY de \u00a0la \u00a0Oficina \u00a0del \u00a0Fiscal \u00a0Federal \u00a0del \u00a0Distrito Meridional de New Yok, y por el \u00a0Agente \u00a0Especial \u00a0de \u00a0la \u00a0DEA, \u00a0DANIEL J. DYER, son conservadas por los archivos \u00a0oficiales del Departamento de Justicia en Washington. \u00a0\u00a0<\/p>\n<p>El Procurador de los Estados Unidos, ALBERTO \u00a0R. \u00a0GONZ\u00c1LES, \u00a0hizo \u00a0constar que para ese entonces JASON E. CARTER desempe\u00f1aba \u00a0el \u00a0cargo \u00a0de \u00a0Director \u00a0de \u00a0lo \u00a0Penal, \u00a0Departamento de Justicia de los Estados \u00a0Unidos \u00a0de \u00a0Am\u00e9rica; \u00a0quien \u00a0con \u00a0ese \u00a0prop\u00f3sito \u00a0hizo \u00a0estampar \u00a0el sello del \u00a0Departamento \u00a0de \u00a0Justicia \u00a0y \u00a0solicit\u00f3 \u00a0al \u00a0Director \u00a0Adjunto de la Oficina de \u00a0Asuntos Internacionales diera fe de su firma. \u00a0\u00a0<\/p>\n<p>La \u00a0Secretaria \u00a0de \u00a0Estado \u00a0CONDOLEZZA RICE, \u00a0certific\u00f3 \u00a0que al documento anexo le fueron fijados los sellos del Departamento \u00a0de \u00a0Justicia de los Estados Unidos y de Autenticaciones de dicho Departamento en \u00a0Washington, y que PATRICK O. HATCHETT firm\u00f3 en su nombre. \u00a0\u00a0<\/p>\n<p>El \u00a0C\u00f3nsul de Colombia en Washington MAR\u00cdA \u00a0DE \u00a0LOS \u00a0\u00c1NGELES \u00a0BARRAZA, \u00a0autentic\u00f3 la firma de PATRICK O. HATCHETT mientras \u00a0que \u00a0la \u00a0suya \u00a0fue \u00a0abonada \u00a0por \u00a0el \u00a0Jefe \u00a0de Autenticaciones del Ministerio de \u00a0Relaciones Exteriores. \u00a0\u00a0<\/p>\n<p>Reunidos \u00a0como \u00a0fueron \u00a0los \u00a0requisitos \u00a0del \u00a0art\u00edculo \u00a0 513 \u00a0 de \u00a0 la \u00a0 ley \u00a0 600 \u00a0 de \u00a02000, \u00a0se \u00a0da \u00a0por \u00a0satisfecho \u00a0este \u00a0requisito. \u00a0\u00a0<\/p>\n<p>2.2. \u00a0 \u00a0 PLENA \u00a0 \u00a0 IDENTIDAD \u00a0 \u00a0 DEL \u00a0REQUERIDO. \u00a0\u00a0<\/p>\n<p>Sopesando \u00a0los \u00a0datos \u00a0entregados \u00a0por \u00a0la \u00a0Embajada \u00a0 de \u00a0 los \u00a0 Estados \u00a0Unidos \u00a0inicialmente \u00a0para \u00a0pedir \u00a0la \u00a0detenci\u00f3n \u00a0provisional \u00a0 y \u00a0 despu\u00e9s \u00a0 para \u00a0 formalizar \u00a0 la \u00a0solicitud \u00a0de \u00a0extradici\u00f3n \u00a0conjuntamente \u00a0con \u00a0sus anexos, y los averiguados con motivo de la notificaci\u00f3n \u00a0de \u00a0la resoluci\u00f3n de captura que fueron ratificados en desarrollo del tr\u00e1mite, \u00a0es \u00a0evidente \u00a0que \u00a0la \u00a0persona \u00a0que \u00a0est\u00e1 privada de la libertad por cuenta del \u00a0expediente \u00a0es \u00a0la \u00a0misma \u00a0que \u00a0es \u00a0reclamada \u00a0en \u00a0extradici\u00f3n \u00a0por los Estados \u00a0Unidos. \u00a0\u00a0<\/p>\n<p>En la nota diplom\u00e1tica por medio de la cual \u00a0se \u00a0solicit\u00f3 \u00a0la \u00a0captura con prop\u00f3sitos de la extradici\u00f3n se inform\u00f3 que el \u00a0requerido \u00a0responde \u00a0al nombre de ERMINSO CUEVAS CABRERA, tambi\u00e9n conocido como \u00a0\u201cMincho\u201d, \u00a0nacido \u00a0el \u00a016 de septiembre de 1960, e identificado con la c. de \u00a0c. \u00a0No. \u00a096.328.518; \u00a0datos \u00a0que \u00a0fueron \u00a0reiterados \u00a0por \u00a0la \u00a0nota \u00a0verbal \u00a0que \u00a0formaliz\u00f3 \u00a0la \u00a0reclamaci\u00f3n, e incluidos en la resoluci\u00f3n a trav\u00e9s de la cual \u00a0el \u00a0se\u00f1or \u00a0Fiscal \u00a0General de la Naci\u00f3n dispuso la captura, y corroborados por \u00a0los testimonios rendidos en apoyo de la reclamaci\u00f3n. \u00a0\u00a0<\/p>\n<p>En \u00a0las \u00a0actas \u00a0acerca \u00a0de \u00a0los derechos del \u00a0capturado \u00a0y de notificaci\u00f3n personal de la resoluci\u00f3n que dispuso la captura, \u00a0el \u00a0aprehendido se identific\u00f3 con el nombre de ERMINSO CUEVAS CABRERA con\u00a0 \u00a0la misma c\u00e9dula de ciudadan\u00eda reportada. \u00a0\u00a0<\/p>\n<p>Lo mismo ha hecho en el curso del tr\u00e1mite al \u00a0instante \u00a0de \u00a0otorgar \u00a0poder a un abogado y al notificarse de las decisiones que \u00a0ha adoptado la Sala. \u00a0\u00a0<\/p>\n<p>Como \u00a0si lo anterior no bastara, DANIEL DYER \u00a0afirma \u00a0que \u00a0la fotograf\u00eda anexada ha sido reconocida por ex integrantes de las \u00a0FARC \u00a0como \u00a0la \u00a0que \u00a0corresponde \u00a0al \u00a0mismo \u00a0CUEVAS \u00a0que \u00a0es \u00a0mencionado \u00a0en \u00a0la \u00a0declaraci\u00f3n; \u00a0igualmente, \u00a0lo \u00a0reconocieron en la fotograf\u00eda del capturado que \u00a0est\u00e1 \u00a0en \u00a0poder \u00a0de \u00a0las \u00a0autoridades \u00a0colombianas \u00a0como al mismo CUEVAS que es \u00a0requerido en extradici\u00f3n. \u00a0\u00a0<\/p>\n<p>Sin obrar hesitaciones sobre la identidad del \u00a0solicitado, se da por acreditado este presupuesto. \u00a0\u00a0<\/p>\n<p>2.3. \u00a0 \u00a0EL \u00a0 PRINCIPIO \u00a0 DE \u00a0 LA \u00a0 DOBLE \u00a0INCRIMINACI\u00d3N. \u00a0\u00a0<\/p>\n<p>En \u00a0la \u00a0resoluci\u00f3n \u00a0sustitutiva \u00a0No. 04-446 \u00a0(TFH), \u00a0dictada \u00a0el \u00a01\u00ba \u00a0de marzo de 2006, en la Corte Distrital de los Estados \u00a0Unidos \u00a0para \u00a0el \u00a0Distrito \u00a0de \u00a0Columbia, \u00a0se \u00a0acusa \u00a0a \u00a0ERMINSO CUEVAS CABRERA, \u00a0de: \u00a0\u00a0<\/p>\n<p>\u201cPRIMERA IMPUTACI\u00d3N \u00a0<\/p>\n<p>\u201cDesde \u00a01985 \u00a0o \u00a0alrededor \u00a0de \u00a0ese a\u00f1o e \u00a0incluso \u00a0hasta \u00a0el \u00a0presente, \u00a0en \u00a0Colombia \u00a0y \u00a0en \u00a0otras \u00a0partes, PEDRO ANTONIO \u00a0MAR\u00cdN\u2026\u2026., \u00a0 LUIS \u00a0 EDGAR \u00a0 DEVIA \u00a0SILVA\u2026.., \u00a0LUCIANO \u00a0MAR\u00cdN \u00a0ARANGO\u2026., \u00a0GUILLERMO \u00a0LE\u00d3N \u00a0SAENZ \u00a0VARGAS\u2026\u2026, \u00a0MANUEL \u00a0MU\u00d1OZ ORT\u00cdZ\u2026., V\u00cdCTOR JULIO \u00a0SU\u00c1REZ \u00a0ROJAS\u2026\u2026., \u00a0RODRIGO \u00a0LONDO\u00d1O \u00a0ECHEVERRY\u2026\u2026., \u00a0MARCELINO TRUJILLO \u00a0BUSTOS\u2026\u2026.\u2026..ERMINSO \u00a0CUEVAS \u00a0CABRERA, \u00a0alias \u00a0\u201cMincho\u201d\u2026.., \u00a0y \u00a0otras \u00a0personas \u00a0que \u00a0el \u00a0Jurado \u00a0de \u00a0Acusaci\u00f3n \u00a0conoce \u00a0o \u00a0desconoce, \u00a0il\u00edcitamente, \u00a0intencionadamente \u00a0y \u00a0a \u00a0sabiendas se combinaron, conspiraron, se asociaron y se \u00a0pusieron \u00a0de \u00a0acuerdo \u00a0en conjunto y entre cada uno de ellos, para infringir las \u00a0leyes de antinarc\u00f3ticos de los Estados Unidos. \u00a0\u00a0<\/p>\n<p>\u201c2. \u00a0 Uno \u00a0 de \u00a0 los \u00a0 objetivos \u00a0de \u00a0la \u00a0conspiraci\u00f3n, \u00a0que \u00a0efectivamente \u00a0se \u00a0cumpli\u00f3, \u00a0fue \u00a0que todos los acusados y \u00a0otras \u00a0personas que el Jurado de Acusaci\u00f3n conoce y desconoce, importaron a los \u00a0Estados \u00a0Unidos desde un lugar fuera del mismo una sustancia prohibida, a saber, \u00a0cinco \u00a0kilogramos \u00a0o \u00a0m\u00e1s \u00a0de \u00a0mezclas \u00a0y \u00a0sustancias \u00a0conteniendo una cantidad \u00a0detectable \u00a0de \u00a0coca\u00edna, en violaci\u00f3n a las Secciones 812, 952 y 960 (a) (1) y \u00a0(b) (1) (A) del T\u00edtulo 21 del C\u00f3digo de los Estados Unidos. \u00a0\u00a0<\/p>\n<p>\u201c3. \u00a0 Otro \u00a0 de \u00a0 los \u00a0objetivos \u00a0de \u00a0la \u00a0conspiraci\u00f3n, \u00a0que \u00a0tambi\u00e9n \u00a0efectivamente \u00a0se \u00a0cumpli\u00f3, \u00a0fue \u00a0que \u00a0todos los \u00a0acusados \u00a0y \u00a0otras \u00a0personas \u00a0que \u00a0el \u00a0Jurado \u00a0de Acusaci\u00f3n conoce y desconoce, \u00a0elaboraran \u00a0y distribuyeran una sustancia prohibida, a saber, cinco kilogramos o \u00a0m\u00e1s \u00a0de mezclas, compuestos y sustancias conteniendo una cantidad detectable de \u00a0coca\u00edna \u00a0y \u00a0de \u00a0hojas \u00a0de coca, intencionalmente y sabiendo que dicha sustancia \u00a0prohibida \u00a0ser\u00eda \u00a0importada il\u00edcitamente a los Estados Unidos, en violaci\u00f3n a \u00a0las \u00a0Secciones \u00a0959, 960 (a) (3) y 960 (b) (1) (B) del T\u00edtulo 21 del C\u00f3digo de \u00a0los Estados Unidos.\u201d . \u00a0\u00a0<\/p>\n<p>\u201c(Conspiraci\u00f3n \u00a0 \u00a0 aplicable \u00a0 \u00a0 a \u00a0narc\u00f3ticos, \u00a0\u00a0<\/p>\n<p>\u201cen \u00a0violaci\u00f3n \u00a0del T\u00edtulo 21, Secciones \u00a0952, 959, 960, y 963 del C\u00f3digo de los Estados Unidos)\u201d. \u00a0\u00a0<\/p>\n<p>\u00a0 \u00a0\u00a0 \u00a0\u00a0 \u00a0\u00a0El delito de conspiraci\u00f3n para importar \u00a0a \u00a0los \u00a0Estados \u00a0Unidos \u00a0desde \u00a0un \u00a0lugar fuera del mismo 5 kilogramos o m\u00e1s de \u00a0coca\u00edna, \u00a0y \u00a0para elaborar y distribuir igual cantidad de esa misma sustancia a \u00a0sabiendas \u00a0que \u00a0ser\u00eda \u00a0importada a los Estados Unidos; en Colombia configura la \u00a0conducta \u00a0punible denominada concierto para delinquir con prop\u00f3sitos de cometer \u00a0el \u00a0delito \u00a0de \u00a0tr\u00e1fico de estupefacientes, descrita por el art\u00edculo 340 de la \u00a0ley \u00a0599 \u00a0de \u00a02000, \u00a0modificada \u00a0por \u00a0la \u00a0ley 733 de 2002 y recientemente por el \u00a0art\u00edculo \u00a019 \u00a0de la ley 1121 de 2006, reprimida con prisi\u00f3n de 8 a 18 a\u00f1os de \u00a0prisi\u00f3n. \u00a0\u00a0<\/p>\n<p>Dado \u00a0que \u00a0la \u00a0conducta \u00a0imputada \u00a0a CUEVAS \u00a0CABRERA \u00a0en \u00a0Estados Unidos tambi\u00e9n es punible en Colombia y castigada con pena \u00a0privativa \u00a0de \u00a0la \u00a0libertad \u00a0no inferior a cuatro a\u00f1os, se da por acreditado el \u00a0principio \u00a0de \u00a0la doble incriminaci\u00f3n en los t\u00e9rminos indicados por el numeral \u00a01 del art\u00edculo 511 de la ley 600 de 2000. \u00a0\u00a0<\/p>\n<p>2.4. EQUIVALENCIA DE LA PROVIDENCIA DICTADA \u00a0EN EL EXTERIOR. \u00a0\u00a0<\/p>\n<p>En \u00a0orden \u00a0a \u00a0las previsiones hechas por el \u00a0numeral \u00a02\u00ba del art\u00edculo 511 de la ley 600 de 2000, para que sea procedente la \u00a0extradici\u00f3n \u00a0es \u00a0necesario \u00a0que \u00a0el pa\u00eds reclamante haya dictado en contra del \u00a0solicitado resoluci\u00f3n de acusaci\u00f3n. \u00a0\u00a0<\/p>\n<p>Exigencia \u00a0observada \u00a0ya \u00a0que la acusaci\u00f3n \u00a0sustitutiva, \u00a0es \u00a0equivalente a la resoluci\u00f3n de acusaci\u00f3n reglamentada por el \u00a0art\u00edculo \u00a0398 \u00a0del \u00a0C\u00f3digo \u00a0Procesal Penal de 2000, por contener una relaci\u00f3n \u00a0sucinta \u00a0de \u00a0la \u00a0conducta \u00a0investigada, \u00a0su calificaci\u00f3n jur\u00eddico provisional, \u00a0adem\u00e1s \u00a0de \u00a0constituir \u00a0la \u00a0pieza \u00a0procesal \u00a0que \u00a0da \u00a0inicio \u00a0a \u00a0la \u00a0etapa \u00a0del \u00a0juzgamiento \u00a0dentro \u00a0de la cual el procesado podr\u00e1 defenderse de los cargos que \u00a0en \u00a0 ella \u00a0 se \u00a0 hacen, \u00a0y \u00a0que \u00a0termina \u00a0con \u00a0la \u00a0sentencia \u00a0que \u00a0pone \u00a0fin \u00a0al \u00a0proceso. \u00a0\u00a0<\/p>\n<p>Reunidos \u00a0como \u00a0est\u00e1n los requisitos de la \u00a0ley \u00a0procesal \u00a0penal, \u00a0la \u00a0Corte \u00a0emitir\u00e1 \u00a0concepto favorable a la reclamaci\u00f3n \u00a0exigiendo \u00a0al \u00a0Gobierno \u00a0Nacional \u00a0que \u00a0de \u00a0acoger \u00a0esta \u00a0opini\u00f3n condicione la \u00a0entrega \u00a0a \u00a0que el requerido sea juzgado por hechos cometidos despu\u00e9s del 17 de \u00a0diciembre \u00a0de \u00a01997, no sometido a penas de muerte, destierro, prisi\u00f3n perpetua \u00a0o \u00a0 confiscaci\u00f3n, \u00a0ni \u00a0desaparici\u00f3n \u00a0forzada \u00a0por \u00a0el \u00a0pa\u00eds \u00a0solicitante, \u00a0de \u00a0conformidad \u00a0 con \u00a0 lo \u00a0 dispuesto \u00a0 por \u00a0 los \u00a0 art\u00edculos \u00a0 12 \u00a0 y \u00a034 \u00a0de \u00a0la \u00a0Carta. \u00a0\u00a0<\/p>\n<p>Es importante reiterar que por virtud de lo \u00a0dispuesto \u00a0por \u00a0el \u00a0numeral \u00a02 \u00a0del \u00a0art\u00edculo \u00a0189 \u00a0Superior, le corresponde al \u00a0Gobierno \u00a0Nacional en cabeza del se\u00f1or Presidente de la Rep\u00fablica como supremo \u00a0director \u00a0de la pol\u00edtica exterior y de las relaciones internacionales, realizar \u00a0el \u00a0seguimiento \u00a0a \u00a0los \u00a0condicionamientos \u00a0que \u00a0imponga \u00a0a \u00a0la concesi\u00f3n de la \u00a0extradici\u00f3n \u00a0y \u00a0determinar \u00a0las \u00a0consecuencias \u00a0que \u00a0derivar\u00edan de su eventual \u00a0incumplimiento. \u00a0\u00a0<\/p>\n<p>Asimismo, \u00a0advertir \u00a0a \u00a0su hom\u00f3logo Estado \u00a0requirente \u00a0 que \u00a0el \u00a0solicitado \u00a0ha \u00a0permanecido \u00a0privado \u00a0de \u00a0la \u00a0libertad \u00a0en \u00a0detenci\u00f3n provisional por raz\u00f3n de este tr\u00e1mite. \u00a0\u00a0<\/p>\n<p>En \u00a0m\u00e9rito \u00a0de \u00a0lo \u00a0expuesto, \u00a0la \u00a0Sala de \u00a0Casaci\u00f3n Penal de la Corte Suprema de Justicia; \u00a0\u00a0<\/p>\n<p>CONCEPT\u00daA \u00a0 FAVORABLEMENTE \u00a0a la extradici\u00f3n de ERMINSO CUEVAS CABRERA alias \u201cMincho\u201d, de \u00a0anotaciones \u00a0civiles \u00a0y \u00a0conocidas \u00a0en el curso de la actuaci\u00f3n, por el cargo a \u00a0\u00e9l \u00a0atribuido \u00a0en la acusaci\u00f3n sustitutiva No. 04-446 (TFH), dictada el 1\u00ba de \u00a0marzo \u00a0de \u00a02006, en la Corte Distrital de los Estados Unidos para el Distrito de \u00a0Columbia, \u00a0\u00fanicamente \u00a0por los hechos sucedidos despu\u00e9s del 17 de diciembre de \u00a01997. \u00a0\u00a0<\/p>\n<p>ALFREDO G\u00d3MEZ QUINTERO \u00a0<\/p>\n<p>SIGIFREDO \u00a0 \u00a0 \u00a0 \u00a0 \u00a0ESPINOSA \u00a0P\u00c9REZ\u00a0\u00a0\u00a0\u00a0 ALVARO ORLANDO P\u00c9REZ PINZ\u00d3N \u00a0\u00a0<\/p>\n<p>Aclaraci\u00f3n de voto \u00a0<\/p>\n<p>MARINA \u00a0 \u00a0 \u00a0 \u00a0 PULIDO \u00a0 \u00a0 \u00a0 \u00a0DE \u00a0BAR\u00d3N\u00a0\u00a0\u00a0\u00a0\u00a0\u00a0\u00a0\u00a0 \u00a0 JORGE \u00a0 LUIS \u00a0 QUINTERO \u00a0MILAN\u00c9S \u00a0\u00a0<\/p>\n<p>YESID \u00a0 \u00a0 \u00a0 \u00a0 \u00a0 \u00a0RAM\u00cdREZ \u00a0BASTIDAS\u00a0\u00a0\u00a0\u00a0\u00a0\u00a0\u00a0\u00a0\u00a0 \u00a0 JULIO \u00a0 ENRIQUE \u00a0SOCHA SALAMANCA \u00a0\u00a0<\/p>\n<p>Permiso \u00a0<\/p>\n<p>MAURO \u00a0 \u00a0 \u00a0 \u00a0 \u00a0 \u00a0SOLARTE \u00a0PORTILLA\u00a0\u00a0\u00a0\u00a0\u00a0\u00a0\u00a0 \u00a0 \u00a0 \u00a0 \u00a0 JAVIER \u00a0 \u00a0 \u00a0 \u00a0 ZAPATA \u00a0ORT\u00cdZ \u00a0\u00a0<\/p>\n<p>TERESA RU\u00cdZ N\u00da\u00d1EZ \u00a0<\/p>\n<p>Secretaria \u00a0<\/p>\n<p>\u00a0 \u00a0\u00a0<\/p>\n<p><\/p>\n","protected":false},"excerpt":{"rendered":"<p>\u00a0 \u00a0 Proceso No 25898 \u00a0 CORTE SUPREMA DE JUSTICIA \u00a0 SALA DE CASACI\u00d3N PENAL \u00a0 Magistrado Ponente \u00a0 \u00a0\u00a0\u00a0\u00a0\u00a0\u00a0\u00a0\u00a0\u00a0\u00a0\u00a0\u00a0\u00a0\u00a0\u00a0\u00a0\u00a0\u00a0\u00a0\u00a0\u00a0\u00a0\u00a0\u00a0\u00a0\u00a0\u00a0\u00a0\u00a0\u00a0\u00a0 \u00a0JULIO ENRIQUE SOCHA SALAMANCA \u00a0\u00a0 \u00a0\u00a0\u00a0\u00a0\u00a0\u00a0\u00a0\u00a0\u00a0\u00a0\u00a0\u00a0\u00a0\u00a0\u00a0\u00a0\u00a0\u00a0\u00a0\u00a0\u00a0\u00a0\u00a0\u00a0\u00a0\u00a0\u00a0\u00a0\u00a0\u00a0\u00a0\u00a0\u00a0\u00a0\u00a0\u00a0\u00a0\u00a0 \u00a0Aprobado Acta No.36 \u00a0\u00a0 Bogot\u00e1 \u00a0D. \u00a0C., catorce (14) de marzo de dos \u00a0mil siete (2007). \u00a0\u00a0 VISTOS \u00a0 Procede \u00a0la \u00a0Sala a rendir el concepto que en \u00a0derecho [&hellip;]<\/p>\n","protected":false},"author":1,"featured_media":0,"comment_status":"open","ping_status":"open","sticky":false,"template":"","format":"standard","meta":{"footnotes":""},"categories":[15],"tags":[],"class_list":["post-12975","post","type-post","status-publish","format-standard","hentry","category-15"],"_links":{"self":[{"href":"https:\/\/dmsjuridica.com\/buscador_20179478954\/salapenalcronologico20230723\/wp-json\/wp\/v2\/posts\/12975","targetHints":{"allow":["GET"]}}],"collection":[{"href":"https:\/\/dmsjuridica.com\/buscador_20179478954\/salapenalcronologico20230723\/wp-json\/wp\/v2\/posts"}],"about":[{"href":"https:\/\/dmsjuridica.com\/buscador_20179478954\/salapenalcronologico20230723\/wp-json\/wp\/v2\/types\/post"}],"author":[{"embeddable":true,"href":"https:\/\/dmsjuridica.com\/buscador_20179478954\/salapenalcronologico20230723\/wp-json\/wp\/v2\/users\/1"}],"replies":[{"embeddable":true,"href":"https:\/\/dmsjuridica.com\/buscador_20179478954\/salapenalcronologico20230723\/wp-json\/wp\/v2\/comments?post=12975"}],"version-history":[{"count":0,"href":"https:\/\/dmsjuridica.com\/buscador_20179478954\/salapenalcronologico20230723\/wp-json\/wp\/v2\/posts\/12975\/revisions"}],"wp:attachment":[{"href":"https:\/\/dmsjuridica.com\/buscador_20179478954\/salapenalcronologico20230723\/wp-json\/wp\/v2\/media?parent=12975"}],"wp:term":[{"taxonomy":"category","embeddable":true,"href":"https:\/\/dmsjuridica.com\/buscador_20179478954\/salapenalcronologico20230723\/wp-json\/wp\/v2\/categories?post=12975"},{"taxonomy":"post_tag","embeddable":true,"href":"https:\/\/dmsjuridica.com\/buscador_20179478954\/salapenalcronologico20230723\/wp-json\/wp\/v2\/tags?post=12975"}],"curies":[{"name":"wp","href":"https:\/\/api.w.org\/{rel}","templated":true}]}}