{"id":12880,"date":"2023-09-08T21:04:27","date_gmt":"2023-09-08T21:04:27","guid":{"rendered":"https:\/\/dmsjuridica.com\/buscador_20179478954\/salapenalcronologico20230723\/2023\/09\/08\/2558914-11-07\/"},"modified":"2023-09-08T21:04:27","modified_gmt":"2023-09-08T21:04:27","slug":"2558914-11-07","status":"publish","type":"post","link":"https:\/\/dmsjuridica.com\/buscador_20179478954\/salapenalcronologico20230723\/2023\/09\/08\/2558914-11-07\/","title":{"rendered":"25589(14-11-07)"},"content":{"rendered":"\n<p>\u00a0 \u00a0 Proceso No 25589 \u00a0<\/p>\n<p>CORTE SUPREMA DE JUSTICIA \u00a0<\/p>\n<p>SALA DE CASACI\u00d3N PENAL \u00a0<\/p>\n<p>Magistrado Ponente: \u00a0<\/p>\n<p>JORGE \u00a0LUIS \u00a0QUINTERO \u00a0MILAN\u00c9S \u00a0\u00a0<\/p>\n<p>Aprobado acta N\u00b0\u00a0 224 \u00a0<\/p>\n<p>Bogot\u00e1, D. C., catorce (14) de noviembre de \u00a0dos mil siete (2007). \u00a0\u00a0<\/p>\n<p>V \u00a0 I \u00a0 S \u00a0 TO \u00a0 S \u00a0\u00a0<\/p>\n<p>La\u00a0 \u00a0Corte\u00a0 \u00a0procede\u00a0 a\u00a0 \u00a0decidir\u00a0 \u00a0 lo\u00a0 \u00a0 que\u00a0 \u00a0en\u00a0 \u00a0derecho\u00a0 \u00a0corresponda\u00a0 \u00a0respecto \u00a0del\u00a0 \u00a0fallecimiento\u00a0 \u00a0del\u00a0 procesado\u00a0 HOLGERB\u00a0 \u00a0 \u00a0 \u00a0BERNARDO\u00a0 \u00a0 \u00a0 \u00a0MENESES \u00a0 \u00a0 NI\u00d1O. \u00a0\u00a0<\/p>\n<p>A N T E C E D E N T E S \u00a0<\/p>\n<p>1.\u00a0 \u00a0El Juzgado Ciento Cincuenta de Primera Instancia Penal \u00a0Militar \u00a0de \u00a0C\u00facuta, mediante sentencia del 20 de octubre de 2005, absolvi\u00f3 al \u00a0procesado \u00a0Subintendente \u00a0\u00ae \u00a0Holger Bernardo Meneses Ni\u00f1o \u00a0del \u00a0delito de abandono del puesto que le hab\u00eda sido imputado en la resoluci\u00f3n \u00a0de acusaci\u00f3n. \u00a0\u00a0<\/p>\n<p>2.\u00a0 Apelada la anterior decisi\u00f3n por la \u00a0Fiscal\u00eda \u00a0Ciento Cincuenta y Dos Penal Militar de C\u00facuta, el Tribunal Superior \u00a0Militar, \u00a0al \u00a0desatar \u00a0el \u00a0recurso, \u00a0el \u00a030 de enero de 2006, lo confirm\u00f3 en su \u00a0integridad. \u00a0\u00a0<\/p>\n<p>3.\u00a0 \u00a0Dentro \u00a0del \u00a0t\u00e9rmino \u00a0legal, \u00a0la \u00a0Fiscal\u00eda \u00a0Ciento Cincuenta y Dos Penal Militar interpuso recurso extraordinario \u00a0de \u00a0casaci\u00f3n \u00a0y, \u00a0concedida \u00a0la \u00a0impugnaci\u00f3n, present\u00f3 la respectiva demanda, \u00a0raz\u00f3n por la cual el proceso fue remitido a esta Corporaci\u00f3n. \u00a0\u00a0<\/p>\n<p>4.\u00a0\u00a0 \u00a0 \u00a0Encontr\u00e1ndose \u00a0 \u00a0el \u00a0diligenciamiento \u00a0 para \u00a0el \u00a0estudio \u00a0de \u00a0la \u00a0admisibilidad \u00a0de \u00a0la \u00a0demanda \u00a0de \u00a0casaci\u00f3n, \u00a0el \u00a0abogado Omar Javier Garc\u00eda Qui\u00f1\u00f3nez solicit\u00f3 \u201cla \u00a0 terminaci\u00f3n \u00a0 del \u00a0 proceso\u201d \u00a0por \u00a0fallecimiento \u00a0del \u00a0procesado \u00a0Holger Bernardo Meneses \u00a0Ni\u00f1o, \u00a0para \u00a0lo \u00a0cual \u00a0aport\u00f3 fotocopia informal del \u00a0correspondiente registro civil de defunci\u00f3n. \u00a0\u00a0<\/p>\n<p>5.\u00a0 \u00a0 Previamente \u00a0a \u00a0resolver \u00a0dicha \u00a0petici\u00f3n, \u00a0se \u00a0dispuso \u00a0lo \u00a0necesario \u00a0para \u00a0corroborar \u00a0el \u00a0fallecimiento \u00a0del \u00a0mencionado procesado, obteni\u00e9ndose el siguiente resultado: \u00a0\u00a0<\/p>\n<p>5.1.\u00a0 \u00a0La Notar\u00eda Tercera del C\u00edrculo \u00a0de \u00a0C\u00facuta \u00a0remiti\u00f3 \u00a0a \u00a0la \u00a0Corte \u00a0fotocopia autenticada del registro civil de \u00a0defunci\u00f3n \u00a0con \u00a0indicativo \u00a0serial N\u00b0 06282538, de quien en vida respond\u00eda al \u00a0nombre \u00a0de \u00a0Holger \u00a0Bernardo Meneses Ni\u00f1o, \u00a0identificado \u00a0con la c\u00e9dula de ciudadan\u00eda n\u00famero 13.501.682 de \u00a0C\u00facuta, documento expedido por disposici\u00f3n judicial. \u00a0\u00a0<\/p>\n<p>5.2.\u00a0 \u00a0As\u00ed \u00a0mismo, \u00a0envi\u00f3 \u00a0fotocopia \u00a0autenticada \u00a0del \u00a0oficio \u00a00846\/126845 \u00a0del \u00a029 de junio de 2006, suscrito por el \u00a0Fiscal \u00a0Quinto \u00a0de la Unidad de Vida de la ciudad de C\u00facuta, a trav\u00e9s del cual \u00a0solicit\u00f3 \u00a0a \u00a0dicha \u00a0Notar\u00eda la inscripci\u00f3n en el registro civil de defunci\u00f3n \u00a0de \u00a0 \u00a0Holger \u00a0 Bernardo \u00a0 Meneses \u00a0 Ni\u00f1o, \u00a0quien \u00a0el \u00a020 \u00a0de \u00a0junio de 2006 falleci\u00f3 de manera violenta por \u00a0causa \u00a0de \u00a0disparos \u00a0de \u00a0arma \u00a0de \u00a0fuego, \u00a0seg\u00fan \u00a0as\u00ed \u00a0qued\u00f3 consignado en el \u00a0certificado \u00a0m\u00e9dico \u00a0individual \u00a0de \u00a0defunci\u00f3n \u00a0expedido \u00a0por \u00a0el Instituto de \u00a0Medicina \u00a0Legal, \u00a0documento \u00a0que \u00a0tambi\u00e9n \u00a0se \u00a0alleg\u00f3 \u00a0al proceso en fotocopia \u00a0autenticada. \u00a0\u00a0<\/p>\n<p>CONSIDERACIONES\u00a0 \u00a0DE\u00a0 LA\u00a0 CORTE \u00a0\u00a0<\/p>\n<p>En\u00a0 \u00a0este\u00a0 \u00a0asunto\u00a0 \u00a0se\u00a0 \u00a0tiene\u00a0 \u00a0 certeza\u00a0 \u00a0 que\u00a0 \u00a0el\u00a0 \u00a0procesado\u00a0 \u00a0Holger \u00a0Bernardo \u00a0Meneses \u00a0Ni\u00f1o, quien se \u00a0identificaba \u00a0con \u00a0la \u00a0c\u00e9dula \u00a0de \u00a0ciudadan\u00eda \u00a0n\u00famero \u00a013.501.682 de C\u00facuta, \u00a0muri\u00f3 \u00a0el \u00a020 de junio de 2006, seg\u00fan\u00a0 as\u00ed qued\u00f3\u00a0 consignado tanto \u00a0en \u00a0el \u00a0certificado \u00a0m\u00e9dico \u00a0individual \u00a0de \u00a0defunci\u00f3n \u00a0como \u00a0en el mencionado \u00a0registro\u00a0 \u00a0civil\u00a0 de defunci\u00f3n, documentos expedidos por el Instituto \u00a0de \u00a0 Medicina \u00a0 Legal \u00a0 y \u00a0 la \u00a0 Notar\u00eda \u00a0 Tercera \u00a0del \u00a0C\u00edrculo \u00a0de \u00a0C\u00facuta, \u00a0respectivamente. \u00a0\u00a0<\/p>\n<p>De otra parte, los art\u00edculos 82 y 38 de los \u00a0C\u00f3digos \u00a0Penal \u00a0y \u00a0de \u00a0Procedimiento Penal (Leyes 599 y 600 de 2000) y 79 y 229 \u00a0del \u00a0C\u00f3digo \u00a0Penal Militar (Ley 522 de 1999) establecen que la acci\u00f3n penal se \u00a0extingue, \u00a0entre \u00a0otras \u00a0razones, \u00a0por muerte del imputado, procesado o acusado. \u00a0\u00a0<\/p>\n<p>Por\u00a0 consiguiente,\u00a0 teniendo\u00a0 \u00a0como\u00a0 \u00a0 fundamento\u00a0 \u00a0 los\u00a0 \u00a0 citados\u00a0 \u00a0 documentos \u00a0 y\u00a0 \u00a0siendo\u00a0 \u00a0la\u00a0 muerte\u00a0 del\u00a0 procesado\u00a0 una\u00a0 de\u00a0 \u00a0las\u00a0 \u00a0 causales\u00a0 \u00a0 que\u00a0 \u00a0 impiden \u00a0 la\u00a0 \u00a0continuaci\u00f3n\u00a0 \u00a0del\u00a0 \u00a0 proceso\u00a0 \u00a0 penal,\u00a0 \u00a0 lo\u00a0 \u00a0 procedente\u00a0 \u00a0en\u00a0 \u00a0este\u00a0 \u00a0caso\u00a0 \u00a0es \u00a0cesar\u00a0 \u00a0el\u00a0 \u00a0procedimiento\u00a0 \u00a0de\u00a0 \u00a0la\u00a0 \u00a0actuaci\u00f3n,\u00a0 \u00a0seg\u00fan\u00a0 \u00a0as\u00ed\u00a0 lo\u00a0 precept\u00faan\u00a0 \u00a0los \u00a0art\u00edculos \u00a038 \u00a0del \u00a0C\u00f3digo de Procedimiento Penal y 231 del C\u00f3digo Penal \u00a0Militar. \u00a0\u00a0<\/p>\n<p>Por \u00a0Secretar\u00eda de la Sala se librar\u00e1n las \u00a0correspondientes comunicaciones sobre esta determinaci\u00f3n. \u00a0\u00a0<\/p>\n<p>Por \u00a0lo brevemente expuesto, la CORTE \u00a0 SUPREMA \u00a0DE \u00a0JUSTICIA, SALA DE CASACI\u00d3N PENAL, \u00a0\u00a0<\/p>\n<p>R \u00a0E \u00a0S \u00a0U \u00a0E \u00a0L \u00a0V \u00a0E \u00a0\u00a0<\/p>\n<p>1.\u00a0 \u00a0 \u00a0 \u00a0 \u00a0 DECLARAR \u00a0extinguida \u00a0la \u00a0presente acci\u00f3n \u00a0penal \u00a0 por \u00a0muerte \u00a0del \u00a0procesado \u00a0HOLGERB \u00a0BERNARDO \u00a0MENESES \u00a0 NI\u00d1O, \u00a0En \u00a0consecuencia, \u00a0se \u00a0cesa \u00a0toda actuaci\u00f3n procesal respecto del \u00a0mismo. \u00a0\u00a0<\/p>\n<p>2.\u00a0 Por Secretar\u00eda de la Sala l\u00edbrense \u00a0las correspondientes comunicaciones sobre esta determinaci\u00f3n. \u00a0\u00a0<\/p>\n<p>3. \u00a0Ejecutoriada \u00a0la \u00a0presente \u00a0providencia, \u00a0env\u00edese las diligencias al Tribunal de origen. \u00a0\u00a0<\/p>\n<p>C\u00f3piese, \u00a0 \u00a0 \u00a0notif\u00edquese \u00a0 \u00a0 \u00a0y \u00a0c\u00famplase. \u00a0\u00a0<\/p>\n<p>ALFREDO G\u00d3MEZ QUINTERO \u00a0<\/p>\n<p>Comisi\u00f3n de servicio \u00a0<\/p>\n<p>SIGIFREDO \u00a0 ESPINOSA \u00a0 P\u00c9REZ \u00a0\u00a0 \u00a0 \u00a0 \u00a0 \u00a0 \u00a0 \u00a0\u00a0 \u00a0\u00a0 \u00a0MAR\u00cdA \u00a0DEL ROSARIO GONZ\u00c1LEZ DE LEMOS \u00a0\u00a0<\/p>\n<p>AUGUSTO \u00a0 J. \u00a0IBA\u00d1EZ \u00a0GUZM\u00c1N \u00a0\u00a0 \u00a0 \u00a0 \u00a0 \u00a0 \u00a0 \u00a0\u00a0 \u00a0 \u00a0 \u00a0\u00a0 \u00a0 \u00a0JORGE \u00a0 \u00a0LUIS \u00a0 \u00a0QUINTERO \u00a0MILAN\u00c9S \u00a0 \u00a0 \u00a0\u00a0 \u00a0\u00a0 \u00a0\u00a0 \u00a0\u00a0 \u00a0 \u00a0 \u00a0 \u00a0 \u00a0 \u00a0\u00a0 \u00a0 \u00a0\u00a0<\/p>\n<p>YESID \u00a0 \u00a0RAM\u00cdREZ \u00a0 BASTIDAS \u00a0\u00a0 \u00a0 \u00a0 \u00a0 \u00a0 \u00a0 \u00a0\u00a0 \u00a0 \u00a0 \u00a0\u00a0 \u00a0 \u00a0JULIO \u00a0 \u00a0ENRIQUE \u00a0 \u00a0SOCHA \u00a0SALAMANCA \u00a0\u00a0 \u00a0\u00a0 \u00a0\u00a0 \u00a0\u00a0 \u00a0\u00a0 \u00a0 \u00a0 \u00a0 \u00a0 \u00a0 \u00a0\u00a0 \u00a0 \u00a0\u00a0<\/p>\n<p>JAVIER\u00a0 ZAPATA ORT\u00cdZ \u00a0<\/p>\n<p>TERESA RU\u00cdZ NU\u00d1EZ \u00a0<\/p>\n<p>\u00a0 \u00a0\u00a0 \u00a0\u00a0 \u00a0\u00a0 \u00a0\u00a0 \u00a0 \u00a0 \u00a0 \u00a0 \u00a0 \u00a0\u00a0 \u00a0\u00a0 \u00a0 \u00a0 \u00a0 \u00a0 \u00a0 \u00a0 \u00a0 \u00a0\u00a0 \u00a0 \u00a0 \u00a0 \u00a0\u00a0 \u00a0 \u00a0 \u00a0 \u00a0\u00a0 \u00a0 \u00a0 \u00a0 \u00a0\u00a0\u00a0\u00a0\u00a0\u00a0\u00a0\u00a0\u00a0\u00a0 \u00a0Secretaria \u00a0 \u00a0\u00a0<\/p>\n<p><\/p>\n","protected":false},"excerpt":{"rendered":"<p>\u00a0 \u00a0 Proceso No 25589 \u00a0 CORTE SUPREMA DE JUSTICIA \u00a0 SALA DE CASACI\u00d3N PENAL \u00a0 Magistrado Ponente: \u00a0 JORGE \u00a0LUIS \u00a0QUINTERO \u00a0MILAN\u00c9S \u00a0\u00a0 Aprobado acta N\u00b0\u00a0 224 \u00a0 Bogot\u00e1, D. C., catorce (14) de noviembre de \u00a0dos mil siete (2007). \u00a0\u00a0 V \u00a0 I \u00a0 S \u00a0 TO \u00a0 S \u00a0\u00a0 La\u00a0 \u00a0Corte\u00a0 \u00a0procede\u00a0 [&hellip;]<\/p>\n","protected":false},"author":1,"featured_media":0,"comment_status":"open","ping_status":"open","sticky":false,"template":"","format":"standard","meta":{"footnotes":""},"categories":[15],"tags":[],"class_list":["post-12880","post","type-post","status-publish","format-standard","hentry","category-15"],"_links":{"self":[{"href":"https:\/\/dmsjuridica.com\/buscador_20179478954\/salapenalcronologico20230723\/wp-json\/wp\/v2\/posts\/12880","targetHints":{"allow":["GET"]}}],"collection":[{"href":"https:\/\/dmsjuridica.com\/buscador_20179478954\/salapenalcronologico20230723\/wp-json\/wp\/v2\/posts"}],"about":[{"href":"https:\/\/dmsjuridica.com\/buscador_20179478954\/salapenalcronologico20230723\/wp-json\/wp\/v2\/types\/post"}],"author":[{"embeddable":true,"href":"https:\/\/dmsjuridica.com\/buscador_20179478954\/salapenalcronologico20230723\/wp-json\/wp\/v2\/users\/1"}],"replies":[{"embeddable":true,"href":"https:\/\/dmsjuridica.com\/buscador_20179478954\/salapenalcronologico20230723\/wp-json\/wp\/v2\/comments?post=12880"}],"version-history":[{"count":0,"href":"https:\/\/dmsjuridica.com\/buscador_20179478954\/salapenalcronologico20230723\/wp-json\/wp\/v2\/posts\/12880\/revisions"}],"wp:attachment":[{"href":"https:\/\/dmsjuridica.com\/buscador_20179478954\/salapenalcronologico20230723\/wp-json\/wp\/v2\/media?parent=12880"}],"wp:term":[{"taxonomy":"category","embeddable":true,"href":"https:\/\/dmsjuridica.com\/buscador_20179478954\/salapenalcronologico20230723\/wp-json\/wp\/v2\/categories?post=12880"},{"taxonomy":"post_tag","embeddable":true,"href":"https:\/\/dmsjuridica.com\/buscador_20179478954\/salapenalcronologico20230723\/wp-json\/wp\/v2\/tags?post=12880"}],"curies":[{"name":"wp","href":"https:\/\/api.w.org\/{rel}","templated":true}]}}