{"id":1282,"date":"2023-09-07T21:00:25","date_gmt":"2023-09-07T21:00:25","guid":{"rendered":"https:\/\/dmsjuridica.com\/buscador_20179478954\/salapenalcronologico20230723\/2023\/09\/07\/14225-16-04-98\/"},"modified":"2023-09-07T21:00:25","modified_gmt":"2023-09-07T21:00:25","slug":"14225-16-04-98","status":"publish","type":"post","link":"https:\/\/dmsjuridica.com\/buscador_20179478954\/salapenalcronologico20230723\/2023\/09\/07\/14225-16-04-98\/","title":{"rendered":"14225 (16-04-98)"},"content":{"rendered":"\n<p>\u00a0 \u00a0 DETENCION PREVENTIVA-Ley 40 de 1993\/ JUSTICIA \u00a0REGIONAL \u00a0\u00a0<\/p>\n<p>Los hechos punibles que son de competencia de \u00a0la \u00a0Justicia \u00a0Regional, \u00a0en cuanto a la suspensi\u00f3n de la detenci\u00f3n preventiva, \u00a0est\u00e1n \u00a0regulados \u00a0por \u00a0las \u00a0siguientes disposiciones: a ) Decreto 2790 de 1990, \u00a0art. \u00a060 \u00a0; \u00a0b \u00a0) \u00a0El D.L. 99 de l991 del 14 de enero, que modific\u00f3 el Estatuto \u00a0para \u00a0la \u00a0Defensa \u00a0de la Justicia; c) El\u00a0 D. 2271 de 1991 de octubre 4, que \u00a0adopt\u00f3 \u00a0como \u00a0legislaci\u00f3n permanente, entre otros m\u00e1s, al art. 60 del decreto \u00a099 de l991. \u00a0\u00a0<\/p>\n<p>El Estatuto Nacional Contra el Secuestro ( L. \u00a040 \u00a0de \u00a0l993 \u00a0de \u00a0enero \u00a019)\u00a0 \u00a0en \u00a0su \u00a0art\u00edculo 15 regul\u00f3 expresamente lo \u00a0atinente \u00a0a \u00a0la \u00a0suspensi\u00f3n \u00a0de la detenci\u00f3n preventiva. Esta disposici\u00f3n que \u00a0declarada \u00a0exequible \u00a0por \u00a0la Corte Constitucional ( sentencia C &#8211; 213 del 28 de \u00a0abril\u00a0 \u00a0l994 \u00a0),\u00a0 \u00a0en \u00a0lo \u00a0que \u00a0concierne al objeto de esta decisi\u00f3n. \u00a0\u00a0<\/p>\n<p>La \u00a0ley \u00a040 \u00a0de l993, por ser norma especial, \u00a0debe \u00a0aplicarse \u00a0de \u00a0preferencia \u00a0en \u00a0el \u00a0hecho\u00a0 \u00a0que \u00a0es \u00a0materia\u00a0 de \u00a0an\u00e1lisis \u00a0y \u00a0prevalece sobre el art. 407 del C.P.P. Las disposiciones de la ley \u00a0procesal \u00a0penal \u00a0de \u00a0la \u00a0Justicia \u00a0Ordinaria \u00a0son \u00a0aplicables en los procesos de \u00a0competencia \u00a0 \u00a0de \u00a0 \u00a0la \u00a0 Justicia \u00a0 Regional \u00a0 en \u00a0 ausencia \u00a0 de \u00a0 regulaci\u00f3n \u00a0expresa. \u00a0\u00a0<\/p>\n<p>PROCESO No. 14225 \u00a0<\/p>\n<p>CORTE SUPREMA DE JUSTICIA \u00a0<\/p>\n<p>SALA DE CASACION PENAL \u00a0<\/p>\n<p>MAGISTRADO PONENTE \u00a0<\/p>\n<p>DR. RICARDO CALVETE RANGEL \u00a0<\/p>\n<p>APROBADO ACTA No. 52 \u00a0<\/p>\n<p>Santa \u00a0Fe\u00a0 \u00a0de \u00a0Bogot\u00e1, \u00a0D.C., \u00a0abril \u00a0diecis\u00e9is\u00a0 ( 16 ) de mil novecientos noventa y ocho ( l998 ) \u00a0\u00a0<\/p>\n<p>VISTOS \u00a0<\/p>\n<p>\u00a0 \u00a0\u00a0 \u00a0\u00a0 \u00a0 \u00a0\u00a0 \u00a0\u00a0 \u00a0\u00a0 \u00a0\u00a0 \u00a0\u00a0 \u00a0\u00a0 \u00a0\u00a0 \u00a0\u00a0Se \u00a0pronuncia \u00a0la Sala sobre la \u00a0solicitud \u00a0de \u00a0suspensi\u00f3n \u00a0de la detenci\u00f3n preventiva que con fundamento en el \u00a0art. \u00a0407 \u00a0del \u00a0C. P. P., presenta el defensor\u00a0 del procesado ARNULFO LOPEZ \u00a0MOSQUERA. \u00a0\u00a0<\/p>\n<p>\u00a0 \u00a0\u00a0 \u00a0\u00a0 \u00a0\u00a0 \u00a0\u00a0 \u00a0\u00a0 \u00a0\u00a0 \u00a0\u00a0 \u00a0\u00a0 \u00a0\u00a0 \u00a0 \u00a0\u00a0 \u00a0 \u00a0\u00a0CONSIDERACIONES \u00a0 DE \u00a0 LA \u00a0SALA \u00a0\u00a0<\/p>\n<p>1. \u00a0El \u00a0Tribunal \u00a0Nacional \u00a0al \u00a0resolver la \u00a0consulta \u00a0de \u00a0la \u00a0sentencia de primera instancia\u00a0 de fecha enero 27 de l997 \u00a0proferida \u00a0por un Juzgado Regional de Santa Fe de Bogot\u00e1, conden\u00f3 entre otros, \u00a0a \u00a0ARNULFO \u00a0LOPEZ \u00a0MOSQUERA\u00a0 como coautor del delito de secuestro extorsivo \u00a0agravado, \u00a0siendo \u00a0sujeto \u00a0pasivo GILBERTO COMETA FIERRO, en hechos ocurridos el \u00a014 \u00a0de \u00a0mayo \u00a0de 1993 en la finca \u201cMontele\u00f3n \u201c de la Inspecci\u00f3n del Caguan \u00a0en el departamento del Huila. \u00a0\u00a0<\/p>\n<p>Contra la decisi\u00f3n del Tribunal Nacional se \u00a0interpuso \u00a0el \u00a0recurso \u00a0extraordinario \u00a0de \u00a0casaci\u00f3n \u00a0el \u00a0cual \u00a0se encuentra en \u00a0tr\u00e1mite \u00a0 en \u00a0esta \u00a0Corporaci\u00f3n, \u00a0motivo \u00a0por \u00a0el \u00a0que \u00a0la \u00a0Sala \u00a0Penal \u00a0tiene \u00a0competencia para resolver la petici\u00f3n que se estudia. \u00a0\u00a0<\/p>\n<p>\u00a0 \u00a0\u00a0 \u00a0\u00a0 \u00a0 \u00a0\u00a0 \u00a0\u00a0 \u00a0\u00a0 \u00a0\u00a0 \u00a0\u00a0 \u00a0\u00a0 \u00a0\u00a0 \u00a0\u00a02.\u00a0 El fundamento de hecho \u00a0que \u00a0trae \u00a0en \u00a0apoyo \u00a0de \u00a0su petici\u00f3n el defensor del procesado para invocar la \u00a0suspenci\u00f3n \u00a0de la detenci\u00f3n es la edad de ARNULFO LOPEZ MOSQUERA, adjuntado al \u00a0expediente\u00a0 \u00a0el acta de bautizo para acreditar que aqu\u00e9l a la fecha cuenta \u00a0con \u00a0m\u00e1s \u00a0de \u00a0setenta \u00a0y \u00a0un \u00a0a\u00f1os \u00a0de \u00a0edad \u00a0(naci\u00f3 \u00a0el 26 de agosto de 1928 \u00a0). \u00a0\u00a0<\/p>\n<p>\u00a0 \u00a0\u00a0 \u00a0\u00a0 \u00a0 \u00a0\u00a0 \u00a0\u00a0 \u00a0\u00a0 \u00a0\u00a0 \u00a0\u00a0 \u00a0\u00a0 \u00a0\u00a0 \u00a03. Los hechos punibles que son de \u00a0competencia \u00a0de \u00a0la \u00a0Justicia \u00a0Regional, \u00a0en \u00a0cuanto \u00a0a \u00a0la \u00a0suspensi\u00f3n \u00a0de \u00a0la \u00a0detenci\u00f3n \u00a0preventiva, \u00a0est\u00e1n \u00a0regulados por las siguientes disposiciones: a ) \u00a0Decreto \u00a02790 \u00a0de \u00a01990, \u00a0art. \u00a060 ; b ) El D.L. 99 de l991 del 14 de enero, que \u00a0modific\u00f3 \u00a0el \u00a0Estatuto \u00a0para \u00a0la Defensa de la Justicia; c) El\u00a0 D. 2271 de \u00a01991 \u00a0de \u00a0octubre 4, que adopt\u00f3 como legislaci\u00f3n permanente, entre otros m\u00e1s, \u00a0al art. 60 del decreto 99 de l991. \u00a0\u00a0<\/p>\n<p>\u00a0 \u00a0\u00a0 \u00a0\u00a0 \u00a0 \u00a0\u00a0 \u00a0\u00a0 \u00a0\u00a0 \u00a0\u00a0 \u00a0\u00a0 \u00a0\u00a0 \u00a0\u00a0 \u00a04. El Estatuto Nacional Contra el \u00a0Secuestro \u00a0( \u00a0L. \u00a040 \u00a0de \u00a0l993 \u00a0de \u00a0enero \u00a019)\u00a0 \u00a0en su art\u00edculo 15 regul\u00f3 \u00a0expresamente \u00a0lo \u00a0atinente \u00a0a \u00a0la \u00a0suspensi\u00f3n de la detenci\u00f3n preventiva. Esta \u00a0disposici\u00f3n \u00a0que \u00a0declarada exequible por la Corte Constitucional ( sentencia C \u00a0&#8211; \u00a0213 del 28 de abril\u00a0 l994 ),\u00a0 en lo que concierne al objeto de esta \u00a0decisi\u00f3n. \u00a0\u00a0<\/p>\n<p>\u00a0 \u00a0\u00a0 \u00a0\u00a0 \u00a0 \u00a0\u00a0 \u00a0\u00a0 \u00a0\u00a0 \u00a0\u00a0 \u00a0\u00a0 \u00a0\u00a0 \u00a0\u00a0 \u00a0\u00a05. \u00a0La \u00a0ley 40 de l993, por ser \u00a0norma \u00a0especial, \u00a0debe \u00a0aplicarse \u00a0de \u00a0preferencia \u00a0en \u00a0el \u00a0hecho\u00a0 \u00a0que \u00a0es \u00a0materia\u00a0 \u00a0de \u00a0an\u00e1lisis \u00a0y \u00a0prevalece \u00a0sobre \u00a0el \u00a0art. \u00a0407 \u00a0del C.P.P. Las \u00a0disposiciones \u00a0de \u00a0la ley procesal penal de la Justicia Ordinaria son aplicables \u00a0en \u00a0los \u00a0procesos \u00a0de \u00a0competencia \u00a0de \u00a0la \u00a0Justicia \u00a0Regional \u00a0en \u00a0ausencia \u00a0de \u00a0regulaci\u00f3n \u00a0expresa, \u00a0supuesto \u00a0\u00e9ste \u00a0que \u00a0no \u00a0tiene cabida en el sub \u00a0 \u00a0judice, \u00a0 \u00a0haciendo \u00a0 \u00a0impropio \u00a0jur\u00eddicamente \u00a0el \u00a0estudio \u00a0de \u00a0la suspensi\u00f3n de la detenci\u00f3n preventiva a la \u00a0luz \u00a0del \u00a0fundamento \u00a0jur\u00eddico \u00a0citado \u00a0por \u00a0el \u00a0defensor del procesado ARNULFO \u00a0FLOREZ MOSQUERA ( art. 407 del C.P.P.). \u00a0\u00a0<\/p>\n<p>\u00a0 \u00a0\u00a0 \u00a0\u00a0 \u00a0 \u00a0\u00a0 \u00a0\u00a0 \u00a0\u00a0 \u00a0\u00a0 \u00a0\u00a0 \u00a0\u00a0 \u00a0 \u00a0 \u00a0\u00a0<\/p>\n<p>\u00a0 \u00a0\u00a0 \u00a0\u00a0 \u00a0 \u00a0\u00a0 \u00a0\u00a0 \u00a0\u00a0 \u00a0\u00a0 \u00a0\u00a0 \u00a0\u00a0 \u00a0\u00a0 \u00a0\u00a06. El\u00a0 secuestro extorsivo \u00a0agravado \u00a0por \u00a0el \u00a0que \u00a0fue \u00a0condenado el ac\u00e1 procesado est\u00e1 tipificado en los \u00a0art\u00edculos. \u00a01 \u00a0y \u00a03\u00a0 \u00a0de \u00a0la \u00a0ley \u00a040 \u00a0de \u00a0l993, \u00a0legislaci\u00f3n \u00a0\u00e9sta \u00a0que \u00a0excluy\u00f3\u00a0 \u00a0a \u00a0dicho delito del beneficio de la suspensi\u00f3n de la detenci\u00f3n \u00a0preventiva, \u00a0prohibi\u00e9ndola expresamente. Raz\u00f3n m\u00e1s que suficiente para que la \u00a0sala resuelva negativamente la petici\u00f3n de FLOREZ MOSQUERA. \u00a0\u00a0<\/p>\n<p>\u00a0 \u00a0\u00a0 \u00a0\u00a0 \u00a0 \u00a0\u00a0 \u00a0\u00a0 \u00a0\u00a0 \u00a0\u00a0 \u00a0\u00a0 \u00a0\u00a0 \u00a0\u00a0 \u00a0Por lo anteriormente expuesto, la \u00a0CORTE SUPREMA DE JUSTICIA en \u00a0SALA \u00a0DE \u00a0CASACION \u00a0PENAL, \u00a0NIEGA \u00a0la suspensi\u00f3n de la \u00a0detenci\u00f3n \u00a0 preventiva\u00a0 \u00a0solicitada \u00a0por \u00a0el \u00a0defensor \u00a0de \u00a0ARNULFO \u00a0LOPEZ \u00a0MOSQUERA . \u00a0\u00a0<\/p>\n<p>\u00a0 \u00a0<\/p>\n<p>\u00a0 \u00a0\u00a0 \u00a0\u00a0 \u00a0 \u00a0\u00a0 \u00a0\u00a0 \u00a0\u00a0 \u00a0\u00a0 \u00a0\u00a0 \u00a0\u00a0 \u00a0 \u00a0 \u00a0\u00a0 \u00a0 \u00a0 \u00a0\u00a0Notif\u00edquese \u00a0 \u00a0 \u00a0y \u00a0C\u00famplase. \u00a0\u00a0<\/p>\n<p>JORGE ENRIQUE CORDOBA POVEDA \u00a0<\/p>\n<p>FERNANDO \u00a0E. \u00a0ARBOLEDA \u00a0RIPOLL \u00a0\u00a0 \u00a0\u00a0 \u00a0\u00a0 \u00a0\u00a0 \u00a0\u00a0 \u00a0\u00a0 \u00a0 \u00a0\u00a0 \u00a0 \u00a0 \u00a0 \u00a0 \u00a0 \u00a0 \u00a0 \u00a0 \u00a0\u00a0RICARDO CALVETE RANGEL \u00a0\u00a0<\/p>\n<p>CARLOS \u00a0AUGUSTO \u00a0GALVEZ \u00a0ARGOTE \u00a0\u00a0 \u00a0\u00a0 \u00a0\u00a0 \u00a0\u00a0 \u00a0\u00a0 \u00a0\u00a0 \u00a0 \u00a0 \u00a0 \u00a0 \u00a0\u00a0JORGE \u00a0 \u00a0ANIBAL \u00a0 \u00a0GOMEZ \u00a0GALLEGO \u00a0\u00a0<\/p>\n<p>CARLOS \u00a0 E. \u00a0 MEJIA \u00a0 ESCOBAR \u00a0\u00a0 \u00a0\u00a0 \u00a0\u00a0 \u00a0\u00a0 \u00a0\u00a0 \u00a0\u00a0 \u00a0 \u00a0\u00a0 \u00a0 \u00a0 \u00a0 \u00a0 \u00a0 \u00a0 \u00a0 \u00a0 \u00a0\u00a0 \u00a0 \u00a0 \u00a0 \u00a0 \u00a0\u00a0 \u00a0\u00a0DIDIMO PAEZ VELANDIA \u00a0\u00a0<\/p>\n<p>NILSON \u00a0 \u00a0PINILLA \u00a0 \u00a0PINILLA \u00a0\u00a0 \u00a0\u00a0 \u00a0\u00a0 \u00a0\u00a0 \u00a0\u00a0 \u00a0\u00a0 \u00a0 \u00a0\u00a0 \u00a0 \u00a0 \u00a0 \u00a0 \u00a0 \u00a0 \u00a0 \u00a0 \u00a0\u00a0 \u00a0 \u00a0 \u00a0 \u00a0 \u00a0\u00a0 \u00a0\u00a0JUAN MANUEL TORRES FRESNEDA \u00a0\u00a0<\/p>\n<p>PATRICIA SALAZAR CUELLAR \u00a0<\/p>\n<p>Secretaria \u00a0<\/p>\n<p>\u00a0 \u00a0\u00a0<\/p>\n<p><\/p>\n","protected":false},"excerpt":{"rendered":"<p>\u00a0 \u00a0 DETENCION PREVENTIVA-Ley 40 de 1993\/ JUSTICIA \u00a0REGIONAL \u00a0\u00a0 Los hechos punibles que son de competencia de \u00a0la \u00a0Justicia \u00a0Regional, \u00a0en cuanto a la suspensi\u00f3n de la detenci\u00f3n preventiva, \u00a0est\u00e1n \u00a0regulados \u00a0por \u00a0las \u00a0siguientes disposiciones: a ) Decreto 2790 de 1990, \u00a0art. \u00a060 \u00a0; \u00a0b \u00a0) \u00a0El D.L. 99 de l991 del 14 de [&hellip;]<\/p>\n","protected":false},"author":1,"featured_media":0,"comment_status":"open","ping_status":"open","sticky":false,"template":"","format":"standard","meta":{"footnotes":""},"categories":[6],"tags":[],"class_list":["post-1282","post","type-post","status-publish","format-standard","hentry","category-6"],"_links":{"self":[{"href":"https:\/\/dmsjuridica.com\/buscador_20179478954\/salapenalcronologico20230723\/wp-json\/wp\/v2\/posts\/1282","targetHints":{"allow":["GET"]}}],"collection":[{"href":"https:\/\/dmsjuridica.com\/buscador_20179478954\/salapenalcronologico20230723\/wp-json\/wp\/v2\/posts"}],"about":[{"href":"https:\/\/dmsjuridica.com\/buscador_20179478954\/salapenalcronologico20230723\/wp-json\/wp\/v2\/types\/post"}],"author":[{"embeddable":true,"href":"https:\/\/dmsjuridica.com\/buscador_20179478954\/salapenalcronologico20230723\/wp-json\/wp\/v2\/users\/1"}],"replies":[{"embeddable":true,"href":"https:\/\/dmsjuridica.com\/buscador_20179478954\/salapenalcronologico20230723\/wp-json\/wp\/v2\/comments?post=1282"}],"version-history":[{"count":0,"href":"https:\/\/dmsjuridica.com\/buscador_20179478954\/salapenalcronologico20230723\/wp-json\/wp\/v2\/posts\/1282\/revisions"}],"wp:attachment":[{"href":"https:\/\/dmsjuridica.com\/buscador_20179478954\/salapenalcronologico20230723\/wp-json\/wp\/v2\/media?parent=1282"}],"wp:term":[{"taxonomy":"category","embeddable":true,"href":"https:\/\/dmsjuridica.com\/buscador_20179478954\/salapenalcronologico20230723\/wp-json\/wp\/v2\/categories?post=1282"},{"taxonomy":"post_tag","embeddable":true,"href":"https:\/\/dmsjuridica.com\/buscador_20179478954\/salapenalcronologico20230723\/wp-json\/wp\/v2\/tags?post=1282"}],"curies":[{"name":"wp","href":"https:\/\/api.w.org\/{rel}","templated":true}]}}