{"id":12538,"date":"2023-09-08T21:04:10","date_gmt":"2023-09-08T21:04:10","guid":{"rendered":"https:\/\/dmsjuridica.com\/buscador_20179478954\/salapenalcronologico20230723\/2023\/09\/08\/2341126-09-07\/"},"modified":"2023-09-08T21:04:10","modified_gmt":"2023-09-08T21:04:10","slug":"2341126-09-07","status":"publish","type":"post","link":"https:\/\/dmsjuridica.com\/buscador_20179478954\/salapenalcronologico20230723\/2023\/09\/08\/2341126-09-07\/","title":{"rendered":"23411(26-09-07)"},"content":{"rendered":"\n<p>\u00a0 \u00a0 Proceso No 23411 \u00a0<\/p>\n<p>CORTE SUPREMA DE JUSTICIA \u00a0<\/p>\n<p>SALA \u00a0 DE \u00a0 CASACI\u00d3N \u00a0PENAL \u00a0\u00a0<\/p>\n<p>Magistrado Ponente: \u00a0<\/p>\n<p>JORGE \u00a0LUIS \u00a0QUINTERO \u00a0MILAN\u00c9S \u00a0\u00a0<\/p>\n<p>Aprobado \u00a0 \u00a0acta\u00a0 \u00a0 \u00a0N\u00b0 181 \u00a0\u00a0<\/p>\n<p>\u00a0 \u00a0 \u00a0 \u00a0 \u00a0<\/p>\n<p>Bogot\u00e1, \u00a0D. \u00a0C., \u00a0veintis\u00e9is (26) de septiembre de dos mil siete (2007). \u00a0\u00a0<\/p>\n<p>V I S TO S \u00a0<\/p>\n<p>Resuelve \u00a0 la \u00a0 Corte \u00a0 la \u00a0 solicitud \u00a0de \u00a0desistimiento \u00a0 del \u00a0recurso \u00a0extraordinario \u00a0de \u00a0casaci\u00f3n \u00a0presentada \u00a0por \u00a0el \u00a0procesado\u00a0 \u00a0 Rafael \u00a0 Ruiz \u00a0Rojas \u00a0y coadyuvada por defensor. \u00a0\u00a0<\/p>\n<p>A \u00a0N \u00a0T E C E D E N T E \u00a0S \u00a0\u00a0<\/p>\n<p>1.\u00a0 \u00a0El \u00a0Juzgado \u00a0Segundo \u00a0Penal \u00a0del \u00a0Circuito \u00a0de \u00a0Bogot\u00e1, \u00a0mediante \u00a0sentencia \u00a0fechada \u00a0el \u00a015 \u00a0de \u00a0julio de 2003, \u00a0conden\u00f3 \u00a0 \u00a0a \u00a0 \u00a0Rafael \u00a0 \u00a0Ruiz \u00a0 Rojas \u00a0a \u00a0la pena principal de trece (13) a\u00f1os\u00a0 de prisi\u00f3n y a la \u00a0accesoria de rigor, como autor del delito de homicidio. \u00a0\u00a0<\/p>\n<p>2.\u00a0 Apelado\u00a0 el\u00a0 fallo\u00a0 \u00a0por \u00a0el \u00a0defensor del procesado,\u00a0 el\u00a0 Tribunal Superior de Bogot\u00e1, el \u00a020 \u00a0de \u00a0septiembre \u00a0de \u00a02003, lo confirm\u00f3 en su integridad, decisi\u00f3n contra la \u00a0cual \u00a0el \u00a0citado \u00a0profesional del derecho interpuso el recurso extraordinario de \u00a0casaci\u00f3n. \u00a0\u00a0<\/p>\n<p>Presentado \u00a0dentro \u00a0del \u00a0t\u00e9rmino \u00a0legal \u00a0el \u00a0correspondiente \u00a0 \u00a0libelo, \u00a0 \u00a0el \u00a0 \u00a0diligenciamiento \u00a0 fue \u00a0 remitido \u00a0 a \u00a0 esta \u00a0Corporaci\u00f3n. \u00a0\u00a0<\/p>\n<p>3.\u00a0 Encontr\u00e1ndose pendiente el proceso \u00a0para \u00a0el \u00a0estudio \u00a0formal \u00a0de la demanda de casaci\u00f3n, el procesado Ruiz \u00a0Rojas, en escrito que hizo llegar a \u00a0esta \u00a0Corporaci\u00f3n, desisti\u00f3 del recurso extraordinario de casaci\u00f3n, petici\u00f3n \u00a0que \u00a0su \u00a0defensor \u00a0de manera expresa coadyuv\u00f3, seg\u00fan\u00a0 memorial fechado el \u00a018 de septiembre del a\u00f1o en curso. \u00a0\u00a0<\/p>\n<p>CONSIDERACIONES\u00a0 \u00a0DE\u00a0 LA\u00a0 CORTE \u00a0\u00a0<\/p>\n<p>De \u00a0conformidad \u00a0con \u00a0lo \u00a0preceptuado por el \u00a0art\u00edculo \u00a0230 \u00a0del \u00a0C\u00f3digo \u00a0de \u00a0Procedimiento Penal (Ley 600 de 2000), no cabe \u00a0duda \u00a0que la prerrogativa de desistir del recurso extraordinario de casaci\u00f3n le \u00a0asiste \u00a0a \u00a0la parte que lo interpone, siempre y cuando \u00a0la \u00a0 petici\u00f3n \u00a0se \u00a0realice \u00a0antes \u00a0de \u00a0que \u00a0la \u00a0Sala \u00a0decida \u00a0 \u00a0el \u00a0 \u00a0asunto. \u00a0\u00a0<\/p>\n<p>En \u00a0esas \u00a0condiciones, toda vez que resulta \u00a0evidente \u00a0 que \u00a0 el \u00a0 procesado \u00a0 Rafael \u00a0Ruiz \u00a0Rojas \u00a0desisti\u00f3 \u00a0 del \u00a0recurso \u00a0extraordinario \u00a0de \u00a0casaci\u00f3n, petici\u00f3n que a su vez \u00a0fue \u00a0coadyuvada \u00a0de \u00a0manera expresa por su defensor, y teniendo en cuenta que el \u00a0presente \u00a0asunto \u00a0a\u00fan \u00a0no ha sido decidido por la Sala, l\u00f3gico es concluir que \u00a0dicha \u00a0solicitud \u00a0se \u00a0ajusta a la exigencias previstas por la citada preceptiva, \u00a0por lo que surge procedente la prosperidad de la misma. \u00a0\u00a0<\/p>\n<p>En \u00a0consecuencia, \u00a0la \u00a0Corte \u00a0admitir\u00e1 \u00a0el \u00a0desistimiento \u00a0del \u00a0recurso \u00a0extraordinario de casaci\u00f3n y, por ende, devolver\u00e1 \u00a0las diligencias a la oficina de origen. \u00a0\u00a0<\/p>\n<p>En \u00a0m\u00e9rito \u00a0de lo expuesto, la CORTE \u00a0SUPREMA \u00a0DE JUSTICIA, SALA DE CASACI\u00d3N PENAL, \u00a0\u00a0<\/p>\n<p>\u00a0 \u00a0\u00a0 \u00a0\u00a0 \u00a0R E S U E L V E \u00a0\u00a0<\/p>\n<p>ADMITIR \u00a0 el \u00a0desistimiento \u00a0 del \u00a0recurso \u00a0extraordinario \u00a0de \u00a0casaci\u00f3n \u00a0presentado \u00a0por \u00a0el \u00a0procesado \u00a0 \u00a0RAFAEL \u00a0 \u00a0RUIZ \u00a0 \u00a0ROJAS \u00a0 y coadyuvado por su defensor. \u00a0\u00a0<\/p>\n<p>Contra \u00a0esta \u00a0decisi\u00f3n \u00a0procede \u00a0recurso de \u00a0reposici\u00f3n. \u00a0\u00a0<\/p>\n<p>C\u00f3piese, \u00a0notif\u00edquese \u00a0y \u00a0devu\u00e9lvase \u00a0al \u00a0Tribunal de origen.\u00a0 C\u00famplase. \u00a0\u00a0<\/p>\n<p>ALFREDO G\u00d3MEZ QUINTERO \u00a0<\/p>\n<p>Cita medica \u00a0<\/p>\n<p>SIGIFREDO \u00a0 ESPINOSA \u00a0 P\u00c9REZ \u00a0\u00a0 \u00a0\u00a0 \u00a0\u00a0 \u00a0\u00a0 \u00a0\u00a0 \u00a0\u00a0 \u00a0\u00a0 \u00a0\u00a0MAR\u00cdA DEL ROSARIO GONZ\u00c1LEZ DE \u00a0LEMOS \u00a0\u00a0<\/p>\n<p>AUGUSTO \u00a0J. \u00a0IBA\u00d1EZ \u00a0GUZM\u00c1N \u00a0 \u00a0\u00a0 \u00a0\u00a0 \u00a0\u00a0 \u00a0\u00a0 \u00a0\u00a0 \u00a0\u00a0 \u00a0 \u00a0\u00a0 \u00a0 \u00a0\u00a0JORGE \u00a0 \u00a0LUIS \u00a0 \u00a0QUINTERO \u00a0MILAN\u00c9S \u00a0 \u00a0 \u00a0 \u00a0 \u00a0\u00a0<\/p>\n<p>YESID \u00a0 RAM\u00cdREZ \u00a0 BASTIDAS \u00a0\u00a0 \u00a0\u00a0 \u00a0\u00a0 \u00a0\u00a0 \u00a0\u00a0 \u00a0\u00a0 \u00a0\u00a0 \u00a0\u00a0JULIO \u00a0ENRIQUE \u00a0SOCHA SALAMANCA \u00a0\u00a0<\/p>\n<p>MAURO \u00a0 SOLARTE \u00a0 PORTILLA \u00a0 \u00a0 \u00a0 \u00a0\u00a0 \u00a0\u00a0 \u00a0\u00a0 \u00a0\u00a0 \u00a0\u00a0 \u00a0 \u00a0 \u00a0 \u00a0 \u00a0 \u00a0JAVIER\u00a0 \u00a0 \u00a0ZAPATA \u00a0ORT\u00cdZ \u00a0\u00a0<\/p>\n<p>TERESA RU\u00cdZ NU\u00d1EZ \u00a0<\/p>\n<p>Secretaria \u00a0 \u00a0<\/p>\n<p><\/p>\n","protected":false},"excerpt":{"rendered":"<p>\u00a0 \u00a0 Proceso No 23411 \u00a0 CORTE SUPREMA DE JUSTICIA \u00a0 SALA \u00a0 DE \u00a0 CASACI\u00d3N \u00a0PENAL \u00a0\u00a0 Magistrado Ponente: \u00a0 JORGE \u00a0LUIS \u00a0QUINTERO \u00a0MILAN\u00c9S \u00a0\u00a0 Aprobado \u00a0 \u00a0acta\u00a0 \u00a0 \u00a0N\u00b0 181 \u00a0\u00a0 \u00a0 \u00a0 \u00a0 \u00a0 \u00a0 Bogot\u00e1, \u00a0D. \u00a0C., \u00a0veintis\u00e9is (26) de septiembre de dos mil siete (2007). \u00a0\u00a0 V I S TO [&hellip;]<\/p>\n","protected":false},"author":1,"featured_media":0,"comment_status":"open","ping_status":"open","sticky":false,"template":"","format":"standard","meta":{"footnotes":""},"categories":[15],"tags":[],"class_list":["post-12538","post","type-post","status-publish","format-standard","hentry","category-15"],"_links":{"self":[{"href":"https:\/\/dmsjuridica.com\/buscador_20179478954\/salapenalcronologico20230723\/wp-json\/wp\/v2\/posts\/12538","targetHints":{"allow":["GET"]}}],"collection":[{"href":"https:\/\/dmsjuridica.com\/buscador_20179478954\/salapenalcronologico20230723\/wp-json\/wp\/v2\/posts"}],"about":[{"href":"https:\/\/dmsjuridica.com\/buscador_20179478954\/salapenalcronologico20230723\/wp-json\/wp\/v2\/types\/post"}],"author":[{"embeddable":true,"href":"https:\/\/dmsjuridica.com\/buscador_20179478954\/salapenalcronologico20230723\/wp-json\/wp\/v2\/users\/1"}],"replies":[{"embeddable":true,"href":"https:\/\/dmsjuridica.com\/buscador_20179478954\/salapenalcronologico20230723\/wp-json\/wp\/v2\/comments?post=12538"}],"version-history":[{"count":0,"href":"https:\/\/dmsjuridica.com\/buscador_20179478954\/salapenalcronologico20230723\/wp-json\/wp\/v2\/posts\/12538\/revisions"}],"wp:attachment":[{"href":"https:\/\/dmsjuridica.com\/buscador_20179478954\/salapenalcronologico20230723\/wp-json\/wp\/v2\/media?parent=12538"}],"wp:term":[{"taxonomy":"category","embeddable":true,"href":"https:\/\/dmsjuridica.com\/buscador_20179478954\/salapenalcronologico20230723\/wp-json\/wp\/v2\/categories?post=12538"},{"taxonomy":"post_tag","embeddable":true,"href":"https:\/\/dmsjuridica.com\/buscador_20179478954\/salapenalcronologico20230723\/wp-json\/wp\/v2\/tags?post=12538"}],"curies":[{"name":"wp","href":"https:\/\/api.w.org\/{rel}","templated":true}]}}