{"id":12440,"date":"2023-09-08T21:03:35","date_gmt":"2023-09-08T21:03:35","guid":{"rendered":"https:\/\/dmsjuridica.com\/buscador_20179478954\/salapenalcronologico20230723\/2023\/09\/08\/2247730-05-07\/"},"modified":"2023-09-08T21:03:35","modified_gmt":"2023-09-08T21:03:35","slug":"2247730-05-07","status":"publish","type":"post","link":"https:\/\/dmsjuridica.com\/buscador_20179478954\/salapenalcronologico20230723\/2023\/09\/08\/2247730-05-07\/","title":{"rendered":"22477(30-05-07)"},"content":{"rendered":"\n<p>\u00a0 \u00a0 Proceso No 22477 \u00a0<\/p>\n<p>CORTE SUPREMA DE JUSTICIA \u00a0<\/p>\n<p>SALA DE CASACI\u00d3N PENAL \u00a0<\/p>\n<p>\u00a0 \u00a0\u00a0 \u00a0\u00a0 \u00a0\u00a0 \u00a0\u00a0 \u00a0 \u00a0 \u00a0 \u00a0 \u00a0 \u00a0\u00a0 \u00a0\u00a0\u00a0\u00a0\u00a0\u00a0\u00a0\u00a0\u00a0\u00a0\u00a0\u00a0\u00a0\u00a0\u00a0\u00a0\u00a0\u00a0\u00a0\u00a0\u00a0\u00a0\u00a0\u00a0\u00a0\u00a0\u00a0 \u00a0Magistrado Ponente: \u00a0\u00a0<\/p>\n<p>\u00a0 \u00a0\u00a0 \u00a0\u00a0 \u00a0\u00a0 \u00a0\u00a0 \u00a0 \u00a0 \u00a0 \u00a0 \u00a0 \u00a0\u00a0 \u00a0ALFREDO G\u00d3MEZ QUINTERO \u00a0\u00a0<\/p>\n<p>\u00a0 \u00a0\u00a0 \u00a0\u00a0 \u00a0\u00a0 \u00a0\u00a0 \u00a0 \u00a0 \u00a0 \u00a0 \u00a0 \u00a0\u00a0 \u00a0\u00a0\u00a0\u00a0\u00a0\u00a0\u00a0\u00a0\u00a0\u00a0\u00a0\u00a0\u00a0\u00a0\u00a0\u00a0\u00a0\u00a0\u00a0\u00a0\u00a0\u00a0\u00a0\u00a0\u00a0\u00a0\u00a0 \u00a0Aprobado Acta No. 83 \u00a0\u00a0<\/p>\n<p>Bogot\u00e1 D.C., treinta (30) de mayo de dos mil \u00a0siete (2007) \u00a0\u00a0<\/p>\n<p>VISTOS \u00a0<\/p>\n<p>La \u00a0Corte \u00a0eval\u00faa \u00a0la \u00a0presente indagaci\u00f3n \u00a0preliminar \u00a0 con \u00a0 la \u00a0 finalidad \u00a0 de \u00a0esclarecer \u00a0si \u00a0la \u00a0conducta \u00a0denunciada \u00a0por \u00a0 MIGUEL \u00a0 ARROYAVE \u00a0RUIZ, \u00a0la \u00a0cual se atribuye \u00a0al \u00a0 Senador \u00a0GUSTAVO \u00a0 PETRO \u00a0 URREGO \u00a0 existi\u00f3 \u00a0y \u00a0es configurativa de punible \u00a0alguno. \u00a0\u00a0<\/p>\n<p>ANTECEDENTES \u00a0<\/p>\n<p>En \u00a0escrito \u00a0del se\u00f1or MIGUEL ARROYAVE RUIZ \u00a0manifiesta \u00a0que \u00a0el \u00a0senador GUSTAVO PETRO URREGO fue entrevistado el 3 de abril \u00a0del \u00a0a\u00f1o \u00a02004 \u00a0en el noticiero NOTICIAS UNO y dijo que ten\u00eda informaci\u00f3n que \u00a0el denunciante contrat\u00f3 sicarios en San Andresito para asesinarlo. \u00a0\u00a0<\/p>\n<p>Dicha \u00a0informaci\u00f3n \u00a0fue \u00a0ratificada \u00a0en \u00a0el \u00a0peri\u00f3dico \u00a0\u201cEl \u00a0Tiempo\u201d \u00a0en \u00a0su edici\u00f3n del 2 de abril, bajo el t\u00edtulo de \u00a0\u201cEl \u00a0congresista \u00a0Gustavo \u00a0Petro \u00a0denuncia \u00a0que \u00a0hay \u00a0un \u00a0plan para asesinar a \u00a0l\u00edderes del Polo Democr\u00e1tico\u201d. \u00a0\u00a0<\/p>\n<p>ACTIVIDAD PROBATORIA \u00a0<\/p>\n<p>1.\u00a0 \u00a0La \u00a0Fiscal\u00eda 57 Seccional de esta \u00a0capital \u00a0remiti\u00f3 el diligenciamiento a esta corporaci\u00f3n toda vez que el doctor \u00a0PETRO \u00a0URREGO, \u00a0al tiempo de los hechos, fung\u00eda como Representante a la C\u00e1mara \u00a0(f. 7 c.o.). \u00a0\u00a0<\/p>\n<p>2. \u00a0 La \u00a0 Secretar\u00eda \u00a0de \u00a0la \u00a0C\u00e1mara \u00a0de \u00a0Representantes \u00a0en \u00a0constancia \u00a0del \u00a013 \u00a0de \u00a0julio de 2004 certifica que GUSTAVO \u00a0PETRO \u00a0 URREGO \u00a0 fue \u00a0 elegido \u00a0Representante \u00a0a \u00a0la \u00a0C\u00e1mara \u00a0por \u00a0el \u00a0per\u00edodo \u00a0constitucional \u00a02002-2006 \u00a0por \u00a0la \u00a0circunscripci\u00f3n electoral de Bogot\u00e1 (f. 14 \u00a0c.o.). \u00a0\u00a0<\/p>\n<p>3. \u00a0Escrito \u00a0del \u00a027 \u00a0de noviembre de 2006 a \u00a0trav\u00e9s \u00a0del cual el Noticiero de televisi\u00f3n \u201cnoticias uno\u201d remite copia de \u00a0la entrevista hecha al senador PETRO URREGO. \u00a0\u00a0<\/p>\n<p>4. \u00a0Diligencia de versi\u00f3n libre rendida por \u00a0el \u00a0congresista \u00a0GUSTAVO PETRO URREGO (fls. 33 ss.).\u00a0 En esta indica que no \u00a0conoce \u00a0personalmente \u00a0ni \u00a0ha \u00a0tenido \u00a0tratos \u00a0con \u00a0el denunciante. Sabe que fue \u00a0detenido \u00a0hace \u00a0algunos \u00a0a\u00f1os \u00a0por \u00a0el \u00a0delito \u00a0de narcotr\u00e1fico y que despu\u00e9s \u00a0ofici\u00f3 \u00a0p\u00fablicamente \u00a0como \u00a0jefe \u00a0del bloque Centauros del Bloque Tolima de la \u00a0Auc. \u00a0\u00a0<\/p>\n<p>Sobre \u00a0su \u00a0denuncia \u00a0p\u00fablica, \u00a0se\u00f1ala \u00a0que \u00a0recibi\u00f3 \u00a0 informaci\u00f3n \u00a0 telef\u00f3nica \u00a0de \u00a0alguien \u00a0que \u00a0dijo \u00a0trabajar \u00a0en \u00a0los \u00a0Sanandresitos \u00a0de \u00a0Bogot\u00e1, \u00a0quien \u00a0manifest\u00f3 \u00a0que all\u00ed operaba una oficina de \u00a0cobros \u00a0de \u00a0las \u00a0Auc, \u00a0a \u00a0trav\u00e9s \u00a0de \u00a0la \u00a0cual \u00a0contrataron \u00a0unos sicarios para \u00a0asesinarlo. \u00a0A\u00f1adi\u00f3 \u00a0que \u00a0estos fueron pagados por el se\u00f1or ARROYAVE, persona \u00a0que \u00a0adem\u00e1s \u00a0hab\u00eda \u00a0comprado \u00a0los \u00a0bloques Centauros en el Tolima y Capital en \u00a0esta ciudad. \u00a0\u00a0<\/p>\n<p>A\u00f1ade \u00a0que \u00a0la informaci\u00f3n fue transmitida \u00a0por \u00a0televisi\u00f3n \u00a0en \u00a0un \u00a0debate \u00a0de \u00a0la \u00a0Comisi\u00f3n \u00a0Primera \u00a0de \u00a0la \u00a0C\u00e1mara de \u00a0Representantes \u00a0y \u00a0difundida \u00a0adem\u00e1s \u00a0por \u00a0otros medios de comunicaci\u00f3n que lo \u00a0entrevistaron. \u00a0Precisa \u00a0de \u00a0igual \u00a0manera que en el mes de julio de ese a\u00f1o se \u00a0present\u00f3 \u00a0el \u00a0se\u00f1or \u00a0HERNAN \u00a0MAURICIO \u00a0BOBADILLA \u00a0MOSQUERA, \u00a0cont\u00f3 que era el \u00a0segundo \u00a0 comandante \u00a0 del \u00a0Bloque \u00a0Tolima \u00a0y \u00a0hab\u00eda \u00a0tomado \u00a0la \u00a0decisi\u00f3n \u00a0de \u00a0reinsertarse \u00a0y \u00a0relat\u00f3 \u00a0que ese bloque iba a matar a varios dirigentes, que la \u00a0instrucci\u00f3n \u00a0la \u00a0ten\u00eda \u00a0el \u00a0jefe \u00a0alias \u00a0\u201cDANIEL\u201d. \u00a0La lista la encabezaba \u00a0GUSTAVO \u00a0PETRO \u00a0y \u00a0la \u00a0orden \u00a0la hab\u00eda dado MIGUEL ARROYAVE. En su relato, este \u00a0desmovilizado \u00a0dio \u00a0a \u00a0conocer \u00a0algunos \u00a0pormenores \u00a0de \u00a0la \u00a0operaci\u00f3n y de las \u00a0personas que supuestamente tendr\u00edan participaci\u00f3n en el hecho. \u00a0\u00a0<\/p>\n<p>En \u00a0esta \u00a0reuni\u00f3n \u00a0estuvieron \u00a0presentes, \u00a0adem\u00e1s, \u00a0el \u00a0Representante \u00a0a \u00a0la \u00a0C\u00e1mara WILSON BORJA y, el ex Gobernador del \u00a0Tolima, GUILLERMO ALFONSO JARAMILLO.\u00a0 \u00a0\u00a0<\/p>\n<p>Tambi\u00e9n \u00a0el doctor PETRO dijo que el se\u00f1or \u00a0MIGUEL \u00a0ARROYAVE \u00a0fue asesinado por varios de sus propios hombres. Acerca de las \u00a0personas \u00a0que \u00a0en principio le transmitieron las amenazas, manifest\u00f3 que fueron \u00a0presentadas \u00a0al \u00a0general \u00a0NARANJO \u00a0hoy jefe de la Dijin y que, hasta donde tiene \u00a0entendido, \u00a0durante \u00a0algunos \u00a0meses \u00a0trabajaron en forma conjunta. Finalmente se \u00a0ratifica \u00a0en la denuncia p\u00fablica realizada en la entrevista televisiva, la cual \u00a0se le puso de presente. \u00a0\u00a0<\/p>\n<p>Indica \u00a0que \u00a0con \u00a0posterioridad, \u00a0el \u00a05 \u00a0de \u00a0septiembre \u00a0de \u00a02004, escribi\u00f3 en el peri\u00f3dico \u201cEl Espectador\u201d una columna \u00a0titulada \u00a0\u201cEl \u00a0bloque \u00a0Capital, \u00a0adi\u00f3s \u00a0a la seguridad\u201d. En la misma hac\u00eda \u00a0graves \u00a0denuncias \u00a0sobre \u00a0la \u00a0infiltraci\u00f3n y los manejos ilegales de esa ala de \u00a0las \u00a0Auc en la capital del pa\u00eds. Agrega que d\u00edas despu\u00e9s de su aparici\u00f3n fue \u00a0amenazado \u00a0de \u00a0muerte \u00a0por \u00a0dicho grupo ilegal e instado a salir del pa\u00eds en un \u00a0plazo perentorio. \u00a0\u00a0<\/p>\n<p>Como \u00a0complemento \u00a0de \u00a0su \u00a0versi\u00f3n, alleg\u00f3 \u00a0fotocopia informal de los siguientes documentos: \u00a0\u00a0<\/p>\n<p>4.1. Escrito de amenaza en contra de la vida \u00a0del \u00a0doctor \u00a0GUSTAVO \u00a0PETRO, \u00a0firmado por el Estado Mayo del Bloque Centauros en \u00a0los Llanos Orientales el 5 de septiembre de 2004 (fls. 39 y ss.). \u00a0\u00a0<\/p>\n<p>4.2. \u00a0La \u00a0columna period\u00edstica \u201cEl bloque \u00a0capital, \u00a0adi\u00f3s \u00a0a la seguridad\u201d escrita por el versionista y cuya referencia \u00a0se hizo en la respectiva diligencia (fls. 44 ss.). \u00a0\u00a0<\/p>\n<p>4.3. \u00a0Escrito \u00a0dirigido \u00a0al \u00a0entonces Fiscal \u00a0General \u00a0de \u00a0la \u00a0Naci\u00f3n, \u00a0fechado \u00a0el \u00a024 de agosto de 2004 y firmado por\u00a0 \u00a0HERNAN \u00a0MAURICIO \u00a0BOBADILLA \u00a0dentro \u00a0del cual,\u00a0 entre otras cosas, se habla \u00a0del atentado en contra del senador GUSTAVO PETRO (fls. 46 ss.). \u00a0\u00a0<\/p>\n<p>4.4. \u00a0Declaraci\u00f3n \u00a0de \u00a0WILSON ALFONSO BORJA \u00a0DIAZ \u00a0(fls. \u00a050 \u00a0ss.), \u00a0fechada \u00a0el \u00a015 \u00a0de septiembre de 2004 efectuada ante un \u00a0fiscal \u00a0de \u00a0la \u00a0Unidad \u00a0Nacional \u00a0de \u00a0Derechos \u00a0Humanos y DIH (sin firmas de los \u00a0intervinientes), \u00a0en \u00a0la \u00a0cual \u00a0este \u00a0testigo \u00a0ratifica \u00a0las denuncias sobre los \u00a0atentados \u00a0 que \u00a0 se \u00a0iban \u00a0a \u00a0perpetrar \u00a0en \u00a0contra \u00a0de \u00a0varias \u00a0personalidades \u00a0encabezadas por el doctor GUSTAVO PETRO. \u00a0\u00a0<\/p>\n<p>4.5. \u00a0Transliteraci\u00f3n \u00a0de \u00a0una declaraci\u00f3n \u00a0atribuida \u00a0al se\u00f1or HERN\u00c1N MAURICIO BOBADILLA (fls. 53 ss.), en la que hace un \u00a0prolijo \u00a0 relato \u00a0de \u00a0parte \u00a0de \u00a0su \u00a0vida \u00a0y \u00a0vinculaci\u00f3n \u00a0con \u00a0los \u00a0grupos \u00a0de \u00a0autodefensas \u00a0 e \u00a0 informa \u00a0 sobre \u00a0 el \u00a0 atentado \u00a0 contra \u00a0 el \u00a0senador \u00a0PETRO \u00a0URREGO. \u00a0\u00a0<\/p>\n<p>CONSIDERACIONES \u00a0DE \u00a0LA \u00a0SALA \u00a0\u00a0<\/p>\n<p>1. \u00a0La \u00a0Corte \u00a0es competente para conocer de \u00a0este \u00a0asunto \u00a0toda \u00a0vez \u00a0que el imputado GUSTAVO PETRO \u00a0URREGO ostenta la calidad de senador de la Rep\u00fablica \u00a0elegido \u00a0para \u00a0el \u00a0per\u00edodo constitucional 2006-2010. \u00a0Ello, en raz\u00f3n a lo normado por los art\u00edculos 235 de \u00a0la Carta y 75-7 de la ley 600 de 2000. \u00a0\u00a0<\/p>\n<p>No \u00a0est\u00e1 \u00a0dem\u00e1s \u00a0precisar que, acorde a lo \u00a0estipulado \u00a0por \u00a0el \u00a0art\u00edculo 533 de la ley 906 de 2000, los casos de que trata \u00a0el \u00a0numeral \u00a03\u00ba del art\u00edculo 235 de la Constituci\u00f3n Pol\u00edtica continuar\u00e1n su \u00a0tr\u00e1mite por la\u00a0 ley 600 de 2000. \u00a0\u00a0<\/p>\n<p>2. \u00a0El \u00a0art\u00edculo \u00a0327 de la ley 600 de 2000 \u00a0ordena \u00a0 al \u00a0 funcionario \u00a0 judicial \u00a0que \u00a0adelanta \u00a0la \u00a0investigaci\u00f3n \u00a0previa, \u00a0abstenerse \u00a0de \u00a0abrir \u00a0formal instrucci\u00f3n cuando aparezca que la conducta no ha \u00a0existido, \u00a0que \u00a0es at\u00edpica, que la acci\u00f3n penal no puede iniciarse o que est\u00e1 \u00a0demostrada una causal de ausencia de responsabilidad. \u00a0\u00a0<\/p>\n<p>3. \u00a0Procede \u00a0la \u00a0Sala \u00a0a \u00a0establecer \u00a0si \u00a0el \u00a0comportamiento \u00a0atribuido \u00a0por \u00a0la querellante al nombrado parlamentario amerita \u00a0la iniciaci\u00f3n de proceso penal: \u00a0\u00a0<\/p>\n<p>3.1. \u00a0 El \u00a0 fundamento \u00a0 de \u00a0 la \u00a0presente \u00a0investigaci\u00f3n \u00a0lo \u00a0constituye \u00a0el escrito firmado por el se\u00f1or MIGUEL ARROYAVE \u00a0RUIZ \u00a0en \u00a0el \u00a0que \u00a0comunica \u00a0que \u00a0el \u00a0senador GUSTAVO PETRO URREGO en entrevista \u00a0televisiva \u00a0del \u00a03 \u00a0de \u00a0abril \u00a0de 2004 manifest\u00f3 que ten\u00eda informaci\u00f3n que el \u00a0querellante \u00a0contrat\u00f3 \u00a0sicarios \u00a0en San Andresito para asesinarlo, informaci\u00f3n \u00a0que \u00a0ya \u00a0hab\u00eda ratificado a trav\u00e9s del peri\u00f3dico El Tiempo en su edici\u00f3n del \u00a02 \u00a0 de \u00a0 abril \u00a0bajo \u00a0el \u00a0titular \u00a0\u201cMiguel \u00a0Arroyave \u00a0contrat\u00f3 sicarios en el San Andresito para asesinarnos\u201d. \u00a0\u00a0<\/p>\n<p>3.2. \u00a0Para nadie es un secreto el avance del \u00a0fen\u00f3meno \u00a0paramilitar \u00a0a \u00a0lo \u00a0largo y ancho del territorio nacional, con todo y \u00a0las \u00a0consecuencias \u00a0que \u00a0su actuar conlleva. Estos grupos armados organizados al \u00a0margen \u00a0de la ley aparecen con una estructura militar y pol\u00edtica, bajo el mando \u00a0de \u00a0 un \u00a0comandante. \u00a0Al \u00a0efecto, \u00a0el \u00a0se\u00f1or \u00a0MIGUEL \u00a0ARROYAVE \u00a0RUIZ \u00a0aparec\u00eda \u00a0comandando \u00a0el \u00a0bloque \u00a0Centauros \u00a0de la AUC que ten\u00eda su asiento en los llanos \u00a0orientales del pa\u00eds. \u00a0\u00a0<\/p>\n<p>3.3. \u00a0Tampoco \u00a0es \u00a0ajeno \u00a0al conocimiento p\u00fablico, que el senador GUSTAVO \u00a0PETRO \u00a0URREGO \u00a0se \u00a0ha \u00a0distinguido \u00a0por sus denuncias sobre asuntos que tocan el \u00a0inter\u00e9s \u00a0general de la comunidad y que adem\u00e1s ha sido un serio contradictor de \u00a0los \u00a0grupos \u00a0paramilitares. \u00a0Estas \u00a0son las caracter\u00edsticas antag\u00f3nicas en las \u00a0que \u00a0 se \u00a0desarrollan \u00a0los \u00a0sucesos \u00a0que \u00a0terminan \u00a0en \u00a0la \u00a0denuncia \u00a0del \u00a0aqu\u00ed \u00a0querellante. \u00a0\u00a0<\/p>\n<p>3.4. El senador PETRO URREGO, en su versi\u00f3n \u00a0libre \u00a0cuenta \u00a0que \u00a0recibi\u00f3 \u00a0unas \u00a0llamadas an\u00f3nimas que develaban un supuesto \u00a0plan \u00a0para \u00a0asesinarlo \u00a0a \u00a0\u00e9l y que esa acci\u00f3n hab\u00eda sido ordenada por MIGUEL \u00a0ARROYAVE \u00a0RUIZ. \u00a0Esos se\u00f1alamientos los hizo en el seno de la Comisi\u00f3n Primera \u00a0de \u00a0la \u00a0C\u00e1mara \u00a0de \u00a0Representantes \u00a0y, \u00a0luego, \u00a0los medios de comunicaci\u00f3n los \u00a0hicieron \u00a0p\u00fablicos \u00a0a \u00a0trav\u00e9s \u00a0de \u00a0las \u00a0entrevistas \u00a0que \u00a0se \u00a0le \u00a0hicieron \u00a0al \u00a0respecto. \u00a0\u00a0<\/p>\n<p>Tambi\u00e9n manifest\u00f3 el congresista que dio a \u00a0conocer \u00a0estas \u00a0amenazas \u00a0por cuanto, en primer lugar su experiencia personal le \u00a0aconsejaba \u00a0darles \u00a0importancia, \u00a0independientemente \u00a0de \u00a0que sean ciertas o no. \u00a0Como \u00a0segunda \u00a0medida, \u00a0al ponerlas en conocimiento p\u00fablico se logra un proceso \u00a0de \u00a0desactivaci\u00f3n \u00a0de \u00a0las mismas; esto es, que la denuncia se utiliz\u00f3 como un \u00a0mecanismo de defensa. \u00a0\u00a0<\/p>\n<p>Independientemente \u00a0de \u00a0la \u00a0veracidad de las \u00a0amenazas, \u00a0lo \u00a0cierto es que el doctor PETRO URREGO continu\u00f3 con su campa\u00f1a en \u00a0contra \u00a0de \u00a0los grupos de autodefensa, centrando sus cr\u00edticas al Bloque Capital \u00a0que \u00a0se \u00a0hab\u00eda \u00a0asentado en esta ciudad, seg\u00fan lo demuestra con la copia de su \u00a0art\u00edculo \u00a0 publicado \u00a0 en \u00a0 el \u00a0 peri\u00f3dico \u00a0 \u201cEl \u00a0 Espectador\u201d \u00a0 (fls. \u00a049 \u00a0ss.). \u00a0\u00a0<\/p>\n<p>Por \u00a0otra \u00a0parte, \u00a0los \u00a0miembros \u00a0del bloque \u00a0Centauros \u00a0de \u00a0las AUC no cesaron en sus amenazas contra el dirigente pol\u00edtico, \u00a0como \u00a0puede \u00a0verse en el escrito firmado por esta organizaci\u00f3n armada al margen \u00a0de \u00a0la \u00a0ley \u00a0(fl. \u00a039 \u00a0c.o. \u00a01), \u00a0cuya \u00a0copia \u00a0fue allegada por el parlamentario \u00a0citado. \u00a0\u00a0<\/p>\n<p>3.5. \u00a0De \u00a0la \u00a0versi\u00f3n libre ofrecida por el \u00a0senador \u00a0PETRO \u00a0URREGO \u00a0se \u00a0puede establecer que entre \u00e9ste y el querellante no \u00a0exist\u00eda \u00a0trato \u00a0alguno, \u00a0ya \u00a0que \u00a0como \u00a0el \u00a0mismo \u00a0indiciado \u00a0lo manifiesta, su \u00a0conocimiento \u00a0de \u00a0ARROYAVE \u00a0RUIZ \u00a0era a trav\u00e9s de los medios de comunicaci\u00f3n y \u00a0por \u00a0el hecho de que ofici\u00f3 p\u00fablicamente como jefe del Bloque Centauros de las \u00a0AUC.\u00a0 \u00a0Tampoco \u00a0el \u00a0denunciante \u00a0expresa cu\u00e1l ser\u00eda el motivo para que el \u00a0congresista \u00a0se\u00f1alado \u00a0hubiera \u00a0difamado \u00a0de \u00a0\u00e9l, \u00a0sin \u00a0que \u00a0a \u00a0la fecha pueda \u00a0obtenerse \u00a0su \u00a0versi\u00f3n al respecto, pues su deceso es de conocimiento p\u00fablico. \u00a0Estas \u00a0circunstancias \u00a0descartan \u00a0el \u00a0dolo \u00a0frente \u00a0a \u00a0los \u00a0delitos de injuria y \u00a0calumnia \u00a0en \u00a0las \u00a0denuncias \u00a0hechas \u00a0por \u00a0el \u00a0senador PETRO URREGO en contra de \u00a0ARROYAVE RUIZ y transmitidas por los medios de comunicaci\u00f3n. \u00a0\u00a0<\/p>\n<p>4. \u00a0Bajo \u00a0 las \u00a0 anteriores \u00a0 circunstancias, \u00a0 no \u00a0 se \u00a0satisfacen \u00a0los \u00a0presupuestos \u00a0que \u00a0establece el art\u00edculo 331 de la Ley 600 de 2000 para ordenar \u00a0la \u00a0apertura de la investigaci\u00f3n, lo que conlleva a que la Sala d\u00e9 aplicaci\u00f3n \u00a0a \u00a0lo ordenado por el Art\u00edculo 327 ib., pues en el sentir de la Corporaci\u00f3n la \u00a0conducta desplegada por GUSTAVO FRANCISCO PETRO URREGO es at\u00edpica. \u00a0\u00a0<\/p>\n<p>Por \u00a0consiguiente, \u00a0una \u00a0vez \u00a0en \u00a0firme esta \u00a0providencia \u00a0se \u00a0proceder\u00e1 \u00a0al \u00a0archivo de las diligencias, sin perjuicio de la \u00a0posibilidad \u00a0de \u00a0revocatoria de que trata el art\u00edculo 328 del estatuto procesal \u00a0penal \u00a0mencionado en el evento de estructurarse las exigencias probatorias all\u00ed \u00a0se\u00f1aladas. \u00a0\u00a0<\/p>\n<p>En \u00a0m\u00e9rito \u00a0de \u00a0lo \u00a0expuesto, \u00a0la \u00a0Sala \u00a0de \u00a0Casaci\u00f3n Penal de la Corte Suprema de Justicia; \u00a0\u00a0<\/p>\n<p>RESUELVE \u00a0<\/p>\n<p>ABSTENERSE de abrir \u00a0investigaci\u00f3n \u00a0penal \u00a0en \u00a0contra \u00a0del Senador GUSTAVO \u00a0PETRO \u00a0URREGO, \u00a0por \u00a0las \u00a0razones aducidas en la parte \u00a0motiva. \u00a0\u00a0<\/p>\n<p>En \u00a0firme \u00a0esta \u00a0decisi\u00f3n, \u00a0arch\u00edvese \u00a0el \u00a0expediente. \u00a0\u00a0<\/p>\n<p>C\u00f3piese, notif\u00edquese y c\u00famplase \u00a0<\/p>\n<p>ALFREDO GOMEZ QUINTERO \u00a0<\/p>\n<p>SIGIFREDO \u00a0 \u00a0 \u00a0 \u00a0 \u00a0ESPINOSA \u00a0PEREZ\u00a0\u00a0\u00a0\u00a0\u00a0\u00a0\u00a0\u00a0 \u00a0 ALVARO \u00a0 ORLANDO \u00a0 PEREZ \u00a0PINZON\u00a0\u00a0\u00a0\u00a0\u00a0\u00a0\u00a0\u00a0\u00a0\u00a0\u00a0\u00a0\u00a0\u00a0\u00a0\u00a0\u00a0\u00a0\u00a0\u00a0\u00a0\u00a0\u00a0 \u00a0\u00a0<\/p>\n<p>MARINA \u00a0 \u00a0 \u00a0 \u00a0PULIDO \u00a0 \u00a0 \u00a0 \u00a0DE \u00a0BARON\u00a0\u00a0\u00a0\u00a0\u00a0\u00a0\u00a0\u00a0\u00a0\u00a0 \u00a0 JORGE \u00a0 LUIS \u00a0QUINTERO \u00a0MILANES\u00a0\u00a0\u00a0\u00a0\u00a0\u00a0\u00a0\u00a0\u00a0\u00a0\u00a0\u00a0\u00a0\u00a0\u00a0\u00a0\u00a0 \u00a0\u00a0<\/p>\n<p>YESID \u00a0 \u00a0 \u00a0 \u00a0 \u00a0 RAMIREZ \u00a0BASTIDAS\u00a0\u00a0\u00a0\u00a0\u00a0\u00a0\u00a0\u00a0\u00a0\u00a0 JULIO \u00a0ENRIQUE SOCHA SALAMANCA\u00a0\u00a0\u00a0\u00a0\u00a0\u00a0 \u00a0\u00a0<\/p>\n<p>MAURO \u00a0 \u00a0 \u00a0 \u00a0 \u00a0 SOLARTE \u00a0PORTILLA\u00a0\u00a0\u00a0\u00a0\u00a0\u00a0\u00a0\u00a0\u00a0\u00a0\u00a0\u00a0\u00a0\u00a0\u00a0\u00a0\u00a0\u00a0\u00a0\u00a0\u00a0\u00a0 \u00a0JAVIER ZAPATA ORTIZ \u00a0\u00a0<\/p>\n<p>Teresa Ruiz N\u00fa\u00f1ez \u00a0<\/p>\n<p>Secretaria \u00a0<\/p>\n<p>\u00a0 \u00a0\u00a0<\/p>\n<p><\/p>\n","protected":false},"excerpt":{"rendered":"<p>\u00a0 \u00a0 Proceso No 22477 \u00a0 CORTE SUPREMA DE JUSTICIA \u00a0 SALA DE CASACI\u00d3N PENAL \u00a0 \u00a0 \u00a0\u00a0 \u00a0\u00a0 \u00a0\u00a0 \u00a0\u00a0 \u00a0 \u00a0 \u00a0 \u00a0 \u00a0 \u00a0\u00a0 \u00a0\u00a0\u00a0\u00a0\u00a0\u00a0\u00a0\u00a0\u00a0\u00a0\u00a0\u00a0\u00a0\u00a0\u00a0\u00a0\u00a0\u00a0\u00a0\u00a0\u00a0\u00a0\u00a0\u00a0\u00a0\u00a0\u00a0 \u00a0Magistrado Ponente: \u00a0\u00a0 \u00a0 \u00a0\u00a0 \u00a0\u00a0 \u00a0\u00a0 \u00a0\u00a0 \u00a0 \u00a0 \u00a0 \u00a0 \u00a0 \u00a0\u00a0 \u00a0ALFREDO G\u00d3MEZ QUINTERO \u00a0\u00a0 \u00a0 \u00a0\u00a0 \u00a0\u00a0 \u00a0\u00a0 \u00a0\u00a0 \u00a0 \u00a0 \u00a0 \u00a0 [&hellip;]<\/p>\n","protected":false},"author":1,"featured_media":0,"comment_status":"open","ping_status":"open","sticky":false,"template":"","format":"standard","meta":{"footnotes":""},"categories":[15],"tags":[],"class_list":["post-12440","post","type-post","status-publish","format-standard","hentry","category-15"],"_links":{"self":[{"href":"https:\/\/dmsjuridica.com\/buscador_20179478954\/salapenalcronologico20230723\/wp-json\/wp\/v2\/posts\/12440","targetHints":{"allow":["GET"]}}],"collection":[{"href":"https:\/\/dmsjuridica.com\/buscador_20179478954\/salapenalcronologico20230723\/wp-json\/wp\/v2\/posts"}],"about":[{"href":"https:\/\/dmsjuridica.com\/buscador_20179478954\/salapenalcronologico20230723\/wp-json\/wp\/v2\/types\/post"}],"author":[{"embeddable":true,"href":"https:\/\/dmsjuridica.com\/buscador_20179478954\/salapenalcronologico20230723\/wp-json\/wp\/v2\/users\/1"}],"replies":[{"embeddable":true,"href":"https:\/\/dmsjuridica.com\/buscador_20179478954\/salapenalcronologico20230723\/wp-json\/wp\/v2\/comments?post=12440"}],"version-history":[{"count":0,"href":"https:\/\/dmsjuridica.com\/buscador_20179478954\/salapenalcronologico20230723\/wp-json\/wp\/v2\/posts\/12440\/revisions"}],"wp:attachment":[{"href":"https:\/\/dmsjuridica.com\/buscador_20179478954\/salapenalcronologico20230723\/wp-json\/wp\/v2\/media?parent=12440"}],"wp:term":[{"taxonomy":"category","embeddable":true,"href":"https:\/\/dmsjuridica.com\/buscador_20179478954\/salapenalcronologico20230723\/wp-json\/wp\/v2\/categories?post=12440"},{"taxonomy":"post_tag","embeddable":true,"href":"https:\/\/dmsjuridica.com\/buscador_20179478954\/salapenalcronologico20230723\/wp-json\/wp\/v2\/tags?post=12440"}],"curies":[{"name":"wp","href":"https:\/\/api.w.org\/{rel}","templated":true}]}}