{"id":12397,"date":"2023-09-08T21:03:33","date_gmt":"2023-09-08T21:03:33","guid":{"rendered":"https:\/\/dmsjuridica.com\/buscador_20179478954\/salapenalcronologico20230723\/2023\/09\/08\/2177801-02-07\/"},"modified":"2023-09-08T21:03:33","modified_gmt":"2023-09-08T21:03:33","slug":"2177801-02-07","status":"publish","type":"post","link":"https:\/\/dmsjuridica.com\/buscador_20179478954\/salapenalcronologico20230723\/2023\/09\/08\/2177801-02-07\/","title":{"rendered":"21778(01-02-07)"},"content":{"rendered":"\n<p>\u00a0 \u00a0 Proceso No 21778 \u00a0<\/p>\n<p>CORTE SUPREMA DE JUSTICIA \u00a0<\/p>\n<p>SALA DE CASACI\u00d3N PENAL \u00a0<\/p>\n<p>\u00a0 \u00a0\u00a0 \u00a0\u00a0 \u00a0\u00a0 \u00a0\u00a0 \u00a0 \u00a0 \u00a0 \u00a0 \u00a0 \u00a0\u00a0 \u00a0\u00a0 \u00a0 \u00a0 \u00a0 \u00a0 \u00a0\u00a0 \u00a0 \u00a0 \u00a0 \u00a0 \u00a0 \u00a0\u00a0 \u00a0Magistrado Ponente: \u00a0\u00a0<\/p>\n<p>\u00a0 \u00a0\u00a0 \u00a0\u00a0 \u00a0\u00a0 \u00a0\u00a0 \u00a0 \u00a0 \u00a0 \u00a0 \u00a0 \u00a0\u00a0 \u00a0\u00a0 \u00a0 \u00a0 \u00a0 \u00a0 \u00a0\u00a0 \u00a0 \u00a0 \u00a0 \u00a0 \u00a0 \u00a0\u00a0 \u00a0ALFREDO G\u00d3MEZ QUINTERO \u00a0\u00a0<\/p>\n<p>\u00a0 \u00a0\u00a0 \u00a0\u00a0 \u00a0\u00a0 \u00a0\u00a0 \u00a0 \u00a0 \u00a0 \u00a0 \u00a0 \u00a0\u00a0 \u00a0\u00a0 \u00a0 \u00a0 \u00a0 \u00a0 \u00a0\u00a0 \u00a0 \u00a0 \u00a0 \u00a0 \u00a0 \u00a0\u00a0 \u00a0Aprobado Acta No. 09 \u00a0\u00a0<\/p>\n<p>\u00a0 \u00a0\u00a0 \u00a0\u00a0 \u00a0\u00a0Bogot\u00e1 \u00a0 D.C., \u00a0 primero \u00a0 (01) \u00a0 de \u00a0 febrero \u00a0de \u00a0dos \u00a0mil \u00a0siete \u00a0(2.007) \u00a0\u00a0<\/p>\n<p>VISTOS \u00a0<\/p>\n<p>La \u00a0Corte \u00a0eval\u00faa \u00a0si tiene competencia para \u00a0adelantar \u00a0investigaci\u00f3n \u00a0en \u00a0relaci\u00f3n con BERNARDO HOYOS MONTOYA, ex- Senador \u00a0de la Rep\u00fablica \u00a0\u00a0<\/p>\n<p>ANTECEDENTES Y CONSIDERACIONES \u00a0<\/p>\n<p>1. \u00a0El \u00a0se\u00f1or \u00a0RAMON URBINA DAVILA present\u00f3 \u00a0querella \u00a0 \u00a0en \u00a0 \u00a0contra \u00a0 \u00a0del \u00a0 \u00a0ex\u2013senador \u00a0BERNARDO \u00a0HOYOS \u00a0MONTOYA, \u00a0entre \u00a0otros \u00a0congresistas, \u00a0por \u00a0\u201cmedio \u00a0de \u00a0maniobras \u00a0enga\u00f1osas \u00a0y amenazas a los ciudadanos y a extranjeros \u00a0habilitado \u00a0por \u00a0ley \u00a0a \u00a0votar \u00a0(sic), \u00a0perturbaron e impidieron la votaci\u00f3n al \u00a0referendo \u00a0llevado \u00a0a \u00a0cabo el d\u00eda s\u00e1bado 25 de octubre pr\u00f3ximo pasado con la \u00a0campa\u00f1a \u00a0de \u00a0abstenci\u00f3n \u00a0activa \u00a0que \u00a0pregonaron \u00a0a lo largo y ancho del pa\u00eds \u00a0durante casi dos meses antes de los comicios. \u00a0\u00a0<\/p>\n<p>Agrega \u00a0que \u00a0adem\u00e1s el se\u00f1or BERNARDO HOYOS \u00a0MONTOYA \u00a0cometi\u00f3 el delito de \u201cCorrupci\u00f3n de sufragante\u201d, tipificado en el \u00a0art\u00edculo \u00a0390 \u00a0del \u00a0C\u00f3digo \u00a0Penal, \u00a0ya \u00a0que \u00a0este \u00a0congresista \u201ccomo d\u00e1diva \u00a0ofreci\u00f3 \u00a0el \u00a0d\u00eda \u00a025 \u00a0de \u00a0octubre durante todo el d\u00eda una fiesta con comida y \u00a0licor \u00a0incluidos \u00a0a \u00a0los \u00a0ciudadanos \u00a0y \u00a0extranjeros \u00a0habilitados \u00a0para \u00a0que \u00a0se \u00a0abstuvieran \u00a0de \u00a0votar \u00a0el \u00a0referendo, \u00a0en \u00a0las \u00a0instalaciones \u00a0de su cede (sic) \u00a0pol\u00edtica \u00a0conocida \u00a0como \u00a0el \u00a0\u201cRinc\u00f3n \u00a0Latino\u201d \u00a0situado \u00a0en \u00a0la \u00a0ciudad de \u00a0Barranquilla. \u00a0\u00a0<\/p>\n<p>2. Mediante oficio SG 0478 del 14 de abril de \u00a02004 \u00a0la \u00a0Secretar\u00eda \u00a0General \u00a0del Senado de la Rep\u00fablica remiti\u00f3 copia de la \u00a0certificaci\u00f3n \u00a0en \u00a0donde \u00a0consta \u00a0que \u00a0el \u00a0doctor \u00a0BERNARDO \u00a0HOYOS \u00a0MONTOYA \u00a0se \u00a0posesion\u00f3 en dicha c\u00e9lula legislativa el 20 de Julio de 2002. \u00a0\u00a0<\/p>\n<p>As\u00ed \u00a0mismo \u00a0informa \u00a0que \u00a0la \u00a0Procuradur\u00eda \u00a0General \u00a0de \u00a0la \u00a0Naci\u00f3n \u00a0en \u00a0providencia \u00a0del \u00a018 \u00a0de \u00a0diciembre de 2003 impuso \u00a0sanci\u00f3n \u00a0de destituci\u00f3n e inhabilidad de 12 a\u00f1os al mencionado congresista. Y \u00a0que,\u00a0 \u00a0por \u00a0medio \u00a0de \u00a0la Resoluci\u00f3n 109 del 23 de Marzo del 2004, la Mesa \u00a0Directiva \u00a0del \u00a0Senado \u00a0de la Rep\u00fablica resolvi\u00f3 ejecutar la sanci\u00f3n impuesta \u00a0por \u00a0la \u00a0Procuradur\u00eda \u00a0General de la Naci\u00f3n (Ver folios 31 y s.s. del C.O. 1). \u00a0\u00a0<\/p>\n<p>3. \u00a0Esta \u00a0Sala \u00a0ha \u00a0precisado \u00a0que \u00a0el \u00a0fuero \u00a0constitucional \u00a0de \u00a0los \u00a0congresistas \u00a0se \u00a0configura \u00a0cuando se da alguna de las \u00a0condiciones \u00a0que \u00a0estipula \u00a0el art\u00edculo 235 de la Constituci\u00f3n Pol\u00edtica. Reza \u00a0dicho art\u00edculo: \u00a0\u00a0<\/p>\n<p>\u00a0 \u00a0\u00a0 \u00a0\u00a0 \u00a0\u00a01. \u00a0Que \u00a0el imputado se desempe\u00f1e como Representante a la C\u00e1mara o \u00a0Senador, o \u00a0\u00a0<\/p>\n<p>\u00a0 \u00a0\u00a0 \u00a0\u00a0 \u00a0\u00a02. \u00a0Que \u00a0la \u00a0conducta \u00a0punible que se le endilga tenga relaci\u00f3n con \u00a0las funciones desempe\u00f1adas. \u00a0\u00a0<\/p>\n<p>Como \u00a0 qued\u00f3 \u00a0 establecido \u00a0 dentro \u00a0 del \u00a0expediente, \u00a0 \u00a0 el \u00a0 \u00a0 doctor \u00a0 \u00a0 BERNARDO \u00a0 \u00a0HOYOS \u00a0MONTOYA \u00a0no \u00a0tiene calidad de miembro del Congreso de \u00a0la \u00a0Rep\u00fablica, \u00a0pues \u00a0el 23 de marzo de 2004 la Mesa Directiva del Senado de la \u00a0Rep\u00fablica \u00a0resolvi\u00f3 ejecutar la sanci\u00f3n impuesta por la Procuradur\u00eda General \u00a0de la Naci\u00f3n. \u00a0\u00a0<\/p>\n<p>Por \u00a0consiguiente, \u00a0debe \u00a0determinarse \u00a0si la \u00a0competencia \u00a0de \u00a0la \u00a0Corte \u00a0se \u00a0mantiene, en caso de existir conexidad entre las \u00a0funciones \u00a0 \u00a0que \u00a0 \u00a0ten\u00eda \u00a0 \u00a0el \u00a0 ex\u2013parlamentario \u00a0BERNARDO \u00a0HOYOS MONTOYA y el comportamiento que se le \u00a0atribuye. \u00a0\u00a0<\/p>\n<p>En \u00a0ese \u00a0orden, el art\u00edculo 6 de la Ley 5 de \u00a01992, \u00a0establece \u00a0las funciones gen\u00e9ricas que cumplen los miembros del Congreso \u00a0de la Rep\u00fablica, as\u00ed: \u00a0\u00a0<\/p>\n<p>\u201cART\u00cdCULO \u00a0 \u00a0 6o. \u00a0 \u00a0 CLASES \u00a0 \u00a0 DE \u00a0 \u00a0FUNCIONES \u00a0 \u00a0DEL \u00a0CONGRESO. \u00a0El \u00a0Congreso \u00a0de \u00a0la \u00a0Rep\u00fablica \u00a0cumple: \u00a0\u00a0<\/p>\n<p>1. Funci\u00f3n constituyente, para reformar la \u00a0Constituci\u00f3n Pol\u00edtica mediante actos legislativos. \u00a0\u00a0<\/p>\n<p>2. \u00a0Funci\u00f3n \u00a0legislativa, \u00a0para \u00a0elaborar, \u00a0interpretar, \u00a0reformar \u00a0y \u00a0derogar las leyes y c\u00f3digos en todos los ramos de la \u00a0legislaci\u00f3n. \u00a0\u00a0<\/p>\n<p>3. \u00a0Funci\u00f3n \u00a0de \u00a0control \u00a0pol\u00edtico, \u00a0para \u00a0requerir \u00a0y emplazar a los Ministros del Despacho y dem\u00e1s autoridades y conocer \u00a0de \u00a0las \u00a0acusaciones \u00a0que \u00a0se \u00a0formulen contra altos funcionarios del Estado. La \u00a0moci\u00f3n \u00a0de \u00a0censura \u00a0y \u00a0la \u00a0moci\u00f3n \u00a0de observaciones pueden ser algunas de las \u00a0conclusiones de la responsabilidad pol\u00edtica. \u00a0\u00a0<\/p>\n<p>\u00a0 \u00a0<\/p>\n<p>4. \u00a0 Funci\u00f3n \u00a0 judicial, \u00a0 para \u00a0 juzgar \u00a0excepcionalmente \u00a0a \u00a0los \u00a0altos \u00a0funcionarios \u00a0del \u00a0Estado \u00a0por \u00a0responsabilidad \u00a0pol\u00edtica. \u00a0\u00a0<\/p>\n<p>5. Funci\u00f3n electoral, para elegir Contralor \u00a0General \u00a0de \u00a0la \u00a0Rep\u00fablica, Procurador General de la Naci\u00f3n, Magistrados de la \u00a0Corte \u00a0Constitucional \u00a0y \u00a0de \u00a0la \u00a0Sala \u00a0Jurisdiccional Disciplinaria del Consejo \u00a0Superior \u00a0 de \u00a0 la \u00a0 Judicatura, \u00a0Defensor \u00a0del \u00a0Pueblo, \u00a0Vicepresidente \u00a0de \u00a0la \u00a0Rep\u00fablica, \u00a0cuando \u00a0hay \u00a0falta \u00a0absoluta, \u00a0y \u00a0Designado \u00a0a la Presidencia en el \u00a0per\u00edodo 1992 -1994. \u00a0\u00a0<\/p>\n<p>6. Funci\u00f3n administrativa, para establecer \u00a0la \u00a0organizaci\u00f3n y funcionamiento del Congreso Pleno, el Senado y la C\u00e1mara de \u00a0Representantes. \u00a0\u00a0<\/p>\n<p>\u00a0 \u00a0<\/p>\n<p>7. \u00a0Funci\u00f3n \u00a0de \u00a0control \u00a0p\u00fablico, \u00a0para \u00a0emplazar \u00a0a \u00a0cualquier \u00a0persona, \u00a0natural \u00a0o \u00a0jur\u00eddica, \u00a0a efecto de que rindan \u00a0declaraciones, \u00a0 orales \u00a0 o \u00a0 escritas, \u00a0 sobre \u00a0 hechos \u00a0relacionados \u00a0con \u00a0las \u00a0indagaciones que la Comisi\u00f3n adelante. \u00a0\u00a0<\/p>\n<p>\u00a0 \u00a0<\/p>\n<p>8. \u00a0Funci\u00f3n \u00a0de \u00a0protocolo, para recibir a \u00a0Jefes de Estado o de Gobierno de otras naciones.\u201d \u00a0\u00a0<\/p>\n<p>Pero, \u00a0 ni \u00a0 dentro \u00a0de \u00a0las \u00a0atribuciones \u00a0anteriores, \u00a0ni en el \u00e1mbito de competencias que la Constituci\u00f3n o la ley fija \u00a0a \u00a0los miembros de una u otra C\u00e1mara (art\u00edculos 135, 137, 150, 178 de la Carta \u00a0Pol\u00edtica, \u00a018, \u00a019, \u00a041, \u00a043, \u00a051, \u00a0305 \u00a0y 312 de la Ley 5\u00aa de 1992), se puede \u00a0amoldar \u00a0la \u00a0actividad \u00a0cuya \u00a0ejecuci\u00f3n \u00a0se \u00a0le \u00a0atribuye\u00a0 \u00a0a BERNARDO \u00a0 HOYOS \u00a0 MONTOYA, \u00a0ya \u00a0que \u00a0el \u00a0comportamiento \u00a0endilgado \u00a0se \u00a0circunscribe \u00a0a \u00a0los se\u00f1alamientos precisados en \u00a0ac\u00e1pites anteriores. \u00a0\u00a0<\/p>\n<p>Como \u00a0actualmente \u00a0el imputado no ostenta tal \u00a0investidura, \u00a0la competencia de la Corte no se prolonga dado que la conducta que \u00a0se \u00a0le \u00a0atribuye \u00a0no \u00a0guarda \u00a0relaci\u00f3n con ninguna de las funciones propias del \u00a0cargo, \u00a0previstas \u00a0para \u00a0estos \u00a0funcionarios \u00a0p\u00fablicos en la Constituci\u00f3n y la \u00a0Ley. \u00a0\u00a0<\/p>\n<p>Esta Corporaci\u00f3n, en eventos como el que hoy \u00a0nos \u00a0ocupa, \u00a0se \u00a0ha \u00a0pronunciado sobre el tema de la no prolongaci\u00f3n del fuero, \u00a0cuando \u00a0el hecho imputado no se relaciona con las funciones que constitucional y \u00a0legalmente \u00a0le correspond\u00eda desarrollar al imputado. En ese sentido ha dicho la \u00a0Corte: \u00a0\u00a0<\/p>\n<p>\u00a0 \u00a0 \u00a0 \u00a0 \u00a0<\/p>\n<p>\u201cEn el nuevo esquema constitucional, dicha \u00a0garant\u00eda, \u00a0fuero, o privilegio de jurisdicci\u00f3n, ha sido establecida a favor de \u00a0los \u00a0miembros \u00a0del\u00a0 \u00a0Congreso \u00a0de \u00a0la \u00a0Rep\u00fablica \u00a0por \u00a0raz\u00f3n de su cargo, \u00a0durante \u00a0el \u00a0desempe\u00f1o \u00a0de \u00a0sus \u00a0funciones \u00a0o \u00a0con \u00a0ocasi\u00f3n \u00a0de \u00a0ellas, con la \u00a0finalidad \u00a0de \u00a0garantizar \u00a0la \u00a0independencia \u00a0y \u00a0autonomia \u00a0del \u00a0\u00f3rgano \u00a0a \u00a0que \u00a0pertenecen \u00a0y \u00a0el \u00a0pleno \u00a0ejercicio de sus funciones constitucionales, de manera \u00a0que \u00a0en \u00a0particular \u00a0muestra \u00a0de \u00a0respeto \u00a0por \u00a0la \u00a0dignidad \u00a0que la investidura \u00a0representa, \u00a0la \u00a0investigaci\u00f3n \u00a0y juzgamiento por las conductas punibles que se \u00a0les \u00a0imputen \u00a0se \u00a0lleve a cabo por autoridades diferentes de aquellas a quien se \u00a0atribuye \u00a0competencia \u00a0por \u00a0raz\u00f3n \u00a0de \u00a0la naturaleza del hecho, sin que para el \u00a0ejercicio \u00a0de \u00a0la \u00a0jurisdicci\u00f3n \u00a0deba \u00a0mediar permiso, autorizaci\u00f3n o tr\u00e1mite \u00a0previo o especial. \u00a0\u00a0<\/p>\n<p>Son \u00a0entonces \u00a0el \u00a0cargo, \u00a0o \u00a0las \u00a0funciones \u00a0discernidas, \u00a0 los \u00a0 factores \u00a0 que \u00a0 determinan \u00a0 la \u00a0 aplicaci\u00f3n \u00a0 del \u00a0fuero \u00a0constitucional \u00a0y \u00a0el \u00a0rango \u00a0del tribunal al que le compete conocer del asunto, \u00a0independientemente \u00a0de la persona individualmente considerada o de la existencia \u00a0en \u00a0contra \u00a0suya \u00a0de \u00a0otras \u00a0investigaciones \u00a0o procesos penales; por ello se le \u00a0caracteriza \u00a0 como \u00a0funcional \u00a0e \u00a0impersonal, \u00a0y \u00a0su \u00a0origen \u00a0se \u00a0radica \u00a0en \u00a0la \u00a0conveniencia \u00a0 de \u00a0sustraer \u00a0a \u00a0estas \u00a0espec\u00edficas \u00a0dignidades \u00a0de \u00a0las \u00a0reglas \u00a0generales \u00a0que \u00a0gobiernan la competencia judicial, para garantizar, como ha sido \u00a0visto, \u00a0de \u00a0una \u00a0parte \u00a0la \u00a0dignidad \u00a0del \u00a0cargo \u00a0y \u00a0de \u00a0las \u00a0instituciones \u00a0que \u00a0representan \u00a0y, \u00a0de \u00a0otra, la independencia y autonom\u00eda de algunos \u00f3rganos del \u00a0poder \u00a0p\u00fablico \u00a0a \u00a0fin \u00a0de \u00a0que \u00a0sus actuaciones no se vean entorpecidas por el \u00a0ejercicio \u00a0abusivo \u00a0del derecho de acceso a la justicia o la injerencia de otras \u00a0autoridades. \u00a0\u00a0<\/p>\n<p>Es esta la raz\u00f3n por la cual dicha garant\u00eda \u00a0no \u00a0se \u00a0extiende \u00a0para \u00a0cobijar \u00a0conductas punibles desvinculadas de la funci\u00f3n \u00a0oficial \u00a0cuando \u00a0se \u00a0ha \u00a0hecho dejaci\u00f3n del cargo, dado que cuando ello ocurre, \u00a0ninguna \u00a0 posibilidad \u00a0de \u00a0entrabamiento \u00a0de \u00a0la \u00a0funci\u00f3n \u00a0del \u00a0\u00f3rgano \u00a0a \u00a0que \u00a0perteneciereon, o de injerencia indebida, subsiste. \u00a0\u00a0<\/p>\n<p>De \u00a0ah\u00ed \u00a0resulta \u00a0claro \u00a0que \u00a0cuando \u00a0los \u00a0congresistas \u00a0hubieren \u00a0cesado \u00a0en el ejercicio de su cargo, la competencia para \u00a0conocer \u00a0de \u00a0los \u00a0delitos que no guardan nexo alguno con las funciones oficiales \u00a0cometido \u00a0 \u00a0 \u00a0\u00a0 \u00a0\u00a0 \u00a0\u00a0s \u00a0mientras \u00a0eran \u00a0miembros \u00a0del \u00a0congreso \u00a0o \u00a0con anterioridad a su \u00a0vinculaci\u00f3n \u00a0al \u00a0\u00f3rgano \u00a0legislativo, \u00a0deja \u00a0de \u00a0corresponder \u00a0a la Corte y se \u00a0determinar\u00e1 \u00a0por los factores que se\u00f1\u00e1la el C\u00f3digo de Procedimiento Penal, y \u00a0que \u00a0 s\u00f3lo \u00a0 si \u00a0los \u00a0hechos \u00a0imputados \u00a0tienen \u00a0relaci\u00f3n \u00a0con \u00a0las \u00a0funciones \u00a0desempe\u00f1adas, \u00a0el \u00a0fuero del congresista se mantiene una vez ha hecho dejaci\u00f3n \u00a0del \u00a0cargo, pues la garant\u00eda de ser investigado y juzgado por un Juez Colegiado \u00a0constitucionalmente \u00a0predetermindo \u00a0por \u00a0hechos \u00a0vinculados \u00a0funcionalmente a su \u00a0condici\u00f3n \u00a0de \u00a0servidor \u00a0oficial, \u00a0se conserva\u201d. 1 En el mismo sentido tambien se \u00a0pronunci\u00f3 \u00a0la \u00a0Sala\u00a0 \u00a0en \u00a0el \u00a0rad. \u00a026942\u00a0 \u00a0de \u00a0fecha \u00a018 de abril de \u00a02007 \u00a0\u00a0<\/p>\n<p>Visto \u00a0lo anterior, fuerza es concluir que la \u00a0conducta \u00a0cuya \u00a0realizaci\u00f3n se le endilga al ex Senador BERNARDO HOYOS MONTOYA, \u00a0no \u00a0obstante \u00a0haber \u00a0ocurrido \u00a0cuando \u00a0ostentaba la investidura congresional, no \u00a0tiene \u00a0 relaci\u00f3n \u00a0 con \u00a0 la \u00a0 naturaleza \u00a0 de \u00a0 las \u00a0 funciones \u00a0inherentes \u00a0al \u00a0cargo. \u00a0\u00a0<\/p>\n<p>En \u00a0consecuencia, \u00a0la \u00a0Corte no es competente \u00a0para \u00a0decidir \u00a0si \u00a0abre \u00a0o no investigaci\u00f3n penal, toda vez que no se cumple el \u00a0supuesto \u00a0determinado \u00a0en \u00a0el \u00a0par\u00e1grafo \u00a0del art\u00edculo 235 de la Constituci\u00f3n \u00a0Pol\u00edtica, \u00a0en armon\u00eda con el art\u00edculo 75-7, segundo inciso, de la Ley 600 del \u00a02000. \u00a0\u00a0<\/p>\n<p>Por \u00a0ello, \u00a0se \u00a0remitir\u00e1 \u00a0la actuaci\u00f3n a la \u00a0Fiscal\u00eda General de la Naci\u00f3n para lo de su cargo. \u00a0\u00a0<\/p>\n<p>En \u00a0m\u00e9rito \u00a0de \u00a0lo \u00a0expuesto, \u00a0la \u00a0Sala \u00a0de \u00a0Casaci\u00f3n Penal de la Corte Suprema de Justicia; \u00a0\u00a0<\/p>\n<p>RESUELVE: \u00a0\u00a0<\/p>\n<p>1. DECLARAR que no es \u00a0competente \u00a0para \u00a0seguir \u00a0conociendo \u00a0de \u00a0la denuncia formulada en contra del ex \u00a0Senador \u00a0de \u00a0la Rep\u00fablica BERNARDO HOYOS MONTOYA, de acuerdo con lo expuesto en \u00a0las anteriores consideraciones. \u00a0\u00a0<\/p>\n<p>2. \u00a0 Remitir \u00a0las \u00a0diligencias a la Fiscal\u00eda General de la Nacion, por competencia. \u00a0\u00a0<\/p>\n<p>3. \u00a0 Contra \u00a0esta \u00a0decisi\u00f3n procede el recurso de reposici\u00f3n. \u00a0\u00a0<\/p>\n<p>C\u00f3piese, \u00a0 notif\u00edquese \u00a0 y \u00a0 c\u00famplase. \u00a0\u00a0<\/p>\n<p>ALFREDO G\u00d3MEZ QUINTERO \u00a0<\/p>\n<p>SIGIFREDO \u00a0 \u00a0 \u00a0 \u00a0 \u00a0ESPINOSA \u00a0P\u00c9REZ\u00a0\u00a0\u00a0\u00a0\u00a0\u00a0\u00a0\u00a0\u00a0\u00a0\u00a0\u00a0\u00a0\u00a0 \u00a0ALVARO \u00a0ORLANDO \u00a0P\u00c9REZ \u00a0PINZ\u00d3N\u00a0\u00a0\u00a0\u00a0\u00a0\u00a0\u00a0\u00a0 \u00a0\u00a0<\/p>\n<p>MARINA \u00a0 \u00a0 \u00a0 \u00a0PULIDO \u00a0 \u00a0 \u00a0 \u00a0DE \u00a0BARON\u00a0\u00a0\u00a0\u00a0\u00a0\u00a0\u00a0\u00a0\u00a0\u00a0\u00a0\u00a0\u00a0\u00a0\u00a0\u00a0\u00a0\u00a0\u00a0\u00a0 \u00a0JORGE \u00a0 \u00a0 \u00a0 \u00a0 \u00a0 \u00a0 \u00a0 \u00a0 \u00a0 \u00a0 \u00a0 \u00a0 \u00a0 \u00a0 \u00a0 \u00a0LUIS \u00a0 \u00a0 \u00a0 \u00a0 \u00a0 \u00a0 \u00a0 \u00a0 \u00a0 \u00a0 \u00a0 \u00a0 \u00a0 \u00a0 \u00a0 QUINTERO \u00a0MILANES\u00a0\u00a0\u00a0\u00a0\u00a0\u00a0\u00a0\u00a0\u00a0\u00a0\u00a0\u00a0 \u00a0\u00a0<\/p>\n<p>YESID \u00a0 \u00a0 \u00a0 \u00a0 \u00a0 RAM\u00cdREZ \u00a0BASTIDAS\u00a0\u00a0\u00a0\u00a0\u00a0\u00a0\u00a0\u00a0\u00a0\u00a0\u00a0\u00a0\u00a0\u00a0 \u00a0JULIO \u00a0 \u00a0 \u00a0 \u00a0 \u00a0 \u00a0 \u00a0 \u00a0 \u00a0 \u00a0 \u00a0 \u00a0 \u00a0 \u00a0 \u00a0 \u00a0ENRIQUE \u00a0 \u00a0 \u00a0 \u00a0 \u00a0 \u00a0 \u00a0 \u00a0 \u00a0 \u00a0 \u00a0 \u00a0 \u00a0 \u00a0 \u00a0 SOCHA \u00a0SALAMANCA\u00a0\u00a0\u00a0\u00a0\u00a0\u00a0\u00a0\u00a0\u00a0\u00a0\u00a0\u00a0 \u00a0\u00a0<\/p>\n<p>MAURO \u00a0 \u00a0 \u00a0 \u00a0 \u00a0 SOLARTE \u00a0PORTILLA\u00a0\u00a0\u00a0\u00a0\u00a0\u00a0\u00a0\u00a0\u00a0\u00a0\u00a0\u00a0\u00a0\u00a0\u00a0\u00a0\u00a0\u00a0\u00a0\u00a0\u00a0\u00a0\u00a0\u00a0\u00a0\u00a0\u00a0 \u00a0JAVIER ZAPATA ORT\u00cdZ \u00a0\u00a0<\/p>\n<p>Excusa justificada \u00a0<\/p>\n<p>Teresa Ruiz N\u00fa\u00f1ez \u00a0<\/p>\n<p>Secretaria. \u00a0 \u00a0<\/p>\n<p>1\u00a0 \u00a0Radicaci\u00f3n \u00a0 11-507, \u00a0 auto \u00a0 de \u00a0\u00fanica \u00a0instancia \u00a0del \u00a029 \u00a0de \u00a0noviembre \u00a0de \u00a02000. \u00a0 \u00a0\u00a0<\/p>\n<p><\/p>\n","protected":false},"excerpt":{"rendered":"<p>\u00a0 \u00a0 Proceso No 21778 \u00a0 CORTE SUPREMA DE JUSTICIA \u00a0 SALA DE CASACI\u00d3N PENAL \u00a0 \u00a0 \u00a0\u00a0 \u00a0\u00a0 \u00a0\u00a0 \u00a0\u00a0 \u00a0 \u00a0 \u00a0 \u00a0 \u00a0 \u00a0\u00a0 \u00a0\u00a0 \u00a0 \u00a0 \u00a0 \u00a0 \u00a0\u00a0 \u00a0 \u00a0 \u00a0 \u00a0 \u00a0 \u00a0\u00a0 \u00a0Magistrado Ponente: \u00a0\u00a0 \u00a0 \u00a0\u00a0 \u00a0\u00a0 \u00a0\u00a0 \u00a0\u00a0 \u00a0 \u00a0 \u00a0 \u00a0 \u00a0 \u00a0\u00a0 \u00a0\u00a0 \u00a0 [&hellip;]<\/p>\n","protected":false},"author":1,"featured_media":0,"comment_status":"open","ping_status":"open","sticky":false,"template":"","format":"standard","meta":{"footnotes":""},"categories":[15],"tags":[],"class_list":["post-12397","post","type-post","status-publish","format-standard","hentry","category-15"],"_links":{"self":[{"href":"https:\/\/dmsjuridica.com\/buscador_20179478954\/salapenalcronologico20230723\/wp-json\/wp\/v2\/posts\/12397","targetHints":{"allow":["GET"]}}],"collection":[{"href":"https:\/\/dmsjuridica.com\/buscador_20179478954\/salapenalcronologico20230723\/wp-json\/wp\/v2\/posts"}],"about":[{"href":"https:\/\/dmsjuridica.com\/buscador_20179478954\/salapenalcronologico20230723\/wp-json\/wp\/v2\/types\/post"}],"author":[{"embeddable":true,"href":"https:\/\/dmsjuridica.com\/buscador_20179478954\/salapenalcronologico20230723\/wp-json\/wp\/v2\/users\/1"}],"replies":[{"embeddable":true,"href":"https:\/\/dmsjuridica.com\/buscador_20179478954\/salapenalcronologico20230723\/wp-json\/wp\/v2\/comments?post=12397"}],"version-history":[{"count":0,"href":"https:\/\/dmsjuridica.com\/buscador_20179478954\/salapenalcronologico20230723\/wp-json\/wp\/v2\/posts\/12397\/revisions"}],"wp:attachment":[{"href":"https:\/\/dmsjuridica.com\/buscador_20179478954\/salapenalcronologico20230723\/wp-json\/wp\/v2\/media?parent=12397"}],"wp:term":[{"taxonomy":"category","embeddable":true,"href":"https:\/\/dmsjuridica.com\/buscador_20179478954\/salapenalcronologico20230723\/wp-json\/wp\/v2\/categories?post=12397"},{"taxonomy":"post_tag","embeddable":true,"href":"https:\/\/dmsjuridica.com\/buscador_20179478954\/salapenalcronologico20230723\/wp-json\/wp\/v2\/tags?post=12397"}],"curies":[{"name":"wp","href":"https:\/\/api.w.org\/{rel}","templated":true}]}}