{"id":12211,"date":"2023-09-08T19:55:35","date_gmt":"2023-09-08T19:55:35","guid":{"rendered":"https:\/\/dmsjuridica.com\/buscador_20179478954\/salapenalcronologico20230723\/2023\/09\/08\/2622819-10-06-1\/"},"modified":"2023-09-08T19:55:35","modified_gmt":"2023-09-08T19:55:35","slug":"2622819-10-06-1","status":"publish","type":"post","link":"https:\/\/dmsjuridica.com\/buscador_20179478954\/salapenalcronologico20230723\/2023\/09\/08\/2622819-10-06-1\/","title":{"rendered":"26228(19-10-06)-1"},"content":{"rendered":"\n<p>\u00a0 \u00a0 Proceso No 26228 \u00a0<\/p>\n<p>CORTE SUPREMA DE JUSTICIA \u00a0<\/p>\n<p>SALA DE CASACI\u00d3N PENAL \u00a0<\/p>\n<p>\u00a0 \u00a0\u00a0 \u00a0\u00a0 \u00a0\u00a0 \u00a0\u00a0<\/p>\n<p>\u00a0 \u00a0\u00a0 \u00a0\u00a0 \u00a0\u00a0 \u00a0\u00a0 \u00a0 \u00a0 \u00a0\u00a0 \u00a0\u00a0 \u00a0 \u00a0 \u00a0\u00a0 \u00a0\u00a0 \u00a0 \u00a0 \u00a0\u00a0 \u00a0\u00a0<\/p>\n<p>\u00a0 \u00a0\u00a0 \u00a0\u00a0 \u00a0\u00a0 \u00a0\u00a0 \u00a0 \u00a0 \u00a0\u00a0 \u00a0\u00a0 \u00a0 \u00a0 \u00a0\u00a0 \u00a0\u00a0 \u00a0 \u00a0 \u00a0\u00a0Magistrado \u00a0Ponente: \u00a0\u00a0<\/p>\n<p>\u00a0\u00a0\u00a0\u00a0\u00a0\u00a0\u00a0\u00a0\u00a0\u00a0\u00a0\u00a0\u00a0\u00a0\u00a0\u00a0\u00a0\u00a0\u00a0\u00a0\u00a0\u00a0\u00a0\u00a0\u00a0\u00a0\u00a0\u00a0\u00a0 \u00a0 \u00a0 \u00a0 \u00a0 \u00a0 \u00a0\u00a0 \u00a0\u00a0Dr. \u00a0YESID \u00a0RAM\u00cdREZ \u00a0BASTIDAS \u00a0\u00a0<\/p>\n<p>\u00a0\u00a0\u00a0\u00a0\u00a0\u00a0\u00a0\u00a0\u00a0\u00a0\u00a0\u00a0\u00a0\u00a0\u00a0\u00a0\u00a0\u00a0\u00a0\u00a0\u00a0\u00a0\u00a0\u00a0\u00a0\u00a0\u00a0\u00a0\u00a0\u00a0 \u00a0 \u00a0 \u00a0 \u00a0 \u00a0 \u00a0\u00a0 \u00a0\u00a0Aprobado \u00a0 Acta \u00a0 # \u00a0119 \u00a0\u00a0<\/p>\n<p>Bogot\u00e1 \u00a0D.C., \u00a0octubre \u00a0diecinueve (19) de dos mil seis (2006). \u00a0\u00a0<\/p>\n<p>VISTOS: \u00a0<\/p>\n<p>Resuelve \u00a0la \u00a0Sala \u00a0el conflicto negativo de \u00a0competencias \u00a0suscitado entre el Juzgado 3\u00ba Penal del Circuito Especializado de \u00a0Villavicencio \u00a0y \u00a0el \u00a0Juzgado \u00a0\u00danico \u00a0Promiscuo \u00a0del \u00a0Circuito de San Jos\u00e9 del \u00a0Guaviare. \u00a0\u00a0<\/p>\n<p>ANTECEDENTES: \u00a0<\/p>\n<p>1.\u00a0 \u00a0En \u00a0el \u00a0presente \u00a0proceso, \u00a0que \u00a0se \u00a0inici\u00f3 \u00a0con fundamento en un \u00a0informe \u00a0del \u00a0Ej\u00e9rcito \u00a0Nacional \u00a0referido \u00a0a \u00a0denuncias \u00a0de \u00a0la \u00a0comunidad \u00a0de \u00a0Miraflores \u00a0 (Guaviare) \u00a0contra \u00a0varias \u00a0personas \u00a0a \u00a0las \u00a0cuales \u00a0sindicaba \u00a0de \u00a0pertenecer \u00a0a un grupo de autodefensas y les atribu\u00eda la muerte y desaparici\u00f3n \u00a0de \u00a0pobladores, \u00a0lo \u00a0mismo \u00a0que \u00a0dedicarse \u00a0al \u00a0tr\u00e1fico de estupefacientes, los \u00a0procesados \u00a0MART\u00cdN \u00a0ZABALA, \u00a0EDWIN \u00a0PITAL\u00daA \u00a0PALMERA, \u00a0MIGUEL \u00a0MARIANO AG\u00c1MEZ \u00a0RECUERO \u00a0 y \u00a0 JOS\u00c9 \u00a0 ALEXIS \u00a0 QUEVEDO \u00a0 GAMBOA \u00a0 se \u00a0 sometieron \u00a0 a \u00a0sentencia \u00a0anticipada1. \u00a0\u00a0<\/p>\n<p>Lo \u00a0hicieron \u00a0ante \u00a0un \u00a0Fiscal \u00a0de la Unidad \u00a0Nacional \u00a0 de \u00a0Derechos \u00a0Humanos \u00a0y \u00a0Derecho \u00a0Internacional \u00a0Humanitario \u00a0de \u00a0la \u00a0Fiscal\u00eda \u00a0General \u00a0de \u00a0la \u00a0Naci\u00f3n \u00a0en \u00a0diligencias que tuvieron ocurrencia los \u00a0d\u00edas 8 de marzo, 31 de marzo y 4 de abril de 2006: \u00a0\u00a0<\/p>\n<p>\u00a0 \u00a0\u00a0<\/p>\n<p>* A \u00a0ZABALA \u00a0se \u00a0le \u00a0imput\u00f3 el delito de sedici\u00f3n descrito en el art\u00edculo 71 de la \u00a0Ley 975 de 2005 y lo acept\u00f3. \u00a0 \u00a0\u00a0<\/p>\n<p>\u00a0 \u00a0\u00a0<\/p>\n<p>* A \u00a0PITAL\u00daA \u00a0se le formularon los cargos de sedici\u00f3n y tr\u00e1fico de estupefacientes \u00a0descritos \u00a0en \u00a0la norma antes mencionada y en el art\u00edculo 376 del C\u00f3digo Penal \u00a0de 2000, respectivamente. Admiti\u00f3 s\u00f3lo el primero. \u00a0 \u00a0\u00a0<\/p>\n<p>\u00a0 \u00a0\u00a0<\/p>\n<p>* A \u00a0MIGUEL \u00a0AG\u00c1MEZ \u00a0se \u00a0le \u00a0imputaron \u00a0esas \u00a0mismas \u00a0conductas \u00a0y \u00a0las de homicidio \u00a0agravado \u00a0por \u00a0la \u00a0indefensi\u00f3n de que fueron v\u00edctimas Giovanny Yepes (autor\u00eda \u00a0material) \u00a0y \u00a0Nelson \u00a0Vega \u00a0Jaramillo \u00a0(c\u00f3mplice).\u00a0 \u00danicamente acept\u00f3 el \u00a0cargo de sedici\u00f3n. Y, \u00a0 \u00a0\u00a0<\/p>\n<p>\u00a0 \u00a0\u00a0<\/p>\n<p>* A \u00a0QUEVEDO \u00a0GAMBOA el Fiscal le formul\u00f3 los cargos de sedici\u00f3n, autor material de \u00a0tres \u00a0homicidios \u00a0agravados \u00a0por \u00a0la indefensi\u00f3n (Giovanny Yepes, Wilson Plazas \u00a0Vald\u00e9s \u00a0y \u00a0Nelson \u00a0Vega \u00a0Jaramillo) \u00a0y tr\u00e1fico de estupefacientes. Admiti\u00f3 la \u00a0sedici\u00f3n y los homicidios. \u00a0 \u00a0\u00a0<\/p>\n<p>2. \u00a0Se declar\u00f3 la \u00a0ruptura \u00a0de \u00a0la \u00a0unidad \u00a0procesal \u00a0y \u00a0el \u00a06 \u00a0de \u00a0junio \u00a0de \u00a02006 \u00a0se remiti\u00f3 la \u00a0actuaci\u00f3n, \u00a0para \u00a0el pronunciamiento respectivo en relaci\u00f3n con la aceptaci\u00f3n \u00a0de \u00a0los cargos, al Juzgado Penal del Circuito de San Jos\u00e9 del Guaviare, el cual \u00a0se \u00a0neg\u00f3 \u00a0a \u00a0avocar \u00a0el \u00a0conocimiento \u00a0del \u00a0asunto mediante auto del 6 de julio \u00a0siguiente, \u00a0aduciendo \u00a0como raz\u00f3n que al ser declarado inexequible por la Corte \u00a0Constitucional \u00a0el \u00a0art\u00edculo 71 de la Ley 975 de 2005, la conducta que all\u00ed se \u00a0describ\u00eda \u00a0como \u00a0sedici\u00f3n \u00a0adquiere \u00a0nuevamente \u00a0la denominaci\u00f3n de concierto \u00a0para \u00a0delinquir, \u00a0de \u00a0competencia \u00a0de la justicia especializada, a donde dispuso \u00a0enviar las diligencias. \u00a0\u00a0<\/p>\n<p>3. \u00a0El Juzgado 3\u00ba \u00a0Penal \u00a0del \u00a0Circuito \u00a0Especializado \u00a0de Villavicencio, por auto del 24 de agosto \u00a0del \u00a0cursante \u00a0a\u00f1o, \u00a0rehus\u00f3 la competencia para conocer del caso al considerar \u00a0que \u00a0los \u00a0cargos\u00a0 \u00a0aceptados \u00a0por \u00a0los \u00a0procesados \u00a0son \u00a0competencia de los \u00a0Juzgados \u00a0 Penales \u00a0 del \u00a0 Circuito. \u00a0 En \u00a0consecuencia, \u00a0orden\u00f3 \u00a0regresar \u00a0las \u00a0diligencias \u00a0al \u00a0despacho \u00a0de \u00a0origen, \u00a0al cual le propuso colisi\u00f3n negativa de \u00a0competencias. \u00a0\u00a0<\/p>\n<p>4. \u00a0 El \u00a014 \u00a0de \u00a0septiembre \u00a0de \u00a02006 el Juzgado Promiscuo del Circuito de San Jos\u00e9 de Guaviare, \u00a0reiterando \u00a0de \u00a0su \u00a0conclusi\u00f3n, \u00a0admiti\u00f3 \u00a0el \u00a0conflicto \u00a0y \u00a0dispuso remitir la \u00a0actuaci\u00f3n a \u00e9sta Corporaci\u00f3n para que lo resuelva. \u00a0\u00a0<\/p>\n<p>CONSIDERACIONES \u00a0DE \u00a0LA \u00a0SALA: \u00a0\u00a0<\/p>\n<p>1. \u00a0La Corte tiene \u00a0competencia \u00a0 para \u00a0solucionar \u00a0el \u00a0conflicto \u00a0planteado, \u00a0en \u00a0concordancia \u00a0con \u00a0el\u00a0 \u00a0inciso \u00a02\u00ba \u00a0del art\u00edculo 18 transitorio del C\u00f3digo de Procedimiento \u00a0Penal de 2000. \u00a0\u00a0<\/p>\n<p>2. La tesis adoptada \u00a0por \u00a0la \u00a0Sala en el auto del 5 de septiembre de 20062 \u00a0\u00a0<\/p>\n<p>al \u00a0resolver \u00a0una \u00a0discusi\u00f3n similar a la \u00a0aqu\u00ed \u00a0planteada y que en esta oportunidad reitera, es que en los procesos donde \u00a0se \u00a0atribuy\u00f3 \u00a0en \u00a0la \u00a0acusaci\u00f3n \u00a0o \u00a0en \u00a0la audiencia de formulaci\u00f3n de cargos \u00a0celebrada \u00a0en \u00a0desarrollo \u00a0del \u00a0mecanismo \u00a0de \u00a0sentencia anticipada el delito de \u00a0sedici\u00f3n \u00a0previsto en el art\u00edculo 71 de la Ley 975 de 2005, el Juez competente \u00a0en \u00a0todos \u00a0aquellos \u00a0eventos \u00a0en \u00a0los \u00a0que \u00a0no \u00a0se \u00a0hubiere \u00a0resuelto antes otro \u00a0conflicto \u00a0de \u00a0competencias \u00a0surgido \u00a0de \u00a0la \u00a0aplicaci\u00f3n de dicha ley es el que \u00a0tiene \u00a0asignado \u00a0el conocimiento de esa conducta punible, es decir, el Penal del \u00a0Circuito \u00a0Ordinario, \u00a0de \u00a0la \u00a0misma \u00a0forma \u00a0que lo es el Juez Penal del Circuito \u00a0Especializado \u00a0cuando \u00a0la \u00a0acusaci\u00f3n \u00a0o la formulaci\u00f3n de cargos ha sido hecha \u00a0por \u00a0el \u00a0tipo penal de concierto para delinquir descrito en el art\u00edculo 340 del \u00a0C\u00f3digo Penal. \u00a0\u00a0<\/p>\n<p>As\u00ed \u00a0las \u00a0cosas, \u00a0como \u00a0en el presente caso \u00a0quienes \u00a0se sometieron a sentencia anticipada aceptaron el delito de sedici\u00f3n y \u00a0uno \u00a0 de \u00a0 ellos \u00a0admiti\u00f3 \u00a0adicionalmente \u00a0el \u00a0de \u00a0homicidio \u00a0agravado \u00a0por \u00a0la \u00a0indefensi\u00f3n \u00a0 de \u00a0 la \u00a0 v\u00edctima, \u00a0 tambi\u00e9n \u00a0 de \u00a0competencia \u00a0de \u00a0los \u00a0Jueces \u00a0Ordinarios,\u00a0 \u00a0 se \u00a0 asignar\u00e1 \u00a0 el \u00a0 conocimiento \u00a0del \u00a0asunto \u00a0al \u00a0Juzgado \u00a0\u00danico\u00a0 \u00a0 \u00a0 Promiscuo\u00a0 \u00a0 \u00a0del \u00a0 \u00a0Circuito \u00a0 \u00a0de \u00a0 \u00a0San \u00a0 \u00a0Jos\u00e9 \u00a0 \u00a0del \u00a0Guaviare. \u00a0\u00a0<\/p>\n<p>A \u00a0m\u00e9rito \u00a0de \u00a0lo \u00a0expuesto, \u00a0la \u00a0Sala \u00a0de \u00a0Casaci\u00f3n Penal de la \u00a0\u00a0<\/p>\n<p>Corte Suprema de Justicia, \u00a0<\/p>\n<p>RESUELVE: \u00a0<\/p>\n<p>1. \u00a0DECLARAR que la \u00a0competencia \u00a0para \u00a0conocer \u00a0del \u00a0presente asunto es del Juzgado \u00danico Promiscuo \u00a0del \u00a0Circuito \u00a0de \u00a0San \u00a0Jos\u00e9 \u00a0del \u00a0Guaviare, \u00a0a \u00a0donde \u00a0se \u00a0dispone \u00a0remitirlo. \u00a0\u00a0<\/p>\n<p>\u00a0 \u00a0\u00a0 \u00a0\u00a0 \u00a0 \u00a0\u00a0<\/p>\n<p>2.\u00a0 Comunicar \u00a0lo \u00a0 aqu\u00ed \u00a0 decidido \u00a0al \u00a0Juzgado \u00a03\u00ba \u00a0Penal \u00a0del \u00a0Circuito \u00a0Especializado \u00a0de \u00a0Villavicencio, remiti\u00e9ndole copia de la decisi\u00f3n. \u00a0\u00a0<\/p>\n<p>\u00a0 \u00a0\u00a0 \u00a0\u00a0 \u00a0\u00a0Contra esta decisi\u00f3n no proceden recursos. \u00a0\u00a0<\/p>\n<p>C\u00daMPLASE. \u00a0<\/p>\n<p>MAURO \u00a0 \u00a0SOLARTE \u00a0PORTILLA \u00a0\u00a0<\/p>\n<p>Excusa justificada \u00a0<\/p>\n<p>SIGIFREDO \u00a0 \u00a0 \u00a0 \u00a0 \u00a0ESPINOSA \u00a0P\u00c9REZ\u00a0\u00a0\u00a0\u00a0\u00a0\u00a0\u00a0\u00a0\u00a0\u00a0\u00a0\u00a0\u00a0\u00a0\u00a0\u00a0\u00a0\u00a0\u00a0\u00a0\u00a0\u00a0\u00a0\u00a0\u00a0\u00a0\u00a0\u00a0\u00a0 \u00a0ALFREDO G\u00d3MEZ \u00a0QUINTERO\u00a0\u00a0\u00a0\u00a0\u00a0\u00a0\u00a0\u00a0\u00a0\u00a0\u00a0\u00a0\u00a0\u00a0\u00a0\u00a0\u00a0\u00a0\u00a0\u00a0\u00a0\u00a0\u00a0\u00a0\u00a0\u00a0\u00a0 \u00a0\u00a0<\/p>\n<p>\u00c1LVARO \u00a0 \u00a0 \u00a0 ORLANDO \u00a0 \u00a0 \u00a0P\u00c9REZ \u00a0PINZ\u00d3N\u00a0\u00a0\u00a0\u00a0\u00a0\u00a0\u00a0\u00a0\u00a0\u00a0\u00a0\u00a0\u00a0\u00a0\u00a0\u00a0\u00a0\u00a0\u00a0\u00a0\u00a0\u00a0 \u00a0MARINA \u00a0 \u00a0 \u00a0PULIDO \u00a0 \u00a0 \u00a0DE \u00a0 \u00a0 BAR\u00d3N\u00a0\u00a0\u00a0\u00a0\u00a0\u00a0\u00a0\u00a0\u00a0\u00a0\u00a0\u00a0\u00a0\u00a0\u00a0\u00a0\u00a0\u00a0\u00a0\u00a0\u00a0\u00a0\u00a0\u00a0\u00a0 \u00a0\u00a0<\/p>\n<p>JORGE \u00a0 \u00a0 \u00a0 LUIS \u00a0 \u00a0 \u00a0 QUINTERO \u00a0MILAN\u00c9S\u00a0\u00a0\u00a0\u00a0\u00a0\u00a0\u00a0\u00a0\u00a0\u00a0\u00a0\u00a0\u00a0\u00a0\u00a0\u00a0\u00a0\u00a0\u00a0\u00a0\u00a0\u00a0\u00a0\u00a0\u00a0\u00a0 \u00a0YESID RAM\u00cdREZ \u00a0BASTIDAS\u00a0\u00a0\u00a0\u00a0\u00a0\u00a0\u00a0\u00a0\u00a0\u00a0\u00a0\u00a0\u00a0\u00a0\u00a0\u00a0\u00a0\u00a0\u00a0\u00a0\u00a0\u00a0\u00a0\u00a0\u00a0\u00a0\u00a0\u00a0\u00a0\u00a0\u00a0\u00a0\u00a0\u00a0\u00a0\u00a0\u00a0\u00a0\u00a0\u00a0\u00a0\u00a0\u00a0\u00a0\u00a0 \u00a0\u00a0<\/p>\n<p>JULIO \u00a0 \u00a0 \u00a0 ENRIQUE \u00a0 \u00a0 \u00a0 SOCHA \u00a0SALAMANCA\u00a0\u00a0\u00a0\u00a0\u00a0\u00a0\u00a0\u00a0\u00a0\u00a0\u00a0\u00a0\u00a0\u00a0\u00a0\u00a0\u00a0\u00a0\u00a0\u00a0\u00a0\u00a0\u00a0\u00a0\u00a0\u00a0 \u00a0JAVIER ZAPATA ORTIZ \u00a0\u00a0<\/p>\n<p>TERESA RUIZ N\u00da\u00d1EZ \u00a0<\/p>\n<p>Secretaria \u00a0 \u00a0<\/p>\n<p>1 \u00a0. \u00a0Folios 222\/4 y 15, 26 y 43\/5. \u00a0\u00a0<\/p>\n<p>2 \u00a0. \u00a0Colisi\u00f3n de competencias 25.940. \u00a0 \u00a0\u00a0<\/p>\n<p><\/p>\n","protected":false},"excerpt":{"rendered":"<p>\u00a0 \u00a0 Proceso No 26228 \u00a0 CORTE SUPREMA DE JUSTICIA \u00a0 SALA DE CASACI\u00d3N PENAL \u00a0 \u00a0 \u00a0\u00a0 \u00a0\u00a0 \u00a0\u00a0 \u00a0\u00a0 \u00a0 \u00a0\u00a0 \u00a0\u00a0 \u00a0\u00a0 \u00a0\u00a0 \u00a0 \u00a0 \u00a0\u00a0 \u00a0\u00a0 \u00a0 \u00a0 \u00a0\u00a0 \u00a0\u00a0 \u00a0 \u00a0 \u00a0\u00a0 \u00a0\u00a0 \u00a0 \u00a0\u00a0 \u00a0\u00a0 \u00a0\u00a0 \u00a0\u00a0 \u00a0 \u00a0 \u00a0\u00a0 \u00a0\u00a0 \u00a0 \u00a0 \u00a0\u00a0 \u00a0\u00a0 \u00a0 \u00a0 \u00a0\u00a0Magistrado \u00a0Ponente: [&hellip;]<\/p>\n","protected":false},"author":1,"featured_media":0,"comment_status":"open","ping_status":"open","sticky":false,"template":"","format":"standard","meta":{"footnotes":""},"categories":[14],"tags":[],"class_list":["post-12211","post","type-post","status-publish","format-standard","hentry","category-14"],"_links":{"self":[{"href":"https:\/\/dmsjuridica.com\/buscador_20179478954\/salapenalcronologico20230723\/wp-json\/wp\/v2\/posts\/12211","targetHints":{"allow":["GET"]}}],"collection":[{"href":"https:\/\/dmsjuridica.com\/buscador_20179478954\/salapenalcronologico20230723\/wp-json\/wp\/v2\/posts"}],"about":[{"href":"https:\/\/dmsjuridica.com\/buscador_20179478954\/salapenalcronologico20230723\/wp-json\/wp\/v2\/types\/post"}],"author":[{"embeddable":true,"href":"https:\/\/dmsjuridica.com\/buscador_20179478954\/salapenalcronologico20230723\/wp-json\/wp\/v2\/users\/1"}],"replies":[{"embeddable":true,"href":"https:\/\/dmsjuridica.com\/buscador_20179478954\/salapenalcronologico20230723\/wp-json\/wp\/v2\/comments?post=12211"}],"version-history":[{"count":0,"href":"https:\/\/dmsjuridica.com\/buscador_20179478954\/salapenalcronologico20230723\/wp-json\/wp\/v2\/posts\/12211\/revisions"}],"wp:attachment":[{"href":"https:\/\/dmsjuridica.com\/buscador_20179478954\/salapenalcronologico20230723\/wp-json\/wp\/v2\/media?parent=12211"}],"wp:term":[{"taxonomy":"category","embeddable":true,"href":"https:\/\/dmsjuridica.com\/buscador_20179478954\/salapenalcronologico20230723\/wp-json\/wp\/v2\/categories?post=12211"},{"taxonomy":"post_tag","embeddable":true,"href":"https:\/\/dmsjuridica.com\/buscador_20179478954\/salapenalcronologico20230723\/wp-json\/wp\/v2\/tags?post=12211"}],"curies":[{"name":"wp","href":"https:\/\/api.w.org\/{rel}","templated":true}]}}