{"id":1220,"date":"2023-09-07T21:00:20","date_gmt":"2023-09-07T21:00:20","guid":{"rendered":"https:\/\/dmsjuridica.com\/buscador_20179478954\/salapenalcronologico20230723\/2023\/09\/07\/13577-30-09-98\/"},"modified":"2023-09-07T21:00:20","modified_gmt":"2023-09-07T21:00:20","slug":"13577-30-09-98","status":"publish","type":"post","link":"https:\/\/dmsjuridica.com\/buscador_20179478954\/salapenalcronologico20230723\/2023\/09\/07\/13577-30-09-98\/","title":{"rendered":"13577 (30-09-98)"},"content":{"rendered":"\n<p>\u00a0 \u00a0 PROCESO No. 13577 \u00a0<\/p>\n<p>\u00a0 \u00a0\u00a0 \u00a0\u00a0 \u00a0\u00a0CORTE SUPREMA DE JUSTICIA \u00a0\u00a0<\/p>\n<p>\u00a0 \u00a0\u00a0 \u00a0\u00a0 \u00a0\u00a0SALA DE CASACION PENAL \u00a0\u00a0<\/p>\n<p>\u00a0 \u00a0\u00a0 \u00a0\u00a0 \u00a0\u00a0Magistrado Ponente : \u00a0\u00a0<\/p>\n<p>\u00a0 \u00a0\u00a0 \u00a0\u00a0 \u00a0\u00a0Dr. FERNANDO E. ARBOLEDA RIPOLL \u00a0\u00a0<\/p>\n<p>\u00a0 \u00a0\u00a0 \u00a0\u00a0 \u00a0\u00a0Aprobado acta No. 146 \u00a0\u00a0<\/p>\n<p>Santa \u00a0Fe \u00a0de Bogot\u00e1, D.C., treinta (30) de \u00a0septiembre de mil novecientos noventa y ocho (1998). \u00a0\u00a0<\/p>\n<p>1. ASUNTO \u00a0<\/p>\n<p>Resolver la solicitud de libertad provisional \u00a0elevada \u00a0por \u00a0el \u00a0interno \u00a0GUILLERMO \u00a0LEONCIO ESPONDA TORRES, quien se encuentra \u00a0recluido \u00a0en \u00a0la \u00a0C\u00e1rcel \u00a0Nacional \u00a0del Circuito Judicial de Espinal (Tolima) y \u00a0aport\u00f3 \u00a0 los \u00a0 certificados \u00a0 de \u00a0 trabajo, \u00a0 y \u00a0 calificaciones \u00a0de \u00a0conducta, \u00a0documentaci\u00f3n \u00a0a \u00a0la \u00a0cual \u00a0se \u00a0adjunt\u00f3, \u00a0posteriormente \u00a0y a iniciativa de la \u00a0Corte, la evaluaci\u00f3n satisfactoria de las labores realizadas. \u00a0\u00a0<\/p>\n<p>2. CONSIDERACIONES DE LA CORTE \u00a0<\/p>\n<p>El \u00a0Tribunal \u00a0Superior \u00a0de \u00a0Ibagu\u00e9, el 3 de \u00a0abril \u00a0de \u00a01997 conden\u00f3 en segunda instancia a Guillermo Leoncio Esponda Torres \u00a0a \u00a0la \u00a0pena principal de 5 a\u00f1os, 6 meses y 20 d\u00edas de prisi\u00f3n, como autor del \u00a0punible \u00a0 de \u00a0 homicidio. \u00a0 En \u00a0 su \u00a0favor \u00a0se \u00a0reconoci\u00f3 \u00a0la \u00a0doble \u00a0atenuante \u00a0correspondiente \u00a0al \u00a0estado \u00a0de \u00a0ira \u00a0y \u00a0la \u00a0aceptaci\u00f3n de responsabilidad para \u00a0sentencia anticipada (fls. 3 y ss. cuaderno del Tribunal) \u00a0\u00a0<\/p>\n<p>Contra el fallo anterior, el apoderado de la \u00a0parte \u00a0civil \u00a0interpuso el recurso extraordinario de casaci\u00f3n, cuyo tr\u00e1mite se \u00a0surte actualmente. \u00a0\u00a0<\/p>\n<p>Como el procesado fue condenado por el delito \u00a0de \u00a0homicidio \u00a0simple, \u00a0el \u00a0r\u00e9gimen \u00a0aplicable \u00a0para \u00a0efectos de su liberaci\u00f3n \u00a0provisional \u00a0 es \u00a0el \u00a0establecido \u00a0en \u00a0la \u00a0Ley \u00a0415 \u00a0de \u00a01.997, \u00a0cuyo \u00a0art\u00edculo \u00a01\ufffd \u00a0adicion\u00f3 un art\u00edculo \u00a072A \u00a0al \u00a0C\u00f3digo Penal. Y si bien en esta norma no se establece que para efectos \u00a0de \u00a0computar \u00a0las \u00a0tres \u00a0quintas (3\/5) partes de la pena, podr\u00e1 considerarse el \u00a0tiempo \u00a0de redenci\u00f3n por trabajo, estudio o ense\u00f1anza, ello resulta procedente \u00a0por \u00a0cuanto \u00a0el \u00a0art\u00edculo \u00a0415.2 del C\u00f3digo de Procedimiento Penal (modificado \u00a0por \u00a0el \u00a0art\u00edculo \u00a055 \u00a0de \u00a0la Ley 81 de 1993) al prever la libertad provisional \u00a0para \u00a0&#8220;el \u00a0que \u00a0lleve \u00a0en detenci\u00f3n preventiva el tiempo necesario para obtener \u00a0libertad \u00a0condicional&#8221;, \u00a0establece \u00a0que \u00a0&#8220;La \u00a0rebaja \u00a0por \u00a0trabajo \u00a0o estudio se \u00a0tendr\u00e1 \u00a0en \u00a0cuenta \u00a0para \u00a0el \u00a0c\u00f3mputo \u00a0de \u00a0la \u00a0sanci\u00f3n&#8221;, \u00a0disposici\u00f3n \u00a0\u00e9sta \u00a0inmodificada por la referida Ley 415.\u00a0 \u00a0\u00a0<\/p>\n<p>El \u00a0peticionario fue capturado el d\u00eda 12 de \u00a0mayo \u00a0de 1.996 (fl. 2 c.o.), de donde se deduce que a la fecha ha descontado por \u00a0privaci\u00f3n \u00a0efectiva \u00a0de libertad, 28 meses y 18 d\u00edas. Acredit\u00f3 haber laborado \u00a05.728 \u00a0horas, \u00a0las \u00a0que de conformidad con el art\u00edculo 82 de la Ley 65 de 1.993 \u00a0representan \u00a0una \u00a0rebaja \u00a0de \u00a0pena equivalente a 11 meses y 28 d\u00edas. Sumados el \u00a0tiempo \u00a0de \u00a0privaci\u00f3n \u00a0de \u00a0libertad \u00a0y el de redenci\u00f3n de pena por trabajo, se \u00a0obtiene \u00a0un \u00a0total \u00a0de \u00a0cuarenta (40) meses y diecis\u00e9is (16) d\u00edas, lapso \u00e9ste \u00a0superior a las tres quintas (3\/5) partes de la pena impuesta. \u00a0\u00a0<\/p>\n<p>A \u00a0folio \u00a052 \u00a0del \u00a0cuaderno \u00a0de \u00a0la Corte el \u00a0Consejo \u00a0de \u00a0Disciplina \u00a0de la C\u00e1rcel del Circuito Judicial de Espinal (Tolima) \u00a0calific\u00f3 \u00a0de \u00a0&#8220;ejemplar&#8221; la \u00a0conducta \u00a0observada \u00a0por \u00a0Guillermo Leoncio Esponda Torres, respecto de quien el \u00a0Centro \u00a0de \u00a0Informaci\u00f3n sobre actividades delictivas de la Fiscal\u00eda General de \u00a0la \u00a0Naci\u00f3n, \u00a0y \u00a0el \u00a0Departamento \u00a0Administrativo de Seguridad certifican que no \u00a0obra orden de captura en su contra (fls. 65 y 67 ib\u00eddem). \u00a0\u00a0<\/p>\n<p>Satisfechos \u00a0se \u00a0hallan \u00a0los \u00a0presupuestos \u00a0exigidos \u00a0 \u00a0 por \u00a0 \u00a0el \u00a0 \u00a0inciso \u00a0 \u00a0segundo \u00a0 \u00a0del \u00a0 \u00a0art\u00edculo \u00a0 \u00a01\ufffd \u00a0de \u00a0la \u00a0Ley \u00a0415 \u00a0de \u00a01997, \u00a0el \u00a0cual \u00a0adicion\u00f3 \u00a0el \u00a0art\u00edculo \u00a072A \u00a0del \u00a0C\u00f3digo \u00a0Penal, \u00a0al \u00a0establecer que &#8220;El juez \u00a0conceder\u00e1 \u00a0la libertad provisional al condenado a pena privativa de la libertad \u00a0mayor \u00a0de \u00a0tres (3) a\u00f1os, cuando haya cumplido las tres quintas (3\/5) partes de \u00a0la \u00a0condena, \u00a0siempre \u00a0que \u00a0haya \u00a0observado buena conducta en el establecimiento \u00a0carcelario&#8221;. \u00a0\u00a0<\/p>\n<p>En \u00a0consecuencia, \u00a0se \u00a0otorgar\u00e1 a Guillermo \u00a0Leoncio \u00a0Esponda \u00a0Torres \u00a0la \u00a0libertad \u00a0provisional, previa cauci\u00f3n prendaria a \u00a0nombre \u00a0del \u00a0Juzgado de instancia en cuant\u00eda de cien mil pesos ($100.000,oo), y \u00a0suscripci\u00f3n \u00a0de diligencia compromisoria en los t\u00e9rminos del art\u00edculo 419 del \u00a0C\u00f3digo de Procedimiento Penal. \u00a0\u00a0<\/p>\n<p>Como el procesado se encuentra detenido en la \u00a0C\u00e1rcel \u00a0del \u00a0Circuito \u00a0Judicial \u00a0de \u00a0Espinal (Tolima), para la notificaci\u00f3n de \u00a0esta \u00a0providencia, \u00a0recepci\u00f3n \u00a0de \u00a0la \u00a0cauci\u00f3n, \u00a0suscripci\u00f3n de la diligencia \u00a0compromisoria \u00a0y \u00a0expedici\u00f3n \u00a0de la boleta de libertad, se comisionar\u00e1 al JUEZ \u00a0PRIMERO \u00a0PENAL \u00a0DEL \u00a0CIRCUITO \u00a0de \u00a0esa \u00a0localidad, \u00a0a \u00a0quien se comunicar\u00e1 esta \u00a0determinaci\u00f3n por el medio m\u00e1s eficaz posible. \u00a0\u00a0<\/p>\n<p>Previamente \u00a0a la liberaci\u00f3n del procesado, \u00a0la \u00a0Secretar\u00eda \u00a0de \u00a0la \u00a0Sala \u00a0establecer\u00e1 si es requerido por alguna autoridad \u00a0judicial; en caso afirmativo lo pondr\u00e1 a su disposici\u00f3n. \u00a0\u00a0<\/p>\n<p>En \u00a0m\u00e9rito de lo expuesto, la CORTE SUPREMA \u00a0DE JUSTICIA, SALA DE CASACION PENAL, \u00a0\u00a0<\/p>\n<p>\u00a0 \u00a0\u00a0 \u00a0\u00a0 \u00a0\u00a0RESUELVE \u00a0\u00a0<\/p>\n<p>1. \u00a0 \u00a0 OTORGAR \u00a0 \u00a0 a \u00a0 \u00a0 GUILLERMO \u00a0 LEONCIO \u00a0ESPONDA \u00a0TORRES \u00a0la \u00a0LIBERTAD \u00a0 PROVISIONAL, \u00a0previa \u00a0cauci\u00f3n \u00a0prendaria \u00a0en \u00a0cuant\u00eda \u00a0de \u00a0cien \u00a0mil \u00a0pesos ($100.000,oo), y \u00a0suscripci\u00f3n \u00a0de diligencia compromisoria en los t\u00e9rminos del art\u00edculo 419 del \u00a0C\u00f3digo de Procedimiento Penal. \u00a0\u00a0<\/p>\n<p>2. \u00a0COMISIONAR \u00a0al Juzgado Primero Penal del \u00a0Circuito \u00a0de \u00a0Espinal \u00a0(Tolima) \u00a0para \u00a0la \u00a0notificaci\u00f3n \u00a0de \u00a0esta \u00a0providencia, \u00a0recepci\u00f3n \u00a0de \u00a0la \u00a0cauci\u00f3n, \u00a0suscripci\u00f3n \u00a0de \u00a0la \u00a0diligencia \u00a0compromisoria y \u00a0expedici\u00f3n \u00a0de la boleta de libertad. Enviar la respectiva comunicaci\u00f3n por el \u00a0medio m\u00e1s eficaz posible. \u00a0\u00a0<\/p>\n<p>3. ESTABLECER por la Secretar\u00eda de la Sala, \u00a0previamente \u00a0a \u00a0la \u00a0liberaci\u00f3n \u00a0del procesado, si \u00e9ste es requerido por alguna \u00a0autoridad \u00a0 judicial. \u00a0 En \u00a0 caso \u00a0afirmativo \u00a0lo \u00a0pondr\u00e1 \u00a0a \u00a0su \u00a0disposici\u00f3n. \u00a0\u00a0<\/p>\n<p>\u00a0 \u00a0\u00a0 \u00a0\u00a0 \u00a0Notif\u00edquese y c\u00famplase. \u00a0\u00a0<\/p>\n<p>\u00a0 \u00a0\u00a0 \u00a0\u00a0 \u00a0JORGE E. CORDOBA POVEDA \u00a0\u00a0<\/p>\n<p>FERNANDO \u00a0E. \u00a0ARBOLEDA \u00a0RIPOLL \u00a0 \u00a0 \u00a0\u00a0 \u00a0\u00a0 \u00a0\u00a0RICARDO \u00a0CALVETE RANGEL \u00a0\u00a0<\/p>\n<p>\u00a0 \u00a0\u00a0 \u00a0\u00a0 \u00a0\u00a0 \u00a0\u00a0 \u00a0\u00a0 \u00a0\u00a0 \u00a0\u00a0 \u00a0\u00a0 \u00a0\u00a0 \u00a0 \u00a0\u00a0 \u00a0 \u00a0 \u00a0 \u00a0 \u00a0 \u00a0 \u00a0 \u00a0 \u00a0\u00a0 \u00a0 \u00a0 \u00a0 \u00a0 \u00a0\u00a0 \u00a0\u00a0 \u00a0\u00a0 \u00a0\u00a0 \u00a0\u00a0 \u00a0\u00a0 \u00a0\u00a0 \u00a0\u00a0 \u00a0 \u00a0NO \u00a0\u00a0<\/p>\n<p>CARLOS \u00a0AUGUSTO \u00a0GALVEZ \u00a0ARGOTE \u00a0 \u00a0 \u00a0\u00a0 \u00a0\u00a0 \u00a0\u00a0JORGE \u00a0ANIBAL GOMEZ GALLEGO \u00a0\u00a0<\/p>\n<p>EDGAR \u00a0 \u00a0LOMBANA \u00a0 TRUJILLO \u00a0\u00a0 \u00a0\u00a0 \u00a0\u00a0 \u00a0\u00a0 \u00a0 \u00a0\u00a0 \u00a0 \u00a0 \u00a0 \u00a0 \u00a0 \u00a0CARLOS \u00a0 \u00a0E. \u00a0 \u00a0MEJIA \u00a0ESCOBAR \u00a0\u00a0<\/p>\n<p>DIDIMO \u00a0 \u00a0PAEZ \u00a0 \u00a0VELANDIA \u00a0\u00a0 \u00a0\u00a0 \u00a0\u00a0 \u00a0\u00a0 \u00a0 \u00a0\u00a0 \u00a0 \u00a0 \u00a0\u00a0 \u00a0 \u00a0 \u00a0\u00a0NILSON \u00a0 \u00a0 PINILLA \u00a0PINILLA \u00a0\u00a0<\/p>\n<p>\u00a0 \u00a0\u00a0 \u00a0\u00a0 \u00a0 \u00a0\u00a0 \u00a0\u00a0 \u00a0\u00a0 \u00a0\u00a0 \u00a0 \u00a0\u00a0 \u00a0 \u00a0 \u00a0 \u00a0 \u00a0 \u00a0 \u00a0 \u00a0 \u00a0 \u00a0 \u00a0\u00a0 \u00a0 \u00a0 \u00a0\u00a0 \u00a0\u00a0 \u00a0\u00a0 \u00a0\u00a0 \u00a0\u00a0 \u00a0\u00a0 \u00a0\u00a0 \u00a0 \u00a0\u00a0 \u00a0 \u00a0NO \u00a0\u00a0<\/p>\n<p>\u00a0 \u00a0\u00a0 \u00a0 \u00a0PATRICIA SALAZAR CUELLAR \u00a0\u00a0<\/p>\n<p>\u00a0 \u00a0\u00a0 \u00a0 \u00a0Secretaria \u00a0\u00a0<\/p>\n<p>\u00a0 \u00a0\u00a0<\/p>\n<p><\/p>\n","protected":false},"excerpt":{"rendered":"<p>\u00a0 \u00a0 PROCESO No. 13577 \u00a0 \u00a0 \u00a0\u00a0 \u00a0\u00a0 \u00a0\u00a0CORTE SUPREMA DE JUSTICIA \u00a0\u00a0 \u00a0 \u00a0\u00a0 \u00a0\u00a0 \u00a0\u00a0SALA DE CASACION PENAL \u00a0\u00a0 \u00a0 \u00a0\u00a0 \u00a0\u00a0 \u00a0\u00a0Magistrado Ponente : \u00a0\u00a0 \u00a0 \u00a0\u00a0 \u00a0\u00a0 \u00a0\u00a0Dr. FERNANDO E. ARBOLEDA RIPOLL \u00a0\u00a0 \u00a0 \u00a0\u00a0 \u00a0\u00a0 \u00a0\u00a0Aprobado acta No. 146 \u00a0\u00a0 Santa \u00a0Fe \u00a0de Bogot\u00e1, D.C., treinta (30) de \u00a0septiembre [&hellip;]<\/p>\n","protected":false},"author":1,"featured_media":0,"comment_status":"open","ping_status":"open","sticky":false,"template":"","format":"standard","meta":{"footnotes":""},"categories":[6],"tags":[],"class_list":["post-1220","post","type-post","status-publish","format-standard","hentry","category-6"],"_links":{"self":[{"href":"https:\/\/dmsjuridica.com\/buscador_20179478954\/salapenalcronologico20230723\/wp-json\/wp\/v2\/posts\/1220","targetHints":{"allow":["GET"]}}],"collection":[{"href":"https:\/\/dmsjuridica.com\/buscador_20179478954\/salapenalcronologico20230723\/wp-json\/wp\/v2\/posts"}],"about":[{"href":"https:\/\/dmsjuridica.com\/buscador_20179478954\/salapenalcronologico20230723\/wp-json\/wp\/v2\/types\/post"}],"author":[{"embeddable":true,"href":"https:\/\/dmsjuridica.com\/buscador_20179478954\/salapenalcronologico20230723\/wp-json\/wp\/v2\/users\/1"}],"replies":[{"embeddable":true,"href":"https:\/\/dmsjuridica.com\/buscador_20179478954\/salapenalcronologico20230723\/wp-json\/wp\/v2\/comments?post=1220"}],"version-history":[{"count":0,"href":"https:\/\/dmsjuridica.com\/buscador_20179478954\/salapenalcronologico20230723\/wp-json\/wp\/v2\/posts\/1220\/revisions"}],"wp:attachment":[{"href":"https:\/\/dmsjuridica.com\/buscador_20179478954\/salapenalcronologico20230723\/wp-json\/wp\/v2\/media?parent=1220"}],"wp:term":[{"taxonomy":"category","embeddable":true,"href":"https:\/\/dmsjuridica.com\/buscador_20179478954\/salapenalcronologico20230723\/wp-json\/wp\/v2\/categories?post=1220"},{"taxonomy":"post_tag","embeddable":true,"href":"https:\/\/dmsjuridica.com\/buscador_20179478954\/salapenalcronologico20230723\/wp-json\/wp\/v2\/tags?post=1220"}],"curies":[{"name":"wp","href":"https:\/\/api.w.org\/{rel}","templated":true}]}}