{"id":12172,"date":"2023-09-08T19:55:33","date_gmt":"2023-09-08T19:55:33","guid":{"rendered":"https:\/\/dmsjuridica.com\/buscador_20179478954\/salapenalcronologico20230723\/2023\/09\/08\/2615810-10-06-1\/"},"modified":"2023-09-08T19:55:33","modified_gmt":"2023-09-08T19:55:33","slug":"2615810-10-06-1","status":"publish","type":"post","link":"https:\/\/dmsjuridica.com\/buscador_20179478954\/salapenalcronologico20230723\/2023\/09\/08\/2615810-10-06-1\/","title":{"rendered":"26158(10-10-06)-1"},"content":{"rendered":"\n<p>\u00a0 \u00a0 Proceso No 26158 \u00a0<\/p>\n<p>CORTE SUPREMA DE JUSTICIA \u00a0<\/p>\n<p>SALA DE CASACI\u00d3N PENAL \u00a0<\/p>\n<p>Magistrado Ponente: \u00a0<\/p>\n<p>Dr. SIGIFREDO ESPINOSA P\u00c9REZ \u00a0<\/p>\n<p>Aprobado Acta No. 114 \u00a0<\/p>\n<p>\u00a0 \u00a0\u00a0 \u00a0\u00a0 \u00a0\u00a0Bogot\u00e1, D.C, diez de octubre de dos mil seis. \u00a0\u00a0<\/p>\n<p>VISTOS \u00a0<\/p>\n<p>\u00a0 \u00a0\u00a0 \u00a0\u00a0 \u00a0\u00a0Se \u00a0pronuncia \u00a0la \u00a0Sala \u00a0sobre la solicitud de cambio de radicaci\u00f3n \u00a0presentada \u00a0por \u00a0la \u00a0Fiscal\u00eda \u00a0Delegada \u00a0ante el Juez \u00danico Penal del Circuito \u00a0Especializado \u00a0dentro \u00a0del \u00a0proceso que cursa contra FERNEY TOVAR PARRA, acusado \u00a0por \u00a0 los \u00a0 delitos \u00a0 de \u00a0 rebeli\u00f3n \u00a0agravada \u00a0y \u00a0tr\u00e1fico \u00a0de \u00a0estupefacientes \u00a0agravado. \u00a0\u00a0<\/p>\n<p>ANTECEDENTES \u00a0\u00a0<\/p>\n<p>\u00a0 \u00a0\u00a0 \u00a0\u00a0 \u00a0\u00a0El \u00a0 2 \u00a0 de \u00a0 julio \u00a0 de \u00a0 2005, \u00a0en \u00a0desarrollo \u00a0de \u00a0la \u00a0operaci\u00f3n \u00a0\u201cPercher\u00f3n\u201d, \u00a0ejecutada \u00a0por tropas del Grupo Especial El\u00edte de la Brigada \u00a0M\u00f3vil \u00a0No. \u00a09, \u00a0fue \u00a0capturado FERNEY TOVAR PARRA cuando se transportaba en una \u00a0motocicleta \u00a0por \u00a0la \u00a0\u201cY\u201d \u00a0de \u00a0los \u00a0Pozos, \u00a0inspecci\u00f3n \u00a0de \u00a0Campo \u00a0Hermoso, \u00a0municipio \u00a0de \u00a0San Vicente de Caguan, pues en forma sospechosa, al percatarse de \u00a0la \u00a0presencia \u00a0militar \u00a0trat\u00f3 \u00a0de \u00a0huir, \u00a0siendo alcanzado por las autoridades, \u00a0despu\u00e9s \u00a0de arrojar un morral que conten\u00eda un tel\u00e9fono satelital y $3.400.000 \u00a0en efectivo. \u00a0\u00a0<\/p>\n<p>\u00a0 \u00a0\u00a0 \u00a0\u00a0 \u00a0\u00a0Verificada \u00a0su identidad, se constat\u00f3 que FERNEY TOVAR figura en el \u00a0orden \u00a0de \u00a0batalla \u00a0del \u00a0Bloque \u00a0Sur \u00a0de \u00a0las \u00a0FARC \u00a0como \u00a0responsable del \u00e1rea \u00a0log\u00edstica \u00a0 y \u00a0 del \u00a0 tr\u00e1fico \u00a0 de \u00a0 estupefacientes \u00a0 a \u00a0 nivel \u00a0 nacional \u00a0e \u00a0internacional. \u00a0\u00a0<\/p>\n<p>\u00a0 \u00a0\u00a0 \u00a0\u00a0 \u00a0\u00a0Escuchado \u00a0en \u00a0indagatoria, el capturado acept\u00f3 ser \u201cmiliciano\u201d \u00a0de \u00a0la guerrilla, negando que se dedicara al tr\u00e1fico de estupefacientes, motivo \u00a0por \u00a0 el \u00a0cual, \u00a0en \u00a0la \u00a0resoluci\u00f3n \u00a0de \u00a0su \u00a0situaci\u00f3n \u00a0jur\u00eddica, \u00a0el \u00a0Fiscal \u00a0Especializado \u00a0destacado \u00a0ante \u00a0la \u00a0Fuerza \u00a0de \u00a0Tarea \u00a0Conjunta \u201cOmega\u201d FFMM \u00a0LARANDIA \u00a0CAQUETA, \u00a0le \u00a0decret\u00f3 \u00a0medida \u00a0de \u00a0aseguramiento \u00a0por \u00a0el \u00a0delito \u00a0de \u00a0rebeli\u00f3n, \u00a0absteni\u00e9ndose \u00a0de \u00a0hacer \u00a0lo \u00a0propio \u00a0en relaci\u00f3n con el cargo por \u00a0tr\u00e1fico de estupefacientes. \u00a0\u00a0<\/p>\n<p>\u00a0 \u00a0<\/p>\n<p>\u00a0 \u00a0\u00a0 \u00a0\u00a0 \u00a0\u00a0No \u00a0obstante, \u00a0con \u00a0posterioridad, \u00a0se \u00a0trajo al expediente material \u00a0probatorio \u00a0obrante \u00a0en \u00a0el \u00a0proceso \u00a0radicado bajo el No. 655 que cursaba en la \u00a0Unidad \u00a0Nacional \u00a0de Interdicci\u00f3n Mar\u00edtima UNAIM de la Fiscal\u00eda General de la \u00a0Naci\u00f3n, \u00a0que \u00a0lo se\u00f1ala como due\u00f1o de una estaci\u00f3n de servicio ubicada en el \u00a0muelle \u00a0del \u00a0R\u00edo \u00a0Caguan \u00a0en \u00a0Cartagena \u00a0del \u00a0Chaira, \u00a0desde \u00a0la que surt\u00eda de \u00a0gasolina \u00a0y qu\u00edmicos para el procesamiento de coca\u00edna al Frente 14 de la FARC, \u00a0adem\u00e1s \u00a0de lo cual maneja varios laboratorios de procesamiento de droga y rutas \u00a0internacionales \u00a0para \u00a0traficar \u00a0la \u00a0misma, \u00a0al \u00a0punto \u00a0que \u00a0sobre \u00a0\u00e9l pesa una \u00a0solicitud \u00a0 \u00a0 \u00a0 de \u00a0 \u00a0 \u00a0 extradici\u00f3n.\u00a0\u00a0\u00a0\u00a0\u00a0\u00a0\u00a0 \u00a0 \u00a0 \u00a0\u00a0 \u00a0 \u00a0\u00a0 \u00a0 \u00a0\u00a0 \u00a0 \u00a0\u00a0\u00a0\u00a0\u00a0 \u00a0 \u00a0\u00a0 \u00a0 \u00a0 \u00a0\u00a0 \u00a0\u00a0<\/p>\n<p>\u00a0 \u00a0\u00a0 \u00a0\u00a0 \u00a0\u00a0Con \u00a0base \u00a0en \u00a0esa prueba, mediante resoluci\u00f3n 17 de marzo de 2006, \u00a0un \u00a0fiscal \u00a0especializado \u00a0de la Unidad Nacional contra el Terrorismo, lo acus\u00f3 \u00a0como \u00a0presunto \u00a0coautor \u00a0de \u00a0los \u00a0delitos \u00a0de \u00a0rebeli\u00f3n \u00a0agravada y tr\u00e1fico de \u00a0estupefacientes agravado. \u00a0\u00a0<\/p>\n<p>Ejecutoriada \u00a0la \u00a0acusaci\u00f3n, \u00a0el proceso fue \u00a0remitido \u00a0 al \u00a0 Juzgado \u00a0 Penal \u00a0 del \u00a0 Circuito \u00a0 Especializado \u00a0de \u00a0Florencia, \u00a0Caquet\u00e1,\u00a0 \u00a0despacho \u00a0que \u00a0fij\u00f3 \u00a0fecha \u00a0para la audiencia preparatoria. Al \u00a0solicitar \u00a0la \u00a0remisi\u00f3n del procesado, quien se halla recluido en la C\u00e1rcel de \u00a0M\u00e1xima \u00a0Seguridad \u00a0de \u00a0Combita, \u00a0el Director del INPEC solicit\u00f3 al Juez que se \u00a0utilizaran \u00a0 medios \u00a0 virtuales \u00a0para \u00a0su \u00a0realizaci\u00f3n, \u00a0aduciendo \u00a0razones \u00a0de \u00a0seguridad \u00a0en consideraci\u00f3n al perfil del interno, quien se encuentra capturado \u00a0con \u00a0fines \u00a0de \u00a0extradici\u00f3n y por cuanto \u201cobra informe de inteligencia que da \u00a0cuenta de un posible PLAN DE FUGA&#8230;\u201d. \u00a0\u00a0<\/p>\n<p>El \u00a0 Juez \u00a0 quiso \u00a0 atender \u00a0la \u00a0petici\u00f3n \u00a0solicitando \u00a0el apoyo log\u00edstico necesario al Consejo Seccional de la Judicatura \u00a0del \u00a0Caquet\u00e1, \u00a0cuyo \u00a0Presidente \u00a0le \u00a0comunic\u00f3 \u00a0que \u00a0en \u00a0ese \u00a0distrito judicial \u00a0\u201cno \u00a0se \u00a0cuenta con los medios tecnol\u00f3gicos para la \u00a0realizaci\u00f3n \u00a0 \u00a0 \u00a0 \u00a0de \u00a0 \u00a0 \u00a0 \u00a0las \u00a0 \u00a0 \u00a0 \u00a0audiencias \u00a0 \u00a0 \u00a0 \u00a0virtuales\u201d.\u00a0\u00a0\u00a0 \u00a0\u00a0<\/p>\n<p>En el entretanto, la Fiscal Especializada del \u00a0caso \u00a0elev\u00f3 petici\u00f3n de cambio de radicaci\u00f3n del proceso al distrito judicial \u00a0de \u00a0Bogot\u00e1, \u00a0con \u00a0base \u00a0en \u00a0lo \u00a0normado \u00a0en \u00a0el \u00a0art\u00edculo \u00a085 \u00a0del \u00a0C\u00f3digo de \u00a0Procedimiento \u00a0Penal. \u00a0Seg\u00fan \u00a0la \u00a0peticionaria, \u00a0en \u00a0el \u00a0proceso se asegura que \u00a0FERNEY \u00a0TOVAR \u00a0es la mano derecha de Fab\u00edan Ram\u00edrez, Comandante de las FARC, y \u00a0quien \u00a0ten\u00eda, \u00a0entre \u00a0otras \u00a0funciones, el desplazamiento de los cargamentos de \u00a0sustancias \u00a0estupefacientes por los r\u00edos Caguan, Putumayo y Amazonas, as\u00ed como \u00a0la \u00a0escogencia \u00a0de \u00a0los \u00a0laboratorios donde se procesaban las sustancias, en los \u00a0cuales \u00a0trabajaban \u00a0algunos de sus familiares. Adem\u00e1s, contra FERNEY TOVAR pesa \u00a0una \u00a0solicitud \u00a0de \u00a0extradici\u00f3n del Gobierno americano, hall\u00e1ndose recluido en \u00a0una c\u00e1rcel de m\u00e1xima seguridad. \u00a0\u00a0<\/p>\n<p>De \u00a0continuar \u00a0el \u00a0tr\u00e1mite del juicio en la \u00a0ciudad \u00a0de \u00a0Florencia, Caquet\u00e1, los sujetos procesales intervinientes se ver\u00e1n \u00a0avocados \u00a0a \u00a0desplazarse hasta ese lugar, lo cual no es conveniente ni prudente, \u00a0dada \u00a0la \u00a0grave \u00a0alteraci\u00f3n del orden p\u00fablico en esa regi\u00f3n, lo cual pondr\u00eda \u00a0en \u00a0grave \u00a0riesgo \u00a0la seguridad personal de los sujetos procesales, entre ellos, \u00a0la \u00a0suya, \u00a0m\u00e1xime \u00a0cuando \u00a0fue \u00a0ella \u00a0la \u00a0misma \u00a0funcionaria \u00a0que \u00a0profiri\u00f3 la \u00a0resoluci\u00f3n de acusaci\u00f3n en contra del procesado. \u00a0\u00a0<\/p>\n<p>Adem\u00e1s, el proceso de donde se traslad\u00f3 la \u00a0prueba \u00a0incriminatoria contra FERNEY TOVAR, radicado bajo el No.655 que se sigue \u00a0contra \u00a0otros \u00a0personajes \u00a0por \u00a0el \u00a0mismo delito de tr\u00e1fico de estupefacientes, \u00a0cursa \u00a0actualmente \u00a0en \u00a0la ciudad de Bogot\u00e1, porque as\u00ed lo dispuso la Corte al \u00a0dirimir \u00a0un \u00a0conflicto \u00a0de \u00a0competencias \u00a0dentro del radicado No. 24.180, seg\u00fan \u00a0auto del 30 de septiembre de 2005.\u00a0\u00a0\u00a0 \u00a0\u00a0<\/p>\n<p>\u00a0\u00a0 \u00a0<\/p>\n<p>CONSIDERACIONES \u00a0DE \u00a0LA \u00a0CORTE \u00a0\u00a0<\/p>\n<p>La solicitud plantea el cambio de radicaci\u00f3n \u00a0de \u00a0un proceso que se adelanta en el distrito judicial de Florencia, para que el \u00a0juicio \u00a0sea \u00a0ventilado \u00a0en \u00a0otro \u00a0distrito judicial, raz\u00f3n por la cual la Corte \u00a0resulta \u00a0competente \u00a0para \u00a0resolverlo \u00a0de \u00a0acuerdo \u00a0con el numeral 8\u00ba\u00a0 del \u00a0art\u00edculo 75 de la Ley 600 de 2000. \u00a0\u00a0<\/p>\n<p>Como \u00a0lo \u00a0menciona la Fiscal solicitante, el \u00a0cambio \u00a0de \u00a0radicaci\u00f3n \u00a0de \u00a0un \u00a0proceso \u00a0es \u00a0viable \u00a0\u00fanicamente \u00a0en \u00a0los casos \u00a0taxativamente \u00a0se\u00f1alados \u00a0en \u00a0el \u00a0art\u00edculo \u00a085 del estatuto procesal penal que \u00a0rige \u00a0el \u00a0proceso \u00a0(Ley \u00a0600 \u00a0de \u00a02000), \u00a0frente a los cuales el sujeto procesal \u00a0interesado \u00a0tiene la obligaci\u00f3n de probar los hechos de los cuales desprende la \u00a0necesidad del traslado de la sede de juzgamiento. \u00a0\u00a0<\/p>\n<p>Aqu\u00ed, \u00a0el \u00a0eje \u00a0central \u00a0de \u00a0la \u00a0petici\u00f3n \u00a0consiste \u00a0en que en el \u00e1mbito territorial dentro del cual se sigue el juicio al \u00a0procesado \u00a0FERNEY \u00a0TOVAR PARRA existen especiales condiciones de orden p\u00fablico, \u00a0por \u00a0la influencia de grupos armados al margen de la ley, como a aqu\u00e9l por cuya \u00a0pertenencia \u00a0se \u00a0acusa al citado, circunstancia que lleva a la Fiscal que act\u00faa \u00a0como \u00a0delegada \u00a0a temer por su integridad f\u00edsica, especialmente por la funci\u00f3n \u00a0que \u00a0ejerc\u00eda \u00a0el \u00a0procesado dentro de la organizaci\u00f3n subversiva, encargado de \u00a0labores \u00a0importantes \u00a0en \u00a0el \u00a0tr\u00e1fico \u00a0de \u00a0estupefacientes \u00a0a \u00a0nivel nacional e \u00a0internacional, \u00a0al punto que se sobre \u00e9l pesa una solicitud de extradici\u00f3n del \u00a0gobierno americano. \u00a0\u00a0<\/p>\n<p>\u00a0 \u00a0<\/p>\n<p>\u00a0 \u00a0\u00a0 \u00a0\u00a0 \u00a0\u00a0Aunque \u00a0la Sala tiene dicho que la alteraci\u00f3n del orden p\u00fablico en \u00a0determinada \u00a0regi\u00f3n \u00a0producto de la presencia de grupos armados al margen de la \u00a0ley, \u00a0no \u00a0constituye \u00a0per \u00a0se \u00a0motivo \u00a0para \u00a0disponer el cambio de radicaci\u00f3n de un proceso, en \u00e9ste caso, el \u00a0an\u00e1lisis \u00a0objetivo \u00a0de \u00a0los \u00a0hechos por los cuales se juzga al procesado FERNEY \u00a0TOVAR \u00a0PARRA, \u00a0permite deducir la incidencia de factores negativos que se oponen \u00a0al \u00a0cumplimiento \u00a0de \u00a0un \u00a0correcto \u00a0adelantamiento \u00a0en \u00a0el \u00a0distrito judicial de \u00a0Florencia \u00a0de \u00a0la \u00a0causa \u00a0en \u00a0la \u00a0que \u00a0se debe juzgar su conducta, pues no s\u00f3lo \u00a0aparece \u00a0acusado \u00a0por \u00a0su pertenencia activa a la guerrilla de las FARC, sino de \u00a0ser \u00a0un \u00a0eslab\u00f3n \u00a0importante en las actividades del tr\u00e1fico de estupefacientes \u00a0que \u00a0ese \u00a0grupo \u00a0armado \u00a0ejecuta \u00a0en esa zona, donde ejerce poder\u00edo, lo cual se \u00a0traduce \u00a0en una raz\u00f3n vinculante entre el objeto del proceso y la situaci\u00f3n de \u00a0orden \u00a0p\u00fablico \u00a0que se vive en esa zona del pa\u00eds, de la cual resulta razonable \u00a0suponer \u00a0un \u00a0grave \u00a0riesgo \u00a0para la integridad f\u00edsica de los sujetos procesales \u00a0que \u00a0intervienen \u00a0en \u00a0el caso, situaci\u00f3n externa que hace conveniente el cambio \u00a0de radicaci\u00f3n solicitado. \u00a0\u00a0<\/p>\n<p>Por \u00a0lo \u00a0tanto, la Sala estima procedente la \u00a0petici\u00f3n \u00a0de \u00a0cambio de radicaci\u00f3n que eleva la Fiscal Especializada del caso, \u00a0pues \u00a0en la comprensi\u00f3n territorial donde actualmente cursa el juicio en contra \u00a0de \u00a0FERNEY \u00a0TOVAR \u00a0PARRA existen circunstancias que pueden afectar la integridad \u00a0personal \u00a0de \u00a0los sujetos procesales e incluso la del propio procesado, de verse \u00a0avocado \u00a0a \u00a0un \u00a0traslado \u00a0desde \u00a0el lugar donde permanece en reclusi\u00f3n hasta la \u00a0sede \u00a0del \u00a0juzgado, \u00a0dada \u00a0la \u00a0imposibilidad \u00a0acreditada \u00a0de \u00a0que las audiencias \u00a0pendientes \u00a0por \u00a0ejecutar \u00a0no \u00a0pueden \u00a0realizarse a trav\u00e9s del sistema de audio \u00a0video, \u00a0por \u00a0carencia \u00a0de \u00a0los \u00a0medios \u00a0tecnol\u00f3gicos \u00a0en ese distrito judicial. \u00a0\u00a0<\/p>\n<p>En \u00a0consecuencia, se dispondr\u00e1 el cambio de \u00a0sede \u00a0del proceso, radic\u00e1ndolo en el distrito judicial de Bogot\u00e1, para lo cual \u00a0el \u00a0expediente \u00a0ser\u00e1 \u00a0remitido \u00a0al \u00a0Juzgado \u00a0Penal \u00a0del \u00a0Circuito Especializado \u00a0-Reparto- de esa ciudad. \u00a0\u00a0<\/p>\n<p>En \u00a0m\u00e9rito de lo expuesto, LA CORTE SUPREMA \u00a0DE JUSTICIA, SALA DE CASACI\u00d3N PENAL, \u00a0\u00a0<\/p>\n<p>RESUELVE \u00a0<\/p>\n<p>Ordenar el \u00a0cambio de radicaci\u00f3n del proceso adelantado contra FERNEY TOVAR \u00a0PARRA \u00a0al \u00a0Distrito \u00a0Judicial \u00a0de \u00a0Bogot\u00e1. En consecuencia, el expediente ser\u00e1 \u00a0remitido \u00a0 de \u00a0 inmediato \u00a0 al \u00a0reparto \u00a0de \u00a0los \u00a0jueces \u00a0penales \u00a0del \u00a0circuito \u00a0especializados de esa ciudad. \u00a0\u00a0<\/p>\n<p>Comun\u00edquese \u00a0esta \u00a0decisi\u00f3n al Juzgado Especializado de Florencia, \u00a0Caquet\u00e1 y a los sujetos procesales. \u00a0\u00a0<\/p>\n<p>C\u00f3piese y C\u00famplase \u00a0<\/p>\n<p>\u00a0\u00a0 \u00a0<\/p>\n<p>MAURO SOLARTE PORTILLA \u00a0<\/p>\n<p>Excusa \u00a0justificada \u00a0\u00a0<\/p>\n<p>SIGIFREDO \u00a0 \u00a0 \u00a0 \u00a0 \u00a0ESPINOSA \u00a0P\u00c9REZ\u00a0\u00a0\u00a0\u00a0\u00a0\u00a0\u00a0\u00a0\u00a0\u00a0\u00a0\u00a0\u00a0\u00a0\u00a0\u00a0\u00a0\u00a0\u00a0\u00a0\u00a0\u00a0\u00a0\u00a0 \u00a0ALFREDO G\u00d3MEZ \u00a0QUINTERO\u00a0\u00a0\u00a0\u00a0\u00a0\u00a0\u00a0\u00a0\u00a0\u00a0\u00a0\u00a0\u00a0\u00a0\u00a0\u00a0\u00a0\u00a0\u00a0 \u00a0\u00a0<\/p>\n<p>\u00c1LVARO \u00a0 \u00a0 \u00a0 ORLANDO \u00a0 \u00a0 \u00a0 P\u00c9REZ \u00a0PINZ\u00d3N\u00a0\u00a0\u00a0\u00a0\u00a0\u00a0\u00a0\u00a0\u00a0\u00a0\u00a0 \u00a0MARINA \u00a0 \u00a0 \u00a0 \u00a0 \u00a0 \u00a0 \u00a0 \u00a0 \u00a0 \u00a0 \u00a0 \u00a0 \u00a0 \u00a0 \u00a0 \u00a0 PULIDO \u00a0 \u00a0 \u00a0 \u00a0 \u00a0 \u00a0 \u00a0 \u00a0 \u00a0 \u00a0 \u00a0 \u00a0 \u00a0 \u00a0 \u00a0 \u00a0 DE \u00a0BAR\u00d3N\u00a0\u00a0\u00a0\u00a0\u00a0\u00a0\u00a0\u00a0\u00a0\u00a0\u00a0\u00a0\u00a0\u00a0\u00a0\u00a0\u00a0\u00a0\u00a0\u00a0\u00a0\u00a0 \u00a0\u00a0<\/p>\n<p>JORGE \u00a0 \u00a0 \u00a0 \u00a0LUIS \u00a0 \u00a0 \u00a0 QUINTERO \u00a0MILAN\u00c9S\u00a0\u00a0\u00a0\u00a0\u00a0\u00a0\u00a0\u00a0\u00a0\u00a0\u00a0\u00a0\u00a0 \u00a0YESID RAM\u00cdREZ \u00a0BASTIDAS\u00a0\u00a0\u00a0\u00a0\u00a0\u00a0\u00a0\u00a0\u00a0\u00a0\u00a0\u00a0\u00a0\u00a0\u00a0\u00a0\u00a0\u00a0\u00a0\u00a0\u00a0\u00a0\u00a0\u00a0\u00a0\u00a0 \u00a0\u00a0<\/p>\n<p>Excusa justificada \u00a0<\/p>\n<p>JULIO \u00a0 \u00a0 \u00a0 \u00a0ENRIQUE \u00a0 \u00a0 \u00a0 SOCHA \u00a0SALAMANCA\u00a0\u00a0\u00a0\u00a0\u00a0\u00a0\u00a0\u00a0\u00a0\u00a0\u00a0\u00a0\u00a0\u00a0\u00a0 \u00a0JAVIER ZAPATA ORTIZ \u00a0\u00a0<\/p>\n<p>\u00a0\u00a0\u00a0\u00a0\u00a0\u00a0\u00a0\u00a0\u00a0\u00a0\u00a0 \u00a0TERESA RUIZ N\u00da\u00d1EZ \u00a0\u00a0<\/p>\n<p>\u00a0\u00a0\u00a0\u00a0\u00a0\u00a0\u00a0\u00a0\u00a0\u00a0\u00a0\u00a0\u00a0\u00a0\u00a0\u00a0\u00a0\u00a0\u00a0\u00a0\u00a0\u00a0 \u00a0Secretaria \u00a0\u00a0<\/p>\n<p>\u00a0 \u00a0\u00a0<\/p>\n<p><\/p>\n","protected":false},"excerpt":{"rendered":"<p>\u00a0 \u00a0 Proceso No 26158 \u00a0 CORTE SUPREMA DE JUSTICIA \u00a0 SALA DE CASACI\u00d3N PENAL \u00a0 Magistrado Ponente: \u00a0 Dr. SIGIFREDO ESPINOSA P\u00c9REZ \u00a0 Aprobado Acta No. 114 \u00a0 \u00a0 \u00a0\u00a0 \u00a0\u00a0 \u00a0\u00a0Bogot\u00e1, D.C, diez de octubre de dos mil seis. \u00a0\u00a0 VISTOS \u00a0 \u00a0 \u00a0\u00a0 \u00a0\u00a0 \u00a0\u00a0Se \u00a0pronuncia \u00a0la \u00a0Sala \u00a0sobre la solicitud de [&hellip;]<\/p>\n","protected":false},"author":1,"featured_media":0,"comment_status":"open","ping_status":"open","sticky":false,"template":"","format":"standard","meta":{"footnotes":""},"categories":[14],"tags":[],"class_list":["post-12172","post","type-post","status-publish","format-standard","hentry","category-14"],"_links":{"self":[{"href":"https:\/\/dmsjuridica.com\/buscador_20179478954\/salapenalcronologico20230723\/wp-json\/wp\/v2\/posts\/12172","targetHints":{"allow":["GET"]}}],"collection":[{"href":"https:\/\/dmsjuridica.com\/buscador_20179478954\/salapenalcronologico20230723\/wp-json\/wp\/v2\/posts"}],"about":[{"href":"https:\/\/dmsjuridica.com\/buscador_20179478954\/salapenalcronologico20230723\/wp-json\/wp\/v2\/types\/post"}],"author":[{"embeddable":true,"href":"https:\/\/dmsjuridica.com\/buscador_20179478954\/salapenalcronologico20230723\/wp-json\/wp\/v2\/users\/1"}],"replies":[{"embeddable":true,"href":"https:\/\/dmsjuridica.com\/buscador_20179478954\/salapenalcronologico20230723\/wp-json\/wp\/v2\/comments?post=12172"}],"version-history":[{"count":0,"href":"https:\/\/dmsjuridica.com\/buscador_20179478954\/salapenalcronologico20230723\/wp-json\/wp\/v2\/posts\/12172\/revisions"}],"wp:attachment":[{"href":"https:\/\/dmsjuridica.com\/buscador_20179478954\/salapenalcronologico20230723\/wp-json\/wp\/v2\/media?parent=12172"}],"wp:term":[{"taxonomy":"category","embeddable":true,"href":"https:\/\/dmsjuridica.com\/buscador_20179478954\/salapenalcronologico20230723\/wp-json\/wp\/v2\/categories?post=12172"},{"taxonomy":"post_tag","embeddable":true,"href":"https:\/\/dmsjuridica.com\/buscador_20179478954\/salapenalcronologico20230723\/wp-json\/wp\/v2\/tags?post=12172"}],"curies":[{"name":"wp","href":"https:\/\/api.w.org\/{rel}","templated":true}]}}