{"id":12104,"date":"2023-09-08T19:55:30","date_gmt":"2023-09-08T19:55:30","guid":{"rendered":"https:\/\/dmsjuridica.com\/buscador_20179478954\/salapenalcronologico20230723\/2023\/09\/08\/2601613-09-06\/"},"modified":"2023-09-08T19:55:30","modified_gmt":"2023-09-08T19:55:30","slug":"2601613-09-06","status":"publish","type":"post","link":"https:\/\/dmsjuridica.com\/buscador_20179478954\/salapenalcronologico20230723\/2023\/09\/08\/2601613-09-06\/","title":{"rendered":"26016(13-09-06)"},"content":{"rendered":"\n<p>\u00a0 \u00a0 Proceso No 26016 \u00a0<\/p>\n<p>CORTE SUPREMA DE JUSTICIA \u00a0<\/p>\n<p>SALA DE CASACION PENAL \u00a0<\/p>\n<p>Magistrado \u00a0Ponente \u00a0\u00a0<\/p>\n<p>MAURO \u00a0 \u00a0SOLARTE \u00a0PORTILLA \u00a0\u00a0<\/p>\n<p>Aprobado acta n\u00famero 97 \u00a0<\/p>\n<p>Bogot\u00e1 \u00a0D.C., trece de septiembre de dos mil \u00a0seis \u00a0\u00a0<\/p>\n<p>\u00a0 \u00a0\u00a0 \u00a0\u00a0 \u00a0\u00a0Decide \u00a0la \u00a0Corte \u00a0lo \u00a0pertinente con relaci\u00f3n a la admisi\u00f3n de la \u00a0demanda \u00a0de \u00a0casaci\u00f3n \u00a0discrecional interpuesta por el defensor de WILLIAM \u00a0IVAN \u00a0ARANAGA \u00a0ROJAS, \u00a0contra \u00a0la \u00a0sentencia \u00a0de \u00a0segunda \u00a0instancia proferida el 7 de marzo de 2006 por el Juzgado \u00a0quinto \u00a0penal del circuito de Ibagu\u00e9, mediante la cual confirm\u00f3 la del Juzgado \u00a0s\u00e9ptimo \u00a0penal \u00a0municipal \u00a0de \u00a0la misma ciudad, que conden\u00f3 al recurrente como \u00a0autor del delito de inasistencia alimentaria. \u00a0\u00a0<\/p>\n<p>HECHOS \u00a0<\/p>\n<p>\u00a0 \u00a0\u00a0 \u00a0\u00a0 \u00a0\u00a0As\u00ed \u00a0 \u00a0pueden \u00a0 \u00a0resumirse \u00a0 \u00a0los \u00a0 \u00a0hechos \u00a0 \u00a0juzgados \u00a0 \u00a0en \u00a0 las \u00a0instancias: \u00a0\u00a0<\/p>\n<p>\u00a0 \u00a0\u00a0 \u00a0\u00a0 \u00a0\u00a0En \u00a0el \u00a0a\u00f1o \u00a02000, \u00a0el \u00a0Juzgado \u00a0sexto \u00a0de \u00a0familia de la ciudad de \u00a0Ibagu\u00e9, \u00a0 \u00a0le \u00a0 fij\u00f3 \u00a0 a \u00a0 WILLIAM \u00a0 IVAN \u00a0 ARANAGA \u00a0ROJAS \u00a0una \u00a0cuota \u00a0alimentaria \u00a0a favor de su hija por \u00a0valor \u00a0de \u00a0250.000 \u00a0pesos mensuales. No obstante, desde el 10 de agosto de 2004, \u00a0hasta \u00a030 de marzo de 2005, el sindicado deb\u00eda una suma igual a 2.500.000.00 de \u00a0pesos \u00a0por \u00a0concepto \u00a0de \u00a0alimentos, fuera de 5.700.000.00 de pesos \u00a0 \u00a0 \u00a0 \u00a0 \u00a0\u00a0 \u00a0 \u00a0 \u00a0 \u00a0que \u00a0corresponden \u00a0a \u00a0periodos \u00a0anteriores,\u00a0 \u00a0por cuya omisi\u00f3n fue condenado en \u00a0proceso separado. \u00a0\u00a0<\/p>\n<p>ACTUACION PROCESAL \u00a0<\/p>\n<p>\u00a0 \u00a0\u00a0 \u00a0\u00a0 \u00a0\u00a0El \u00a011 \u00a0de \u00a0enero \u00a0de \u00a02005, \u00a0la \u00a0representante \u00a0legal \u00a0de \u00a0la menor \u00a0present\u00f3 \u00a0 denuncia \u00a0 penal \u00a0 (art\u00edculo \u00a0 35 \u00a0 del \u00a0C.P.P.), \u00a0con \u00a0base \u00a0en \u00a0la \u00a0cual, \u00a0el \u00a018 \u00a0de \u00a0enero \u00a0siguiente, \u00a0la fiscal\u00eda veintiocho de la Unidad de protecci\u00f3n al menor, abri\u00f3 \u00a0investigaci\u00f3n \u00a0 \u00a0penal \u00a0 \u00a0(fs., \u00a0 \u00a011). \u00a0\u00a0<\/p>\n<p>\u00a0 \u00a0\u00a0 \u00a0\u00a0 \u00a0\u00a0Despu\u00e9s \u00a0 \u00a0 de \u00a0 \u00a0 cerrar \u00a0 \u00a0 la \u00a0 \u00a0 investigaci\u00f3n \u00a0 \u00a0(fs., \u00a0 61), \u00a0 la \u00a0fiscal\u00eda \u00a0acus\u00f3 \u00a0al \u00a0sindicado \u00a0mediante \u00a0providencia \u00a0del \u00a010 \u00a0de \u00a0mayo \u00a0de \u00a02005, \u00a0por \u00a0la probable \u00a0comisi\u00f3n \u00a0del delito de inasistencia alimentaria, sin deducirle ning\u00fan tipo de \u00a0agravantes \u00a0 \u00a0gen\u00e9ricas \u00a0 \u00a0(fs., \u00a0 92). \u00a0\u00a0<\/p>\n<p>\u00a0 \u00a0\u00a0 \u00a0\u00a0 \u00a0\u00a0El \u00a0Juzgado \u00a0s\u00e9ptimo penal municipal, luego de tramitar la fase del \u00a0juicio, \u00a0 conden\u00f3 \u00a0 a \u00a0 ARANAGA \u00a0ROJAS \u00a0a \u00a0la \u00a0pena \u00a0principal de 34 meses de prisi\u00f3n, multa de 18 salarios \u00a0m\u00ednimos \u00a0legales vigentes como autor del delito de inasistencia alimentaria y a \u00a0la \u00a0accesoria \u00a0de \u00a0inhabilitaci\u00f3n \u00a0para \u00a0el \u00a0ejercicio \u00a0de derechos y funciones \u00a0p\u00fablicas, \u00a0para \u00a0lo \u00a0cual \u00a0consider\u00f3 el quebrantamiento de los deberes que las \u00a0relaciones \u00a0sociales \u00a0o \u00a0de \u00a0parentesco \u00a0impongan \u00a0al sentenciado respecto de la \u00a0v\u00edctima, \u00a0 como \u00a0 causal \u00a0 gen\u00e9rica \u00a0 de \u00a0 agravaci\u00f3n \u00a0punitiva \u00a0(fs., 196). \u00a0\u00a0<\/p>\n<p>\u00a0 \u00a0\u00a0 \u00a0\u00a0 \u00a0\u00a0Apelada \u00a0la \u00a0decisi\u00f3n \u00a0por \u00a0la defensa, el Juzgado quinto penal del \u00a0circuito la confirm\u00f3 mediante la suya del 7 de marzo de 2006. \u00a0\u00a0<\/p>\n<p>DEMANDA \u00a0 \u00a0 DE \u00a0CASACION \u00a0\u00a0<\/p>\n<p>\u00a0 \u00a0\u00a0 \u00a0\u00a0 \u00a0\u00a0Con \u00a0fundamento \u00a0en lo dispuesto en la parte final del art\u00edculo 205 \u00a0de \u00a0la ley 600 de 2000, y con apoyo en el cuerpo segundo de la causal primera de \u00a0casaci\u00f3n, \u00a0un \u00a0cargo formula el demandante contra la sentencia proferida por el \u00a0juzgado quinto penal del circuito de Ibagu\u00e9. \u00a0\u00a0<\/p>\n<p>\u00a0 \u00a0\u00a0 \u00a0\u00a0 \u00a0\u00a0Aduce, \u00a0en ese sentido, que el juzgado dej\u00f3 de aplicar el numeral 1 \u00a0del \u00a0art\u00edculo 32 de la ley 599 de 2000, que trata de la ausencia de conducta en \u00a0eventos \u00a0de \u00a0caso \u00a0fortuito \u00a0y fuerza mayor, como consecuencia de los errores de \u00a0derecho \u00a0en \u00a0que \u00a0incurri\u00f3 al no hab\u00e9rsele otorgado \u201cel valor probatorio que \u00a0la ley le asigna a las pruebas aportadas en la etapa del juicio.\u201d \u00a0\u00a0<\/p>\n<p>\u00a0 \u00a0\u00a0 \u00a0\u00a0 \u00a0\u00a0En \u00a0efecto, a pesar de que en la fase del juicio se logr\u00f3 demostrar \u00a0que \u00a0el \u00a0sindicado \u00a0pose\u00eda varias cuentas bancarias inactivas, y que sus bienes \u00a0se \u00a0encontraban \u00a0embargados \u00a0y \u00a0secuestrados, el juzgado omiti\u00f3 considerar esas \u00a0pruebas, \u00a0para \u00a0concluir \u00a0que \u00a0aquel es responsable, en lugar de aceptar que una \u00a0fuerza mayor le imped\u00eda cumplir con sus compromisos de padre. \u00a0\u00a0<\/p>\n<p>\u00a0 \u00a0\u00a0 \u00a0\u00a0 \u00a0\u00a0Con \u00a0 \u00a0palabras \u00a0 \u00a0de \u00a0 \u00a0la \u00a0 \u00a0Corte \u00a0 Constitucional \u00a0 1, \u00a0se\u00f1ala que \u00a0cualquiera \u00a0que \u00a0sea \u00a0la \u00a0posici\u00f3n dogm\u00e1tica que se asuma, lo cierto es que la \u00a0carencia \u00a0 de \u00a0recursos \u00a0econ\u00f3micos \u00a0no \u00a0solo \u00a0impide \u00a0la \u00a0exigibilidad \u00a0de \u00a0la \u00a0obligaci\u00f3n, \u00a0 sino \u00a0\u2013 \u00a0a \u00a0fortriori \u00a0\u2013 la deducci\u00f3n \u00a0de \u00a0la \u00a0responsabilidad \u00a0penal.\u201d \u00a0Ser\u00eda \u00a0bueno, \u00a0a su juicio, que la Corte se \u00a0ocupara de desarrollar \u201cesta jurisprudencia.\u201d \u00a0\u00a0<\/p>\n<p>\u00a0 \u00a0\u00a0 \u00a0\u00a0 \u00a0\u00a0Como \u00a0consecuencia \u00a0de lo anterior, pide casar la sentencia y dictar \u00a0el fallo de sustituci\u00f3n. \u00a0\u00a0<\/p>\n<p>CONSIDERACIONES DE LA CORTE \u00a0<\/p>\n<p>La demanda se inadmitir\u00e1, por las siguientes \u00a0razones: \u00a0\u00a0<\/p>\n<p>Primero. Adem\u00e1s de \u00a0los \u00a0requisitos de toda demanda (art\u00edculo 212 de la ley 600 de 2000), cuando se \u00a0impugna \u00a0 sentencias \u00a0 de \u00a0 segunda \u00a0instancia \u00a0por \u00a0la \u00a0v\u00eda \u00a0de \u00a0la \u00a0casaci\u00f3n \u00a0discrecional, \u00a0sean estas proferidas por juzgados penales del circuito o por los \u00a0Tribunales \u00a0Superiores \u00a0de Distrito Judicial o por el Tribunal Superior Militar, \u00a0aparte \u00a0 de \u00a0 indicar \u00a0 si \u00a0con \u00a0el \u00a0recurso \u00a0se \u00a0pretende \u00a0defender \u00a0garant\u00edas \u00a0fundamentales \u00a0o el desarrollo de la jurisprudencia, o ambas, el recurrente debe \u00a0persuadir \u00a0a \u00a0la \u00a0Corte \u00a0para \u00a0que \u00a0ejerza \u00a0su \u00a0poder discrecional en orden a la \u00a0realizaci\u00f3n \u00a0de \u00a0las \u00a0finalidades \u00a0que persigue (art\u00edculo 205 de la ley 600 de \u00a02000). \u00a0\u00a0<\/p>\n<p>Segundo. \u00a0 El \u00a0demandante, \u00a0como \u00a0se \u00a0ha \u00a0indicado, al parecer pretende que la Corte desarrolle \u00a0por \u00a0v\u00eda \u00a0jurisprudencial \u00a0un \u00a0punto \u00a0concreto de derecho, pero sin explicar la \u00a0raz\u00f3n \u00a0por \u00a0la cual resulta de inter\u00e9s en general y la manera como a partir de \u00a0ese \u00a0supuesto se resolver\u00eda el caso concreto, dado que, como lo ha se\u00f1alado la \u00a0Sala, esta f\u00f3rmula busca, \u00a0\u00a0<\/p>\n<p>&#8220;&#8230; \u00a0fijar \u00a0el \u00a0alcance \u00a0interpretativo \u00a0 de \u00a0 alguna \u00a0disposici\u00f3n, \u00a0o \u00a0la \u00a0unificaci\u00f3n \u00a0de \u00a0posiciones \u00a0dis\u00edmiles \u00a0de \u00a0la \u00a0Corte, \u00a0o \u00a0el \u00a0pronunciamiento \u00a0sobre \u00a0un punto concreto que \u00a0jurisprudencialmente \u00a0 no \u00a0 ha \u00a0 sido \u00a0 suficientemente \u00a0 desarrollado, \u00a0 o \u00a0 la \u00a0actualizaci\u00f3n \u00a0de \u00a0la \u00a0doctrina, \u00a0al tenor de las nuevas realidades f\u00e1cticas y \u00a0jur\u00eddicas; \u00a0y, \u00a0adem\u00e1s, \u00a0la incidencia favorable de la pretensi\u00f3n doctrinaria \u00a0frente \u00a0al \u00a0caso \u00a0y \u00a0la ayuda que prestar\u00eda a la actividad judicial, por trazar \u00a0derroteros \u00a0de \u00a0interpretaci\u00f3n con criterio de autoridad &#8220;. 2 \u00a0\u00a0<\/p>\n<p>\u00a0 \u00a0\u00a0 \u00a0 \u00a0\u00a0 \u00a0\u00a0<\/p>\n<p>En su lugar,\u00a0 despu\u00e9s de una referencia \u00a0muy \u00a0somera a la ausencia de conducta y sin conservar la debida afinidad con los \u00a0prop\u00f3sitos \u00a0que persigue con el recurso (desarrollo de \u00a0la \u00a0jurisprudencia), \u00a0al \u00a0postular el cargo se desliza \u00a0hacia \u00a0 la \u00a0 cr\u00edtica \u00a0probatoria, \u00a0olvidando \u00a0que, \u00a0como \u00a0lo \u00a0ha \u00a0se\u00f1alado \u00a0la \u00a0Sala, \u00a0\u00a0<\/p>\n<p>&#8220;Los \u00a0 giros \u00a0de \u00a0fundamentaci\u00f3n \u00a0por \u00a0la \u00a0apreciaci\u00f3n \u00a0de \u00a0la \u00a0prueba, \u00a0dada la indeterminaci\u00f3n de los resultados por la \u00a0posibilidad \u00a0 de \u00a0meras \u00a0discrepancias \u00a0valorativas, \u00a0no \u00a0pueden \u00a0ser \u00a0argumento \u00a0suficiente \u00a0 para \u00a0 reclamar \u00a0 una \u00a0 casaci\u00f3n\u00a0 \u00a0sujeta \u00a0a \u00a0tan \u00a0singulares \u00a0necesidades.&#8221; 3 \u00a0\u00a0<\/p>\n<p>\u00a0 \u00a0\u00a0 \u00a0\u00a0 \u00a0\u00a0De \u00a0manera \u00a0que tanto por la indebida fundamentaci\u00f3n de las razones \u00a0que \u00a0posibilitan \u00a0el \u00a0ejercicio \u00a0discrecional \u00a0de la Corte en sede de casaci\u00f3n, \u00a0como \u00a0por \u00a0la \u00a0indebida \u00a0postulaci\u00f3n \u00a0de \u00a0los \u00a0cargos, \u00a0que \u00a0dicho \u00a0sea de paso \u00a0demuestran \u00a0la \u00a0incongruencia \u00a0entre las finalidades del recurso y el desarrollo \u00a0del cargo, la demanda debe inadmitirse. \u00a0\u00a0<\/p>\n<p>\u00a0 \u00a0\u00a0 \u00a0\u00a0 \u00a0\u00a0Tercero. \u00a0Sin embargo, observa la Corte la \u00a0posible \u00a0vulneraci\u00f3n \u00a0de \u00a0garant\u00edas \u00a0fundamentales, \u00a0consistentes \u00a0en \u00a0haberle \u00a0deducido \u00a0al \u00a0sindicado \u00a0circunstancias \u00a0de \u00a0agravaci\u00f3n \u00a0no \u00a0contempladas en la \u00a0acusaci\u00f3n, \u00a0que \u00a0pueden \u00a0incluso \u00a0infringir \u00a0el \u00a0principio del non bis in idem. \u00a0(art\u00edculo \u00a0216 \u00a0de \u00a0la \u00a0ley \u00a0600 de 2000). \u00a0Con \u00a0ese fin, correr\u00e1 traslado al Ministerio P\u00fablico por veinte \u00a0d\u00edas para que se pronuncie sobre este supuesto. \u00a0\u00a0<\/p>\n<p>Por lo expuesto, La Corte \u00a0Suprema de Justicia, Sala de casaci\u00f3n penal, \u00a0\u00a0<\/p>\n<p>Resuelve \u00a0\u00a0<\/p>\n<p>\u00a0 \u00a0\u00a0 \u00a0\u00a0 \u00a0\u00a0Inadmitir \u00a0 la \u00a0 demanda \u00a0 de \u00a0 casaci\u00f3n \u00a0presentada \u00a0 \u00a0 a \u00a0 \u00a0 nombre \u00a0 \u00a0 de \u00a0 \u00a0WILLIAM IVAN ARANAGA ROJAS. \u00a0\u00a0<\/p>\n<p>\u00a0 \u00a0\u00a0 \u00a0\u00a0 \u00a0\u00a0C\u00f3rrase \u00a0traslado \u00a0al Ministerio P\u00fablico \u00a0para \u00a0 \u00a0que \u00a0 concept\u00fae \u00a0 sobre \u00a0 la \u00a0 posible \u00a0 vulneraci\u00f3n \u00a0 de \u00a0 garant\u00edas \u00a0fundamentales. \u00a0\u00a0<\/p>\n<p>\u00a0 \u00a0 \u00a0 \u00a0 \u00a0<\/p>\n<p>Notif\u00edquese y C\u00famplase \u00a0<\/p>\n<p>MAURO \u00a0SOLARTE \u00a0 \u00a0 \u00a0 \u00a0 \u00a0 \u00a0PORTILLA \u00a0\u00a0<\/p>\n<p>SIGIFREDO \u00a0 \u00a0 \u00a0 \u00a0 \u00a0ESPINOSA \u00a0PEREZ\u00a0\u00a0\u00a0\u00a0\u00a0\u00a0\u00a0\u00a0\u00a0 \u00a0 \u00a0 ALFREDO \u00a0 \u00a0GOMEZ \u00a0QUINTERO\u00a0\u00a0\u00a0\u00a0\u00a0\u00a0\u00a0\u00a0\u00a0\u00a0\u00a0\u00a0\u00a0\u00a0\u00a0\u00a0\u00a0 \u00a0\u00a0<\/p>\n<p>Permiso \u00a0<\/p>\n<p>ALVARO \u00a0 \u00a0 \u00a0 \u00a0 O \u00a0 \u00a0 \u00a0 \u00a0 PEREZ \u00a0PINZON\u00a0\u00a0\u00a0\u00a0\u00a0\u00a0\u00a0\u00a0\u00a0\u00a0\u00a0\u00a0\u00a0\u00a0\u00a0 \u00a0MARINA \u00a0 \u00a0 \u00a0 \u00a0 \u00a0 \u00a0 \u00a0 \u00a0 \u00a0 \u00a0 \u00a0 \u00a0 \u00a0 \u00a0 \u00a0 \u00a0 PULIDO \u00a0 \u00a0 \u00a0 \u00a0 \u00a0 \u00a0 \u00a0 \u00a0 \u00a0 \u00a0 \u00a0 \u00a0 \u00a0 \u00a0 \u00a0 \u00a0 DE \u00a0BARON\u00a0\u00a0\u00a0\u00a0\u00a0\u00a0\u00a0\u00a0\u00a0\u00a0\u00a0\u00a0\u00a0\u00a0\u00a0\u00a0 \u00a0\u00a0<\/p>\n<p>\u00a0\u00a0\u00a0\u00a0\u00a0 \u00a0Salvamento de \u00a0voto \u00a0\u00a0<\/p>\n<p>JORGE\u00a0 \u00a0 \u00a0 \u00a0 \u00a0 \u00a0QUINTERO \u00a0MILANES\u00a0\u00a0\u00a0\u00a0\u00a0\u00a0\u00a0\u00a0\u00a0\u00a0\u00a0 YESID \u00a0RAMIREZ \u00a0BASTIDAS\u00a0\u00a0\u00a0\u00a0\u00a0\u00a0\u00a0\u00a0\u00a0\u00a0\u00a0\u00a0\u00a0 \u00a0\u00a0<\/p>\n<p>JULIO \u00a0 \u00a0 \u00a0 \u00a0 \u00a0 \u00a0 SOCHA \u00a0SALAMANCA\u00a0\u00a0\u00a0\u00a0\u00a0\u00a0\u00a0\u00a0\u00a0\u00a0\u00a0\u00a0\u00a0\u00a0 \u00a0JAVIER ZAPATA ORTIZ \u00a0\u00a0<\/p>\n<p>TERESA RUIZ NU\u00d1EZ \u00a0<\/p>\n<p>Secretaria \u00a0\u00a0<\/p>\n<p>Salvamento parcial de voto \u00a0<\/p>\n<p>(Casaci\u00f3n 26.016) \u00a0<\/p>\n<p>He \u00a0salvado \u00a0parcialmente el voto porque no \u00a0estoy \u00a0de \u00a0acuerdo con el traslado que se hace del asunto al Ministerio P\u00fablico \u00a0para que emita concepto. \u00a0\u00a0<\/p>\n<p>En \u00a0otras \u00a0oportunidades \u00a0he \u00a0expuesto \u00a0los \u00a0motivos de mi disentimiento, que ahora reitero. Dec\u00eda: \u00a0\u00a0<\/p>\n<p>1. Establecida la vulneraci\u00f3n de un derecho \u00a0o \u00a0 de \u00a0 una \u00a0 garant\u00eda, \u00a0 de \u00a0inmediato \u00a0el \u00a0funcionario \u00a0judicial \u00a0tiene el deber de declararla, salvo en \u00a0aquellos \u00a0eventos en los cuales se admite la demanda de casaci\u00f3n y se remite al \u00a0Ministerio \u00a0P\u00fablico. \u00a0Si la ruptura de los derechos es algo grave, y a plenitud \u00a0la \u00a0detecta \u00a0el \u00a0juez \u00a0de \u00a0casaci\u00f3n, lo que debe hacer es decretar la lesi\u00f3n a \u00a0ellos tan pronto recibe el proceso y se percata de ello. \u00a0\u00a0<\/p>\n<p>2. No veo c\u00f3mo pueda el Ministerio P\u00fablico \u00a0opinar \u00a0frente \u00a0a \u00a0una \u00a0demanda \u00a0que \u00a0no re\u00fane los requisitos t\u00e9cnico-formales \u00a0m\u00ednimos. \u00a0No \u00a0s\u00e9 \u00a0c\u00f3mo podr\u00eda hacerlo pues es la propia ley la que determina \u00a0como \u00a0 requisito \u00a0 de \u00a0 procedibilidad \u00a0para \u00a0 \u00a0esa \u00a0 entidad \u00a0 la \u00a0 declaraci\u00f3n \u00a0 de \u00a0 \u201cadmitida\u201d \u00a0 o \u00a0\u201cajustada\u201d \u00a0 \u00a0 de \u00a0 \u00a0 la \u00a0 \u00a0 demanda. \u00a0 \u00a0Basta \u00a0 \u00a0leer \u00a0 \u00a0la \u00a0 \u00a0disposici\u00f3n \u00a0correspondiente. \u00a0\u00a0<\/p>\n<p>3. \u00a0O\u00eda \u00a0en \u00a0Sala \u00a0que \u00a0se \u00a0hac\u00eda \u201cpara \u00a0mayores \u00a0garant\u00edas\u201d. \u00a0No \u00a0veo por qu\u00e9 se hace con esa finalidad, si se tiene \u00a0claro \u00a0que \u00a0ha \u00a0existido \u00a0desconocimiento de derechos. Con el traslado lo que se \u00a0hace \u00a0es \u00a0lo \u00a0contrario: \u00a0prolongar \u00a0a\u00fan \u00a0m\u00e1s, \u00a0sin raz\u00f3n, la ruptura de esos \u00a0derechos. \u00a0\u00a0<\/p>\n<p>4. La mayor garant\u00eda ciudadana frente a un \u00a0eventual \u00a0desconocimiento \u00a0de derechos fundamentales es que conozca el asunto la \u00a0Corte \u00a0Suprema \u00a0de \u00a0Justicia pues esta, se afirma, es el m\u00e1ximo Organismo de la \u00a0jurisdicci\u00f3n \u00a0Ordinaria. \u00a0Y \u00a0con esto no se menosprecia al Ministerio P\u00fablico. \u00a0No. \u00a0Simplemente \u00a0se \u00a0hacen \u00a0las \u00a0cosas \u00a0como \u00a0se deben hacer: si la Corte, tras \u00a0inadmitir \u00a0 la \u00a0demanda, \u00a0observa \u00a0una \u00a0n\u00edtida \u00a0violaci\u00f3n de derechos y\/o garant\u00edas, o una protuberante \u00a0causal \u00a0de \u00a0nulidad, por el rango de su ejercicio, debe proceder de una vez a la \u00a0declaraci\u00f3n correspondiente. \u00a0\u00a0<\/p>\n<p>5. \u00a0 \u00a0Si \u00a0 \u00a0la \u00a0 \u00a0Corte \u00a0 \u00a0inadmite \u00a0 la \u00a0 demanda \u00a0y \u00a0dispone \u00a0el \u00a0traslado \u00a0al \u00a0Ministerio \u00a0P\u00fablico, en estricto sentido ha perdido totalmente su \u00a0competencia. \u00a0Por \u00a0consiguiente, \u00a0cuando retorne el expediente a su seno, carece \u00a0de potestad para hacer cualquier tipo de pronunciamiento. \u00a0\u00a0<\/p>\n<p>6. \u00a0 \u00a0Si \u00a0 \u00a0la \u00a0 \u00a0Corte \u00a0 \u00a0inadmite \u00a0la demanda, su decisi\u00f3n queda \u00a0ejecutoriada \u00a0con \u00a0la firma de los integrantes de la Sala de Casaci\u00f3n Penal. Si \u00a0se \u00a0 env\u00eda \u00a0 el \u00a0 asunto \u00a0 al \u00a0 Ministerio \u00a0 P\u00fablico \u00a0 y \u00a0 luego \u00a0\u2013ma\u00f1ana, \u00a0dentro de un mes, dentro de \u00a0un \u00a0a\u00f1o, o cuando sea- \u00e9ste retorna las diligencias con su opini\u00f3n, la Corte, \u00a0ante \u00a0la flagrante lesi\u00f3n de una garant\u00eda b\u00e1sica o de un derecho fundamental, \u00a0no \u00a0puede \u00a0ocuparse \u00a0del \u00a0expediente, \u00a0pues, \u00a0se repite, su auto de inadmisi\u00f3n \u00a0ya est\u00e1 ejecutoriado. Y no \u00a0me \u00a0cabe \u00a0en \u00a0la cabeza que con el traslado a la Procuradur\u00eda surja otra figura \u00a0jur\u00eddica: \u00a0suspensi\u00f3n de \u00a0la \u00a0ejecutoria \u00a0mientras \u00a0concept\u00faa \u00a0el Ministerio P\u00fablico y mientras la Corte \u00a0vuelve a pronunciarse. \u00a0\u00a0<\/p>\n<p>7. \u00a0Si \u00a0la \u00a0Corte remite el expediente para \u00a0concepto \u00a0a \u00a0la \u00a0Procuradur\u00eda, \u00a0esta \u00a0opina \u00a0y regresa el expediente a la Corte \u00a0\u00bfqu\u00e9 sigue? Ensayemos: \u00a0\u00a0<\/p>\n<p>7.1. Un auto que modifique la sentencia. Por \u00a0principio, \u00a0con \u00a0un \u00a0auto no puede ser variado un fallo de segunda instancia que \u00a0ya \u00a0ha \u00a0sido ratificado con la inadmisi\u00f3n. \u00a0\u00a0<\/p>\n<p>7.2. \u00a0 \u00a0Que \u00a0 la \u00a0 Corte \u00a0 case \u00a0 la \u00a0sentencia. \u00a0Pero \u00a0tiene \u00a0que \u00a0hacerlo \u00a0por \u00a0medio \u00a0de \u00a0una \u00a0sentencia \u00a0de \u00a0casaci\u00f3n, que no es posible sin el \u00a0\u201cajuste\u201d \u00a0 previo \u00a0 de \u00a0la \u00a0demanda \u00a0de \u00a0casaci\u00f3n \u00a0y \u00a0sin \u00a0el \u00a0\u2013ah\u00ed \u00a0 s\u00ed- \u00a0concepto \u00a0anterior \u00a0del \u00a0Ministerio P\u00fablico, en cualquier sentido. \u00a0\u00a0<\/p>\n<p>Ante este problema, pienso lo que siempre he \u00a0pensado frente a los problemas: lo mejor es evitarlos. \u00a0\u00a0<\/p>\n<p>8. La soluci\u00f3n es muy sencilla: \u00a0<\/p>\n<p>8.1. \u00a0El \u00a0art\u00edculo \u00a0216 \u00a0del \u00a0C\u00f3digo \u00a0de \u00a0Procedimiento \u00a0 Penal \u00a0 establece \u00a0 el \u00a0principio \u00a0de \u00a0limitaci\u00f3n \u00a0en casaci\u00f3n: la Corte no puede tener en \u00a0cuenta \u00a0causales distintas de las expresamente formuladas por el demandante. Sin \u00a0embargo, \u00a0 agrega: \u00a0 Pero \u00a0trat\u00e1ndose \u00a0de \u00a0nulidad \u00a0o de violaci\u00f3n ostensible de garant\u00edas sustanciales, \u00a0debe \u00a0 casar \u00a0 de \u00a0oficio. \u00a0\u00a0<\/p>\n<p>8.2. \u00a0La \u00a0lectura del art\u00edculo permite ver \u00a0dos hip\u00f3tesis: \u00a0\u00a0<\/p>\n<p>Una. Dictar fallo \u00a0de \u00a0casaci\u00f3n \u00a0luego \u00a0de \u00a0admitida \u00a0la \u00a0demanda \u00a0y de obtenido el concepto de la \u00a0Procuradur\u00eda, siempre ce\u00f1ida a lo esgrimido por el recurrente. \u00a0\u00a0<\/p>\n<p>Dos. \u00a0 Otra, \u00a0 por \u00a0 eso \u00a0 el \u00a0pero, \u00a0 que \u00a0 permite \u00a0 a \u00a0su \u00a0vez \u00a0dos \u00a0hip\u00f3tesis: \u00a0\u00a0<\/p>\n<p>Primera. \u00a0Dictar \u00a0sentencia \u00a0 de \u00a0 casaci\u00f3n \u00a0 de \u00a0 oficio, \u00a0despu\u00e9s de la declaraci\u00f3n de \u201cajustada\u201d de la demanda y de \u00a0la \u00a0recepci\u00f3n \u00a0del concepto del Ministerio P\u00fablico, m\u00e1s all\u00e1 de lo planteado \u00a0por \u00a0el \u00a0casacionista, \u00a0por \u00a0violaci\u00f3n \u00a0de \u00a0derechos \u00a0y \u00a0garant\u00edas \u00a0o \u00a0por \u00a0la \u00a0percepci\u00f3n de una causal de nulidad. \u00a0\u00a0<\/p>\n<p>Segunda. \u00a0Dictar \u00a0sentencia \u00a0 de \u00a0 casaci\u00f3n, \u00a0 de \u00a0 oficio, \u00a0sin limitaci\u00f3n alguna pues la demanda habr\u00e1 de ser inadmitida, \u00a0por las mismas razones anteriores. \u00a0\u00a0<\/p>\n<p>Por supuesto que esta interpretaci\u00f3n puede \u00a0ser \u00a0discutible. Pero sin duda es la que m\u00e1s se ajusta al derecho sustancial, y \u00a0es \u00a0la \u00a0que \u00a0permite \u00a0resolver \u00a0m\u00e1s \u00a0r\u00e1pido \u00a0sobre los derechos agraviados. La \u00a0Corte, \u00a0entonces, \u00a0en \u00a0vez \u00a0de \u00a0aumentar \u00a0el \u00a0tiempo \u00a0de lesi\u00f3n de los derechos \u00a0fundamentales, \u00a0y \u00a0de hacer giros que la Constituci\u00f3n y la ley proh\u00edben, tiene \u00a0que ocuparse directamente, de una vez, del tema. \u00a0\u00a0<\/p>\n<p>\u00c1lvaro Orlando P\u00e9rez Pinz\u00f3n \u00a0<\/p>\n<p>(19-09-2006) \u00a0<\/p>\n<p>\u00a0 \u00a0\u00a0<\/p>\n<p>1 Corte \u00a0Constitucional, sentencia C 237 de 1997. \u00a0\u00a0<\/p>\n<p>2 Corte \u00a0Suprema \u00a0de \u00a0Justicia, \u00a0providencia \u00a0del \u00a029 \u00a0de \u00a0septiembre \u00a0de \u00a02004, radicado \u00a022572, \u00a0 entre \u00a0 otras. \u00a0\u00a0<\/p>\n<p>3 Corte \u00a0Suprema \u00a0de \u00a0Justicia, \u00a0providencia del 24 de noviembre de 2005, radicado 23897. \u00a0 \u00a0\u00a0<\/p>\n<p><\/p>\n","protected":false},"excerpt":{"rendered":"<p>\u00a0 \u00a0 Proceso No 26016 \u00a0 CORTE SUPREMA DE JUSTICIA \u00a0 SALA DE CASACION PENAL \u00a0 Magistrado \u00a0Ponente \u00a0\u00a0 MAURO \u00a0 \u00a0SOLARTE \u00a0PORTILLA \u00a0\u00a0 Aprobado acta n\u00famero 97 \u00a0 Bogot\u00e1 \u00a0D.C., trece de septiembre de dos mil \u00a0seis \u00a0\u00a0 \u00a0 \u00a0\u00a0 \u00a0\u00a0 \u00a0\u00a0Decide \u00a0la \u00a0Corte \u00a0lo \u00a0pertinente con relaci\u00f3n a la admisi\u00f3n de la \u00a0demanda [&hellip;]<\/p>\n","protected":false},"author":1,"featured_media":0,"comment_status":"open","ping_status":"open","sticky":false,"template":"","format":"standard","meta":{"footnotes":""},"categories":[14],"tags":[],"class_list":["post-12104","post","type-post","status-publish","format-standard","hentry","category-14"],"_links":{"self":[{"href":"https:\/\/dmsjuridica.com\/buscador_20179478954\/salapenalcronologico20230723\/wp-json\/wp\/v2\/posts\/12104","targetHints":{"allow":["GET"]}}],"collection":[{"href":"https:\/\/dmsjuridica.com\/buscador_20179478954\/salapenalcronologico20230723\/wp-json\/wp\/v2\/posts"}],"about":[{"href":"https:\/\/dmsjuridica.com\/buscador_20179478954\/salapenalcronologico20230723\/wp-json\/wp\/v2\/types\/post"}],"author":[{"embeddable":true,"href":"https:\/\/dmsjuridica.com\/buscador_20179478954\/salapenalcronologico20230723\/wp-json\/wp\/v2\/users\/1"}],"replies":[{"embeddable":true,"href":"https:\/\/dmsjuridica.com\/buscador_20179478954\/salapenalcronologico20230723\/wp-json\/wp\/v2\/comments?post=12104"}],"version-history":[{"count":0,"href":"https:\/\/dmsjuridica.com\/buscador_20179478954\/salapenalcronologico20230723\/wp-json\/wp\/v2\/posts\/12104\/revisions"}],"wp:attachment":[{"href":"https:\/\/dmsjuridica.com\/buscador_20179478954\/salapenalcronologico20230723\/wp-json\/wp\/v2\/media?parent=12104"}],"wp:term":[{"taxonomy":"category","embeddable":true,"href":"https:\/\/dmsjuridica.com\/buscador_20179478954\/salapenalcronologico20230723\/wp-json\/wp\/v2\/categories?post=12104"},{"taxonomy":"post_tag","embeddable":true,"href":"https:\/\/dmsjuridica.com\/buscador_20179478954\/salapenalcronologico20230723\/wp-json\/wp\/v2\/tags?post=12104"}],"curies":[{"name":"wp","href":"https:\/\/api.w.org\/{rel}","templated":true}]}}