{"id":12082,"date":"2023-09-08T19:55:28","date_gmt":"2023-09-08T19:55:28","guid":{"rendered":"https:\/\/dmsjuridica.com\/buscador_20179478954\/salapenalcronologico20230723\/2023\/09\/08\/2597912-09-06-1\/"},"modified":"2023-09-08T19:55:28","modified_gmt":"2023-09-08T19:55:28","slug":"2597912-09-06-1","status":"publish","type":"post","link":"https:\/\/dmsjuridica.com\/buscador_20179478954\/salapenalcronologico20230723\/2023\/09\/08\/2597912-09-06-1\/","title":{"rendered":"25979(12-09-06)-1"},"content":{"rendered":"\n<p>\u00a0 \u00a0 Proceso No 25979 \u00a0<\/p>\n<p>CORTE SUPREMA DE JUSTICIA \u00a0<\/p>\n<p>SALA DE CASACI\u00d3N PENAL \u00a0<\/p>\n<p>MAGISTRADOS PONENTES \u00a0<\/p>\n<p>\u00c1LVARO ORLANDO P\u00c9REZ PINZ\u00d3N \u00a0<\/p>\n<p>MARINA PULIDO DE BAR\u00d3N \u00a0<\/p>\n<p>Aprobado: Acta No. 96 \u00a0<\/p>\n<p>Bogot\u00e1, \u00a0D. \u00a0C., doce (12) de septiembre de \u00a0dos mil seis (2006). \u00a0\u00a0<\/p>\n<p>MOTIVO DE LA DECISI\u00d3N \u00a0<\/p>\n<p>Mediante sentencia del 31 de enero del 2006, \u00a0el \u00a0Juzgado \u00a0Penal \u00a0del \u00a0Circuito \u00a0de \u00a0Andes (Antioquia) declar\u00f3 a los se\u00f1ores \u00a0\u00c1lvaro \u00a0 de \u00a0 Jes\u00fas \u00a0 Mu\u00f1oz \u00a0 Garc\u00eda \u00a0 \u00a0 y \u00a0 \u00a0 Mart\u00edn \u00a0 \u00a0Alirio \u00a0 \u00a0Vergara \u00a0Ceballos \u00a0coautores \u00a0penalmente \u00a0responsables \u00a0de \u00a0la \u00a0conducta \u00a0punible \u00a0de \u00a0homicidio \u00a0agravado. \u00a0Les \u00a0impuso \u00a0320 meses de prisi\u00f3n, \u00a020 \u00a0a\u00f1os \u00a0de \u00a0interdicci\u00f3n \u00a0de \u00a0derechos y funciones \u00a0p\u00fablicas, la obligaci\u00f3n de indemnizar los perjuicios \u00a0causados \u00a0 \u00a0y \u00a0 \u00a0les \u00a0 \u00a0neg\u00f3 \u00a0 \u00a0la \u00a0 \u00a0condena \u00a0 condicional \u00a0 y \u00a0 la \u00a0 prisi\u00f3n \u00a0domiciliaria. \u00a0\u00a0<\/p>\n<p>El \u00a0fallo fue recurrido por los defensores y \u00a0ratificado \u00a0 por \u00a0 el \u00a0 Tribunal \u00a0 Superior \u00a0 de \u00a0 Antioquia \u00a0 el \u00a0 7 \u00a0de \u00a0abril \u00a0siguiente. \u00a0\u00a0<\/p>\n<p>El Procurador 117 Judicial Penal acudi\u00f3 a la \u00a0casaci\u00f3n, que fue concedida. \u00a0\u00a0<\/p>\n<p>La \u00a0Sala se pronuncia sobre los presupuestos \u00a0l\u00f3gicos y t\u00e9cnico formales de la demanda presentada. \u00a0\u00a0<\/p>\n<p>HECHOS Y ACTUACI\u00d3N PROCESAL \u00a0<\/p>\n<p>1. \u00a0El \u00a016 \u00a0de \u00a0abril de 1994, Rafael \u00c1ngel \u00a0Taborda \u00a0se \u00a0encontraba \u00a0en el bar El Nevado, ubicado en el municipio de Jard\u00edn \u00a0(Antioquia). \u00a0Depart\u00eda \u00a0con \u00a0Mart\u00edn \u00a0Alirio \u00a0Vergara \u00a0Ceballos, en \u00a0\u00a0<\/p>\n<p>compa\u00f1\u00eda de quien sali\u00f3 aproximadamente a \u00a0las \u00a07 \u00a0de \u00a0la \u00a0noche. \u00a0A \u00a0la \u00a0altura \u00a0de \u00a0la \u00a0calle 6\u00aa (Andes) con carrera 3\u00aa \u00a0(C\u00f3rdoba), \u00a0Vergara Ceballos \u00a0se \u00a0 encontr\u00f3 \u00a0 con \u00a0 \u00c1lvaro \u00a0 de \u00a0 Jes\u00fas \u00a0 Mu\u00f1oz \u00a0Garc\u00eda y otra persona desconocida, quienes dispararon \u00a0en contra de Taborda y le causaron la muerte. \u00a0\u00a0<\/p>\n<p>2. \u00a0Adelantada \u00a0la \u00a0investigaci\u00f3n, el 22 de \u00a0abril \u00a0del \u00a02005 \u00a0la \u00a0fiscal\u00eda \u00a0acus\u00f3 \u00a0a \u00a0los \u00a0procesados como responsables de \u00a0homicidio agravado. \u00a0\u00a0<\/p>\n<p>Luego \u00a0fueron \u00a0proferidas \u00a0las sentencias ya \u00a0indicadas. \u00a0\u00a0<\/p>\n<p>CONSIDERACIONES \u00a0<\/p>\n<p>De \u00a0conformidad \u00a0con \u00a0el \u00a0art\u00edculo \u00a0213 del \u00a0C\u00f3digo \u00a0 de \u00a0 Procedimiento \u00a0 Penal \u00a0 del \u00a0 2000, \u00a0 la \u00a0 Sala \u00a0 inadmitir\u00e1 \u00a0la \u00a0demanda. \u00a0\u00a0<\/p>\n<p>Para \u00a0hacerlo, reitera las razones expuestas \u00a0el \u00a0pasado 10 de agosto (radicado 25.821) frente a una situaci\u00f3n id\u00e9ntica a la \u00a0presente. En ese entonces, la Corte dijo: \u00a0\u00a0<\/p>\n<p>1. El casacionista \u00a0carece \u00a0de \u00a0inter\u00e9s \u00a0para \u00a0postular la causa por la que aboga. \u00a0\u00a0<\/p>\n<p>En \u00a0 \u00a0 efecto, \u00a0 \u00a0 el \u00a0 \u00a0inter\u00e9s \u00a0jur\u00eddico para recurrir no nace \u00a0exclusivamente \u00a0 de \u00a0 la \u00a0 legitimaci\u00f3n \u00a0 para \u00a0 el \u00a0proceso, \u00a0que \u00a0se adquiere, luego del cumplimiento de \u00a0las \u00a0exigencias \u00a0formales, con el reconocimiento como parte procesal, condici\u00f3n \u00a0que \u00a0el demandante evidentemente tiene, en su calidad de delegado del Ministerio \u00a0P\u00fablico. \u00a0\u00a0<\/p>\n<p>Tambi\u00e9n \u00a0 es \u00a0menester \u00a0la \u00a0legitimaci\u00f3n \u00a0en \u00a0la \u00a0causa, o inter\u00e9s \u00a0jur\u00eddico \u00a0para recurrir propiamente dicho, que deriva del da\u00f1o real y efectivo \u00a0que \u00a0la \u00a0providencia \u00a0cuestionada \u00a0haya \u00a0causado a la situaci\u00f3n jur\u00eddica de la \u00a0parte \u00a0representada. \u00a0Si \u00a0de \u00a0la \u00a0decisi\u00f3n \u00a0judicial \u00a0no \u00a0surge \u00a0un agravio, un \u00a0perjuicio, \u00a0el \u00a0recurrente \u00a0est\u00e1 deslegitimado para postular la pretensi\u00f3n. Lo \u00a0\u00faltimo sucede en el caso analizado. \u00a0\u00a0<\/p>\n<p>M\u00edrese: \u00a0<\/p>\n<p>La \u00a0Instituci\u00f3n \u00a0Ministerio \u00a0P\u00fablico \u00a0no \u00a0intervino, \u00a0como \u00a0estaba \u00a0facultado \u00a0para \u00a0hacerlo, \u00a0en el debate p\u00fablico, y no \u00a0interpuso \u00a0recurso \u00a0contra \u00a0el fallo de primera instancia, que le fue notificado \u00a0personalmente. \u00a0\u00a0<\/p>\n<p>En esas condiciones, es claro que estuvo de \u00a0acuerdo \u00a0con la decisi\u00f3n de primera instancia, esto es, estim\u00f3 que la misma se \u00a0ajustaba \u00a0a \u00a0sus \u00a0pretensiones, \u00a0o, \u00a0lo \u00a0que \u00a0es \u00a0lo mismo, no le caus\u00f3 ning\u00fan \u00a0deterioro. \u00a0\u00a0<\/p>\n<p>As\u00ed \u00a0el \u00a0asunto, \u00a0la petici\u00f3n que hace en \u00a0sede \u00a0de \u00a0casaci\u00f3n \u00a0es \u00a0ileg\u00edtima \u00a0porque \u00a0si \u00a0el \u00a0yerro imputable al Tribunal \u00a0consiste \u00a0en \u00a0haber \u00a0avalado \u00a0una \u00a0decisi\u00f3n equivocada, ha debido reclamarle su \u00a0correcci\u00f3n. \u00a0Como \u00a0no \u00a0actu\u00f3 de esa manera, no puede ahora acusar de ilegal el \u00a0fallo \u00a0del \u00a0Ad quem (esa es \u00a0la esencia de la casaci\u00f3n). \u00a0\u00a0<\/p>\n<p>2. \u00a0En relaci\u00f3n con las disquisiciones del \u00a0demandante \u00a0\u2013que entiende \u00a0que \u00a0posee \u00a0inter\u00e9s \u00a0con base en las funciones del Ministerio P\u00fablico y porque \u00a0se \u00a0han \u00a0violado \u00a0garant\u00edas \u00a0fundamentales-, \u00a0la \u00a0Sala de Casaci\u00f3n Penal de la \u00a0Corte \u00a0 \u00a0Suprema \u00a0 \u00a0de \u00a0 \u00a0Justicia \u00a0 ha \u00a0 expuesto \u00a0 lo \u00a0 siguiente, \u00a0 que \u00a0 hoy \u00a0reitera: \u00a0\u00a0<\/p>\n<p>\u201cComo \u00a0bien es sabido es el inter\u00e9s para \u00a0recurrir \u00a0lo \u00a0que \u00a0legitima el derecho a\u00a0 impugnar, puesto que los recursos \u00a0constituyen \u00a0el \u00a0medio \u00a0para \u00a0reparar \u00a0el \u00a0agravio \u00a0sufrido por la decisi\u00f3n\u201d. \u00a0\u00a0<\/p>\n<p>\u201cEntonces, \u00a0los \u00a0recursos \u00a0son \u00a0el \u00a0medio \u00a0procesal \u00a0mediante \u00a0los \u00a0cuales \u00a0se \u00a0posibilita \u00a0que \u00a0el \u00a0mismo \u00a0funcionario que \u00a0profiri\u00f3 \u00a0la \u00a0providencia \u00a0que \u00a0agravi\u00f3 \u00a0o \u00a0perjudic\u00f3 a una de las partes, lo \u00a0subsane \u00a0o, que el inmediato superior funcional o el que determine la ley revise \u00a0dicha \u00a0decisi\u00f3n a fin de restaurar la legalidad de la actuaci\u00f3n, motivo por el \u00a0cual \u00a0s\u00f3lo \u00a0el \u00a0sujeto \u00a0agraviado \u00a0y como medio defensivo est\u00e1 habilitado para \u00a0buscar \u00a0 \u00a0el \u00a0 \u00a0restablecimiento \u00a0 del \u00a0 orden \u00a0 jur\u00eddico \u00a0 afectado \u00a0 con \u00a0 el \u00a0pronunciamiento\u201d. \u00a0\u00a0<\/p>\n<p>\u201cEn \u00a0esas condiciones, como lo destaca el \u00a0Procurador \u00a0Delegado \u00a0y lo ha dicho la jurisprudencia de la Corte, el Ministerio \u00a0P\u00fablico \u00a0no \u00a0est\u00e1 \u00a0exento \u00a0del \u00a0deber \u00a0de \u00a0apelar el fallo de primer grado, si \u00a0aspira \u00a0a \u00a0tomar \u00a0legitimidad en un eventual recurso de casaci\u00f3n, habida cuenta \u00a0que \u00a0 el \u00a0 inter\u00e9s \u00a0general \u00a0que \u00a0representa \u00a0o \u00a0su \u00a0reconocida \u00a0condici\u00f3n \u00a0de \u00a0imparcialidad, \u00a0no \u00a0trastocan \u00a0la calidad de sujeto procesal, que debe actuar en \u00a0igualdad \u00a0de \u00a0condiciones \u00a0respecto \u00a0de \u00a0los \u00a0dem\u00e1s1\u201d. \u00a0\u00a0<\/p>\n<p>\u201cEn el evento que ocupa la atenci\u00f3n de la \u00a0Sala, \u00a0es \u00a0claro \u00a0que \u00a0el \u00a0representante del Ministerio P\u00fablico no recurri\u00f3 el \u00a0fallo \u00a0de \u00a0primera \u00a0instancia, pues tal cometido lo cumpli\u00f3 el defensor, raz\u00f3n \u00a0por \u00a0la \u00a0cual \u00a0carece de inter\u00e9s para haber impugnado en casaci\u00f3n la sentencia \u00a0de \u00a0segunda \u00a0instancia\u201d (Sentencia de casaci\u00f3n del 29 de septiembre del 2005, \u00a0radicado 21.631). \u00a0\u00a0<\/p>\n<p>3. \u00a0La \u00a0Sala \u00a0observa \u00a0que los derechos del \u00a0procesado \u00a0pudieron \u00a0ser \u00a0afectados, \u00a0pues \u00a0se le impuso la pena accesoria de 20 \u00a0a\u00f1os \u00a0de \u00a0interdicci\u00f3n de derechos y funciones p\u00fablicas, con fundamento en el \u00a0art\u00edculo 52 de la Ley 599 del 2000. \u00a0\u00a0<\/p>\n<p>Esto entra\u00f1a vulneraci\u00f3n a la garant\u00eda de \u00a0la \u00a0legalidad \u00a0de los delitos y de las penas, porque el art\u00edculo 44 del Decreto \u00a0100 \u00a0de 1980, aplicable ultractivamente por favorabilidad -los hechos ocurrieron \u00a0durante \u00a0su \u00a0vigencia-, \u00a0fijaba un m\u00e1ximo de diez (10) a\u00f1os para esa sanci\u00f3n. \u00a0\u00a0<\/p>\n<p>En \u00a0esas \u00a0condiciones, se hace necesaria la \u00a0intervenci\u00f3n \u00a0oficiosa de la Corte. Por tanto, siguiendo los lineamientos de la \u00a0mayor\u00eda \u00a0de \u00a0la \u00a0Sala, \u00a0se correr\u00e1 traslado al Procurador Delegado en lo Penal \u00a0para \u00a0 \u00a0 que \u00a0 \u00a0emita \u00a0 \u00a0su \u00a0 \u00a0concepto \u00a0 \u00a0sobre \u00a0 \u00a0el \u00a0 \u00a0particular. \u00a0\u00a0<\/p>\n<p>Consecuente \u00a0con \u00a0lo \u00a0expuesto, \u00a0la \u00a0Sala de \u00a0Casaci\u00f3n Penal de la Corte Suprema de Justicia, \u00a0\u00a0<\/p>\n<p>RESUELVE \u00a0<\/p>\n<p>\u00a0 \u00a0 \u00a0 \u00a0 \u00a0<\/p>\n<p>1. \u00a0Inadmitir \u00a0la \u00a0demanda de casaci\u00f3n presentada. \u00a0\u00a0<\/p>\n<p>2. \u00a0Correr traslado \u00a0al \u00a0Procurador \u00a0Delegado \u00a0en \u00a0lo Penal para que emita el concepto previsto en el \u00a0art\u00edculo \u00a0213 \u00a0del \u00a0C\u00f3digo de Procedimiento Penal, en los t\u00e9rminos citados en \u00a0la parte motiva de este auto. \u00a0\u00a0<\/p>\n<p>Contra \u00a0esta \u00a0decisi\u00f3n \u00a0no \u00a0procede ning\u00fan \u00a0recurso. \u00a0\u00a0<\/p>\n<p>Notif\u00edquese y c\u00famplase. \u00a0<\/p>\n<p>MAURO \u00a0 \u00a0SOLARTE \u00a0PORTILLA \u00a0\u00a0<\/p>\n<p>SIGIFREDO \u00a0 ESPINOSA \u00a0 P\u00c9REZ \u00a0 \u00a0 \u00a0 \u00a0\u00a0 \u00a0 \u00a0 \u00a0 \u00a0\u00a0 \u00a0 \u00a0 \u00a0 \u00a0\u00a0 \u00a0 \u00a0 \u00a0 \u00a0\u00a0\u00a0\u00a0\u00a0\u00a0\u00a0\u00a0\u00a0\u00a0\u00a0\u00a0\u00a0\u00a0\u00a0\u00a0\u00a0\u00a0\u00a0 \u00a0ALFREDO G\u00d3MEZ QUINTERO \u00a0\u00a0<\/p>\n<p>\u00a0 \u00a0\u00a0 \u00a0\u00a0 \u00a0Aclaraci\u00f3n de voto \u00a0\u00a0<\/p>\n<p>\u00c1LVARO \u00a0 \u00a0 \u00a0 ORLANDO \u00a0 \u00a0 \u00a0P\u00c9REZ \u00a0PINZ\u00d3N\u00a0\u00a0\u00a0\u00a0\u00a0\u00a0\u00a0\u00a0\u00a0\u00a0\u00a0 \u00a0MARINA PULIDO DE BAR\u00d3N \u00a0\u00a0<\/p>\n<p>\u00a0\u00a0\u00a0\u00a0\u00a0 \u00a0(Salvamento \u00a0parcial de voto) \u00a0\u00a0<\/p>\n<p>JORGE \u00a0 \u00a0 \u00a0 LUIS \u00a0 \u00a0 \u00a0 QUINTERO \u00a0MILAN\u00c9S\u00a0\u00a0\u00a0\u00a0\u00a0\u00a0\u00a0\u00a0\u00a0\u00a0\u00a0\u00a0\u00a0\u00a0\u00a0\u00a0\u00a0 \u00a0YESID RAM\u00cdREZ BASTIDAS \u00a0\u00a0<\/p>\n<p>JULIO \u00a0ENRIQUE \u00a0SOCHA \u00a0SALAMANCA\u00a0\u00a0\u00a0\u00a0\u00a0\u00a0\u00a0\u00a0 \u00a0 \u00a0 \u00a0JAVIER \u00a0 \u00a0 ZAPATA \u00a0ORTIZ \u00a0\u00a0<\/p>\n<p>TERESA RUIZ N\u00da\u00d1EZ \u00a0<\/p>\n<p>Secretaria \u00a0\u00a0<\/p>\n<p>Salvamento parcial de voto \u00a0<\/p>\n<p>(Casaci\u00f3n 25.979) \u00a0<\/p>\n<p>He \u00a0salvado \u00a0parcialmente el voto porque no \u00a0estoy \u00a0de \u00a0acuerdo con el traslado que se hace del asunto al Ministerio P\u00fablico \u00a0para que emita concepto. \u00a0\u00a0<\/p>\n<p>En \u00a0otras \u00a0oportunidades \u00a0he \u00a0expuesto \u00a0los \u00a0motivos de mi disentimiento, que ahora reitero. Dec\u00eda: \u00a0\u00a0<\/p>\n<p>1. Establecida la vulneraci\u00f3n de un derecho \u00a0o \u00a0 de \u00a0 una \u00a0 garant\u00eda, \u00a0 de \u00a0inmediato \u00a0el \u00a0funcionario \u00a0judicial \u00a0tiene el deber de declararla, salvo en \u00a0aquellos \u00a0eventos en los cuales se admite la demanda de casaci\u00f3n y se remite al \u00a0Ministerio \u00a0P\u00fablico. \u00a0Si la ruptura de los derechos es algo grave, y a plenitud \u00a0la \u00a0detecta \u00a0el \u00a0juez \u00a0de \u00a0casaci\u00f3n, lo que debe hacer es decretar la lesi\u00f3n a \u00a0ellos tan pronto recibe el proceso y se percata de ello. \u00a0\u00a0<\/p>\n<p>2. No veo c\u00f3mo pueda el Ministerio P\u00fablico \u00a0opinar \u00a0frente \u00a0a \u00a0una \u00a0demanda \u00a0que \u00a0no re\u00fane los requisitos t\u00e9cnico-formales \u00a0m\u00ednimos. \u00a0No \u00a0s\u00e9 \u00a0c\u00f3mo podr\u00eda hacerlo pues es la propia ley la que determina \u00a0como \u00a0 requisito \u00a0 de \u00a0 procedibilidad \u00a0para \u00a0 \u00a0esa \u00a0 entidad \u00a0 la \u00a0 declaraci\u00f3n \u00a0 de \u00a0 \u201cadmitida\u201d \u00a0 o \u00a0\u201cajustada\u201d \u00a0 \u00a0 de \u00a0 \u00a0 la \u00a0 \u00a0 demanda. \u00a0 \u00a0Basta \u00a0 \u00a0leer \u00a0 \u00a0la \u00a0 \u00a0disposici\u00f3n \u00a0correspondiente. \u00a0\u00a0<\/p>\n<p>3. \u00a0O\u00eda \u00a0en \u00a0Sala \u00a0que \u00a0se \u00a0hac\u00eda \u201cpara \u00a0mayores \u00a0garant\u00edas\u201d. \u00a0No \u00a0veo por qu\u00e9 se hace con esa finalidad, si se tiene \u00a0claro \u00a0que \u00a0ha \u00a0existido \u00a0desconocimiento de derechos. Con el traslado lo que se \u00a0hace \u00a0es \u00a0lo \u00a0contrario: \u00a0prolongar \u00a0a\u00fan \u00a0m\u00e1s, \u00a0sin raz\u00f3n, la ruptura de esos \u00a0derechos. \u00a0\u00a0<\/p>\n<p>4. La mayor garant\u00eda ciudadana frente a un \u00a0eventual \u00a0desconocimiento \u00a0de derechos fundamentales es que conozca el asunto la \u00a0Corte \u00a0Suprema \u00a0de \u00a0Justicia pues esta, se afirma, es el m\u00e1ximo Organismo de la \u00a0jurisdicci\u00f3n \u00a0Ordinaria. \u00a0Y \u00a0con esto no se menosprecia al Ministerio P\u00fablico. \u00a0No. \u00a0Simplemente \u00a0se \u00a0hacen \u00a0las \u00a0cosas \u00a0como \u00a0se deben hacer: si la Corte, tras \u00a0inadmitir \u00a0 la \u00a0demanda, \u00a0observa \u00a0una \u00a0n\u00edtida \u00a0violaci\u00f3n de derechos y\/o garant\u00edas, o una protuberante \u00a0causal \u00a0de \u00a0nulidad, por el rango de su ejercicio, debe proceder de una vez a la \u00a0declaraci\u00f3n correspondiente. \u00a0\u00a0<\/p>\n<p>5. \u00a0 \u00a0Si \u00a0 \u00a0la \u00a0 \u00a0Corte \u00a0 inadmite \u00a0 la \u00a0 demanda \u00a0y \u00a0dispone \u00a0el \u00a0traslado \u00a0al \u00a0Ministerio \u00a0P\u00fablico, en estricto sentido ha perdido totalmente su \u00a0competencia. \u00a0Por \u00a0consiguiente, \u00a0cuando retorne el expediente a su seno, carece \u00a0de potestad para hacer cualquier tipo de pronunciamiento. \u00a0\u00a0<\/p>\n<p>6. \u00a0 \u00a0Si \u00a0 \u00a0la \u00a0 \u00a0Corte \u00a0 inadmite \u00a0la demanda, su decisi\u00f3n queda \u00a0ejecutoriada \u00a0con \u00a0la firma de los integrantes de la Sala de Casaci\u00f3n Penal. Si \u00a0se \u00a0 env\u00eda \u00a0 el \u00a0 asunto \u00a0 al \u00a0 Ministerio \u00a0 P\u00fablico \u00a0 y \u00a0 luego \u00a0\u2013ma\u00f1ana, \u00a0dentro de un mes, dentro de \u00a0un \u00a0a\u00f1o, o cuando sea- \u00e9ste retorna las diligencias con su opini\u00f3n, la Corte, \u00a0ante \u00a0la flagrante lesi\u00f3n de una garant\u00eda b\u00e1sica o de un derecho fundamental, \u00a0no \u00a0puede \u00a0ocuparse \u00a0del \u00a0expediente, \u00a0pues, \u00a0se repite, su auto de inadmisi\u00f3n \u00a0ya est\u00e1 ejecutoriado. Y no \u00a0me \u00a0cabe \u00a0en \u00a0la cabeza que con el traslado a la Procuradur\u00eda surja otra figura \u00a0jur\u00eddica: \u00a0suspensi\u00f3n de \u00a0la \u00a0ejecutoria \u00a0mientras \u00a0concept\u00faa \u00a0el Ministerio P\u00fablico y mientras la Corte \u00a0vuelve a pronunciarse. \u00a0\u00a0<\/p>\n<p>7. \u00a0Si \u00a0la Corte remite el expediente para \u00a0concepto \u00a0a \u00a0la \u00a0Procuradur\u00eda, \u00a0esta \u00a0opina \u00a0y regresa el expediente a la Corte \u00a0\u00bfqu\u00e9 sigue? Ensayemos: \u00a0\u00a0<\/p>\n<p>7.1. \u00a0Un \u00a0auto que modifique la sentencia. \u00a0Por \u00a0principio, \u00a0con \u00a0un auto no puede ser variado un fallo de segunda instancia \u00a0que \u00a0 \u00a0 \u00a0ya \u00a0 \u00a0 \u00a0ha \u00a0 \u00a0 \u00a0sido \u00a0 \u00a0 \u00a0ratificado \u00a0 \u00a0 \u00a0con \u00a0 \u00a0 \u00a0la \u00a0 \u00a0 \u00a0inadmisi\u00f3n. \u00a0\u00a0<\/p>\n<p>7.2. \u00a0 Que \u00a0 la \u00a0 Corte \u00a0 case \u00a0 la \u00a0sentencia. \u00a0Pero \u00a0tiene \u00a0que \u00a0hacerlo \u00a0por \u00a0medio \u00a0de \u00a0una \u00a0sentencia \u00a0de \u00a0casaci\u00f3n, que no es posible sin el \u00a0\u201cajuste\u201d \u00a0 previo \u00a0 de \u00a0la \u00a0demanda \u00a0de \u00a0casaci\u00f3n \u00a0y \u00a0sin \u00a0el \u00a0\u2013ah\u00ed \u00a0 s\u00ed- \u00a0concepto \u00a0anterior \u00a0del \u00a0Ministerio P\u00fablico, en cualquier sentido. \u00a0\u00a0<\/p>\n<p>Ante \u00a0este problema, pienso lo que siempre \u00a0he pensado frente a los problemas: lo mejor es evitarlos. \u00a0\u00a0<\/p>\n<p>8. La soluci\u00f3n es muy sencilla: \u00a0<\/p>\n<p>8.1. \u00a0El \u00a0art\u00edculo \u00a0216 \u00a0del \u00a0C\u00f3digo \u00a0de \u00a0Procedimiento \u00a0 Penal \u00a0 establece \u00a0 el \u00a0principio \u00a0de \u00a0limitaci\u00f3n \u00a0en casaci\u00f3n: la Corte no puede tener en \u00a0cuenta \u00a0causales distintas de las expresamente formuladas por el demandante. Sin \u00a0embargo, \u00a0 agrega: \u00a0 Pero \u00a0trat\u00e1ndose \u00a0de \u00a0nulidad \u00a0o de violaci\u00f3n ostensible de garant\u00edas sustanciales, \u00a0debe \u00a0 casar \u00a0 de \u00a0oficio. \u00a0\u00a0<\/p>\n<p>8.2. \u00a0La lectura del art\u00edculo permite ver \u00a0dos hip\u00f3tesis: \u00a0\u00a0<\/p>\n<p>Una. Dictar fallo \u00a0de \u00a0casaci\u00f3n \u00a0luego \u00a0de \u00a0admitida \u00a0la \u00a0demanda \u00a0y de obtenido el concepto de la \u00a0Procuradur\u00eda, siempre ce\u00f1ida a lo esgrimido por el recurrente. \u00a0\u00a0<\/p>\n<p>Dos. \u00a0 Otra, \u00a0 por \u00a0 eso \u00a0 el \u00a0pero, \u00a0 que \u00a0 permite \u00a0 a \u00a0su \u00a0vez \u00a0dos \u00a0hip\u00f3tesis: \u00a0\u00a0<\/p>\n<p>Primera. Dictar \u00a0sentencia \u00a0 de \u00a0 casaci\u00f3n \u00a0 de \u00a0 oficio, \u00a0despu\u00e9s de la declaraci\u00f3n de \u201cajustada\u201d de la demanda y de \u00a0la \u00a0recepci\u00f3n \u00a0del concepto del Ministerio P\u00fablico, m\u00e1s all\u00e1 de lo planteado \u00a0por \u00a0el \u00a0casacionista, \u00a0por \u00a0violaci\u00f3n \u00a0de \u00a0derechos \u00a0y \u00a0garant\u00edas \u00a0o \u00a0por \u00a0la \u00a0percepci\u00f3n de una causal de nulidad. \u00a0\u00a0<\/p>\n<p>Segunda. Dictar \u00a0sentencia \u00a0 de \u00a0 casaci\u00f3n, \u00a0 de \u00a0 oficio, \u00a0sin limitaci\u00f3n alguna pues la demanda habr\u00e1 de ser inadmitida, \u00a0por las mismas razones anteriores. \u00a0\u00a0<\/p>\n<p>Por supuesto que esta interpretaci\u00f3n puede \u00a0ser \u00a0discutible. Pero sin duda es la que m\u00e1s se ajusta al derecho sustancial, y \u00a0es \u00a0la \u00a0que \u00a0permite \u00a0resolver \u00a0m\u00e1s \u00a0r\u00e1pido \u00a0sobre los derechos agraviados. La \u00a0Corte, \u00a0entonces, \u00a0en \u00a0vez \u00a0de \u00a0aumentar \u00a0el \u00a0tiempo \u00a0de lesi\u00f3n de los derechos \u00a0fundamentales, \u00a0y \u00a0de hacer giros que la Constituci\u00f3n y la ley proh\u00edben, tiene \u00a0que ocuparse directamente, de una vez, del tema. \u00a0\u00a0<\/p>\n<p>\u00c1lvaro Orlando P\u00e9rez Pinz\u00f3n \u00a0<\/p>\n<p>ACLARACI\u00d3N\u00a0 DE\u00a0 VOTO \u00a0<\/p>\n<p>Con el acostumbrado respeto que me merecen \u00a0las \u00a0decisiones \u00a0de \u00a0la Sala, en esta oportunidad me permito exponer los motivos \u00a0por \u00a0los cuales aclaro mi voto en el asunto de la referencia, en lo que ata\u00f1e a \u00a0la \u00a0decisi\u00f3n \u00a0de \u00a0disponer \u00a0en \u00a0forma oficiosa la remisi\u00f3n del expediente a la \u00a0Procuradur\u00eda \u00a0General \u00a0de \u00a0la \u00a0Naci\u00f3n para la emisi\u00f3n de concepto frente a la \u00a0posible \u00a0vulneraci\u00f3n \u00a0de \u00a0garant\u00eda \u00a0fundamental, \u00a0pese \u00a0a la inadmisi\u00f3n de la \u00a0demanda de casaci\u00f3n. \u00a0\u00a0<\/p>\n<p>Es \u00a0cierto \u00a0que con anterioridad me hab\u00eda \u00a0opuesto \u00a0 \u00a0de \u00a0 \u00a0manera \u00a0 \u00a0categ\u00f3rica \u00a0 \u00a0al \u00a0 proceder \u00a0 aludido \u00a0 \u2013inadmisi\u00f3n \u00a0de la demanda y traslado \u00a0en \u00a0forma \u00a0oficiosa a la Procuradur\u00eda-, lo que hac\u00eda \u00a0en los siguientes t\u00e9rminos: \u00a0\u00a0<\/p>\n<p>\u201c\u2026 al inadmitir la demanda de casaci\u00f3n \u00a0presentada \u00a0a \u00a0nombre \u00a0del \u00a0procesado \u00a0para a la vez disponer un tr\u00e1mite que no \u00a0est\u00e1 \u00a0previsto \u00a0en \u00a0la \u00a0ley \u00a0con \u00a0el \u00a0fin de evaluar la posibilidad de casar de \u00a0oficio \u00a0la \u00a0sentencia \u00a0por \u00a0una presunta vulneraci\u00f3n de derechos fundamentales, \u00a0rompe \u00a0de \u00a0tajo \u00a0la \u00a0estructura \u00a0del \u00a0proceso \u00a0y desconoce los institutos que le \u00a0est\u00e1n anejos. \u00a0\u00a0<\/p>\n<p>En efecto, la casaci\u00f3n, tal y como qued\u00f3 \u00a0concebida \u00a0en \u00a0las \u00a0disposiciones que por raz\u00f3n de la inexequibilidad de la ley \u00a0553 \u00a0de 2000 y las pertinentes de la ley 600 del mismo a\u00f1o, recobraron vigencia \u00a0\u2013decreto \u00a02700 de 1991-, \u00a0es \u00a0un \u00a0medio \u00a0extraordinario \u00a0de impugnaci\u00f3n llamado a cumplir las finalidades \u00a0constitucionales \u00a0de \u00a0la prevalencia del Estado Social de Derecho, el imperio de \u00a0la \u00a0ley, \u00a0la \u00a0realizaci\u00f3n \u00a0del \u00a0derecho \u00a0sustancial \u00a0y \u00a0la \u00a0unificaci\u00f3n \u00a0de la \u00a0jurisprudencia \u00a0nacional, \u00a0seg\u00fan se desprende de lo preceptuado en el art\u00edculo \u00a0235-1 \u00a0de \u00a0la \u00a0Carta \u00a0Pol\u00edtica, \u00a0por \u00a0lo \u00a0que \u00a0no \u00a0puede confund\u00edrsele con los \u00a0recursos de la v\u00eda ordinaria. \u00a0\u00a0<\/p>\n<p>Igualmente, la casaci\u00f3n como un juicio de \u00a0legalidad \u00a0que \u00a0se \u00a0emite \u00a0sobre la sentencia, tampoco puede entenderse como una \u00a0instancia \u00a0adicional, \u00a0ni \u00a0como potestad ilimitada para revisar el proceso en su \u00a0totalidad, \u00a0en \u00a0sus diversos aspectos f\u00e1cticos y normativos, sino como una fase \u00a0extraordinaria, limitada y excepcional del mismo. \u00a0\u00a0<\/p>\n<p>La \u00a0pretensi\u00f3n \u00a0impugnativa \u00a0en casaci\u00f3n \u00a0siempre \u00a0tiene \u00a0un \u00a0objeto \u00a0preciso y diferente al de las instancias; regido por \u00a0causales \u00a0espec\u00edficas \u00a0se\u00f1aladas por la ley, con cargos que han de adecuarse a \u00a0estas \u00a0y \u00a0que \u00a0se \u00a0deciden por una nueva sentencia. Por lo tanto, es diferente y \u00a0diversa \u00a0en \u00a0objeto \u00a0y \u00a0contenido \u00a0de \u00a0la que se profiri\u00f3 por los falladores de \u00a0primero y segundo grados en el proceso respectivo. \u00a0\u00a0<\/p>\n<p>Ciertamente, \u00a0esa \u00a0configuraci\u00f3n \u00a0de \u00a0la \u00a0casaci\u00f3n \u00a0 como \u00a0 recurso \u00a0 extraordinario \u00a0 no \u00a0 es \u00a0campo \u00a0vedado \u00a0para \u00a0que, \u00a0reconoci\u00e9ndose \u00a0el \u00a0influjo \u00a0que \u00a0el \u00a0proceso \u00a0penal recibe de los principios y \u00a0valores \u00a0que \u00a0emanan \u00a0de \u00a0la \u00a0Carta \u00a0Pol\u00edtica, que para todos los efectos de la \u00a0actividad \u00a0estatal, \u00a0incluida \u00a0la \u00a0jurisdiccional, estatuy\u00f3 el modelo de Estado \u00a0social \u00a0y \u00a0democr\u00e1tico de derecho para Colombia, la Corte tambi\u00e9n propenda por \u00a0la \u00a0salvaguarda de los derechos esenciales de las personas, la tutela del debido \u00a0proceso, \u00a0la \u00a0prevalencia \u00a0del derecho sustancial y la garant\u00eda del acceso a la \u00a0administraci\u00f3n \u00a0de \u00a0justicia, \u00a0que tan caros resultaron en la decisi\u00f3n de cuyo \u00a0contenido me aparto. \u00a0\u00a0<\/p>\n<p>Pero \u00a0alcanzar esos loables prop\u00f3sitos no \u00a0justifica \u00a0el empleo de cualquier medio, porque a\u00fan dentro de ese contexto toda \u00a0funci\u00f3n \u00a0est\u00e1 \u00a0sometida \u00a0a muy precisos l\u00edmites y se desarrolla con arreglo a \u00a0determinadas competencias. \u00a0\u00a0<\/p>\n<p>No \u00a0cabe \u00a0duda \u00a0que \u00a0el \u00a0legislador \u00a0y \u00a0la \u00a0jurisprudencia \u00a0de \u00a0esta Corte, de modo paulatino, han venido flexibilizando los \u00a0rigores \u00a0para \u00a0acceder a la casaci\u00f3n, ejemplo de lo cual es la introducci\u00f3n de \u00a0institutos \u00a0como \u00a0la casaci\u00f3n oficiosa y la excepcional, circunstancia que, sin \u00a0embargo, \u00a0 no \u00a0 sustrae \u00a0 la \u00a0 naturaleza \u00a0 extraordinaria \u00a0 de \u00a0este \u00a0medio \u00a0de \u00a0impugnaci\u00f3n. \u00a0\u00a0<\/p>\n<p>Tambi\u00e9n \u00a0es \u00a0cierto que la doctrina de la \u00a0Corte \u00a0ven\u00eda \u00a0entendiendo, \u00a0hasta \u00a0ahora, que para entrar a casar de oficio una \u00a0sentencia \u00a0deb\u00eda \u00a0mediar una demanda en forma, esto es, que hubiese superado el \u00a0examen \u00a0formal \u00a0y, \u00a0por \u00a0ende, \u00a0el \u00a0tr\u00e1mite \u00a0subsiguiente, \u00a0el \u00a0del traslado al \u00a0Procurador \u00a0Delegado, \u00a0y que a pesar de desestimar sus fundamentos, por advertir \u00a0la \u00a0presencia \u00a0evidente \u00a0del quebranto a una garant\u00eda, se allanaba el camino al \u00a0quiebre \u00a0del \u00a0fallo. \u00a0Un \u00a0ejemplo \u00a0de \u00a0esa \u00a0tendencia \u00a0lo constituye un reciente \u00a0pronunciamiento de la Sala: \u00a0\u00a0<\/p>\n<p>\u2018La \u00a0Corte \u00a0adquiere \u00a0competencia \u00a0para \u00a0conocer \u00a0de \u00a0la \u00a0casaci\u00f3n, \u00a0s\u00f3lo \u00a0a \u00a0partir de la \u00a0presentaci\u00f3n \u00a0de \u00a0una demanda en debida forma y de la existencia de un inter\u00e9s \u00a0jur\u00eddico \u00a0para \u00a0recurrir \u00a0-art\u00edculo \u00a0213 \u00a0de \u00a0la \u00a0ley \u00a0600 \u00a0de \u00a02000-, \u00a0siendo \u00a0ileg\u00edtima \u00a0 cualquier \u00a0 intervenci\u00f3n \u00a0 suya \u00a0sin \u00a0el \u00a0cumplimiento \u00a0de \u00a0dichos \u00a0presupuestos, \u00a0los \u00a0cuales \u00a0no pueden ser obviados con los enunciados gen\u00e9ricos \u00a0de disposiciones constitucionales que la har\u00edan procedente. \u00a0\u00a0<\/p>\n<p>\u2018Aceptar -sin \u00a0m\u00e1s- \u00a0la \u00a0tesis \u00a0propuesta \u00a0a partir de la prevalencia del derecho material, la \u00a0vigencia \u00a0de \u00a0un \u00a0orden \u00a0justo \u00a0como \u00a0fin esencial del estado y del principio de \u00a0preeminencia \u00a0de \u00a0las normas y valores constitucionales que irradian al universo \u00a0jur\u00eddico \u00a0interno, ni m\u00e1s ni menos ser\u00eda desquiciar el ordenamiento jur\u00eddico \u00a0cuya \u00a0 defensa \u00a0se \u00a0propugna, \u00a0pues \u00a0por \u00a0esa \u00a0v\u00eda \u00a0cualquier \u00a0sujeto \u00a0procesal \u00a0entender\u00eda \u00a0 encontrarse \u00a0frente \u00a0a \u00a0una \u00a0violaci\u00f3n \u00a0de \u00a0sus \u00a0garant\u00edas, \u00a0que \u00a0obligar\u00eda \u00a0a \u00a0la \u00a0Corte \u00a0a \u00a0contrariar \u00a0el \u00a0orden \u00a0que \u00a0se \u00a0quiere proteger y a \u00a0desvirtuar \u00a0la \u00a0naturaleza de la casaci\u00f3n que en nuestro medio es esencialmente \u00a0un juicio de legalidad. \u00a0\u00a0<\/p>\n<p>\u2018Rep\u00e1rese en \u00a0que \u00a0la \u00a0intervenci\u00f3n \u00a0oficiosa de la Corte, permitida por el art\u00edculo 216 del \u00a0C\u00f3digo \u00a0de Procedimiento Penal para declarar nulidades requiere que la demanda, \u00a0h\u00e1yase \u00a0o \u00a0no \u00a0invocado \u00a0la \u00a0causal tercera del art\u00edculo 207 no prospere, pero \u00a0a\u00fan \u00a0as\u00ed \u00a0se \u00a0advierta la irregularidad sustancial a corregir, como quiera que \u00a0la \u00a0 limita \u00a0 a \u00a0 tener \u00a0 en \u00a0 cuenta \u00a0 \u00fanicamente \u00a0las \u00a0causales \u00a0\u2018expresamente \u00a0 \u00a0alegadas \u00a0 por \u00a0 el \u00a0demandante\u2019. \u00a0 \u00a0Pero \u00a0asimismo, \u00a0prev\u00e9 la posibilidad de casar la sentencia cuando sea ostensible que \u00a0la \u00a0 \u00a0 \u00a0misma \u00a0 \u00a0 \u00a0afecta \u00a0 \u00a0 \u00a0las \u00a0 \u00a0 garant\u00edas \u00a0 \u00a0 fundamentales.\u2019 \u00a0(Sentencia \u00a0del 8 de julio de 2004, \u00a0radicaci\u00f3n 20.323) \u00a0\u00a0<\/p>\n<p>Incluso, \u00a0poco \u00a0antes \u00a0fue m\u00e1s all\u00e1 y al \u00a0constatar \u00a0que \u00a0respecto de un procesado que no hab\u00eda recurrido la sentencia de \u00a0primera \u00a0instancia \u00a0ni \u00a0tampoco interpuso casaci\u00f3n, se le hab\u00edan vulnerado sus \u00a0garant\u00edas \u00a0fundamentales, \u00a0hizo \u00a0uso \u00a0de \u00a0la \u00a0potestad \u00a0de \u00a0casaci\u00f3n \u00a0oficiosa \u00a0consagrada \u00a0en \u00a0el \u00a0art\u00edculo \u00a0216, \u00a0pero \u00a0de \u00a0todos \u00a0modos, despu\u00e9s de haberse \u00a0surtido \u00a0la \u00a0plenitud \u00a0del \u00a0tr\u00e1mite \u00a0presupuesto \u00a0de la sentencia de casaci\u00f3n. \u00a0(Cfr. sentencia del 12 de mayo de 2004, radicaci\u00f3n 20.114). \u00a0\u00a0<\/p>\n<p>Cabe \u00a0decir \u00a0que \u00a0en \u00a0tales ocasiones y en \u00a0algunas \u00a0otras \u00a0en \u00a0las cuales esta Corporaci\u00f3n dio lugar a casar de oficio una \u00a0sentencia, \u00a0 lo \u00a0 hizo \u00a0 con \u00a0plena \u00a0competencia, \u00a0en \u00a0ejercicio \u00a0cabal \u00a0de \u00a0sus \u00a0atribuciones \u00a0que \u00a0como \u00a0Corte de Casaci\u00f3n le confiere el art\u00edculo 235-1 de la \u00a0Constituci\u00f3n y la ley. \u00a0\u00a0<\/p>\n<p>Pero \u00a0la \u00a0singular \u00a0soluci\u00f3n que ahora se \u00a0adopt\u00f3 \u00a0est\u00e1 \u00a0por \u00a0fuera del \u00e1mbito dentro del cual la Corte puede ejercer de \u00a0manera leg\u00edtima su atribuci\u00f3n como Corte de Casaci\u00f3n. \u00a0\u00a0<\/p>\n<p>El Cap\u00edtulo IX, del T\u00edtulo V del C\u00f3digo \u00a0de \u00a0Procedimiento \u00a0Penal, \u00a0dedicado a la casaci\u00f3n, integrado con las normas del \u00a0Decreto \u00a0 2700 \u00a0 de \u00a01991 \u00a0que \u00a0revivieron \u00a0en \u00a0virtud \u00a0de \u00a0la \u00a0declaratoria \u00a0de \u00a0inexequibilidad \u00a0de algunos preceptos de la Ley 553 de 2000, as\u00ed como de la Ley \u00a0600 \u00a0de \u00a0ese \u00a0a\u00f1o \u00a0(sentencia \u00a0C-252\/01), \u00a0atinentes al recurso extraordinario, \u00a0conforman unidad secuencial, l\u00f3gica y racional. \u00a0\u00a0<\/p>\n<p>De \u00a0esa \u00a0forma, se\u00f1ala los eventos en los \u00a0que \u00a0procede la casaci\u00f3n (art\u00edculo 205), fija las causales susceptibles de ser \u00a0invocadas \u00a0(art\u00edculo 207), prev\u00e9 qui\u00e9nes est\u00e1n legitimados para presentar la \u00a0demanda \u00a0(art\u00edculo 209), se ocupa del tr\u00e1mite que opera una vez interpuesto el \u00a0recurso \u00a0(art\u00edculos \u00a0224 \u00a0del \u00a0Decreto \u00a02700 \u00a0y \u00a0211 \u00a0Ley \u00a0600), especifica los \u00a0requisitos \u00a0que \u00a0debe contener el libelo (art\u00edculo 212), estatuye el efecto que \u00a0se \u00a0deriva \u00a0de \u00a0no \u00a0superarse \u00a0el \u00a0examen \u00a0formal de la demanda al momento de su \u00a0calificaci\u00f3n \u00a0o \u00a0lo \u00a0que \u00a0ocurre si est\u00e1 presentada en debida forma (art\u00edculo \u00a0213), \u00a0establece \u00a0el \u00a0principio \u00a0de \u00a0limitaci\u00f3n \u00a0y \u00a0la posibilidad de casaci\u00f3n \u00a0oficiosa \u00a0(art\u00edculo \u00a0216), \u00a0y \u00a0traza \u00a0los derroteros a seguir en caso de que la \u00a0Corte acepte como demostrada alguna causal (art\u00edculo 217). \u00a0\u00a0<\/p>\n<p>A despecho de que lo que sigue pueda llegar \u00a0a \u00a0ser \u00a0tachado \u00a0de puro formalismo, cabe destacar que en punto de la demanda de \u00a0casaci\u00f3n, \u00a0la \u00a0Corte \u00a0tiene \u00a0contacto \u00a0en \u00a0dos ocasiones: la primera, cuando la \u00a0califica, \u00a0esto \u00a0es, \u00a0al momento de verificar si satisface los condicionamientos \u00a0para \u00a0su admisibilidad; frente a esta oportunidad, puede ocurrir que la admita y \u00a0que, \u00a0en \u00a0consecuencia, \u00a0le de traslado al Procurador Delegado para que emita su \u00a0opini\u00f3n \u00a0sobre el m\u00e9rito del libelo; o, al contrario, puede suceder que por no \u00a0reunir \u00a0alguno \u00a0de los requisitos legales que la hagan viable, la inadmita y, en \u00a0consecuencia, \u00a0 ordene \u00a0 la \u00a0 devoluci\u00f3n \u00a0 del \u00a0 expediente \u00a0 al \u00a0 tribunal \u00a0de \u00a0origen. \u00a0\u00a0<\/p>\n<p>El \u00a0otro \u00a0momento se contrae al estudio de \u00a0fondo \u00a0del \u00a0problema \u00a0propuesto \u00a0en la respectiva censura, si la demanda ha sido \u00a0admitida \u00a0y \u00a0despu\u00e9s \u00a0de conocerse el criterio del Ministerio P\u00fablico sobre el \u00a0particular. \u00a0\u00a0<\/p>\n<p>Si \u00a0nos detenemos en el instante en que la \u00a0Corte \u00a0sopesa \u00a0la \u00a0capacidad \u00a0formal \u00a0de \u00a0la \u00a0demanda, cabe reflexionar sobre el \u00a0efecto \u00a0de \u00a0la \u00a0decisi\u00f3n que no la encuentra ajustada a las exigencias formales \u00a0de \u00a0ley. El canon 213 del Estatuto Adjetivo de manera clara establece que en tal \u00a0caso \u00a0se \u00a0inadmite \u00a0el \u00a0escrito \u00a0y \u00a0se \u00a0devuelve \u00a0el \u00a0expediente \u00a0al despacho de \u00a0origen. \u00a0\u00a0<\/p>\n<p>\u00bfQu\u00e9 \u00a0 fen\u00f3meno \u00a0se \u00a0produce \u00a0en \u00a0tal \u00a0situaci\u00f3n? \u00a0Que \u00a0hasta \u00a0all\u00ed llega el tr\u00e1mite de la casaci\u00f3n y lo que ten\u00eda \u00a0car\u00e1cter \u00a0suspensivo, \u00a0esto es, la sentencia demandada, adquiere firmeza y, por \u00a0tanto, el car\u00e1cter de cosa juzgada. \u00a0\u00a0<\/p>\n<p>Otro \u00a0 interrogante \u00a0 \u00bfpuede \u00a0la \u00a0Corte \u00a0conservar \u00a0la \u00a0competencia para examinar una sentencia o todo el proceso a pesar \u00a0de \u00a0que \u00a0inadmiti\u00f3 \u00a0una demanda de casaci\u00f3n? No. La atribuci\u00f3n que tiene como \u00a0Corte \u00a0de \u00a0casaci\u00f3n, \u00a0conferida \u00a0por \u00a0el art\u00edculo 235-1 de la Carta Pol\u00edtica, \u00a0dirigida \u00a0a \u00a0cumplir \u00a0las \u00a0elevadas \u00a0finalidades \u00a0que traza el art\u00edculo 206 del \u00a0C\u00f3digo \u00a0de \u00a0Procedimiento \u00a0Penal, se desarrolla, de un lado, de conformidad con \u00a0los \u00a0fines \u00a0y \u00a0principios \u00a0que inspiran la Constituci\u00f3n y, por otro, de acuerdo \u00a0con los par\u00e1metros legales. \u00a0\u00a0<\/p>\n<p>Siendo eso as\u00ed, al prorrogar su injerencia \u00a0\u2013que \u00a0no competencia- en \u00a0el \u00a0asunto, despu\u00e9s de que ha inadmitido una demanda, ya no act\u00faa como \u00f3rgano \u00a0de \u00a0casaci\u00f3n \u00a0y \u00a0mal podr\u00eda, entonces, pretender corregir alg\u00fan entuerto, por \u00a0m\u00e1s \u00a0protuberante \u00a0que \u00a0sea, \u00a0por \u00a0medio de una sentencia de casaci\u00f3n, as\u00ed se \u00a0invoque la potestad oficiosa consagrada en el art\u00edculo 216. \u00a0\u00a0<\/p>\n<p>Expresado de otro modo, en tal escenario la \u00a0Corte \u00a0ya \u00a0no \u00a0act\u00faa de conformidad con la facultad que le difiere el art\u00edculo \u00a0235-1 \u00a0constitucional \u00a0y \u00a0ni \u00a0siquiera como una tercera instancia, sino como una \u00a0corporaci\u00f3n \u00a0de \u00a0plena jurisdicci\u00f3n, quiz\u00e1 a la manera del grado de consulta, \u00a0el \u00a0cual \u00a0hoy \u00a0no opera en el proceso penal, pero en todo caso la determinaci\u00f3n \u00a0que \u00a0 llegare \u00a0a \u00a0adoptar \u00a0no \u00a0tiene \u00a0el \u00a0car\u00e1cter \u00a0de \u00a0sentencia \u00a0\u2013menos \u00a0de \u00a0una de casaci\u00f3n- ni puede \u00a0incidir \u00a0en \u00a0algo \u00a0que \u00a0ya \u00a0ha \u00a0tomado \u00a0la fuerza de cosa juzgada material. Esto \u00a0equivale \u00a0a \u00a0solucionar \u00a0una \u00a0evidente \u00a0v\u00eda \u00a0de \u00a0hecho \u00a0(fen\u00f3meno que tendr\u00eda \u00a0soluci\u00f3n \u00a0a trav\u00e9s de otros mecanismos previstos en el ordenamiento jur\u00eddico) \u00a0\u2013el \u00a0 \u00a0 supuesto \u00a0desconocimiento \u00a0del \u00a0principio \u00a0de \u00a0favorabilidad-, con otra v\u00eda de hecho: una \u00a0decisi\u00f3n sin competencia del \u00f3rgano que la produce. \u00a0\u00a0<\/p>\n<p>Lo \u00a0que \u00a0se acaba de se\u00f1alar no significa \u00a0que \u00a0la \u00a0Corte deba permanecer indiferente a hip\u00f3tesis como la concretada en la \u00a0sentencia \u00a0a \u00a0que se refiere la decisi\u00f3n de la que me aparto. En tales casos lo \u00a0que \u00a0se \u00a0debe \u00a0buscar \u00a0es \u00a0una \u00a0soluci\u00f3n \u00a0que \u00a0no acarree el rompimiento de las \u00a0instituciones \u00a0jur\u00eddico \u00a0procesales, \u00a0en \u00a0orden \u00a0a \u00a0que \u00a0prevalezca \u00a0el derecho \u00a0sustancial \u00a0sobre \u00a0lo \u00a0formal \u00a0y \u00a0a \u00a0salvaguardar \u00a0las garant\u00edas de los sujetos \u00a0procesales, en particular las debidas al procesado. \u00a0\u00a0<\/p>\n<p>Por eso, nada se opon\u00eda a que, no obstante \u00a0la \u00a0ineptitud \u00a0formal \u00a0de \u00a0la \u00a0demanda \u00a0y \u00a0al detectarse de modo objetivo que la \u00a0sentencia \u00a0rompi\u00f3 \u00a0con \u00a0el orden jur\u00eddico y report\u00f3 agravios no reparables de \u00a0otra \u00a0manera \u00a0en \u00a0virtud \u00a0de \u00a0un \u00a0yerro \u00a0que no fue denunciado en ella, pero que \u00a0constituye \u00a0motivo \u00a0de \u00a0casaci\u00f3n, \u00a0fuesen \u00a0salvados \u00a0los defectos t\u00e9cnicos, se \u00a0ajustara \u00a0el \u00a0libelo, se corriera traslado al Procurador Delegado y luego, ahora \u00a0s\u00ed \u00a0en \u00a0ejercicio de su natural competencia, la Corte entrase a hacer uso de la \u00a0facultad \u00a0de \u00a0casar \u00a0oficiosamente el fallo, luego de desestimar el contenido de \u00a0la censura. \u00a0\u00a0<\/p>\n<p>Lo \u00a0anterior resulta menos ex\u00f3tico que la \u00a0soluci\u00f3n \u00a0tomada \u00a0en \u00a0la \u00a0providencia \u00a0de la cual discrepo y que, ya no de lege \u00a0ferenda, \u00a0se aproxima a lo que entrar\u00e1 a regir en virtud de la Ley 906 de 2004, \u00a0cuyo \u00a0art\u00edculo \u00a0184, \u00a0inciso \u00a03\u00ba, \u00a0establece \u00a0que \u201cEn principio, la Corte no \u00a0podr\u00e1 \u00a0tener \u00a0en \u00a0cuenta causales diferentes de las alegadas por el demandante. \u00a0Sin \u00a0 \u00a0embargo, \u00a0 atendiendo \u00a0 los \u00a0 fines \u00a0 de \u00a0 la \u00a0casaci\u00f3n, \u00a0fundamentaci\u00f3n \u00a0de los mismos, posici\u00f3n \u00a0del \u00a0impugnante \u00a0dentro \u00a0del \u00a0proceso \u00a0e \u00edndole de la \u00a0controversia \u00a0planteada, deber\u00e1 superar los defectos de la demanda para decidir \u00a0de fondo\u201d (negrillas no originales). \u00a0\u00a0<\/p>\n<p>En \u00a0s\u00edntesis, \u00a0como \u00a0la \u00a0Corte \u00a0no \u00a0tiene \u00a0competencia \u00a0para casar un fallo despu\u00e9s de que por razones de forma inadmiti\u00f3 \u00a0la \u00a0demanda \u00a0de casaci\u00f3n, estimo que en esta oportunidad no ha debido inadmitir \u00a0el \u00a0libelo \u00a0ni \u00a0mucho \u00a0menos, \u00a0despu\u00e9s \u00a0de \u00a0haberlo \u00a0hecho, \u00a0correr traslado al \u00a0Procurador \u00a0Delegado, \u00a0porque \u00a0ante \u00a0esta \u00a0\u00faltima \u00a0situaci\u00f3n \u00a0la \u00a0Corporaci\u00f3n \u00a0perdi\u00f3 la facultad de obrar como Corte de casaci\u00f3n.\u201d \u00a0\u00a0<\/p>\n<p>\u00a0 \u00a0\u00a0 \u00a0 \u00a0Sin \u00a0embargo, al reexaminar el asunto bajo la perspectiva del nuevo \u00a0C\u00f3digo \u00a0de \u00a0Procedimiento \u00a0Penal, \u00a0advierto \u00a0que la posibilidad de \u201csuperar \u00a0los defectos de la demanda\u201d \u00a0para \u00a0realizar \u00a0pronunciamiento \u00a0de \u00a0fondo \u00a0por posible vulneraci\u00f3n a garant\u00eda \u00a0fundamental, \u00a0resulta \u00a0completamente viable, pues as\u00ed se prev\u00e9 en el art\u00edculo \u00a0184, \u00a0inciso \u00a0tercero, \u00a0de la Ley 906 de 2004, a ra\u00edz precisamente de los fines \u00a0de \u00a0la \u00a0casaci\u00f3n, \u00a0cuales \u00a0son \u00a0\u201cla efectividad del \u00a0derecho \u00a0material, \u00a0el \u00a0respeto \u00a0de \u00a0las \u00a0garant\u00edas \u00a0de \u00a0los intervinientes, la \u00a0reparaci\u00f3n \u00a0de \u00a0los \u00a0agravios \u00a0inferidos \u00a0a \u00a0\u00e9stos \u00a0y \u00a0la \u00a0unificaci\u00f3n \u00a0de la \u00a0jurisprudencia\u201d \u00a0(art\u00edculo \u00a0180 \u00a0ib\u00eddem), para lo \u00a0cual \u00a0ha \u00a0de \u00a0tenerse \u00a0en cuenta la fundamentaci\u00f3n que en la demanda se haga de \u00a0los \u00a0mismos, \u00a0la \u00a0posici\u00f3n del impugnante dentro del proceso y la \u00edndole de la \u00a0controversia \u00a0planteada, \u00a0todo lo cual permite, itero, la posibilidad de superar \u00a0los defectos de la demanda. \u00a0\u00a0<\/p>\n<p>\u00a0 \u00a0\u00a0 \u00a0 \u00a0Y \u00a0aun \u00a0cuando \u00a0la \u00a0aludida \u00a0ley \u00a0solamente se aplica a los delitos \u00a0cometidos \u00a0a \u00a0partir \u00a0de \u00a0su vigencia (art\u00edculo 533), no es menos cierto que al \u00a0consagrar \u00a0la \u00a0misma \u00a0una \u00a0mayor \u00a0posibilidad \u00a0de \u00a0acceso \u00a0a la casaci\u00f3n, ha de \u00a0tenerse \u00a0en \u00a0cuenta \u00a0en \u00a0virtud \u00a0al \u00a0principio \u00a0constitucional \u00a0de \u00a0acceso \u00a0a la \u00a0administraci\u00f3n de justicia (art\u00edculo 229). \u00a0\u00a0<\/p>\n<p>\u00a0 \u00a0\u00a0 \u00a0 \u00a0En \u00a0ese sentido, estoy parcialmente de acuerdo con el salvamento de \u00a0voto \u00a0que \u00a0de modo sistem\u00e1tico plasma el Magistrado P\u00e9rez Pinz\u00f3n frente a las \u00a0decisiones \u00a0en \u00a0las \u00a0que \u00a0no \u00a0obstante \u00a0inadmitirse \u00a0la demanda de casaci\u00f3n, se \u00a0ordena \u00a0correr \u00a0traslado al agente del Ministerio P\u00fablico por advertir la Corte \u00a0la \u00a0presencia \u00a0de \u00a0un \u00a0vicio \u00a0generador \u00a0de nulidad insubsanable o lesivo de las \u00a0garant\u00edas \u00a0fundamentales, \u00a0en \u00a0cuanto, en vez de eso, ahora habr\u00eda que dictar, \u00a0de \u00a0oficio, sentencia de casaci\u00f3n despu\u00e9s de declararse inadmitida la demanda, \u00a0porque \u00a0es \u00a0una \u00a0interpretaci\u00f3n que \u201ces la que m\u00e1s \u00a0se \u00a0ajusta \u00a0al \u00a0derecho \u00a0sustancial, \u00a0y \u00a0es la que permite resolver m\u00e1s r\u00e1pido \u00a0sobre \u00a0los derechos agraviados. La Corte, entonces, en vez de aumentar el tiempo \u00a0de \u00a0lesi\u00f3n de los derechos fundamentales, y de hacer giros que la Constituci\u00f3n \u00a0y \u00a0 la \u00a0ley \u00a0proh\u00edben, \u00a0tiene \u00a0que \u00a0ocuparse \u00a0directamente, \u00a0de \u00a0una \u00a0vez, \u00a0del \u00a0tema\u201d (cfr. Salvamento de voto al auto de casaci\u00f3n \u00a0emitido dentro del radicado 22.325). \u00a0\u00a0<\/p>\n<p>\u00a0 \u00a0\u00a0 \u00a0 \u00a0Es \u00a0por lo someramente consignado que replanteo mi posici\u00f3n frente \u00a0al \u00a0tema \u00a0en \u00a0cuesti\u00f3n, para admitir de ahora en adelante que en aquellos casos \u00a0regidos \u00a0por \u00a0la \u00a0Ley 600 de 2000, la Corte puede de manera oficiosa corregir el \u00a0yerro \u00a0conculcador \u00a0de \u00a0alguna garant\u00eda fundamental de los intervinientes en el \u00a0proceso, pese a la ineptitud de la demanda. \u00a0\u00a0<\/p>\n<p>Sin \u00a0embargo, \u00a0debo \u00a0se\u00f1alar \u00a0sobre \u00a0esto \u00a0\u00faltimo \u00a0que \u00a0al \u00a0advertirse \u00a0la \u00a0posible \u00a0vulneraci\u00f3n a garant\u00eda fundamental, \u00a0resulta \u00a0innecesario \u00a0el traslado de la actuaci\u00f3n a la Procuradur\u00eda General de \u00a0la \u00a0Naci\u00f3n \u00a0para la emisi\u00f3n de concepto sobre el particular, ya que esto s\u00f3lo \u00a0es \u00a0procedente \u00a0cuando \u00a0la \u00a0demanda satisface los requisitos formales (art\u00edculo \u00a0213, \u00a0Ley \u00a0600 de 200), pues el concepto debe versar sobre los cargos admitidos, \u00a0motivo \u00a0por \u00a0el \u00a0cual \u00a0al \u00a0no \u00a0haberse \u00a0aceptado \u00a0ninguno resulta innecesario el \u00a0traslado, \u00a0por \u00a0lo \u00a0que \u00a0lo \u00a0procedente \u00a0es pronunciarse inmediatamente sobre el \u00a0punto, \u00a0incluso \u00a0en la misma providencia inadmisoria de la demanda, para de esta \u00a0manera \u00a0dar \u00a0aplicaci\u00f3n \u00a0al \u00a0principio \u00a0de pronta y cumplida administraci\u00f3n de \u00a0justicia, consagrado en el art\u00edculo 4\u00ba de la Ley 270 de 1996. \u00a0\u00a0<\/p>\n<p>Por \u00a0\u00faltimo, debo ser enf\u00e1tico en que el \u00a0ejercicio \u00a0de \u00a0la \u00a0facultad \u00a0oficiosa que la ley le otorga a la Corte para casar \u00a0una \u00a0sentencia \u00a0de \u00a0segunda \u00a0instancia \u00a0si \u00a0percibe \u00a0alguna \u00a0de \u00a0las condiciones \u00a0se\u00f1aladas \u00a0en \u00a0el \u00a0art\u00edculo \u00a0216 \u00a0de \u00a0la \u00a0Ley \u00a0600 de 2000, no abre paso a una \u00a0tercera \u00a0instancia, ni se asimila a un \u00e1mbito de plena jurisdicci\u00f3n, a modo de \u00a0consulta, \u00a0como \u00a0para \u00a0que \u00a0pueda estimarse que tiene la gracia de decidir sobre \u00a0todos \u00a0los \u00a0aspectos \u00a0f\u00e1cticos \u00a0o jur\u00eddicos tratados en el fallo o examinar el \u00a0completo andamiaje procesal. \u00a0\u00a0<\/p>\n<p>En \u00a0tal evento, el legislador estatuy\u00f3 un \u00a0plus \u00a0de \u00a0protecci\u00f3n \u00a0a las garant\u00edas fundamentales al asignarle a la Corte la \u00a0misi\u00f3n \u00a0de \u00a0reparar \u00a0ostensibles \u00a0agravios \u00a0a \u00a0la \u00a0estructura del proceso o las \u00a0garant\u00edas \u00a0debidas a los sujetos procesales, por manera que su campo de acci\u00f3n \u00a0no \u00a0es \u00a0ilimitado sino el apenas necesario para introducir el correctivo que sea \u00a0del caso. \u00a0\u00a0<\/p>\n<p>En \u00a0cuanto \u00a0sentencia \u00a0de casaci\u00f3n la que \u00a0as\u00ed \u00a0produzca, \u00a0desde \u00a0luego, \u00a0como \u00a0cualquier \u00a0otra \u00a0de \u00a0la \u00a0misma naturaleza, \u00a0tambi\u00e9n \u00a0debe propender por el cumplimiento de los fines que la Constituci\u00f3n y \u00a0la \u00a0ley \u00a0le \u00a0asignan \u00a0a \u00a0esa \u00a0sede \u00a0extraordinaria: \u00a0hacer \u00a0efectivos el derecho \u00a0material \u00a0y \u00a0las \u00a0garant\u00edas \u00a0de \u00a0las \u00a0personas que intervienen en la actuaci\u00f3n \u00a0penal, \u00a0la \u00a0unificaci\u00f3n \u00a0de \u00a0la jurisprudencia nacional y la reparaci\u00f3n de los \u00a0agravios inferidos a las partes con el fallo. \u00a0\u00a0<\/p>\n<p>No \u00a0son \u00a0m\u00e1s, \u00a0pero \u00a0tampoco \u00a0menos, \u00a0los \u00a0l\u00edmites \u00a0que \u00a0tiene \u00a0la \u00a0Corte \u00a0en \u00a0el ejercicio de la atribuci\u00f3n conferida de \u00a0casar \u00a0de \u00a0oficio \u00a0la sentencia. La ineludible e imperativa observancia de ellos \u00a0garantizar\u00e1 \u00a0que \u00a0la \u00a0casaci\u00f3n \u00a0no \u00a0pierda su naturaleza de instituto procesal \u00a0extraordinario, \u00a0que \u00a0se \u00a0desarrolla \u00a0por \u00a0fuera \u00a0de \u00a0las instancias, t\u00e9cnico y \u00a0especializado, \u00a0y \u00a0que no mute en simple escenario para revivir controversias ya \u00a0agotadas \u00a0o \u00a0para \u00a0prolongar, \u00a0en \u00a0desmedro de la celeridad que debe observar la \u00a0administraci\u00f3n \u00a0 de \u00a0justicia, \u00a0la \u00a0discusi\u00f3n \u00a0de \u00a0asuntos \u00a0resueltos \u00a0en \u00a0una \u00a0sentencia \u00a0 judicial \u00a0 que \u00a0 se \u00a0presume \u00a0acertada \u00a0y \u00a0emitida \u00a0con \u00a0arreglo \u00a0al \u00a0ordenamiento jur\u00eddico. \u00a0\u00a0<\/p>\n<p>De los se\u00f1ores Magistrados, \u00a0<\/p>\n<p>SIGIFREDO ESPINOSA P\u00c9REZ \u00a0<\/p>\n<p>Magistrado \u00a0<\/p>\n<p>Fecha \u00a0 ut \u00a0supra. \u00a0\u00a0<\/p>\n<p>\u00a0 \u00a0\u00a0<\/p>\n<p>1 Auto \u00a0del \u00a0 2 \u00a0 junio \u00a0 de \u00a01998. \u00a0M. \u00a0P. \u00a0Dr. \u00a0Jorge \u00a0An\u00edbal \u00a0G\u00f3mez \u00a0Gallego. \u00a0Rad. \u00a014.072. \u00a0 \u00a0\u00a0<\/p>\n<p><\/p>\n","protected":false},"excerpt":{"rendered":"<p>\u00a0 \u00a0 Proceso No 25979 \u00a0 CORTE SUPREMA DE JUSTICIA \u00a0 SALA DE CASACI\u00d3N PENAL \u00a0 MAGISTRADOS PONENTES \u00a0 \u00c1LVARO ORLANDO P\u00c9REZ PINZ\u00d3N \u00a0 MARINA PULIDO DE BAR\u00d3N \u00a0 Aprobado: Acta No. 96 \u00a0 Bogot\u00e1, \u00a0D. \u00a0C., doce (12) de septiembre de \u00a0dos mil seis (2006). \u00a0\u00a0 MOTIVO DE LA DECISI\u00d3N \u00a0 Mediante sentencia del [&hellip;]<\/p>\n","protected":false},"author":1,"featured_media":0,"comment_status":"open","ping_status":"open","sticky":false,"template":"","format":"standard","meta":{"footnotes":""},"categories":[14],"tags":[],"class_list":["post-12082","post","type-post","status-publish","format-standard","hentry","category-14"],"_links":{"self":[{"href":"https:\/\/dmsjuridica.com\/buscador_20179478954\/salapenalcronologico20230723\/wp-json\/wp\/v2\/posts\/12082","targetHints":{"allow":["GET"]}}],"collection":[{"href":"https:\/\/dmsjuridica.com\/buscador_20179478954\/salapenalcronologico20230723\/wp-json\/wp\/v2\/posts"}],"about":[{"href":"https:\/\/dmsjuridica.com\/buscador_20179478954\/salapenalcronologico20230723\/wp-json\/wp\/v2\/types\/post"}],"author":[{"embeddable":true,"href":"https:\/\/dmsjuridica.com\/buscador_20179478954\/salapenalcronologico20230723\/wp-json\/wp\/v2\/users\/1"}],"replies":[{"embeddable":true,"href":"https:\/\/dmsjuridica.com\/buscador_20179478954\/salapenalcronologico20230723\/wp-json\/wp\/v2\/comments?post=12082"}],"version-history":[{"count":0,"href":"https:\/\/dmsjuridica.com\/buscador_20179478954\/salapenalcronologico20230723\/wp-json\/wp\/v2\/posts\/12082\/revisions"}],"wp:attachment":[{"href":"https:\/\/dmsjuridica.com\/buscador_20179478954\/salapenalcronologico20230723\/wp-json\/wp\/v2\/media?parent=12082"}],"wp:term":[{"taxonomy":"category","embeddable":true,"href":"https:\/\/dmsjuridica.com\/buscador_20179478954\/salapenalcronologico20230723\/wp-json\/wp\/v2\/categories?post=12082"},{"taxonomy":"post_tag","embeddable":true,"href":"https:\/\/dmsjuridica.com\/buscador_20179478954\/salapenalcronologico20230723\/wp-json\/wp\/v2\/tags?post=12082"}],"curies":[{"name":"wp","href":"https:\/\/api.w.org\/{rel}","templated":true}]}}