{"id":12021,"date":"2023-09-08T19:55:25","date_gmt":"2023-09-08T19:55:25","guid":{"rendered":"https:\/\/dmsjuridica.com\/buscador_20179478954\/salapenalcronologico20230723\/2023\/09\/08\/2589823-11-06-1\/"},"modified":"2023-09-08T19:55:25","modified_gmt":"2023-09-08T19:55:25","slug":"2589823-11-06-1","status":"publish","type":"post","link":"https:\/\/dmsjuridica.com\/buscador_20179478954\/salapenalcronologico20230723\/2023\/09\/08\/2589823-11-06-1\/","title":{"rendered":"25898(23-11-06)-1"},"content":{"rendered":"\n<p>\u00a0 \u00a0 Proceso No 25898 \u00a0<\/p>\n<p>\u00a0\u00a0\u00a0\u00a0\u00a0\u00a0\u00a0\u00a0\u00a0\u00a0\u00a0\u00a0\u00a0\u00a0\u00a0\u00a0\u00a0\u00a0\u00a0\u00a0\u00a0\u00a0\u00a0\u00a0\u00a0\u00a0\u00a0 \u00a0CORTE SUPREMA DE JUSTICIA \u00a0\u00a0<\/p>\n<p>SALA DE CASACION PENAL \u00a0<\/p>\n<p>Magistrado Ponente \u00a0<\/p>\n<p>\u00a0\u00a0\u00a0\u00a0\u00a0\u00a0\u00a0\u00a0\u00a0\u00a0\u00a0\u00a0\u00a0\u00a0\u00a0\u00a0\u00a0\u00a0\u00a0\u00a0\u00a0\u00a0\u00a0\u00a0\u00a0\u00a0\u00a0\u00a0\u00a0\u00a0\u00a0\u00a0\u00a0\u00a0\u00a0\u00a0 \u00a0Dr. JULIO ENRIQUE SOCHA SALAMANCA \u00a0\u00a0<\/p>\n<p>\u00a0\u00a0\u00a0\u00a0\u00a0\u00a0\u00a0\u00a0\u00a0\u00a0\u00a0\u00a0\u00a0\u00a0\u00a0\u00a0\u00a0\u00a0\u00a0\u00a0\u00a0\u00a0\u00a0\u00a0\u00a0\u00a0\u00a0\u00a0\u00a0\u00a0\u00a0\u00a0\u00a0\u00a0\u00a0\u00a0\u00a0\u00a0\u00a0 \u00a0Aprobado Acta No.133 \u00a0\u00a0<\/p>\n<p>Bogot\u00e1 \u00a0D. C., veintitr\u00e9s (23) de noviembre \u00a0de dos mil seis (2006). \u00a0\u00a0<\/p>\n<p>VISTOS \u00a0<\/p>\n<p>Decide \u00a0la \u00a0Sala \u00a0acerca \u00a0de la solicitud de \u00a0pr\u00e1ctica \u00a0de \u00a0pruebas \u00a0presentada por el defensor del requerido en extradici\u00f3n \u00a0ERMINSO CUEVAS CABRERA. \u00a0\u00a0<\/p>\n<p>ANTECEDENTES \u00a0\u00a0<\/p>\n<p>1. Con la Nota Verbal No. 709 del 21 de marzo \u00a0de \u00a02006, \u00a0la Embajada de los Estados Unidos de Am\u00e9rica solicit\u00f3 la detenci\u00f3n \u00a0provisional \u00a0con \u00a0fines \u00a0de extradici\u00f3n del ciudadano colombiano ERMINSO CUEVAS \u00a0CABRERA, \u00a0la cual fue decretada por el se\u00f1or Fiscal General de la Naci\u00f3n el 18 \u00a0de \u00a0abril \u00a0siguiente \u00a0y \u00a0a \u00a0\u00e9l \u00a0notificada \u00a0por \u00a0esa \u00a0Entidad el 24 de mayo del \u00a0corriente a\u00f1o. \u00a0\u00a0<\/p>\n<p>2. \u00a0Con \u00a0la \u00a0Nota \u00a0Verbal No. 1794 del 21 de \u00a0julio \u00a0de \u00a02006, la misma Embajada de Estados Unidos formaliz\u00f3 la reclamaci\u00f3n. \u00a0\u00a0<\/p>\n<p>Limita \u00a0los \u00a0hechos \u00a0refiriendo \u00a0que \u00a0desde \u00a0comienzos \u00a0de \u00a01997 \u00a0ERMINSO \u00a0CUEVAS \u00a0CABRERA \u00a0ha \u00a0servido \u00a0como asociado de las \u00a0Fuerzas \u00a0Armadas \u00a0Revolucionarias \u00a0de \u00a0Colombia, \u00a0tambi\u00e9n \u00a0conocida como \u201clas \u00a0FARC\u201d, \u00a0una \u00a0organizaci\u00f3n \u00a0terrorista \u00a0extranjera \u00a0seg\u00fan lo se\u00f1alado por la \u00a0Secretar\u00eda de Estado de los Estados Unidos. \u00a0\u00a0<\/p>\n<p>Se\u00f1ala, que la investigaci\u00f3n evidenci\u00f3 que \u00a0entre \u00a0 los \u00a0 a\u00f1os \u00a0 comprendidos \u00a0entre \u00a02001 \u00a0a \u00a02004 \u00a0el \u00a0requerido \u00a0manej\u00f3 \u00a0laboratorios \u00a0de \u00a0coca\u00edna \u00a0para \u00a0el \u00a0Frente \u00a014 \u00a0de \u00a0las \u00a0FARC \u00a0y supervis\u00f3 la \u00a0producci\u00f3n \u00a0y \u00a0distribuci\u00f3n de cientos de miles de kilogramos de coca\u00edna; que \u00a0como \u00a0socio \u00a0de \u00a0las \u00a0FARC \u00a0se \u00a0cree \u00a0suministr\u00f3 ese tipo de alcaloide a varias \u00a0organizaciones \u00a0de \u00a0tr\u00e1fico \u00a0de \u00a0narc\u00f3ticos \u00a0las cuales lo transportaron a los \u00a0Estados \u00a0Unidos \u00a0y a otros lugares; y que compr\u00f3 grandes cantidades de pasta de \u00a0coca\u00edna \u00a0 a \u00a0 miembros \u00a0 del \u00a0 Frente \u00a014 \u00a0de \u00a0las \u00a0FARC \u00a0y \u00a0la \u00a0convirti\u00f3 \u00a0en \u00a0coca\u00edna. \u00a0\u00a0<\/p>\n<p>La \u00a0 solicitud \u00a0 fue \u00a0acompa\u00f1ada \u00a0de \u00a0los \u00a0siguientes documentos autenticados y traducidos al castellano: \u00a0\u00a0<\/p>\n<p>2.2. Declaraci\u00f3n del Fiscal Federal Adjunto \u00a0NEIL \u00a0M. \u00a0BAROFSKY \u00a0de \u00a0la Oficina del Fiscal Federal del Distrito Meridional de \u00a0New York. \u00a0\u00a0<\/p>\n<p>Explica \u00a0c\u00f3mo \u00a0se \u00a0integra \u00a0un gran jurado, \u00a0cu\u00e1l \u00a0es \u00a0el \u00a0tr\u00e1mite \u00a0que sigue para dictar una acusaci\u00f3n, concreta el cargo \u00a0que \u00a0se \u00a0hace en contra del requerido determinando el contenido y alcance de los \u00a0elementos \u00a0que \u00a0lo \u00a0configuran, \u00a0hace \u00a0una \u00a0s\u00edntesis de los hechos y aporta los \u00a0datos que posee sobre la identidad del solicitado. \u00a0\u00a0<\/p>\n<p>2.3. Acusaci\u00f3n sustitutiva No. 04-446 (TFH), \u00a0dictada \u00a0el \u00a01\u00ba \u00a0de \u00a0marzo \u00a0de 2006 en la Corte Distrital de los Estados Unidos \u00a0para \u00a0el \u00a0Distrito \u00a0de \u00a0Columbia, \u00a0la \u00a0cual atribuye a ERMINSO CUEVAS CABRERA el \u00a0delito \u00a0de \u00a0conspirar para importar a los Estados Unidos cinco kilogramos o m\u00e1s \u00a0de \u00a0hero\u00edna \u00a0y \u00a0para \u00a0elaborar y distribuir cinco kilogramos o m\u00e1s de la misma \u00a0droga. \u00a0\u00a0<\/p>\n<p>Hace una s\u00edntesis de los m\u00e9todos utilizados \u00a0por \u00a0la \u00a0organizaci\u00f3n \u00a0para producir la coca\u00edna en Colombia; del origen de las \u00a0Fuerzas \u00a0Armadas \u00a0Revolucionarias \u00a0de \u00a0Colombia \u00a0\u201cFARC\u201d \u00a0y \u00a0de su estructura \u00a0jerarquizada, \u00a0individualiza \u00a0a \u00a0las personas que integran \u201cLa Secretar\u00eda\u201d, \u00a0el \u00a0Estado \u00a0Mayor \u00a0o Consejo General y los Frentes y Bloques comprometidas en el \u00a0concierto. \u00a0\u00a0<\/p>\n<p>Afirma, \u00a0que los miembros de las FARC tienen \u00a0aliados \u00a0trabajando \u00a0en \u00a0la comercializaci\u00f3n de narc\u00f3ticos, la elaboraci\u00f3n de \u00a0coca\u00edna \u00a0y \u00a0el \u00a0intercambio \u00a0de \u00a0la \u00a0droga por armas de fuego, entre quienes se \u00a0encuentra incluido ERMINSO CUEVAS CABRERA. \u00a0\u00a0<\/p>\n<p>Indica \u00a0los m\u00e9todos utilizados por las FARC \u00a0para \u00a0convertirse en las mayores proveedores de coca\u00edna de los Estados Unidos y \u00a0del \u00a0 mundo, \u00a0 cobrando \u00a0 inicialmente \u00a0el \u00a0impuesto \u00a0sobre \u00a0la \u00a0elaboraci\u00f3n \u00a0y \u00a0distribuci\u00f3n \u00a0de \u00a0coca\u00edna \u00a0y asumiendo despu\u00e9s la producci\u00f3n y distribuci\u00f3n \u00a0de la droga a partir de la d\u00e9cada de los 90, hasta ahora. \u00a0\u00a0<\/p>\n<p>Describe las actividades de coordinaci\u00f3n del \u00a0tr\u00e1fico \u00a0y \u00a0las \u00a0pol\u00edticas estrictas que aplicaban en desarrollo de esa labor, \u00a0manifestando \u00a0que \u00a0los \u00a0Frentes \u00a0ubicados \u00a0en \u00a0las \u00a0fronteras \u00a0de \u00a0Colombia eran \u00a0principalmente \u00a0los \u00a0responsables de transportar la droga fuera de Colombia y de \u00a0facilitar \u00a0 \u00a0su \u00a0 intercambio \u00a0 por \u00a0 armas \u00a0 y \u00a0 provisiones \u00a0 que \u00a0 las \u00a0 FARC \u00a0usaban. \u00a0\u00a0<\/p>\n<p>Puntualiza \u00a0los siguientes actos manifiestos \u00a0del concierto relacionados con el requerido: \u00a0\u00a0<\/p>\n<p>Desde \u00a01999 o aproximadamente ese a\u00f1o hasta \u00a02004 \u00a0inclusive \u00a0o hasta aproximadamente ese a\u00f1o, ERMINSO CUEVAS CABRERA, alias \u00a0\u201cMincho\u201d, \u00a0fue \u00a0aliado \u00a0de \u00a0las \u00a0FARC dedicado a administrar laboratorios de \u00a0coca\u00edna \u00a0para \u00a0el \u00a0Frente \u00a014 \u00a0y \u00a0a supervisar y distribuir cientos de miles de \u00a0kilogramos de coca\u00edna. \u00a0\u00a0<\/p>\n<p>Desde \u00a01999 o aproximadamente desde ese a\u00f1o \u00a0hasta \u00a02001 \u00a0inclusive \u00a0o \u00a0hasta \u00a0aproximadamente \u00a0ese a\u00f1o, JOSE BENITO CABRERA \u00a0CUEVAS, \u00a0alias \u00a0\u201cFABI\u00c1N \u00a0RAM\u00cdREZ\u201d, \u00a0orden\u00f3 \u00a0que se usaran ingresos de las \u00a0FARC \u00a0para \u00a0la \u00a0compra \u00a0de \u00a0equipos \u00a0destinados a un laboratorio de coca\u00edna que \u00a0ERMINSO CUEVAS CABRERA estaba operando. \u00a0\u00a0<\/p>\n<p>En el 2000 o aproximadamente en ese a\u00f1o, la \u00a0funcionaria \u00a0de \u00a0finanzas \u00a0del Frente 14 de las FARC acumul\u00f3 toneladas de pasta \u00a0de \u00a0coca\u00edna \u00a0que \u00a0hab\u00eda \u00a0comprado \u00a0en \u00a0nombre \u00a0del Frente 14 de las FARC y las \u00a0entreg\u00f3 \u00a0al \u00a0acusado \u00a0ERMINSO \u00a0CUEVAS \u00a0CABRERA, \u00a0para \u00a0que \u00a0la \u00a0convirtiera \u00a0en \u00a0coca\u00edna. \u00a0\u00a0<\/p>\n<p>Desde \u00a0el \u00a02001 \u00a0o aproximadamente desde ese \u00a0a\u00f1o \u00a0hasta \u00a0el \u00a02004 \u00a0inclusive o hasta aproximadamente ese a\u00f1o, en calidad de \u00a0operador \u00a0de \u00a0un \u00a0laboratorio \u00a0de coca\u00edna para las FARC, ERMINSO CUEVAS CABRERA \u00a0convirti\u00f3 \u00a0en \u00a0coca\u00edna \u00a0unas \u00a0dos \u00a0toneladas \u00a0y \u00a0media \u00a0de \u00a0pasta de coca\u00edna. \u00a0Actividad que realiz\u00f3 varias veces en el mes. \u00a0\u00a0<\/p>\n<p>Desde \u00a0el \u00a0a\u00f1o 2001, aproximadamente, hasta \u00a0fines \u00a0de \u00a02004 aproximadamente, CUEVAS CABRERA convirti\u00f3 toneladas de pasta de \u00a0coca\u00edna \u00a0de \u00a0propiedad \u00a0de \u00a0las \u00a0FARC \u00a0en \u00a0sus \u00a0laboratorios \u00a0y proporcion\u00f3 el \u00a0producto \u00a0terminado \u00a0de \u00a0coca \u00a0(coca\u00edna) \u00a0a \u00a0organizaciones \u00a0transportadoras de \u00a0drogas \u00a0que \u00a0fueron \u00a0identificadas \u00a0por \u00a0el \u00a0acusado JOSE BENITO CABRERA CUEVAS, \u00a0alias \u00a0\u201cFABI\u00c1N \u00a0RAM\u00cdREZ\u201d, \u00a0quien luego se encarg\u00f3 de enviar la coca\u00edna a \u00a0los Estados Unidos y a otras partes. \u00a0\u00a0<\/p>\n<p>Desde el a\u00f1o de 2001, aproximadamente, hasta \u00a0fines \u00a0de \u00a02004 \u00a0aproximadamente, \u00a0el \u00a0acusado \u00a0ERMINSO \u00a0CUEVAS \u00a0CABRERA, \u00a0alias \u00a0\u201cMincho\u201d, \u00a0envi\u00f3 \u00a0regularmente \u00a0miles de millones de pesos colombianos a la \u00a0funcionaria \u00a0de \u00a0finanzas \u00a0del \u00a0Frente \u00a014 \u00a0de las FARC para pagarle la pasta de \u00a0coca\u00edna. \u00a0\u00a0<\/p>\n<p>Desde \u00a0el \u00a0a\u00f1o 2000, aproximadamente, hasta \u00a0fines \u00a0de \u00a02003 \u00a0aproximadamente, \u00a0obrando de acuerdo a instrucciones impartidas \u00a0por \u00a0la \u00a0funcionaria \u00a0de \u00a0finanzas \u00a0del \u00a0Frente \u00a014 \u00a0de \u00a0las \u00a0FARC \u00a0y \u00a0otros, un \u00a0coconspirador \u00a0cuyo \u00a0nombre \u00a0no \u00a0aparece \u00a0en \u00a0el presente documento como acusado \u00a0(CC-2), \u00a0en \u00a0m\u00e1s de 50 ocasiones transport\u00f3 toneladas de coca\u00edna de propiedad \u00a0de \u00a0las \u00a0FARC \u00a0desde \u00a0los laboratorios controlados por el acusado ERMINSO CUEVAS \u00a0CABRERA, alias \u201cMincho\u201d.\u00a0 \u00a0\u00a0<\/p>\n<p>\u00a0 \u00a0\u00a0 \u00a0\u00a0 \u00a0\u00a02.4. \u00a0En declaraci\u00f3n el Agente Especial \u00a0de \u00a0la DEA, DANIEL J. DYER, hizo un resumen de los hechos semejante al efectuado \u00a0en la acusaci\u00f3n. \u00a0\u00a0<\/p>\n<p>3. \u00a0El Ministerio del Interior y de Justicia \u00a0remiti\u00f3 \u00a0el \u00a0expediente \u00a0a la Corte el cual incluye concepto de su hom\u00f3logo de \u00a0Relaciones \u00a0exteriores \u00a0relativo \u00a0a \u00a0que \u00a0por no existir tratado de extradici\u00f3n \u00a0aplicable \u00a0al \u00a0caso \u00a0procede \u00a0obrar \u00a0de conformidad con el ordenamiento procesal \u00a0penal colombiano. \u00a0\u00a0<\/p>\n<p>4. \u00a0Dentro \u00a0del \u00a0t\u00e9rmino \u00a0legal el defensor \u00a0contractual \u00a0 del \u00a0 requerido \u00a0 solicit\u00f3 \u00a0 la \u00a0 pr\u00e1ctica \u00a0 de \u00a0las \u00a0siguientes \u00a0pruebas: \u00a0\u00a0<\/p>\n<p>\u00a0 \u00a0\u00a0 \u00a0\u00a0 \u00a0\u00a04.1. \u00a0Se \u00a0pida a la Fiscal\u00eda informe si \u00a0adelanta \u00a0alguna \u00a0investigaci\u00f3n \u00a0en \u00a0contra \u00a0del \u00a0requerido \u00a0por los delitos de \u00a0rebeli\u00f3n \u00a0y\/o \u00a0terrorismo \u00a0o tr\u00e1fico de estupefacientes, en caso cierto remita \u00a0copia \u00a0del \u00a0expediente \u00a0que \u00a0incluya \u00a0las \u00a0providencias \u00a0de \u00a0fondo \u00a0que \u00a0hubiere \u00a0dictado. \u00a0\u00a0<\/p>\n<p>4.2. \u00a0Se \u00a0inste \u00a0al \u00a0Ejercito \u00a0Nacional \u00a0de \u00a0Colombia, \u00a0Comando \u00a0General \u00a0de \u00a0las Fuerzas Militares, para que env\u00ede copia de \u00a0los \u00a0documentos \u00a0en los cuales conste el orden de batalla de las Fuerzas Armadas \u00a0Revolucionarias \u00a0de \u00a0Colombia \u00a0\u201cFARC\u201d \u00a0y \u00a0que \u00a0el \u00a0reclamado \u00a0es \u00a0uno de sus \u00a0integrantes. \u00a0\u00a0<\/p>\n<p>Pruebas \u00a0que \u00a0estima \u00a0conducentes \u00a0por estar \u00a0dirigidas \u00a0a \u00a0demostrar \u00a0que \u00a0ERMINSO CUEVAS CABRERA es un delincuente pol\u00edtico \u00a0social \u00a0que \u00a0hace \u00a0parte \u00a0de la estructura de las FARC, organizaci\u00f3n que por la \u00a0v\u00eda \u00a0de \u00a0las \u00a0armas \u00a0pretende \u00a0derrocar \u00a0al \u00a0gobierno \u00a0legalmente constituido y \u00a0cambiar la estructura pol\u00edtico-econ\u00f3mica y social de Colombia. \u00a0\u00a0<\/p>\n<p>Adem\u00e1s, \u00a0por \u00a0pretender \u00a0acreditar \u00a0que los \u00a0delitos \u00a0que se le atribuyen en los Estados Unidos son los mismos por los cuales \u00a0est\u00e1 siendo investigado en nuestro pa\u00eds. \u00a0\u00a0<\/p>\n<p>Reclama \u00a0que \u00a0la \u00a0justicia \u00a0colombiana \u00a0debe \u00a0reafirmar \u00a0 la \u00a0competencia \u00a0del \u00a0Estado \u00a0Colombiano \u00a0para \u00a0juzgar, \u00a0condenar \u00a0y \u00a0sancionar \u00a0a \u00a0sus \u00a0delincuentes por delitos cometidos en Colombia, disputando la \u00a0pretendida \u00a0 jurisdicci\u00f3n \u00a0 extraterritorial \u00a0 de \u00a0 los \u00a0 Estados \u00a0 Unidos; \u00a0 y \u00a0particularmente \u00a0a \u00a0su poderdante por ejecutar los delitos atribuidos totalmente \u00a0en \u00a0territorio \u00a0patrio en donde tambi\u00e9n se produjeron los resultados lesivos de \u00a0los bienes jur\u00eddicos tutelados. \u00a0\u00a0<\/p>\n<p>4.3. \u00a0Se \u00a0pida \u00a0a la Embajada de los Estados \u00a0Unidos \u00a0de \u00a0Am\u00e9rica \u00a0aporte \u00a0copia \u00a0traducida \u00a0al \u00a0castellano de las normas que \u00a0regulen \u00a0la \u00a0jurisdicci\u00f3n \u00a0territorial \u00a0de \u00a0los Estados Unidos, con base en las \u00a0cuales \u00a0la \u00a0justicia \u00a0de \u00a0ese \u00a0pa\u00eds se considera competente para conocer de los \u00a0delitos \u00a0de \u00a0rebeli\u00f3n\u00a0 \u00a0que desde el a\u00f1o de 1964 las FARC ha ejecutado en \u00a0Colombia y de narcotr\u00e1fico. \u00a0\u00a0<\/p>\n<p>Manifieste \u00a0 si \u00a0 ese \u00a0 gobierno \u00a0 ofrece \u00a0reciprocidad \u00a0 a \u00a0 la \u00a0justicia \u00a0y \u00a0al \u00a0Gobierno \u00a0colombiano \u00a0para \u00a0que \u00a0nuestra \u00a0jurisdicci\u00f3n \u00a0adquiera \u00a0competencia \u00a0para juzgar los delitos que los ciudadanos \u00a0norteamericanos \u00a0pudieran \u00a0cometer \u00a0dentro \u00a0del \u00a0territorio \u00a0de nuestro pa\u00eds en \u00a0contra de nacionales colombianos. \u00a0\u00a0<\/p>\n<p>Env\u00ede \u00a0los documentos mediante lo cuales la \u00a0Secretaria \u00a0 de \u00a0 Estado \u00a0de \u00a0Norteam\u00e9rica, \u00a0declar\u00f3 \u00a0a \u00a0las \u00a0Fuerzas \u00a0Armadas \u00a0Revolucionarias \u00a0 \u00a0 \u201cFARC\u201d \u00a0 \u00a0 como \u00a0 \u00a0 una \u00a0 \u00a0 organizaci\u00f3n \u00a0 \u00a0 terrorista \u00a0extranjera. \u00a0\u00a0<\/p>\n<p>Se \u00a0pida \u00a0a \u00a0los \u201cJurados de Acusaci\u00f3n\u201d \u00a0corrija \u00a0el \u00a0indictment \u00a004-446 \u00a0(TFH), \u00a0de \u00a0marzo 1\u00ba de 2006, en el sentido de \u00a0aclarar \u00a0cu\u00e1les \u00a0son \u00a0las \u00a0normas \u00a0penales \u00a0de \u00a0Estados Unidos que tipifican la \u00a0conducta \u00a0delictiva \u00a0relacionada \u00a0con \u00a0el narcotr\u00e1fico, por el cual requiere en \u00a0extradici\u00f3n \u00a0 \u00a0a \u00a0 toda \u00a0 la \u00a0 c\u00fapula \u00a0 de \u00a0 las \u00a0 FARC, \u00a0 incluyendo \u00a0 a \u00a0 su \u00a0defendido. \u00a0\u00a0<\/p>\n<p>Invocando el contenido de los art\u00edculos 35, \u00a03 \u00a0y \u00a0101 \u00a0de la Carta, considera inaceptable que el accionar guerrillero de las \u00a0FARC \u00a0ejecutado \u00a0por \u00a0m\u00e1s \u00a0de 40 a\u00f1os en territorio colombiano, sea materia de \u00a0juzgamiento por los Estados Unidos. \u00a0\u00a0<\/p>\n<p>Valora \u00a0como \u00a0necesario \u00a0clarificar \u00a0si \u00a0en \u00a0relaci\u00f3n \u00a0con \u00a0la \u00a0extraterritorialidad existe reciprocidad de parte del Estado \u00a0requirente, \u00a0por ser este concepto el fundamento de las relaciones exteriores de \u00a0Colombia. \u00a0\u00a0<\/p>\n<p>Ya que ERMINSO CUEVAS CABRERA pertenece a las \u00a0FARC \u00a0y \u00a0\u00e9sta \u00a0ha \u00a0sido \u00a0catalogada \u00a0como \u00a0empresa terrorista extranjera por el \u00a0gobierno \u00a0de \u00a0los \u00a0Estados \u00a0Unidos, \u00a0afirma, \u00a0es \u00a0altamente \u00a0probable que de ser \u00a0extraditado \u00a0pueda \u00a0ser \u00a0torturado en nuestro pa\u00eds, situaci\u00f3n que estima est\u00e1 \u00a0obligado \u00a0a \u00a0advertir \u00a0pues \u00a0es \u00a0deber \u00a0del Estado proteger a todas las personas \u00a0contra \u00a0la \u00a0tortura y tratos crueles, inhumanos o degradantes en cumplimiento de \u00a0las convenciones internacionales de las cuales Colombia hace parte. \u00a0\u00a0<\/p>\n<p>Si la cita que se hace en el indictment de la \u00a0violaci\u00f3n \u00a0a \u00a0la \u00a0Secci\u00f3n 960(b)(1)(A) del t\u00edtulo 21 del C\u00f3digo Penal de los \u00a0Estados \u00a0Unidos \u00a0es equivocada como lo manifiesta NEIL M. BAROFSKY, pondera como \u00a0indispensable \u00a0que \u00a0el \u00a0Gran \u00a0Jurado \u00a0reforme \u00a0la \u00a0acusaci\u00f3n \u00a0ajust\u00e1ndola a la \u00a0realidad f\u00e1ctica y jur\u00eddica. \u00a0\u00a0<\/p>\n<p>Se \u00a0opone \u00a0a \u00a0que la Embajada de los Estados \u00a0Unidos \u00a0maneje \u00a0a \u00a0su \u00a0antojo \u00a0las modificaciones, adulteraciones, correcciones, \u00a0enmiendas \u00a0de \u00a0las providencias judiciales de los Estados Unidos, cuando ello no \u00a0es \u00a0posible \u00a0por \u00a0su \u00a0naturaleza, \u00a0ensayando en cada caso seg\u00fan la conveniencia \u00a0hip\u00f3tesis \u00a0 diferentes \u00a0 que \u00a0 la \u00a0 Sala \u00a0acepta \u00a0y \u00a0recibe \u00a0sin \u00a0beneficio \u00a0de \u00a0inventario. \u00a0\u00a0<\/p>\n<p>CONSIDERACIONES DE LA SALA \u00a0<\/p>\n<p>1. De acuerdo con la opini\u00f3n emitida por el \u00a0Ministerio \u00a0de \u00a0Relaciones Exteriores por no existir tratado de extradici\u00f3n que \u00a0regule \u00a0este \u00a0asunto, \u00a0es \u00a0el \u00a0C\u00f3digo \u00a0Procesal \u00a0Penal \u00a0de \u00a02000 \u00a0el \u00a0llamado a \u00a0disciplinarlo \u00a0por \u00a0atribuirse \u00a0a \u00a0ERMINSO CUEVAS CABRERA el delito de concierto \u00a0para \u00a0importar \u00a0cinco kilogramos o m\u00e1s de coca\u00edna y para fabricar y distribuir \u00a0igual \u00a0cantidad \u00a0de \u00a0esa sustancia; cuyos actos manifiestos ocurrieron antes del \u00a01\u00ba de enero de 2005. \u00a0\u00a0<\/p>\n<p>2. \u00a0El \u00a0art\u00edculo \u00a0518 \u00a0del aludido Estatuto \u00a0autoriza \u00a0a esta Sala de la Corte a incorporar y practicar s\u00f3lo las pruebas que \u00a0sea \u00a0imprescindibles \u00a0para \u00a0rendir \u00a0el \u00a0concepto, \u00a0es decir, aquellas que est\u00e9n \u00a0orientadas \u00a0a demostrar o enervar sus elementos, ellos son: la validez formal de \u00a0la \u00a0documentaci\u00f3n presentada, la plena identidad del requerido, el principio de \u00a0la \u00a0doble \u00a0incriminaci\u00f3n, \u00a0la \u00a0equivalencia \u00a0de \u00a0la providencia proferida en el \u00a0extranjero \u00a0y, \u00a0cuando \u00a0fuere \u00a0el \u00a0caso, \u00a0el \u00a0cumplimiento de lo previsto en los \u00a0tratados p\u00fablicos. \u00a0\u00a0<\/p>\n<p>Juicio \u00a0de valor que estar\u00e1 en capacidad de \u00a0cumplir \u00a0cuando el peticionario indique con claridad y precisi\u00f3n los hechos que \u00a0pretende \u00a0evidenciar con las pruebas que demanda y el v\u00ednculo que ellos guarden \u00a0con los presupuestos del concepto. \u00a0\u00a0<\/p>\n<p>En este caso, es palmar que los hechos que el \u00a0defensor \u00a0del \u00a0requerido \u00a0pretende \u00a0demostrar \u00a0con \u00a0las \u00a0pruebas \u00a0solicitadas no \u00a0guardan \u00a0conexi\u00f3n \u00a0con \u00a0los \u00a0elementos \u00a0del \u00a0concepto, motivo por el cual ser\u00e1 \u00a0negada su pr\u00e1ctica. \u00a0\u00a0<\/p>\n<p>Establecer \u00a0 si \u00a0 en \u00a0 Colombia \u00a0 cursan \u00a0investigaciones \u00a0 en \u00a0 contra \u00a0del \u00a0reclamado \u00a0por \u00a0los \u00a0delitos \u00a0de \u00a0rebeli\u00f3n, \u00a0terrorismo \u00a0o \u00a0tr\u00e1fico \u00a0de \u00a0estupefacientes, \u00a0con el fin de demostrar que es un \u00a0delincuente \u00a0pol\u00edtico, \u00a0es \u00a0un t\u00f3pico que no tiene conexi\u00f3n con los elementos \u00a0del \u00a0concepto; \u00a0y \u00a0si \u00a0con \u00a0\u00e9l \u00a0se \u00a0pretende acreditar que se est\u00e1 frente a un \u00a0delito \u00a0pol\u00edtico \u00a0que \u00a0impedir\u00eda la extradici\u00f3n con arreglo a lo previsto por \u00a0el \u00a0art\u00edculo \u00a035 \u00a0de \u00a0la \u00a0Carta sobra, puesto que la conducta imputada es la de \u00a0concierto \u00a0para \u00a0importar \u00a0y \u00a0para \u00a0elaborar y distribuir coca\u00edna a los Estados \u00a0Unidos. \u00a0\u00a0<\/p>\n<p>Comprobar \u00a0que \u00a0ERMINSO \u00a0CUEVAS \u00a0CABRERA \u00a0es \u00a0miembro \u00a0de \u00a0las \u00a0FARC \u00a0est\u00e1 \u00a0de \u00a0m\u00e1s, pues la solicitud de extradici\u00f3n y sus \u00a0anexos \u00a0lo \u00a0se\u00f1alan \u00a0como \u00a0asociado \u00a0de \u00a0ese movimiento guerrillero\u00a0 en el \u00a0manejo \u00a0de laboratorios de coca\u00edna del Frente 14, elaborando y suministrando al \u00a0parecer \u00a0coca\u00edna \u00a0a \u00a0varias \u00a0organizaciones de tr\u00e1fico de narc\u00f3ticos, la cual \u00a0era transportada a los Estados Unidos y a otros lugares.\u00a0 \u00a0\u00a0<\/p>\n<p>Como \u00a0con \u00a0insistencia \u00a0lo ha manifestado la \u00a0Sala, \u00a0demostrar \u00a0que en Colombia se adelantaron o adelantan investigaciones por \u00a0los \u00a0mismos \u00a0hechos, \u00a0es \u00a0un prop\u00f3sito extra\u00f1o a los presupuestos del concepto \u00a0que \u00a0debe \u00a0emitir \u00a0y \u00a0que \u00a0concierne \u00a0establecer al Gobierno Nacional por ser la \u00a0autoridad \u00a0 encargada \u00a0 de \u00a0 determinar \u00a0 si \u00a0 concede, \u00a0 niega \u00a0 o \u00a0difiere \u00a0la \u00a0entrega. \u00a0\u00a0<\/p>\n<p>Aspirar \u00a0demostrar que los hechos endilgados \u00a0ocurrieron \u00a0 totalmente \u00a0en \u00a0territorio \u00a0colombiano \u00a0trasciende \u00a0el \u00a0objeto \u00a0del \u00a0concepto, \u00a0adem\u00e1s, \u00a0es \u00a0al instante de opinar cuando la Corte entra a verificar \u00a0si \u00a0la \u00a0exigencia \u00a0del \u00a0art\u00edculo \u00a035 \u00a0de \u00a0la Carta Pol\u00edtica relativa a que los \u00a0hechos \u00a0ocurrieron \u00a0en el exterior, fundada en la informaci\u00f3n que le ofrezca la \u00a0solicitud y sus anexos. \u00a0\u00a0<\/p>\n<p>En consecuencia, la Sala negar\u00e1 solicitar a \u00a0la \u00a0Fiscal\u00eda \u00a0informe \u00a0si \u00a0adelanta \u00a0o \u00a0adelant\u00f3 investigaciones en contra del \u00a0requerido \u00a0en \u00a0extradici\u00f3n; \u00a0y al Ejercito Nacional de Colombia env\u00ede copia de \u00a0la \u00a0documentaci\u00f3n \u00a0pertinente \u00a0en \u00a0la \u00a0que conste que ERMINSO CUEVAS CABRERA es \u00a0integrante de las FARC. \u00a0\u00a0<\/p>\n<p>Se \u00a0abstendr\u00e1 de pedir a la Embajada de los \u00a0Estados \u00a0 Unidos \u00a0de \u00a0Am\u00e9rica \u00a0remita \u00a0copia \u00a0de \u00a0las \u00a0normas \u00a0que \u00a0regulen \u00a0la \u00a0jurisdicci\u00f3n \u00a0territorial \u00a0de \u00a0ese \u00a0pa\u00eds, \u00a0con base en las cuales se considera \u00a0competente \u00a0para \u00a0conocer \u00a0del \u00a0delito \u00a0de \u00a0rebeli\u00f3n que desde 1964 las FARC ha \u00a0ejecutado \u00a0en \u00a0Colombia \u00a0y de narcotr\u00e1fico; ante su evidente impertinencia pues \u00a0no \u00a0se \u00a0dirigen \u00a0enervar \u00a0la \u00a0validez \u00a0formal \u00a0de \u00a0la \u00a0documentaci\u00f3n, \u00a0la plena \u00a0identidad \u00a0del \u00a0requerido, \u00a0el \u00a0principio \u00a0de \u00a0la \u00a0doble \u00a0incriminaci\u00f3n, \u00a0ni la \u00a0equivalencia de la providencia dictada en el exterior. \u00a0\u00a0<\/p>\n<p>Adem\u00e1s, \u00a0 para \u00a0establecer \u00a0si \u00a0la \u00a0doble \u00a0incriminaci\u00f3n \u00a0se \u00a0satisface \u00a0el \u00a0art\u00edculo \u00a0513 de la ley 600 de 2000 exige la \u00a0presencia \u00a0de las disposiciones penales aplicables al caso, es decir, de las que \u00a0tipifican \u00a0y \u00a0sancionan \u00a0las \u00a0conductas \u00a0que \u00a0soportan \u00a0la reclamaci\u00f3n, pero no \u00a0aquellas \u00a0que \u00a0facultan \u00a0a \u00a0las autoridades judiciales del pa\u00eds requirente para \u00a0someter \u00a0a \u00a0juicio \u00a0al requerido, por tratarse de un aspecto que s\u00f3lo concierne \u00a0ventilar y definir en el proceso penal fuente de la reclamaci\u00f3n. \u00a0\u00a0<\/p>\n<p>Reiteradamente la Corte ha venido sosteniendo \u00a0que \u00a0establecer si el gobierno requirente ofrece reciprocidad a la justicia y al \u00a0gobierno \u00a0colombianos \u00a0es \u00a0un \u00a0t\u00f3pico \u00a0que \u00a0carece de cualquier v\u00ednculo con el \u00a0concepto \u00a0de \u00a0la \u00a0Corte \u00a0y\u00a0 que es al Gobierno Nacional a quien incumbe, de \u00a0conceder \u00a0la \u00a0extradici\u00f3n, \u00a0establecer las condiciones que considere necesarias \u00a0acorde con las conveniencias nacionales. \u00a0\u00a0<\/p>\n<p>Tambi\u00e9n \u00a0negar\u00e1 \u00a0traer \u00a0al \u00a0expediente los \u00a0documentos \u00a0a \u00a0trav\u00e9s \u00a0de \u00a0los cuales la Secretar\u00eda de Estado de Norteam\u00e9rica \u00a0declar\u00f3 \u00a0a \u00a0las \u00a0FARC \u00a0como \u00a0organizaci\u00f3n \u00a0terrorista, \u00a0por \u00a0no \u00a0tener ninguna \u00a0conexi\u00f3n con los presupuestos del concepto. \u00a0\u00a0<\/p>\n<p>Y \u00a0pedir \u00a0que \u00a0los \u00a0\u201cjurados\u201d aclaren la \u00a0acusaci\u00f3n \u00a0se\u00f1alando \u00a0cu\u00e1les son las normas penales que tipifican la conducta \u00a0delictiva \u00a0relacionada \u00a0con el narcotr\u00e1fico; dado que las disposiciones penales \u00a0sustantivas \u00a0que \u00a0los \u00a0anexos dicen fueron transgredidas con la conducta punible \u00a0atribuida, \u00a0 hacen \u00a0 parte \u00a0 del \u00a0 expediente \u00a0 transcritas \u00a0 y \u00a0 traducidas \u00a0al \u00a0castellano. \u00a0\u00a0<\/p>\n<p>Sobre la posibilidad de que el requerido sea \u00a0torturado \u00a0en el pa\u00eds reclamante, es un t\u00f3pico que tampoco tiene relaci\u00f3n con \u00a0el \u00a0concepto, \u00a0adem\u00e1s \u00a0de que la Sala en los casos en los cuales rinde concepto \u00a0favorable \u00a0 solicita \u00a0 al \u00a0 Gobierno \u00a0Nacional \u00a0exija \u00a0al \u00a0pa\u00eds \u00a0requirente \u00a0el \u00a0extraditado \u00a0no \u00a0sea \u00a0juzgado \u00a0por \u00a0hechos \u00a0anteriores \u00a0o \u00a0distintos \u00a0a \u00a0los que \u00a0motivaron \u00a0la \u00a0solicitud \u00a0de \u00a0extradici\u00f3n, \u00a0ni \u00a0sometido \u00a0a \u00a0penas \u00a0de \u00a0muerte, \u00a0destierro, \u00a0prisi\u00f3n \u00a0perpetua \u00a0o \u00a0confiscaci\u00f3n, \u00a0ni \u00a0desaparici\u00f3n \u00a0forzada, a \u00a0torturas \u00a0ni \u00a0a \u00a0tratos o penas crueles, inhumanos o degradantes, de conformidad \u00a0con \u00a0 lo \u00a0 normado \u00a0 por \u00a0 los \u00a0 art\u00edculo \u00a0 12 \u00a0 y \u00a0 34 \u00a0 de \u00a0la \u00a0Constituci\u00f3n \u00a0Pol\u00edtica. \u00a0\u00a0<\/p>\n<p>Y \u00a0al se\u00f1or Presidente de la Rep\u00fablica que \u00a0como \u00a0 supremo \u00a0 director \u00a0 de \u00a0 la \u00a0pol\u00edtica \u00a0exterior \u00a0y \u00a0de \u00a0las \u00a0relaciones \u00a0internacionales, \u00a0le \u00a0corresponde \u00a0hacer \u00a0el seguimiento a los condicionamientos \u00a0que \u00a0el \u00a0Gobierno \u00a0imponga \u00a0a \u00a0la concesi\u00f3n de la extradici\u00f3n y determinar las \u00a0consecuencias que derivar\u00edan de su incumplimiento. \u00a0\u00a0<\/p>\n<p>Pedir \u00a0al \u00a0Gran Jurado reforme la acusaci\u00f3n \u00a0ajust\u00e1ndola \u00a0a \u00a0la \u00a0realidad \u00a0f\u00e1ctica \u00a0y \u00a0jur\u00eddica \u00a0porque \u00a0de acuerdo con la \u00a0declaraci\u00f3n \u00a0de \u00a0NEIL \u00a0M. \u00a0BAROFSKY \u00a0en \u00a0ella se mencion\u00f3 equivocadamente como \u00a0normas \u00a0transgredidas \u00a0la \u00a0Secci\u00f3n \u00a0960(b)(1)(A) \u00a0del t\u00edtulo 21 en lugar de la \u00a0Secci\u00f3n \u00a0 960(b)(1)(B) \u00a0como \u00a0correspond\u00eda; \u00a0es \u00a0totalmente \u00a0improcedente \u00a0por \u00a0carecer \u00a0la \u00a0Corte \u00a0de \u00a0facultad \u00a0constitucional \u00a0y \u00a0legal \u00a0para \u00a0ordenar \u00a0a las \u00a0autoridades \u00a0 \u00a0judiciales \u00a0 \u00a0de \u00a0 \u00a0ese \u00a0 \u00a0pa\u00eds \u00a0 \u00a0modificar \u00a0 \u00a0una \u00a0 \u00a0de \u00a0 \u00a0sus \u00a0decisiones. \u00a0\u00a0<\/p>\n<p>Ahora, \u00a0ninguna \u00a0dificultad \u00a0tendr\u00e1 la Sala \u00a0para \u00a0al \u00a0opinar definir si el principio de la doble incriminaci\u00f3n se satisface \u00a0por \u00a0esta \u00a0situaci\u00f3n, \u00a0pues \u00a0para \u00a0esos \u00a0efectos \u00a0cuenta \u00a0con la resoluci\u00f3n de \u00a0acusaci\u00f3n, \u00a0 la \u00a0 transcripci\u00f3n \u00a0de \u00a0las \u00a0normas \u00a0supuestamente \u00a0transgredidas \u00a0incluidas \u00a0las \u00a0indicada \u00a0por \u00a0el declarante y los testimonios rendidos en apoyo \u00a0por servidores p\u00fablicos de esa Naci\u00f3n. \u00a0\u00a0<\/p>\n<p>No \u00a0sobra \u00a0recordar \u00a0que \u00a0la \u00a0Sala \u00a0en \u00a0el \u00a0desempe\u00f1o \u00a0de su funci\u00f3n est\u00e1 obligada a verificar formalmente la presencia o \u00a0no \u00a0de \u00a0los \u00a0requisitos \u00a0del \u00a0concepto, \u00a0sin \u00a0que pueda entrar a verificar si la \u00a0adecuaci\u00f3n \u00a0t\u00edpica \u00a0efectuada \u00a0por \u00a0las \u00a0autoridades extranjeras y mucho menos \u00a0ordenarles \u00a0modificarla \u00a0de \u00a0acuerdo a su criterio; ya que para el estudio de la \u00a0doble \u00a0incriminaci\u00f3n \u00a0le \u00a0basta \u00a0definir \u00a0si en Colombia la conducta adem\u00e1s de \u00a0punible \u00a0es \u00a0sancionada \u00a0con \u00a0pena privativa de la libertad no inferior a cuatro \u00a0a\u00f1os. \u00a0\u00a0<\/p>\n<p>En \u00a0conclusi\u00f3n, negar\u00e1 la pr\u00e1ctica de las \u00a0pruebas pedidas. \u00a0\u00a0<\/p>\n<p>Por lo expuesto la Sala de Casaci\u00f3n Penal de \u00a0la Corte Suprema de Justicia; \u00a0\u00a0<\/p>\n<p>RESUELVE \u00a0<\/p>\n<p>NEGAR la pr\u00e1ctica \u00a0de \u00a0pruebas \u00a0solicitada \u00a0por \u00a0el defensor del requerido en extradici\u00f3n, ERMINSO \u00a0CUEVAS CABRERA, en raz\u00f3n a los motivos atr\u00e1s expuestos. \u00a0\u00a0<\/p>\n<p>C\u00f3piese, notif\u00edquese y c\u00famplase. \u00a0<\/p>\n<p>MAURO SOLARTE PORTILLA \u00a0<\/p>\n<p>SIGIFREDO \u00a0 \u00a0 \u00a0 \u00a0 \u00a0ESPINOSA \u00a0P\u00c9REZ\u00a0\u00a0\u00a0\u00a0\u00a0\u00a0\u00a0\u00a0\u00a0\u00a0\u00a0\u00a0\u00a0 \u00a0ALFREDO G\u00d3MEZ QUINTERO \u00a0\u00a0<\/p>\n<p>ALVARO \u00a0 \u00a0 \u00a0 \u00a0O. \u00a0 \u00a0 \u00a0 \u00a0P\u00c9REZ \u00a0PINZ\u00d3N\u00a0\u00a0\u00a0\u00a0\u00a0\u00a0\u00a0\u00a0\u00a0\u00a0\u00a0\u00a0\u00a0\u00a0\u00a0\u00a0\u00a0\u00a0 \u00a0MARINA PULIDO DE BAR\u00d3N \u00a0\u00a0<\/p>\n<p>JORGE \u00a0 \u00a0 \u00a0 \u00a0L. \u00a0 \u00a0 \u00a0 \u00a0QUINTERO \u00a0MILAN\u00c9S\u00a0\u00a0\u00a0\u00a0\u00a0\u00a0\u00a0\u00a0\u00a0\u00a0\u00a0\u00a0 \u00a0YESID RAM\u00cdREZ BASTIDAS \u00a0\u00a0<\/p>\n<p>Comisi\u00f3n de servicio \u00a0<\/p>\n<p>JULIO \u00a0ENRIQUE \u00a0SOCHA SALAMANCA\u00a0 JAVIER \u00a0ZAPATA ORT\u00cdZ \u00a0\u00a0<\/p>\n<p>TERESA RU\u00cdZ N\u00da\u00d1EZ \u00a0<\/p>\n<p>Secretaria \u00a0 \u00a0<\/p>\n<p><\/p>\n","protected":false},"excerpt":{"rendered":"<p>\u00a0 \u00a0 Proceso No 25898 \u00a0 \u00a0\u00a0\u00a0\u00a0\u00a0\u00a0\u00a0\u00a0\u00a0\u00a0\u00a0\u00a0\u00a0\u00a0\u00a0\u00a0\u00a0\u00a0\u00a0\u00a0\u00a0\u00a0\u00a0\u00a0\u00a0\u00a0\u00a0 \u00a0CORTE SUPREMA DE JUSTICIA \u00a0\u00a0 SALA DE CASACION PENAL \u00a0 Magistrado Ponente \u00a0 \u00a0\u00a0\u00a0\u00a0\u00a0\u00a0\u00a0\u00a0\u00a0\u00a0\u00a0\u00a0\u00a0\u00a0\u00a0\u00a0\u00a0\u00a0\u00a0\u00a0\u00a0\u00a0\u00a0\u00a0\u00a0\u00a0\u00a0\u00a0\u00a0\u00a0\u00a0\u00a0\u00a0\u00a0\u00a0\u00a0 \u00a0Dr. JULIO ENRIQUE SOCHA SALAMANCA \u00a0\u00a0 \u00a0\u00a0\u00a0\u00a0\u00a0\u00a0\u00a0\u00a0\u00a0\u00a0\u00a0\u00a0\u00a0\u00a0\u00a0\u00a0\u00a0\u00a0\u00a0\u00a0\u00a0\u00a0\u00a0\u00a0\u00a0\u00a0\u00a0\u00a0\u00a0\u00a0\u00a0\u00a0\u00a0\u00a0\u00a0\u00a0\u00a0\u00a0\u00a0 \u00a0Aprobado Acta No.133 \u00a0\u00a0 Bogot\u00e1 \u00a0D. C., veintitr\u00e9s (23) de noviembre \u00a0de dos mil seis (2006). \u00a0\u00a0 VISTOS \u00a0 Decide \u00a0la \u00a0Sala \u00a0acerca \u00a0de la solicitud de [&hellip;]<\/p>\n","protected":false},"author":1,"featured_media":0,"comment_status":"open","ping_status":"open","sticky":false,"template":"","format":"standard","meta":{"footnotes":""},"categories":[14],"tags":[],"class_list":["post-12021","post","type-post","status-publish","format-standard","hentry","category-14"],"_links":{"self":[{"href":"https:\/\/dmsjuridica.com\/buscador_20179478954\/salapenalcronologico20230723\/wp-json\/wp\/v2\/posts\/12021","targetHints":{"allow":["GET"]}}],"collection":[{"href":"https:\/\/dmsjuridica.com\/buscador_20179478954\/salapenalcronologico20230723\/wp-json\/wp\/v2\/posts"}],"about":[{"href":"https:\/\/dmsjuridica.com\/buscador_20179478954\/salapenalcronologico20230723\/wp-json\/wp\/v2\/types\/post"}],"author":[{"embeddable":true,"href":"https:\/\/dmsjuridica.com\/buscador_20179478954\/salapenalcronologico20230723\/wp-json\/wp\/v2\/users\/1"}],"replies":[{"embeddable":true,"href":"https:\/\/dmsjuridica.com\/buscador_20179478954\/salapenalcronologico20230723\/wp-json\/wp\/v2\/comments?post=12021"}],"version-history":[{"count":0,"href":"https:\/\/dmsjuridica.com\/buscador_20179478954\/salapenalcronologico20230723\/wp-json\/wp\/v2\/posts\/12021\/revisions"}],"wp:attachment":[{"href":"https:\/\/dmsjuridica.com\/buscador_20179478954\/salapenalcronologico20230723\/wp-json\/wp\/v2\/media?parent=12021"}],"wp:term":[{"taxonomy":"category","embeddable":true,"href":"https:\/\/dmsjuridica.com\/buscador_20179478954\/salapenalcronologico20230723\/wp-json\/wp\/v2\/categories?post=12021"},{"taxonomy":"post_tag","embeddable":true,"href":"https:\/\/dmsjuridica.com\/buscador_20179478954\/salapenalcronologico20230723\/wp-json\/wp\/v2\/tags?post=12021"}],"curies":[{"name":"wp","href":"https:\/\/api.w.org\/{rel}","templated":true}]}}