{"id":1182,"date":"2023-09-07T21:00:16","date_gmt":"2023-09-07T21:00:16","guid":{"rendered":"https:\/\/dmsjuridica.com\/buscador_20179478954\/salapenalcronologico20230723\/2023\/09\/07\/12938-25-03-98\/"},"modified":"2023-09-07T21:00:16","modified_gmt":"2023-09-07T21:00:16","slug":"12938-25-03-98","status":"publish","type":"post","link":"https:\/\/dmsjuridica.com\/buscador_20179478954\/salapenalcronologico20230723\/2023\/09\/07\/12938-25-03-98\/","title":{"rendered":"12938 (25-03-98)"},"content":{"rendered":"\n<p>\u00a0 \u00a0 LIBERTAD \u00a0 \u00a0PROVISIONAL\/ \u00a0 ALTERNATIVIDAD \u00a0PENAL \u00a0\u00a0<\/p>\n<p>El \u00a0art\u00edculo \u00a0415 \u00a0numeral \u00a0segundo \u00a0del \u00a0c\u00f3digo \u00a0de \u00a0procedimiento penal dispone que el sindicado \u00a0tendr\u00e1 \u00a0 derecho \u00a0a \u00a0la \u00a0libertad \u00a0provisional \u00a0garantizada \u00a0mediante \u00a0cauci\u00f3n \u00a0juratoria \u00a0 o \u00a0prendaria, \u00a0cuando \u00a0lleve \u00a0en \u00a0detenci\u00f3n \u00a0preventiva \u00a0el \u00a0tiempo \u00a0necesario \u00a0para \u00a0obtener libertad condicional, siempre que se re\u00fanan los dem\u00e1s \u00a0requisitos para otorgarla. \u00a0\u00a0<\/p>\n<p>Por \u00a0su \u00a0parte, \u00a0el \u00a0art\u00edculo 72 del c\u00f3digo \u00a0penal, \u00a0norma \u00a0aplicable en el presente caso, por cuanto entre otros delitos los \u00a0procesados \u00a0fueron \u00a0condenados \u00a0por hurto calificado y agravado, il\u00edcito que se \u00a0encuentra \u00a0excluido \u00a0del \u00a0r\u00e9gimen especial que contempla el art\u00edculo 72A\u00a0 \u00a0ib\u00eddem, \u00a0establece \u00a0que \u00a0el \u00a0juez \u00a0podr\u00e1 \u00a0conceder \u00a0la libertad condicional al \u00a0condenado \u00a0a \u00a0la \u00a0pena \u00a0de \u00a0arresto \u00a0mayor \u00a0de tres a\u00f1os o a la de prisi\u00f3n que \u00a0exceda \u00a0de \u00a0dos, \u00a0cuando \u00a0haya \u00a0cumplido \u00a0las dos terceras partes de la condena, \u00a0siempre \u00a0que su personalidad, su buena conducta en el establecimiento carcelario \u00a0y \u00a0 sus \u00a0 antecedentes \u00a0 de \u00a0 todo \u00a0 orden, \u00a0permitan \u00a0suponer \u00a0fundadamente \u00a0su \u00a0readaptaci\u00f3n social. \u00a0\u00a0<\/p>\n<p>PROCESO No. 12938 \u00a0<\/p>\n<p>CORTE SUPREMA DE JUSTICIA \u00a0<\/p>\n<p>SALA DE CASACION PENAL \u00a0<\/p>\n<p>\u00a0\u00a0\u00a0\u00a0\u00a0\u00a0\u00a0\u00a0\u00a0\u00a0\u00a0\u00a0\u00a0\u00a0\u00a0\u00a0\u00a0\u00a0\u00a0\u00a0\u00a0\u00a0\u00a0\u00a0\u00a0\u00a0\u00a0\u00a0\u00a0\u00a0 \u00a0MAGISTRADO PONENTE: \u00a0\u00a0<\/p>\n<p>\u00a0\u00a0\u00a0\u00a0\u00a0\u00a0\u00a0\u00a0\u00a0\u00a0\u00a0\u00a0\u00a0\u00a0\u00a0\u00a0\u00a0\u00a0\u00a0\u00a0\u00a0\u00a0\u00a0\u00a0\u00a0\u00a0\u00a0\u00a0\u00a0\u00a0 \u00a0DR. RICARDO CALVETE RANGEL \u00a0\u00a0<\/p>\n<p>\u00a0\u00a0\u00a0\u00a0\u00a0\u00a0\u00a0\u00a0\u00a0\u00a0\u00a0\u00a0\u00a0\u00a0\u00a0\u00a0\u00a0\u00a0\u00a0\u00a0\u00a0\u00a0\u00a0\u00a0\u00a0\u00a0\u00a0\u00a0\u00a0\u00a0 \u00a0APROBADO ACTA No. 42 \u00a0\u00a0<\/p>\n<p>Santaf\u00e9 de Bogot\u00e1, D.C.,\u00a0 veinticinco \u00a0(25) de marzo de mil novecientos noventa y ocho (1998). \u00a0\u00a0<\/p>\n<p>VISTOS \u00a0<\/p>\n<p>La Corte resuelve las solicitudes de libertad \u00a0elevadas \u00a0por \u00a0los \u00a0procesados \u00a0JHON \u00a0JAIRO CARDONA CASTA\u00d1EDA y NELSON DE JESUS \u00a0CARDONA \u00a0URIBE, \u00a0quienes \u00a0argumentan\u00a0 que tienen derecho al subrogado penal \u00a0de \u00a0la \u00a0libertad condicional, por cuanto llevan en detenci\u00f3n un tiempo superior \u00a0a las dos terceras partes de la pena impuesta. \u00a0\u00a0<\/p>\n<p>CONSIDERACIONES DE LA SALA \u00a0<\/p>\n<p>1.\u00a0 El art\u00edculo 415 numeral segundo del \u00a0c\u00f3digo \u00a0de \u00a0procedimiento \u00a0penal \u00a0dispone que el sindicado tendr\u00e1 derecho a la \u00a0libertad \u00a0provisional \u00a0garantizada \u00a0mediante \u00a0cauci\u00f3n \u00a0juratoria \u00a0o \u00a0prendaria, \u00a0cuando \u00a0lleve en detenci\u00f3n preventiva el tiempo necesario para obtener libertad \u00a0condicional, \u00a0 \u00a0siempre \u00a0 \u00a0que \u00a0 se \u00a0 re\u00fanan \u00a0 los \u00a0 dem\u00e1s \u00a0 requisitos \u00a0 para \u00a0otorgarla. \u00a0\u00a0<\/p>\n<p>Por \u00a0su \u00a0parte, \u00a0el art\u00edculo 72 del c\u00f3digo \u00a0penal, \u00a0norma \u00a0aplicable en el presente caso, por cuanto entre otros delitos los \u00a0procesados \u00a0fueron \u00a0condenados \u00a0por hurto calificado y agravado, il\u00edcito que se \u00a0encuentra \u00a0excluido \u00a0del \u00a0r\u00e9gimen especial que contempla el art\u00edculo 72A\u00a0 \u00a0ib\u00eddem, \u00a0establece \u00a0que \u00a0el \u00a0juez \u00a0podr\u00e1 \u00a0conceder \u00a0la libertad condicional al \u00a0condenado \u00a0a \u00a0la \u00a0pena \u00a0de \u00a0arresto \u00a0mayor \u00a0de tres a\u00f1os o a la de prisi\u00f3n que \u00a0exceda \u00a0de \u00a0dos, \u00a0cuando \u00a0haya \u00a0cumplido \u00a0las dos terceras partes de la condena, \u00a0siempre \u00a0que su personalidad, su buena conducta en el establecimiento carcelario \u00a0y \u00a0 sus \u00a0 antecedentes \u00a0 de \u00a0 todo \u00a0 orden, \u00a0permitan \u00a0suponer \u00a0fundadamente \u00a0su \u00a0readaptaci\u00f3n social. \u00a0\u00a0<\/p>\n<p>2.\u00a0 \u00a0Mediante \u00a0providencia \u00a0del \u00a0veinte \u00a0de\u00a0 \u00a0mayo \u00a0de \u00a0mil \u00a0novecientos \u00a0noventa y siete, la Sala neg\u00f3 la libertad \u00a0provisional \u00a0al \u00a0procesado \u00a0JHON \u00a0JAIRO \u00a0CARDONA CASTA\u00d1EDA, argumentando en esa \u00a0ocasi\u00f3n \u00a0que \u00a0si \u00a0bien \u00a0cumple \u00a0el \u00a0requisito \u00a0objetivo \u00a0exigido por el numeral \u00a0segundo \u00a0del \u00a0art\u00edculo \u00a0415, no puede hacerse igual consideraci\u00f3n respecto del \u00a0factor \u00a0de \u00a0car\u00e1cter \u00a0subjetivo \u00a0que demanda el art\u00edculo 72 del c\u00f3digo penal, \u00a0pues \u00a0los \u00a0delitos \u00a0en \u00a0que \u00a0incurri\u00f3 \u00a0el \u00a0sindicado \u00a0permiten diagnosticar una \u00a0personalidad \u00a0inclinada a transgredir la ley penal, por lo que se hace necesario \u00a0el cumplimiento total de la pena. \u00a0\u00a0<\/p>\n<p>3.\u00a0 \u00a0Igual \u00a0situaci\u00f3n \u00a0se \u00a0presenta en \u00a0relaci\u00f3n \u00a0con \u00a0NELSON \u00a0DE \u00a0JESUS CARDONA URIBE, toda vez que\u00a0 en prove\u00eddo \u00a0del \u00a0cinco \u00a0de \u00a0junio \u00a0\u00faltimo,\u00a0 \u00a0la Sala tambi\u00e9n neg\u00f3 su excarcelaci\u00f3n, \u00a0se\u00f1alando \u00a0que \u00a0tampoco \u00a0cumple \u00a0el \u00a0requisito \u00a0subjetivo \u00a0que demanda la norma \u00a0penal, \u00a0en \u00a0virtud \u00a0a \u00a0que \u00a0los \u00a0hechos por los cuales fue sentenciado a la pena \u00a0principal \u00a0de seis a\u00f1os de prisi\u00f3n, impiden emitir un concepto favorable sobre \u00a0su \u00a0personalidad, \u00a0pues \u00a0de \u00a0lo \u00a0que \u00a0de \u00a0ellos se infiere es que se trata de un \u00a0sujeto \u00a0proclive \u00a0al delito, que de manera deliberada decidi\u00f3 integrar la banda \u00a0de \u00a0delincuentes que lesion\u00f3 el patrimonio econ\u00f3mico y puso en grave riesgo la \u00a0vida de los moradores de la heredad asaltada.\u00a0 \u00a0\u00a0<\/p>\n<p>4.\u00a0 \u00a0Para \u00a0tener \u00a0derecho a la libertad \u00a0provisional \u00a0que \u00a0reclaman \u00a0los peticionarios, no es suficiente haber descontado \u00a0las \u00a0dos \u00a0terceras partes de la pena impuesta, sino que adem\u00e1s es necesario que \u00a0su \u00a0personalidad, \u00a0su \u00a0buena \u00a0conducta \u00a0en \u00a0el \u00a0establecimiento carcelario y sus \u00a0antecedentes \u00a0de \u00a0todo \u00a0orden \u00a0permitan \u00a0pronosticar su readaptaci\u00f3n social, al \u00a0punto \u00a0que \u00a0el \u00a0examen desfavorable de uno cualquiera de esos aspectos impide la \u00a0liberaci\u00f3n provisional, como acontece en el caso sub judice. \u00a0\u00a0<\/p>\n<p>En \u00a0m\u00e9rito \u00a0de \u00a0lo \u00a0expuesto, \u00a0la \u00a0Sala \u00a0de \u00a0Casaci\u00f3n Penal de la Corte Suprema de Justicia, \u00a0\u00a0<\/p>\n<p>RESUELVE: \u00a0<\/p>\n<p>Negar \u00a0 la \u00a0 libertad \u00a0provisional \u00a0a \u00a0los \u00a0procesados \u00a0 JHON \u00a0 JAIRO \u00a0 CARDONA \u00a0 CASTA\u00d1EDA \u00a0 y \u00a0NELSON \u00a0DE \u00a0JESUS \u00a0CARDONA \u00a0URIBE. \u00a0\u00a0<\/p>\n<p>C\u00f3piese, notif\u00edquese y c\u00famplase \u00a0<\/p>\n<p>JORGE ENRIQUE CORDOBA POVEDA \u00a0<\/p>\n<p>FERNANDO \u00a0E. \u00a0ARBOLEDA \u00a0RIPOLL \u00a0\u00a0 \u00a0\u00a0 \u00a0\u00a0 \u00a0\u00a0 \u00a0\u00a0 \u00a0\u00a0 \u00a0 \u00a0 \u00a0\u00a0 \u00a0 \u00a0 \u00a0\u00a0RICARDO \u00a0 \u00a0 CALVETE \u00a0RANGEL \u00a0 \u00a0 \u00a0 \u00a0 \u00a0\u00a0 \u00a0\u00a0 \u00a0\u00a0 \u00a0\u00a0 \u00a0\u00a0 \u00a0\u00a0 \u00a0\u00a0 \u00a0\u00a0 \u00a0 \u00a0 \u00a0\u00a0<\/p>\n<p>CARLOS \u00a0AUGUSTO \u00a0GALVEZ \u00a0ARGOTE \u00a0\u00a0 \u00a0\u00a0 \u00a0\u00a0 \u00a0\u00a0 \u00a0\u00a0 \u00a0\u00a0 \u00a0 \u00a0 \u00a0 \u00a0 \u00a0\u00a0JORGE \u00a0 \u00a0ANIBAL \u00a0 \u00a0GOMEZ \u00a0GALLEGO \u00a0\u00a0<\/p>\n<p>CARLOS \u00a0 E. \u00a0 MEJIA \u00a0 ESCOBAR \u00a0\u00a0 \u00a0\u00a0 \u00a0\u00a0 \u00a0\u00a0 \u00a0\u00a0 \u00a0\u00a0 \u00a0 \u00a0\u00a0 \u00a0 \u00a0 \u00a0 \u00a0 \u00a0 \u00a0 \u00a0 \u00a0 \u00a0\u00a0DIDIMO \u00a0PAEZ VELANDIA \u00a0\u00a0 \u00a0\u00a0 \u00a0\u00a0 \u00a0\u00a0 \u00a0\u00a0 \u00a0\u00a0 \u00a0 \u00a0\u00a0 \u00a0 \u00a0 \u00a0 \u00a0 \u00a0\u00a0 \u00a0\u00a0 \u00a0\u00a0 \u00a0\u00a0 \u00a0\u00a0 \u00a0\u00a0 \u00a0\u00a0 \u00a0\u00a0 \u00a0 \u00a0\u00a0 \u00a0 \u00a0 \u00a0 \u00a0 \u00a0 \u00a0 \u00a0 \u00a0 \u00a0\u00a0 \u00a0 \u00a0 \u00a0 \u00a0 \u00a0\u00a0 \u00a0\u00a0 \u00a0\u00a0 \u00a0\u00a0 \u00a0\u00a0 \u00a0\u00a0 \u00a0\u00a0 \u00a0\u00a0 \u00a0 \u00a0\u00a0 \u00a0 \u00a0 \u00a0 \u00a0 \u00a0 \u00a0 \u00a0 \u00a0 \u00a0\u00a0NO \u00a0\u00a0<\/p>\n<p>NILSON \u00a0 \u00a0PINILLA \u00a0 \u00a0PINILLA \u00a0\u00a0 \u00a0\u00a0 \u00a0\u00a0 \u00a0\u00a0 \u00a0\u00a0 \u00a0\u00a0 \u00a0 \u00a0\u00a0 \u00a0 \u00a0 \u00a0 \u00a0 \u00a0 \u00a0 \u00a0 \u00a0 \u00a0\u00a0JUAN MANUEL TORRES FRESNEDA \u00a0\u00a0<\/p>\n<p>PATRICIA SALAZAR CUELLAR \u00a0<\/p>\n<p>Secretaria \u00a0<\/p>\n<p>\u00a0 \u00a0<\/p>\n<p>\u00a0 \u00a0\u00a0<\/p>\n<p><\/p>\n","protected":false},"excerpt":{"rendered":"<p>\u00a0 \u00a0 LIBERTAD \u00a0 \u00a0PROVISIONAL\/ \u00a0 ALTERNATIVIDAD \u00a0PENAL \u00a0\u00a0 El \u00a0art\u00edculo \u00a0415 \u00a0numeral \u00a0segundo \u00a0del \u00a0c\u00f3digo \u00a0de \u00a0procedimiento penal dispone que el sindicado \u00a0tendr\u00e1 \u00a0 derecho \u00a0a \u00a0la \u00a0libertad \u00a0provisional \u00a0garantizada \u00a0mediante \u00a0cauci\u00f3n \u00a0juratoria \u00a0 o \u00a0prendaria, \u00a0cuando \u00a0lleve \u00a0en \u00a0detenci\u00f3n \u00a0preventiva \u00a0el \u00a0tiempo \u00a0necesario \u00a0para \u00a0obtener libertad condicional, siempre que se re\u00fanan los dem\u00e1s [&hellip;]<\/p>\n","protected":false},"author":1,"featured_media":0,"comment_status":"open","ping_status":"open","sticky":false,"template":"","format":"standard","meta":{"footnotes":""},"categories":[6],"tags":[],"class_list":["post-1182","post","type-post","status-publish","format-standard","hentry","category-6"],"_links":{"self":[{"href":"https:\/\/dmsjuridica.com\/buscador_20179478954\/salapenalcronologico20230723\/wp-json\/wp\/v2\/posts\/1182","targetHints":{"allow":["GET"]}}],"collection":[{"href":"https:\/\/dmsjuridica.com\/buscador_20179478954\/salapenalcronologico20230723\/wp-json\/wp\/v2\/posts"}],"about":[{"href":"https:\/\/dmsjuridica.com\/buscador_20179478954\/salapenalcronologico20230723\/wp-json\/wp\/v2\/types\/post"}],"author":[{"embeddable":true,"href":"https:\/\/dmsjuridica.com\/buscador_20179478954\/salapenalcronologico20230723\/wp-json\/wp\/v2\/users\/1"}],"replies":[{"embeddable":true,"href":"https:\/\/dmsjuridica.com\/buscador_20179478954\/salapenalcronologico20230723\/wp-json\/wp\/v2\/comments?post=1182"}],"version-history":[{"count":0,"href":"https:\/\/dmsjuridica.com\/buscador_20179478954\/salapenalcronologico20230723\/wp-json\/wp\/v2\/posts\/1182\/revisions"}],"wp:attachment":[{"href":"https:\/\/dmsjuridica.com\/buscador_20179478954\/salapenalcronologico20230723\/wp-json\/wp\/v2\/media?parent=1182"}],"wp:term":[{"taxonomy":"category","embeddable":true,"href":"https:\/\/dmsjuridica.com\/buscador_20179478954\/salapenalcronologico20230723\/wp-json\/wp\/v2\/categories?post=1182"},{"taxonomy":"post_tag","embeddable":true,"href":"https:\/\/dmsjuridica.com\/buscador_20179478954\/salapenalcronologico20230723\/wp-json\/wp\/v2\/tags?post=1182"}],"curies":[{"name":"wp","href":"https:\/\/api.w.org\/{rel}","templated":true}]}}