{"id":1161,"date":"2023-09-07T21:00:14","date_gmt":"2023-09-07T21:00:14","guid":{"rendered":"https:\/\/dmsjuridica.com\/buscador_20179478954\/salapenalcronologico20230723\/2023\/09\/07\/12629-31-08-98\/"},"modified":"2023-09-07T21:00:14","modified_gmt":"2023-09-07T21:00:14","slug":"12629-31-08-98","status":"publish","type":"post","link":"https:\/\/dmsjuridica.com\/buscador_20179478954\/salapenalcronologico20230723\/2023\/09\/07\/12629-31-08-98\/","title":{"rendered":"12629 (31-08-98)"},"content":{"rendered":"\n<p>\u00a0 \u00a0 Proceso No. 12629 \u00a0<\/p>\n<p>CORTE SUPREMA DE JUSTICIA \u00a0<\/p>\n<p>SALA DE CASACION PENAL \u00a0<\/p>\n<p>Magistrado Ponente \u00a0<\/p>\n<p>DR. EDGAR LOMBANA TRUJILLO \u00a0<\/p>\n<p>Aprobado \u00a0 \u00a0Acta \u00a0 \u00a0No. \u00a0 \u00a0128 \u00a0 \u00a0(Agosto \u00a028\/98) \u00a0\u00a0<\/p>\n<p>\u00a0 \u00a0\u00a0 \u00a0\u00a0 \u00a0\u00a0Santaf\u00e9 \u00a0de \u00a0Bogot\u00e1, \u00a0D.C., \u00a0treinta \u00a0y \u00a0uno (31) de agosto de mil \u00a0novecientos noventa y ocho (1998). \u00a0\u00a0<\/p>\n<p>\u00a0 \u00a0\u00a0 \u00a0\u00a0 \u00a0\u00a0Mediante \u00a0este \u00a0prove\u00eddo \u00a0la \u00a0Sala inadmitir\u00e1 un poder y proveer\u00e1 \u00a0para que se designe un defensor p\u00fablico. \u00a0\u00a0<\/p>\n<p>ANTECEDENTES \u00a0<\/p>\n<p>\u00a0 \u00a0\u00a0 \u00a0\u00a0 \u00a0\u00a0Admitida \u00a0la demanda de revisi\u00f3n contra la sentencia que conden\u00f3 a \u00a0JAIRO \u00a0CORREA \u00a0ALZATE\u00a0 \u00a0por \u00a0infracci\u00f3n \u00a0a la ley 30 de 1.986 y reconocido \u00a0como \u00a0su \u00a0apoderado \u00a0al \u00a0doctor \u00a0Eduardo \u00a0Uma\u00f1a \u00a0Mendoza \u00a0(fl.129), se abri\u00f3 a \u00a0pruebas \u00a0(fl. \u00a0138) \u00a0y, \u00a0ante \u00a0la muerte del referido apoderado, se requiri\u00f3 al \u00a0mencionado \u00a0procesado \u00a0para \u00a0la designaci\u00f3n de otro, recibi\u00e9ndose en respuesta \u00a0un \u00a0poder \u00a0que \u00a0Claudia \u00a0Mar\u00eda \u00a0Zapata \u00a0Agudelo, \u00a0compa\u00f1era de Correa Alzate , \u00a0confiere \u00a0al abogado Diego Alberto Ch\u00e1vez Chac\u00f3n, para que represente a Correa \u00a0Alzate \u00a0\u201cmientras \u00a0se \u00a0aclara la desaparici\u00f3n o se declara su muerte presunta \u00a0de acuerdo a los c\u00e1nones de ley\u201d (fl.148 infra.). \u00a0\u00a0<\/p>\n<p>\u00a0 \u00a0\u00a0 \u00a0\u00a0 \u00a0\u00a0Anex\u00f3 \u00a0la \u00a0poderdante \u00a0copia \u00a0de los registros civiles de los hijos \u00a0habidos \u00a0entre \u00a0ambos\u00a0 \u00a0y \u00a0de \u00a0la denuncia que ella formul\u00f3 en la Polic\u00eda \u00a0Judicial \u00a0por \u00a0el \u00a0delito \u00a0de \u00a0\u201csecuestro\u201d cometido en su compa\u00f1ero el 7 de \u00a0febrero \u00a0\u00faltimo \u00a0en una finca del Municipio La\u00a0 Dorada, hecho que tambi\u00e9n \u00a0fue hecho p\u00fablico por los medios de informaci\u00f3n (fls.150 a 161). \u00a0\u00a0<\/p>\n<p>\u00a0 \u00a0\u00a0 \u00a0\u00a0 \u00a0\u00a0Con \u00a0base \u00a0en dicho poder el mencionado abogado presenta un memorial \u00a0(fls. \u00a0162 \u00a0a \u00a0168) \u00a0en \u00a0el \u00a0que reitera el referido secuestro y dice que por la \u00a0muerte \u00a0del \u00a0anterior \u00a0apoderado \u00a0\u201clos \u00a0intereses \u00a0del \u00a0recurrente han quedado \u00a0totalmente \u00a0desprotegidos \u00a0al \u00a0no poder estar presente el revisionista, sumado a \u00a0la \u00a0desaparici\u00f3n \u00a0tr\u00e1gica de su apoderado\u201d (fl.165), por lo cual pide que se \u00a0le \u00a0admita como tal y conforme a los art\u00edculos 160 del C\u00f3digo de Procedimiento \u00a0Penal \u00a0y \u00a0168, \u00a0169, \u00a0170 \u00a0y \u00a0siguientes \u00a0del C\u00f3digo de Procedimiento Civil, SE \u00a0SUSPENDA \u00a0la \u00a0presente \u00a0actuaci\u00f3n \u00a0\u201chasta \u00a0que \u00a0los \u00a0motivos \u00a0expuestos de la \u00a0inasistencia \u00a0del \u00a0solicitante \u00a0JAIRO \u00a0CORREA ALZATE al proceso, se aclaren o se \u00a0verifique \u00a0su muerte presunta por las autoridades competentes\u201d (fl.165.infra), \u00a0y menciona los art\u00edculos 12, 13,\u00a0 y 29 de la Carta Pol\u00edtica. \u00a0\u00a0<\/p>\n<p>\u00a0 \u00a0\u00a0 \u00a0\u00a0 \u00a0\u00a0Adjunta \u00a0el \u00a0acta \u00a0civil \u00a0de \u00a0defunci\u00f3n \u00a0del \u00a0doctor Eduardo Uma\u00f1a \u00a0Mendoza. \u00a0\u00a0<\/p>\n<p>SE CONSIDERA \u00a0<\/p>\n<p>La \u00a0\u201cagencia oficiosa procesal\u201d, prevista \u00a0en \u00a0el art\u00edculo 47 del C\u00f3digo de Procedimiento Civil no es evidentemente norma \u00a0aplicable \u00a0al procedimiento penal, lo cual se constata con una simple lectura de \u00a0su texto. \u00a0\u00a0<\/p>\n<p>\u00a0 \u00a0\u00a0 \u00a0\u00a0 \u00a0\u00a0En \u00a0cambio, \u00a0cuando \u00a0el \u00a0procesado est\u00e1 en incapacidad econ\u00f3mica o \u00a0\u201csocial\u201d, \u00a0lo \u00a0procedente es la designaci\u00f3n de un defensor p\u00fablico, seg\u00fan \u00a0lo \u00a0contemplan \u00a0los art\u00edculos 140 del C\u00f3digo de Procedimiento Penal y 21 de la \u00a0Ley \u00a024 \u00a0de \u00a01.992, \u00a0la \u00a0cual desarrolla el art\u00edculo 283 de la Carta Pol\u00edtica, \u00a0sobre \u00a0organizaci\u00f3n \u00a0y \u00a0funcionamiento \u00a0de \u00a0la Defensor\u00eda del Pueblo.\u00a0 Se \u00a0reitera \u00a0que \u00a0como \u00a0el accionante JAIRO CORREA ALZATE, al estar de todas maneras \u00a0desaparecido, \u00a0se \u00a0encuentra \u00a0en \u00a0imposibilidad \u00a0\u201csocial\u201d de proveer por s\u00ed \u00a0mismo \u00a0a \u00a0la defensa de sus derechos en el tr\u00e1mite de la presente acci\u00f3n (art. \u00a0232 \u00a0C.P.P.), esta Sala oficiar\u00e1 en el sentido antes dicho a la Defensor\u00eda del \u00a0Pueblo. \u00a0\u00a0<\/p>\n<p>\u00a0 \u00a0\u00a0 \u00a0\u00a0 \u00a0\u00a0Se \u00a0inadmitir\u00e1 \u00a0entonces \u00a0el poder en referencia y consecuentemente \u00a0no \u00a0se \u00a0examinar\u00e1 \u00a0la \u00a0solicitud \u00a0de \u00a0suspensi\u00f3n \u00a0del \u00a0tr\u00e1mite de la presente \u00a0revisi\u00f3n, \u00a0sin \u00a0que \u00a0sobre advertir que aqu\u00ed no se encara la \u201csuspensi\u00f3n de \u00a0t\u00e9rminos \u00a0legales en procesos penales contra el secuestrado\u201d (art. 21 ley 282 \u00a0de \u00a01.996), \u00a0pues \u00a0el \u00a0que \u00a0se \u00a0sigui\u00f3 \u00a0en contra del nombrado CORREA ALZATE ya \u00a0termin\u00f3 \u00a0con \u00a0car\u00e1cter \u00a0de \u00a0cosa \u00a0juzgada, \u00a0y, \u00a0en \u00a0cambio, \u00a0aqu\u00ed \u00a0obra dicho \u00a0condenado como parte activa o accionante. \u00a0\u00a0<\/p>\n<p>\u00a0 \u00a0\u00a0 \u00a0\u00a0 \u00a0\u00a0Se \u00a0enterar\u00e1 \u00a0de \u00a0esta \u00a0decisi\u00f3n \u00a0a \u00a0la \u00a0poderdante Claudia Mar\u00eda \u00a0Zapata. \u00a0\u00a0<\/p>\n<p>\u00a0 \u00a0 \u00a0 \u00a0 \u00a0<\/p>\n<p>En m\u00e9rito de lo expuesto la Sala de Casaci\u00f3n \u00a0Penal \u00a0de \u00a0la Corte Suprema de Justicia y administrando justicia en el nombre de \u00a0la Rep\u00fablica y por autoridad de la ley, \u00a0\u00a0<\/p>\n<p>RESUELVE \u00a0<\/p>\n<p>\u00a0 \u00a0\u00a0 \u00a0\u00a0 \u00a0\u00a01.- \u00a0INADMITIR el \u00a0poder otorgado al doctor Diego Alberto Ch\u00e1vez Alarc\u00f3n. \u00a0\u00a0<\/p>\n<p>\u00a0 \u00a0\u00a0 \u00a0\u00a0 \u00a0\u00a02.- \u00a0Por \u00a0Secretar\u00eda \u00a0de \u00a0la \u00a0Sala \u00a0of\u00edciese \u00a0a la Defensor\u00eda del \u00a0Pueblo \u00a0para \u00a0que \u00a0proceda a designarle un apoderado al accionante en revisi\u00f3n, \u00a0se\u00f1or JAIRO CORREA ALZATE. \u00a0\u00a0<\/p>\n<p>\u00a0 \u00a0\u00a0 \u00a0\u00a0 \u00a0\u00a03.- \u00a0Ent\u00e9rese \u00a0de \u00a0lo aqu\u00ed resuelto a la poderdante Claudia Mar\u00eda \u00a0Zapata. \u00a0\u00a0<\/p>\n<p>C\u00f3piese, \u00a0 notif\u00edquese \u00a0 y \u00a0 c\u00famplase. \u00a0\u00a0<\/p>\n<p>EDGAR \u00a0 \u00a0 \u00a0 \u00a0 \u00a0 \u00a0LOMBANA \u00a0TRUJILLO\u00a0\u00a0\u00a0\u00a0\u00a0\u00a0\u00a0 \u00a0\u00a0<\/p>\n<p>CARLOS \u00a0 A. \u00a0 CANO \u00a0 JARAMILLO \u00a0\u00a0 \u00a0 \u00a0 \u00a0 \u00a0 \u00a0 \u00a0\u00a0 \u00a0\u00a0 \u00a0 \u00a0 \u00a0 \u00a0WILLIAM MONROY VICTORIA \u00a0\u00a0<\/p>\n<p>GUILLERMO \u00a0 \u00a0GARCIA \u00a0 \u00a0GUAJE \u00a0\u00a0 \u00a0 \u00a0 \u00a0 \u00a0 \u00a0 \u00a0\u00a0 \u00a0\u00a0 \u00a0 \u00a0 \u00a0 \u00a0JAIME RICO CARVAJAL \u00a0\u00a0<\/p>\n<p>HUMBERTO \u00a0 RODRIGUEZ \u00a0 CORTES \u00a0\u00a0 \u00a0 \u00a0 \u00a0 \u00a0 \u00a0 \u00a0\u00a0 \u00a0 \u00a0 \u00a0 \u00a0 \u00a0 \u00a0ARNOLDO \u00a0 \u00a0 \u00a0 \u00a0 \u00a0ZARAZO \u00a0OVIEDO\u00a0\u00a0\u00a0\u00a0\u00a0\u00a0\u00a0\u00a0\u00a0\u00a0\u00a0\u00a0\u00a0\u00a0\u00a0\u00a0\u00a0\u00a0\u00a0\u00a0 \u00a0\u00a0<\/p>\n<p>PATRICIA SALAZAR CUELLAR \u00a0<\/p>\n<p>Secretaria \u00a0 \u00a0<\/p>\n<p><\/p>\n","protected":false},"excerpt":{"rendered":"<p>\u00a0 \u00a0 Proceso No. 12629 \u00a0 CORTE SUPREMA DE JUSTICIA \u00a0 SALA DE CASACION PENAL \u00a0 Magistrado Ponente \u00a0 DR. EDGAR LOMBANA TRUJILLO \u00a0 Aprobado \u00a0 \u00a0Acta \u00a0 \u00a0No. \u00a0 \u00a0128 \u00a0 \u00a0(Agosto \u00a028\/98) \u00a0\u00a0 \u00a0 \u00a0\u00a0 \u00a0\u00a0 \u00a0\u00a0Santaf\u00e9 \u00a0de \u00a0Bogot\u00e1, \u00a0D.C., \u00a0treinta \u00a0y \u00a0uno (31) de agosto de mil \u00a0novecientos noventa y ocho (1998). [&hellip;]<\/p>\n","protected":false},"author":1,"featured_media":0,"comment_status":"open","ping_status":"open","sticky":false,"template":"","format":"standard","meta":{"footnotes":""},"categories":[6],"tags":[],"class_list":["post-1161","post","type-post","status-publish","format-standard","hentry","category-6"],"_links":{"self":[{"href":"https:\/\/dmsjuridica.com\/buscador_20179478954\/salapenalcronologico20230723\/wp-json\/wp\/v2\/posts\/1161","targetHints":{"allow":["GET"]}}],"collection":[{"href":"https:\/\/dmsjuridica.com\/buscador_20179478954\/salapenalcronologico20230723\/wp-json\/wp\/v2\/posts"}],"about":[{"href":"https:\/\/dmsjuridica.com\/buscador_20179478954\/salapenalcronologico20230723\/wp-json\/wp\/v2\/types\/post"}],"author":[{"embeddable":true,"href":"https:\/\/dmsjuridica.com\/buscador_20179478954\/salapenalcronologico20230723\/wp-json\/wp\/v2\/users\/1"}],"replies":[{"embeddable":true,"href":"https:\/\/dmsjuridica.com\/buscador_20179478954\/salapenalcronologico20230723\/wp-json\/wp\/v2\/comments?post=1161"}],"version-history":[{"count":0,"href":"https:\/\/dmsjuridica.com\/buscador_20179478954\/salapenalcronologico20230723\/wp-json\/wp\/v2\/posts\/1161\/revisions"}],"wp:attachment":[{"href":"https:\/\/dmsjuridica.com\/buscador_20179478954\/salapenalcronologico20230723\/wp-json\/wp\/v2\/media?parent=1161"}],"wp:term":[{"taxonomy":"category","embeddable":true,"href":"https:\/\/dmsjuridica.com\/buscador_20179478954\/salapenalcronologico20230723\/wp-json\/wp\/v2\/categories?post=1161"},{"taxonomy":"post_tag","embeddable":true,"href":"https:\/\/dmsjuridica.com\/buscador_20179478954\/salapenalcronologico20230723\/wp-json\/wp\/v2\/tags?post=1161"}],"curies":[{"name":"wp","href":"https:\/\/api.w.org\/{rel}","templated":true}]}}