{"id":11581,"date":"2023-09-08T19:54:07","date_gmt":"2023-09-08T19:54:07","guid":{"rendered":"https:\/\/dmsjuridica.com\/buscador_20179478954\/salapenalcronologico20230723\/2023\/09\/08\/2527829-06-06\/"},"modified":"2023-09-08T19:54:07","modified_gmt":"2023-09-08T19:54:07","slug":"2527829-06-06","status":"publish","type":"post","link":"https:\/\/dmsjuridica.com\/buscador_20179478954\/salapenalcronologico20230723\/2023\/09\/08\/2527829-06-06\/","title":{"rendered":"25278(29-06-06)"},"content":{"rendered":"\n<p>\u00a0 \u00a0 Proceso No 25278 \u00a0<\/p>\n<p>CORTE SUPREMA DE JUSTICIA \u00a0<\/p>\n<p>SALA DE CASACION PENAL \u00a0<\/p>\n<p>Magistrado \u00a0Ponente \u00a0\u00a0<\/p>\n<p>MAURO \u00a0 \u00a0SOLARTE \u00a0PORTILLA \u00a0\u00a0<\/p>\n<p>Aprobado acta n\u00famero 61 \u00a0<\/p>\n<p>Bogot\u00e1, \u00a0D.C., \u00a0veintinueve \u00a0de \u00a0junio \u00a0de \u00a02006. \u00a0\u00a0<\/p>\n<p>\u00a0 \u00a0\u00a0 \u00a0\u00a0 \u00a0\u00a0Decide \u00a0la \u00a0Corte \u00a0lo pertinente con relaci\u00f3n a la admisi\u00f3n de la \u00a0demanda \u00a0 de \u00a0 casaci\u00f3n \u00a0 interpuesta \u00a0 por \u00a0 el \u00a0 defensor \u00a0 de \u00a0 Rosendo \u00a0 Ortiz \u00a0 Cort\u00e9s, \u00a0 contra \u00a0 la \u00a0sentencia \u00a0proferida \u00a0por el Tribunal Superior de Bogot\u00e1 el 7 de abril de 2005, \u00a0mediante \u00a0la \u00a0cual \u00a0confirm\u00f3 \u00a0la \u00a0del \u00a0Juzgado d\u00e9cimo penal del circuito de la \u00a0misma \u00a0sede, \u00a0que lo conden\u00f3 como coautor del delito de acceso carnal violento. \u00a0\u00a0<\/p>\n<p>HECHOS \u00a0<\/p>\n<p>\u00a0 \u00a0\u00a0 \u00a0\u00a0 \u00a0\u00a0As\u00ed \u00a0 \u00a0pueden \u00a0 \u00a0narrarse \u00a0 \u00a0los \u00a0 \u00a0hechos \u00a0 \u00a0juzgados \u00a0 \u00a0en \u00a0 las \u00a0instancias: \u00a0\u00a0<\/p>\n<p>\u00a0 \u00a0\u00a0 \u00a0\u00a0 \u00a0\u00a0En \u00a0la \u00a0noche \u00a0del \u00a04 \u00a0de \u00a0octubre \u00a0de 2003, Karen Lizeth Qui\u00f1onez \u00a0asisti\u00f3 \u00a0con \u00a0su \u00a0hermana \u00a0a una fiesta a la que igualmente concurrieron, entre \u00a0otros, \u00a0 \u00a0 Rosendo \u00a0 \u00a0Ortiz \u00a0 \u00a0Cort\u00e9s, \u00a0Hugo \u00a0Pino \u00a0Valencia \u00a0y Carlos Alberto M\u00e9ndez Daza, con quienes \u00a0estuvieron hasta el nuevo d\u00eda. \u00a0\u00a0<\/p>\n<p>\u00a0 \u00a0\u00a0 \u00a0\u00a0 \u00a0\u00a0En \u00a0horas \u00a0de la ma\u00f1ana del d\u00eda siguiente, Carlos Alberto M\u00e9ndez \u00a0Daza \u00a0intimid\u00f3 \u00a0a \u00a0Karen \u00a0Lizeth \u00a0con \u00a0un \u00a0cuchillo, \u00a0incluso caus\u00e1ndole leves \u00a0heridas, \u00a0y \u00a0junto \u00a0con \u00a0sus \u00a0amigos \u00a0la \u00a0oblig\u00f3 \u00a0a \u00a0ir \u00a0a la casa de Hugo Pino \u00a0Valencia, \u00a0 \u00a0 sitio \u00a0 \u00a0en \u00a0 \u00a0donde \u00a0 \u00a0la \u00a0 \u00a0intimidaron \u00a0 \u00a0y \u00a0 \u00a0la \u00a0 \u00a0accedieron \u00a0carnalmente. \u00a0\u00a0<\/p>\n<p>\u00a0 \u00a0 \u00a0 \u00a0 \u00a0<\/p>\n<p>\u00a0 \u00a0 \u00a0 \u00a0 \u00a0<\/p>\n<p>ACTUACION PROCESAL \u00a0<\/p>\n<p>La \u00a0Fiscal\u00eda \u00a0290 seccional de la Unidad de \u00a0reacci\u00f3n \u00a0inmediata, \u00a0abri\u00f3 \u00a0investigaci\u00f3n \u00a0penal el 19 de octubre de 2003, y \u00a0orden\u00f3 \u00a0la \u00a0captura \u00a0y \u00a0vinculaci\u00f3n \u00a0mediante \u00a0diligencia \u00a0de \u00a0indagatoria \u00a0de \u00a0Rosendo \u00a0Ortiz Cort\u00e9s, Hugo \u00a0Pino \u00a0 Valencia \u00a0 y \u00a0 Carlos \u00a0 Alberto \u00a0 M\u00e9ndez \u00a0Daza \u00a0(fs., 46 y ss). \u00a0\u00a0<\/p>\n<p>La \u00a0fiscal\u00eda \u00a0230 \u00a0de la Unidad de delitos \u00a0sexuales, \u00a0mediante providencia del 10 de noviembre siguiente, les impuso medida \u00a0de \u00a0aseguramiento \u00a0por \u00a0la \u00a0comisi\u00f3n \u00a0del \u00a0delito \u00a0de \u00a0acceso \u00a0carnal \u00a0violento \u00a0(fs., 73). \u00a0\u00a0<\/p>\n<p>\u00a0 \u00a0\u00a0 \u00a0\u00a0 \u00a0\u00a0Despu\u00e9s \u00a0 \u00a0 de \u00a0 \u00a0 cerrar \u00a0 \u00a0 la \u00a0 \u00a0investigaci\u00f3n \u00a0 \u00a0(fs., \u00a0137), \u00a0el 6 de febrero de 2004 la \u00a0calific\u00f3, \u00a0 \u00a0 \u00a0acusando \u00a0 \u00a0 \u00a0a \u00a0 \u00a0 \u00a0Rosendo \u00a0Ortiz Cort\u00e9s, Hugo Pino Valencia \u00a0y \u00a0Carlos Alberto M\u00e9ndez Daza como autores del delito de acceso carnal violento \u00a0agravado, \u00a0 en \u00a0 concurso \u00a0 con \u00a0 el \u00a0 de \u00a0 lesiones \u00a0 personales \u00a0 (fs., 163). \u00a0\u00a0<\/p>\n<p>El \u00a0Juzgado \u00a0d\u00e9cimo \u00a0penal del circuito de \u00a0Bogot\u00e1 \u00a0avoc\u00f3 el conocimiento, realiz\u00f3 las audiencias preparatoria y p\u00fablica \u00a0(fs., \u00a027 y 84 cuaderno 2), \u00a0y \u00a0finalmente, \u00a0mediante \u00a0sentencia \u00a0del \u00a02 \u00a0de \u00a0septiembre \u00a0de \u00a02004, \u00a0conden\u00f3 \u00a0a \u00a0Rosendo \u00a0Ortiz \u00a0Cort\u00e9s, \u00a0Hugo \u00a0Pino \u00a0Valencia \u00a0y \u00a0Carlos \u00a0Alberto \u00a0M\u00e9ndez Daza, \u00a0a \u00a0la \u00a0pena \u00a0principal \u00a0de \u00a0128 \u00a0 \u00a0 meses \u00a0de \u00a0prisi\u00f3n \u00a0por \u00a0la \u00a0comisi\u00f3n del delito de acceso carnal \u00a0violento \u00a0agravado (fs., 168 \u00a0cuaderno 2). \u00a0\u00a0<\/p>\n<p>\u00a0 \u00a0\u00a0 \u00a0\u00a0 \u00a0\u00a0El \u00a0Tribunal \u00a0Superior \u00a0de \u00a0Bogot\u00e1, \u00a0al \u00a0resolver \u00a0el \u00a0recurso \u00a0de \u00a0apelaci\u00f3n \u00a0interpuesto \u00a0por \u00a0la \u00a0defensa \u00a0y el fiscal de la causa, confirm\u00f3 la \u00a0decisi\u00f3n \u00a0mediante \u00a0la \u00a0suya \u00a0del 7 de abril de 2005, pero modificando la pena, \u00a0que se\u00f1al\u00f3 en 150 meses de prisi\u00f3n. \u00a0\u00a0<\/p>\n<p>\u00a0 \u00a0\u00a0 \u00a0\u00a0 \u00a0\u00a0Oportunamente, \u00a0 \u00a0 \u00a0contra \u00a0 \u00a0 esta \u00a0 \u00a0 decisi\u00f3n, \u00a0 \u00a0 Rosendo \u00a0Ortiz \u00a0Cort\u00e9s interpuso recurso \u00a0extraordinario \u00a0 de \u00a0 casaci\u00f3n, \u00a0el \u00a0cual \u00a0fue \u00a0sustentando \u00a0por \u00a0su \u00a0apoderado \u00a0judicial. \u00a0\u00a0<\/p>\n<p>DEMANDA \u00a0 \u00a0 DE \u00a0CASACION \u00a0\u00a0<\/p>\n<p>\u00a0 \u00a0\u00a0 \u00a0\u00a0 \u00a0\u00a0Con \u00a0fundamento \u00a0en \u00a0el \u00a0cuerpo \u00a0segundo \u00a0de \u00a0la \u00a0causal primera de \u00a0casaci\u00f3n, \u00a0el \u00a0demandante \u00a0formula un solo cargo contra la sentencia de segunda \u00a0instancia. \u00a0\u00a0<\/p>\n<p>\u00a0 \u00a0\u00a0 \u00a0\u00a0 \u00a0\u00a0Aduce \u00a0que \u00a0los \u00a0juzgadores \u00a0consideraron \u00a0en \u00a0la \u00a0decisi\u00f3n que la \u00a0declaraci\u00f3n \u00a0de la ofendida era veraz, cuando lo cierto es que la violencia que \u00a0asegura \u00a0que \u00a0los \u00a0sindicados \u00a0ejercieron \u00a0contra \u00a0ella, \u00a0fue desmentida por los \u00a0testigos \u00a0Pablo, \u00a0Marlen, \u00a0Wilson \u00a0Gonz\u00e1lez, \u00a0Mary Cruz Garc\u00eda, Martha Cecilia \u00a0Poveda y por la misma hermana de la denunciante. \u00a0\u00a0<\/p>\n<p>\u00a0 \u00a0\u00a0 \u00a0\u00a0 \u00a0\u00a0Agrega \u00a0que tanto no es cre\u00edble la versi\u00f3n de la denunciante, que \u00a0no \u00a0puede \u00a0ser \u00a0cierto \u00a0que ella hubiese sido violada en un ba\u00f1o de la pieza de \u00a0Pino, \u00a0pues \u00a0la habitaci\u00f3n de Pino no tiene ba\u00f1o, y si acaso existe uno, est\u00e1 \u00a0ubicado en un segundo piso que muchos inquilinos ocupan. \u00a0\u00a0<\/p>\n<p>\u00a0 \u00a0\u00a0 \u00a0\u00a0 \u00a0\u00a0Concluye \u00a0que el Tribunal incurri\u00f3 en errores de hecho al apreciar \u00a0las \u00a0 declaraciones \u00a0 de \u00a0 los \u00a0testigos \u00a0ya \u00a0citados, \u00a0de \u00a0quienes \u00a0dijo, \u00a0para \u00a0desestimarlos, \u00a0que \u00a0declararon \u00a0acerca \u00a0de \u00a0situaciones \u00a0que antecedieron a los \u00a0hechos \u00a0 y \u00a0 no \u00a0 sobre \u00a0 el \u00a0 momento \u00a0mismo \u00a0del \u00a0ataque \u00a0contra \u00a0la \u00a0libertad \u00a0sexual. \u00a0\u00a0<\/p>\n<p>\u00a0 \u00a0\u00a0 \u00a0\u00a0 \u00a0\u00a0 \u00a0En fin, s\u00f3lo de esa manera pod\u00eda el Tribunal pasar por alto que \u00a0no \u00a0se puede dictar sentencia condenatoria sin que obre en el proceso prueba que \u00a0conduzca \u00a0 a \u00a0 la \u00a0certeza \u00a0del \u00a0hecho \u00a0punible \u00a0y \u00a0de \u00a0la \u00a0responsabilidad \u00a0del \u00a0procesado. \u00a0\u00a0<\/p>\n<p>CONSIDERACIONES DE LA CORTE \u00a0<\/p>\n<p>\u00a0 \u00a0\u00a0 \u00a0\u00a0 \u00a0\u00a0La demanda se inadmitir\u00e1 por las siguientes razones: \u00a0\u00a0<\/p>\n<p>En \u00a0sede \u00a0del \u00a0recurso \u00a0extraordinario, \u00a0el \u00a0art\u00edculo \u00a0212 \u00a0de \u00a0la \u00a0ley \u00a0600 \u00a0de \u00a02000 \u00a0le \u00a0impone al demandante el deber de \u00a0expresar \u00a0inequ\u00edvocamente la causal seleccionada y de exponer clara y coherente \u00a0los \u00a0cargos \u00a0que \u00a0con \u00a0fundamento \u00a0en \u00a0ella \u00a0se \u00a0postulan contra la sentencia de \u00a0instancia, \u00a0con \u00a0el \u00a0fin \u00a0de \u00a0garantizar el principio de autosuficiencia y el de \u00a0limitaci\u00f3n \u00a0que \u00a0le \u00a0corresponde \u00a0observar \u00a0a la Corte a la hora de resolver el \u00a0recurso. \u00a0\u00a0<\/p>\n<p>En ese orden, cuando la causal seleccionada \u00a0es \u00a0la \u00a0del cuerpo segundo de la causal primera, se debe se\u00f1alar si el juzgador \u00a0incurri\u00f3 \u00a0 en \u00a0un \u00a0error \u00a0de \u00a0derecho \u00a0por \u00a0falso \u00a0juicio \u00a0de \u00a0legalidad \u00a0o \u00a0de \u00a0convicci\u00f3n, \u00a0o de hecho por falso juicio de existencia, identidad o raciocinio, \u00a0los \u00a0cuales, dependiendo de la v\u00eda que se adopte, requieren de precisos modelos \u00a0de exposici\u00f3n y argumentaci\u00f3n. \u00a0\u00a0<\/p>\n<p>No \u00a0obstante, \u00a0pese \u00a0a \u00a0que ese supuesto es \u00a0esencial, \u00a0el \u00a0demandante \u00a0olvid\u00f3 se\u00f1alar la modalidad de error en que habr\u00eda \u00a0incurrido \u00a0el \u00a0juzgador, \u00a0la \u00a0trascendencia \u00a0del \u00a0mismo \u00a0y \u00a0su \u00a0influencia en la \u00a0construcci\u00f3n \u00a0de la decisi\u00f3n final. En su lugar, expuso su particular criterio \u00a0acerca \u00a0de las bondades de los testimonios de algunas personas que declararon en \u00a0el \u00a0proceso, \u00a0para a partir de all\u00ed decir que la declaraci\u00f3n de la ofendida no \u00a0resulta veraz, como si las de los otros. \u00a0\u00a0<\/p>\n<p>Con \u00a0alguna amplitud podr\u00eda decirse que en \u00a0el \u00a0fondo, \u00a0con \u00a0ese \u00a0planteamiento, se trata de denunciar un error de hecho por \u00a0falso \u00a0raciocinio, el cual en todo caso le impon\u00eda al demandante, con el objeto \u00a0de \u00a0que \u00a0la \u00a0Corte asuma su estudio, el deber de se\u00f1alar en concreto c\u00f3mo y de \u00a0qu\u00e9 \u00a0manera \u00a0el \u00a0tribunal \u00a0infringi\u00f3 \u00a0las \u00a0reglas \u00a0de \u00a0la \u00a0sana \u00a0cr\u00edtica y en \u00a0particular \u00a0cu\u00e1l \u00a0m\u00e1xima \u00a0de \u00a0la \u00a0experiencia \u00a0desconoci\u00f3 \u00a0al \u00a0creerle \u00a0a \u00a0la \u00a0denunciante y no a los testigos de descargo. \u00a0\u00a0<\/p>\n<p>Por lo expuesto es f\u00e1cil comprender que se \u00a0trata \u00a0de \u00a0una \u00a0demanda \u00a0que \u00a0desdice \u00a0abiertamente \u00a0de las formas que impone la \u00a0sistem\u00e1tica \u00a0del \u00a0recurso. \u00a0Es, \u00a0por lo tanto, si se quiere, un ensayo libre en \u00a0donde \u00a0se \u00a0manifiestan \u00a0opiniones \u00a0en \u00a0torno \u00a0a \u00a0las \u00a0conclusiones tomadas en la \u00a0sentencia \u00a0y \u00a0no \u00a0una \u00a0acabada \u00a0argumentaci\u00f3n en la que se destaquen errores de \u00a0hecho \u00a0o \u00a0de \u00a0derecho en que el tribunal habr\u00eda incurrido y la trascendencia de \u00a0los mismos en la aplicaci\u00f3n de la ley sustancial. \u00a0\u00a0<\/p>\n<p>En la demanda, por lo visto, no se postulan \u00a0los \u00a0cargos \u00a0con \u00a0las \u00a0exigencias \u00a0t\u00e9cnicas \u00a0de claridad y coherencia, hasta el \u00a0punto \u00a0que \u00a0la Corte tendr\u00eda que admitirla, lo cual solo ser\u00eda posible pasando \u00a0por \u00a0 alto \u00a0 el \u00a0principio \u00a0de \u00a0limitaci\u00f3n \u00a0y \u00a0sustituyendo \u00a0al \u00a0actor \u00a0en \u00a0sus \u00a0prop\u00f3sitos. \u00a0\u00a0<\/p>\n<p>\u00a0 \u00a0\u00a0 \u00a0\u00a0 \u00a0\u00a0Por \u00a0esa \u00a0razones, \u00a0que \u00a0dicen relaci\u00f3n con la forma de la demanda \u00a0(art\u00edculos \u00a0 207, \u00a0 212 \u00a0 y \u00a0 213 \u00a0 del \u00a0c\u00f3digo \u00a0de \u00a0procedimiento \u00a0penal), y adem\u00e1s porque no se observan \u00a0violaciones \u00a0a \u00a0las \u00a0garant\u00edas \u00a0fundamentales que la Corte est\u00e9 en el deber de \u00a0remediar, se inadmitir\u00e1. \u00a0\u00a0<\/p>\n<p>\u00a0 \u00a0\u00a0 \u00a0\u00a0 \u00a0\u00a0En \u00a0consecuencia, \u00a0La \u00a0Corte \u00a0Suprema \u00a0de \u00a0Justicia, \u00a0Sala de Casaci\u00f3n \u00a0penal, \u00a0\u00a0<\/p>\n<p>RESUELVE \u00a0<\/p>\n<p>\u00a0 \u00a0\u00a0 \u00a0\u00a0 \u00a0\u00a0Inadmitir \u00a0 la \u00a0 demanda \u00a0 de \u00a0casaci\u00f3n \u00a0presentada \u00a0 \u00a0 a \u00a0 \u00a0nombre \u00a0 \u00a0de \u00a0 \u00a0Rosendo \u00a0 \u00a0Ortiz \u00a0Cort\u00e9s. \u00a0\u00a0<\/p>\n<p>\u00a0 \u00a0\u00a0 \u00a0\u00a0 \u00a0\u00a0Contra esta decisi\u00f3n no procede ning\u00fan recurso. \u00a0\u00a0<\/p>\n<p>Notif\u00edquese, \u00a0c\u00famplase \u00a0y \u00a0devu\u00e9lvase \u00a0al \u00a0Tribunal de origen. \u00a0\u00a0<\/p>\n<p>MAURO SOLARTE PORTILLA \u00a0<\/p>\n<p>SIGIFREDO \u00a0 \u00a0 \u00a0 \u00a0 \u00a0ESPINOSA \u00a0PEREZ\u00a0\u00a0\u00a0\u00a0\u00a0\u00a0\u00a0\u00a0\u00a0 \u00a0 \u00a0 ALFREDO \u00a0 \u00a0GOMEZ \u00a0QUINTERO\u00a0\u00a0\u00a0\u00a0\u00a0\u00a0 \u00a0\u00a0<\/p>\n<p>\u00a0\u00a0\u00a0\u00a0 Permiso \u00a0<\/p>\n<p>EDGAR \u00a0 \u00a0 \u00a0 \u00a0 \u00a0 \u00a0LOMBANA \u00a0TRUJILLO\u00a0\u00a0\u00a0\u00a0\u00a0\u00a0\u00a0\u00a0\u00a0\u00a0 \u00a0 ALVARO \u00a0O \u00a0PEREZ \u00a0PINZON\u00a0\u00a0\u00a0\u00a0\u00a0\u00a0\u00a0\u00a0\u00a0\u00a0\u00a0\u00a0\u00a0 \u00a0\u00a0<\/p>\n<p>MARINA \u00a0 \u00a0 \u00a0 \u00a0 PULIDO \u00a0 \u00a0 \u00a0 \u00a0DE \u00a0BARON\u00a0\u00a0\u00a0\u00a0\u00a0\u00a0\u00a0\u00a0\u00a0\u00a0\u00a0 \u00a0JORGE\u00a0 QUINTERO \u00a0MILANES\u00a0\u00a0\u00a0\u00a0\u00a0\u00a0\u00a0\u00a0\u00a0\u00a0\u00a0 \u00a0\u00a0<\/p>\n<p>YESID \u00a0 \u00a0 \u00a0 \u00a0 \u00a0 \u00a0RAMIREZ \u00a0BASTIDAS\u00a0\u00a0\u00a0\u00a0\u00a0\u00a0\u00a0\u00a0\u00a0\u00a0\u00a0\u00a0\u00a0 \u00a0JAVIER ZAPATA ORTIZ \u00a0\u00a0<\/p>\n<p>TERESA RUIZ NU\u00d1EZ \u00a0<\/p>\n<p>Secretaria \u00a0\u00a0<\/p>\n<p>\u00a0 \u00a0\u00a0<\/p>\n<p><\/p>\n","protected":false},"excerpt":{"rendered":"<p>\u00a0 \u00a0 Proceso No 25278 \u00a0 CORTE SUPREMA DE JUSTICIA \u00a0 SALA DE CASACION PENAL \u00a0 Magistrado \u00a0Ponente \u00a0\u00a0 MAURO \u00a0 \u00a0SOLARTE \u00a0PORTILLA \u00a0\u00a0 Aprobado acta n\u00famero 61 \u00a0 Bogot\u00e1, \u00a0D.C., \u00a0veintinueve \u00a0de \u00a0junio \u00a0de \u00a02006. \u00a0\u00a0 \u00a0 \u00a0\u00a0 \u00a0\u00a0 \u00a0\u00a0Decide \u00a0la \u00a0Corte \u00a0lo pertinente con relaci\u00f3n a la admisi\u00f3n de la \u00a0demanda \u00a0 de [&hellip;]<\/p>\n","protected":false},"author":1,"featured_media":0,"comment_status":"open","ping_status":"open","sticky":false,"template":"","format":"standard","meta":{"footnotes":""},"categories":[14],"tags":[],"class_list":["post-11581","post","type-post","status-publish","format-standard","hentry","category-14"],"_links":{"self":[{"href":"https:\/\/dmsjuridica.com\/buscador_20179478954\/salapenalcronologico20230723\/wp-json\/wp\/v2\/posts\/11581","targetHints":{"allow":["GET"]}}],"collection":[{"href":"https:\/\/dmsjuridica.com\/buscador_20179478954\/salapenalcronologico20230723\/wp-json\/wp\/v2\/posts"}],"about":[{"href":"https:\/\/dmsjuridica.com\/buscador_20179478954\/salapenalcronologico20230723\/wp-json\/wp\/v2\/types\/post"}],"author":[{"embeddable":true,"href":"https:\/\/dmsjuridica.com\/buscador_20179478954\/salapenalcronologico20230723\/wp-json\/wp\/v2\/users\/1"}],"replies":[{"embeddable":true,"href":"https:\/\/dmsjuridica.com\/buscador_20179478954\/salapenalcronologico20230723\/wp-json\/wp\/v2\/comments?post=11581"}],"version-history":[{"count":0,"href":"https:\/\/dmsjuridica.com\/buscador_20179478954\/salapenalcronologico20230723\/wp-json\/wp\/v2\/posts\/11581\/revisions"}],"wp:attachment":[{"href":"https:\/\/dmsjuridica.com\/buscador_20179478954\/salapenalcronologico20230723\/wp-json\/wp\/v2\/media?parent=11581"}],"wp:term":[{"taxonomy":"category","embeddable":true,"href":"https:\/\/dmsjuridica.com\/buscador_20179478954\/salapenalcronologico20230723\/wp-json\/wp\/v2\/categories?post=11581"},{"taxonomy":"post_tag","embeddable":true,"href":"https:\/\/dmsjuridica.com\/buscador_20179478954\/salapenalcronologico20230723\/wp-json\/wp\/v2\/tags?post=11581"}],"curies":[{"name":"wp","href":"https:\/\/api.w.org\/{rel}","templated":true}]}}