{"id":11576,"date":"2023-09-08T19:54:06","date_gmt":"2023-09-08T19:54:06","guid":{"rendered":"https:\/\/dmsjuridica.com\/buscador_20179478954\/salapenalcronologico20230723\/2023\/09\/08\/2526828-09-06\/"},"modified":"2023-09-08T19:54:06","modified_gmt":"2023-09-08T19:54:06","slug":"2526828-09-06","status":"publish","type":"post","link":"https:\/\/dmsjuridica.com\/buscador_20179478954\/salapenalcronologico20230723\/2023\/09\/08\/2526828-09-06\/","title":{"rendered":"25268(28-09-06)"},"content":{"rendered":"\n<p>\u00a0 \u00a0 Proceso No 25268 \u00a0<\/p>\n<p>CORTE SUPREMA DE JUSTICIA \u00a0<\/p>\n<p>SALA \u00a0 DE \u00a0 CASACI\u00d3N \u00a0PENAL \u00a0\u00a0<\/p>\n<p>\u00a0 \u00a0\u00a0 \u00a0\u00a0 \u00a0\u00a0Magistrado \u00a0Ponente \u00a0\u00a0<\/p>\n<p>\u00a0 \u00a0\u00a0 \u00a0\u00a0 \u00a0\u00a0JAVIER ZAPATA ORTIZ \u00a0\u00a0<\/p>\n<p>\u00a0 \u00a0\u00a0 \u00a0\u00a0 \u00a0\u00a0Aprobado Acta No. 107 \u00a0\u00a0<\/p>\n<p>Bogot\u00e1 D. C., veintiocho (28) de septiembre \u00a0de dos mil seis (2006) \u00a0\u00a0<\/p>\n<p>VISTOS \u00a0<\/p>\n<p>La \u00a0Sala resuelve sobre la competencia para \u00a0seguir \u00a0adelantando \u00a0la investigaci\u00f3n preliminar con relaci\u00f3n al se\u00f1or JAVIER \u00a0MIGUEL VARGAS CASTRO, ex representante a la C\u00e1mara. \u00a0\u00a0<\/p>\n<p>ANTECEDENTES \u00a0\u00a0<\/p>\n<p>1. \u00a0La \u00a0ciudadana \u00a0Isabel \u00a0Cristina \u00a0V\u00e9lez \u00a0Espinosa, \u00a0residente en el municipio de Mit\u00fa (Vaup\u00e9s) acudi\u00f3 a la Secci\u00f3n de \u00a0Polic\u00eda \u00a0Judicial del Departamento de Polic\u00eda Guaviare, con sede en Mit\u00fa, con \u00a0el \u00a0fin \u00a0de \u00a0denunciar al se\u00f1or JAVIER MIGUEL VARGAS CASTRO, quien en estado de \u00a0embriaguez \u00a0y \u00a0portando armas de fuego, en horas de la noche del 24 de diciembre \u00a0de \u00a02005, \u00a0ingres\u00f3 en la casa de ella, sin ser invitado, y empez\u00f3 a ofenderla, \u00a0llegando \u00a0inclusive \u00a0a \u00a0decirle que si ella \u201ccobrara \u00a0por acostarse\u201d \u00a0\u00a0<\/p>\n<p>La \u00a0 misma \u00a0 noche, \u00a0 al \u00a0 pasar \u00a0 por \u00a0un \u00a0\u201cdispositivo \u00a0de \u00a0seguridad\u201d \u00a0ordenado \u00a0pro \u00a0el \u00a0Comando \u00a0del \u00a0Batall\u00f3n \u00a0de \u00a0Vaup\u00e9s, \u00a0el \u00a0mismo \u00a0VARGAS \u00a0CASTRO \u00a0profiri\u00f3 \u00a0insultos \u00a0contra \u00a0los soldados y \u00a0dispar\u00f3 \u00a0su \u00a0arma \u00a0de \u00a0fuego, \u00a0tras \u00a0asegurar \u00a0que no lo pod\u00edan detener porque \u00a0ten\u00eda inmunidad, seg\u00fan lo denunciado por Evaristo Duarte Cuervo. \u00a0\u00a0<\/p>\n<p>2. \u00a0Asumi\u00f3 \u00a0el \u00a0conocimiento \u00a0del asunto la \u00a0Fiscal\u00eda \u00a0Treinta \u00a0Seccional Delegada ante el Juzgado Promiscuo del Circuito de \u00a0Mit\u00fa, \u00a0 dispuso \u00a0 adelantar \u00a0 averiguaci\u00f3n \u00a0 preliminar \u00a0 y \u00a0recaud\u00f3 \u00a0algunas \u00a0pruebas. \u00a0\u00a0<\/p>\n<p>3. \u00a0Posteriormente, \u00a0tras \u00a0constatar \u00a0que el \u00a0se\u00f1or \u00a0JAVIER \u00a0MIGUEL VARGAS CASTRO era representante a la C\u00e1mara, elegido por \u00a0la \u00a0circunscripci\u00f3n \u00a0del \u00a0Vaup\u00e9s \u00a0para el periodo constitucional 2002-2006, la \u00a0Fiscal\u00eda \u00a0delegada \u00a0declin\u00f3 \u00a0competencia y remiti\u00f3 el expediente a la Sala de \u00a0Casaci\u00f3n \u00a0Penal, \u00a0en \u00a0atenci\u00f3n \u00a0a \u00a0lo \u00a0dispuesto \u00a0en \u00a0el \u00a0art\u00edculo \u00a0235 de la \u00a0Constituci\u00f3n \u00a0Pol\u00edtica, \u00a0de \u00a0conformidad \u00a0con \u00a0el \u00a0cual corresponde a la Corte \u00a0Suprema \u00a0 de \u00a0 Justicia \u00a0investigar \u00a0y \u00a0juzgar \u00a0a \u00a0los \u00a0miembros \u00a0del \u00a0Congreso. \u00a0(Folio 2 cdno. 1) \u00a0\u00a0<\/p>\n<p>4. Asignado por sorteo reparto, el asunto en \u00a0la \u00a0Sala \u00a0de Casaci\u00f3n Penal fue radicado bajo el n\u00famero 25268; se acredit\u00f3 la \u00a0calidad \u00a0 de \u00a0congresista \u00a0del \u00a0se\u00f1or \u00a0JAVIER \u00a0MIGUEL \u00a0VARGAS \u00a0CASTRO, \u00a0elegido \u00a0representante \u00a0a \u00a0la \u00a0C\u00e1mara por la circunscripci\u00f3n electoral del Vaup\u00e9s para \u00a0el \u00a0periodo \u00a0constitucional \u00a02002-2006, \u00a0y \u00a0tom\u00f3 posesi\u00f3n de su cargo el 20 de \u00a0julio \u00a0de \u00a02002, \u00a0seg\u00fan \u00a0consta \u00a0en \u00a0el \u00a0acta de la misma fecha publicada en la \u00a0Gaceta \u00a0del \u00a0Congreso \u00a0No. \u00a0347 \u00a0del \u00a022 \u00a0de \u00a0agosto \u00a0de \u00a02002, \u00a0remitida por la \u00a0Secretar\u00eda \u00a0General \u00a0de dicha corporaci\u00f3n. (Folio 31 \u00a0cdno. 1) \u00a0\u00a0<\/p>\n<p>Luego, con auto del 25\u00b0 de abril de 2006, el \u00a0magistrado \u00a0sustanciador \u00a0dispuso adelantar investigaci\u00f3n preliminar y decret\u00f3 \u00a0la \u00a0pr\u00e1ctica \u00a0varias pruebas, que fueron efectivamente recaudadas. (Folio 199 cdno. 1) \u00a0\u00a0<\/p>\n<p>5. \u00a0El \u00a020 de julio de 2006 inici\u00f3 un nuevo \u00a0periodo \u00a0constitucional \u00a0para los congresistas (a\u00f1os 2006-2010); y el ciudadano \u00a0JAVIER \u00a0MIGUEL VARGAS CASTRO no fue reelegido como representante a la C\u00e1mara ni \u00a0elegido \u00a0como \u00a0senador \u00a0de la Rep\u00fablica, de acuerdo con lo informado con sendos \u00a0oficios por las Secretar\u00edas de esas corporaciones. \u00a0\u00a0<\/p>\n<p>CONSIDERACIONES \u00a0DE \u00a0LA \u00a0SALA \u00a0\u00a0<\/p>\n<p>1. \u00a0La \u00a0Constituci\u00f3n \u00a0Pol\u00edtica de Colombia \u00a0establece \u00a0en \u00a0el numeral 3\u00b0 del art\u00edculo 235, que es atribuci\u00f3n exclusiva de \u00a0la \u00a0Corte Suprema de Justicia \u201cinvestigar y juzgar a \u00a0los \u00a0 miembros \u00a0del \u00a0Congreso\u201d, \u00a0advirtiendo \u00a0en \u00a0el \u00a0par\u00e1grafo \u00a0del \u00a0mismo \u00a0precepto \u00a0que \u00a0\u201ccuando \u00a0los \u00a0funcionarios \u00a0antes \u00a0enumerados \u00a0hubieren \u00a0cesado \u00a0en el ejercicio del cargo, el \u00a0fuero \u00a0s\u00f3lo \u00a0se mantendr\u00e1 para las conductas punibles que tengan relaci\u00f3n con \u00a0las funciones desempe\u00f1adas\u201d. \u00a0\u00a0<\/p>\n<p>2. \u00a0El \u00a0fuero \u00a0constitucional \u00a0creado por la \u00a0Carta \u00a0Pol\u00edtica \u00a0de 1991 ya no tiene la connotaci\u00f3n de inmunidad en el sentido \u00a0que \u00a0garantizaba \u00a0la \u00a0Constituci\u00f3n \u00a0de \u00a01886, y est\u00e1 destinado a operar en dos \u00a0campos \u00a0diferentes \u00a0seg\u00fan \u00a0el \u00a0inter\u00e9s \u00a0a \u00a0proteger con la instituci\u00f3n foral: \u00a0\u00a0<\/p>\n<p>2.1 Protecci\u00f3n de la actividad parlamentaria \u00a0como \u00a0funci\u00f3n \u00a0p\u00fablica: \u00a0La \u00a0competencia \u00a0de \u00a0la \u00a0Corte, \u00a0en el supuesto de la \u00a0desvinculaci\u00f3n \u00a0del \u00a0sujeto \u00a0pasivo de la acci\u00f3n penal, se mantiene para todos \u00a0aquellos \u00a0 il\u00edcitos \u00a0cometidos \u00a0por \u00a0raz\u00f3n \u00a0o \u00a0con \u00a0ocasi\u00f3n \u00a0de \u00a0la \u00a0funci\u00f3n \u00a0congresional. \u00a0\u00a0<\/p>\n<p>2.2 \u00a0Protecci\u00f3n \u00a0personal \u00a0de \u00a0los miembros \u00a0actuales \u00a0del \u00a0Congreso \u00a0de \u00a0la \u00a0Rep\u00fablica: \u00a0Pueden ser investigados y juzgados \u00a0exclusivamente \u00a0por \u00a0la Sala de Casaci\u00f3n Penal, en tanto est\u00e9n vinculados a la \u00a0actividad \u00a0parlamentaria, cualquiera sea la \u00e9poca en que se hubiese cometido la \u00a0infracci\u00f3n \u00a0que \u00a0origina \u00a0la \u00a0actuaci\u00f3n \u00a0judicial y sin importar la naturaleza \u00a0jur\u00eddica de la conducta penalmente sancionada. \u00a0\u00a0<\/p>\n<p>3. En el caso del se\u00f1or JAVIER MIGUEL VARGAS \u00a0CASTRO, \u00a0 obra \u00a0 en \u00a0el \u00a0expediente \u00a0prueba \u00a0documental \u00a0de \u00a0su \u00a0desvinculaci\u00f3n \u00a0definitiva del cargo de representante a la C\u00e1mara. \u00a0\u00a0<\/p>\n<p>De otra parte, el objeto de la investigaci\u00f3n \u00a0preliminar \u00a0a \u00a0cargo \u00a0de \u00a0la \u00a0Corte \u00a0Suprema \u00a0de Justicia descarta la existencia \u00a0conductas \u00a0desplegadas \u00a0por \u00a0\u00e9l, \u00a0que \u00a0tuviesen \u00a0relaci\u00f3n con sus funciones de \u00a0representante \u00a0a \u00a0la \u00a0C\u00e1mara, \u00a0mientras desempe\u00f1\u00f3 esa labor, pues se trata de \u00a0presuntos \u00a0comportamientos indebidos, cometidos en estado de embriaguez la noche \u00a0del 24 de diciembre de 2005 en la ciudad de Mit\u00fa (Vaup\u00e9s). \u00a0\u00a0<\/p>\n<p>4. Como se observa, los hechos denunciados no \u00a0comportan \u00a0conductas \u00a0que guarden relaci\u00f3n con la funci\u00f3n legislativa, de modo \u00a0que \u00a0ninguna \u00a0circunstancia \u00a0subsiste \u00a0que \u00a0permita a la Sala de Casaci\u00f3n Penal \u00a0conservar \u00a0la \u00a0competencia \u00a0para \u00a0continuar conociendo de la presente actuaci\u00f3n \u00a0procesal, \u00a0a \u00a0partir \u00a0del \u00a0momento \u00a0en que el se\u00f1or JAVIER MIGUEL VARGAS CASTRO \u00a0dej\u00f3 de ser representante a la C\u00e1mara. \u00a0\u00a0<\/p>\n<p>En \u00a0ese orden de ideas, la Sala de Casaci\u00f3n \u00a0Penal \u00a0 \u00a0perdi\u00f3 \u00a0 \u00a0competencia \u00a0 para \u00a0 continuar \u00a0 adelantando \u00a0 la \u00a0 presente \u00a0investigaci\u00f3n. \u00a0\u00a0<\/p>\n<p>5. \u00a0En \u00a0consecuencia, \u00a0el \u00a0expediente \u00a0debe \u00a0retornar \u00a0a \u00a0la \u00a0Fiscal\u00eda \u00a0Treinta Seccional Delegada ante el Juzgado Promiscuo \u00a0del Circuito de Vaup\u00e9s, para lo de su competencia. \u00a0\u00a0<\/p>\n<p>En m\u00e9rito de lo expuesto, la Corte Suprema \u00a0de Justicia, en Sala de Casaci\u00f3n Penal, \u00a0\u00a0<\/p>\n<p>RESUELVE \u00a0\u00a0<\/p>\n<p>1: \u00a0Declarar que la \u00a0Sala \u00a0de \u00a0Casaci\u00f3n \u00a0Penal \u00a0de \u00a0la Corte Suprema de Justicia perdi\u00f3 competencia \u00a0para \u00a0conocer \u00a0la investigaci\u00f3n previa con relaci\u00f3n al ex representante JAVIER \u00a0MIGUEL \u00a0 VARGAS \u00a0 CASTRO, \u00a0 de \u00a0 conformidad \u00a0 con \u00a0 la \u00a0parte \u00a0motiva \u00a0de \u00a0esta \u00a0providencia. \u00a0\u00a0<\/p>\n<p>2. \u00a0 Remitir \u00a0el \u00a0expediente \u00a0a Fiscal\u00eda Treinta Seccional Delegada ante el Juzgado Promiscuo del \u00a0Circuito de Mit\u00fa (Vaup\u00e9s), para su conocimiento. \u00a0\u00a0<\/p>\n<p>C\u00f3piese, \u00a0 \u00a0 \u00a0notif\u00edquese \u00a0 \u00a0 \u00a0y \u00a0c\u00famplase \u00a0\u00a0<\/p>\n<p>MAURO SOLARTE PORTILLA \u00a0<\/p>\n<p>SIGIFREDO \u00a0 ESPINOSA \u00a0 P\u00c9REZ \u00a0\u00a0 \u00a0\u00a0 \u00a0\u00a0 \u00a0\u00a0 \u00a0\u00a0 \u00a0\u00a0 \u00a0 \u00a0\u00a0 \u00a0 \u00a0 \u00a0 \u00a0 \u00a0 \u00a0 \u00a0 \u00a0 \u00a0\u00a0ALFREDO G\u00d3MEZ QUINTERO \u00a0\u00a0<\/p>\n<p>\u00c1LVARO \u00a0 O. \u00a0P\u00c9REZ \u00a0PINZ\u00d3N \u00a0\u00a0 \u00a0\u00a0 \u00a0\u00a0 \u00a0\u00a0 \u00a0\u00a0 \u00a0\u00a0 \u00a0 \u00a0 \u00a0 \u00a0 \u00a0 \u00a0MARINA \u00a0 \u00a0PULIDO \u00a0 \u00a0DE \u00a0BAR\u00d3N \u00a0\u00a0<\/p>\n<p>JORGE \u00a0LUIS \u00a0QUINTERO \u00a0MILAN\u00c9S \u00a0\u00a0 \u00a0\u00a0 \u00a0\u00a0 \u00a0\u00a0 \u00a0\u00a0 \u00a0\u00a0 \u00a0 \u00a0 \u00a0\u00a0 \u00a0 \u00a0 \u00a0\u00a0YESID \u00a0 \u00a0 \u00a0RAM\u00cdREZ \u00a0BASTIDAS \u00a0\u00a0<\/p>\n<p>JULIO \u00a0ENRIQUE \u00a0SOCHA SALAMANCA \u00a0 \u00a0 \u00a0 \u00a0 \u00a0\u00a0 \u00a0\u00a0JAVIER \u00a0ZAPATA ORTIZ \u00a0\u00a0<\/p>\n<p>TERESA \u00a0 \u00a0RUIZ \u00a0N\u00da\u00d1EZ \u00a0\u00a0<\/p>\n<p>Secretaria \u00a0<\/p>\n<p>\u00a0 \u00a0\u00a0<\/p>\n<p><\/p>\n","protected":false},"excerpt":{"rendered":"<p>\u00a0 \u00a0 Proceso No 25268 \u00a0 CORTE SUPREMA DE JUSTICIA \u00a0 SALA \u00a0 DE \u00a0 CASACI\u00d3N \u00a0PENAL \u00a0\u00a0 \u00a0 \u00a0\u00a0 \u00a0\u00a0 \u00a0\u00a0Magistrado \u00a0Ponente \u00a0\u00a0 \u00a0 \u00a0\u00a0 \u00a0\u00a0 \u00a0\u00a0JAVIER ZAPATA ORTIZ \u00a0\u00a0 \u00a0 \u00a0\u00a0 \u00a0\u00a0 \u00a0\u00a0Aprobado Acta No. 107 \u00a0\u00a0 Bogot\u00e1 D. C., veintiocho (28) de septiembre \u00a0de dos mil seis (2006) \u00a0\u00a0 VISTOS \u00a0 La [&hellip;]<\/p>\n","protected":false},"author":1,"featured_media":0,"comment_status":"open","ping_status":"open","sticky":false,"template":"","format":"standard","meta":{"footnotes":""},"categories":[14],"tags":[],"class_list":["post-11576","post","type-post","status-publish","format-standard","hentry","category-14"],"_links":{"self":[{"href":"https:\/\/dmsjuridica.com\/buscador_20179478954\/salapenalcronologico20230723\/wp-json\/wp\/v2\/posts\/11576","targetHints":{"allow":["GET"]}}],"collection":[{"href":"https:\/\/dmsjuridica.com\/buscador_20179478954\/salapenalcronologico20230723\/wp-json\/wp\/v2\/posts"}],"about":[{"href":"https:\/\/dmsjuridica.com\/buscador_20179478954\/salapenalcronologico20230723\/wp-json\/wp\/v2\/types\/post"}],"author":[{"embeddable":true,"href":"https:\/\/dmsjuridica.com\/buscador_20179478954\/salapenalcronologico20230723\/wp-json\/wp\/v2\/users\/1"}],"replies":[{"embeddable":true,"href":"https:\/\/dmsjuridica.com\/buscador_20179478954\/salapenalcronologico20230723\/wp-json\/wp\/v2\/comments?post=11576"}],"version-history":[{"count":0,"href":"https:\/\/dmsjuridica.com\/buscador_20179478954\/salapenalcronologico20230723\/wp-json\/wp\/v2\/posts\/11576\/revisions"}],"wp:attachment":[{"href":"https:\/\/dmsjuridica.com\/buscador_20179478954\/salapenalcronologico20230723\/wp-json\/wp\/v2\/media?parent=11576"}],"wp:term":[{"taxonomy":"category","embeddable":true,"href":"https:\/\/dmsjuridica.com\/buscador_20179478954\/salapenalcronologico20230723\/wp-json\/wp\/v2\/categories?post=11576"},{"taxonomy":"post_tag","embeddable":true,"href":"https:\/\/dmsjuridica.com\/buscador_20179478954\/salapenalcronologico20230723\/wp-json\/wp\/v2\/tags?post=11576"}],"curies":[{"name":"wp","href":"https:\/\/api.w.org\/{rel}","templated":true}]}}