{"id":11491,"date":"2023-09-08T19:54:01","date_gmt":"2023-09-08T19:54:01","guid":{"rendered":"https:\/\/dmsjuridica.com\/buscador_20179478954\/salapenalcronologico20230723\/2023\/09\/08\/2511807-03-06-1\/"},"modified":"2023-09-08T19:54:01","modified_gmt":"2023-09-08T19:54:01","slug":"2511807-03-06-1","status":"publish","type":"post","link":"https:\/\/dmsjuridica.com\/buscador_20179478954\/salapenalcronologico20230723\/2023\/09\/08\/2511807-03-06-1\/","title":{"rendered":"25118(07-03-06)-1"},"content":{"rendered":"\n<p>\u00a0 \u00a0 Proceso No 25118 \u00a0<\/p>\n<p>CORTE SUPREMA DE JUSTICIA \u00a0<\/p>\n<p>SALA DE CASACI\u00d3N PENAL \u00a0<\/p>\n<p>\u00a0\u00a0\u00a0\u00a0\u00a0\u00a0\u00a0\u00a0\u00a0\u00a0\u00a0\u00a0\u00a0 \u00a0\u00a0<\/p>\n<p>\u00a0\u00a0\u00a0\u00a0\u00a0\u00a0\u00a0\u00a0\u00a0\u00a0\u00a0\u00a0\u00a0\u00a0\u00a0\u00a0\u00a0\u00a0\u00a0\u00a0\u00a0\u00a0\u00a0\u00a0\u00a0\u00a0 \u00a0Magistrado Ponente: \u00a0\u00a0<\/p>\n<p>Dr. ALFREDO G\u00d3MEZ QUINTERO \u00a0<\/p>\n<p>\u00a0\u00a0\u00a0\u00a0\u00a0\u00a0\u00a0\u00a0\u00a0\u00a0\u00a0\u00a0\u00a0\u00a0\u00a0\u00a0\u00a0\u00a0\u00a0\u00a0\u00a0\u00a0\u00a0\u00a0\u00a0\u00a0\u00a0\u00a0 \u00a0Aprobado Acta No.\u00a0 20 \u00a0\u00a0<\/p>\n<p>Bogot\u00e1, \u00a0D.C., siete (7) de marzo de dos mil \u00a0seis (2.006). \u00a0\u00a0<\/p>\n<p>VISTOS: \u00a0<\/p>\n<p>Se \u00a0pronuncia \u00a0la \u00a0Sala \u00a0sobre el recurso de \u00a0queja \u00a0 interpuesto \u00a0 por \u00a0la \u00a0apoderada \u00a0del \u00a0tercero \u00a0civilmente \u00a0responsable, \u00a0Transportes \u00a0Puerto \u00a0Santander \u00a0S.A., \u00a0contra \u00a0el \u00a0auto \u00a0de enero 27 del a\u00f1o en \u00a0curso, \u00a0por \u00a0medio \u00a0del \u00a0cual el Tribunal Superior de C\u00facuta no le concedi\u00f3 el \u00a0extraordinario \u00a0 de \u00a0 casaci\u00f3n \u00a0 formulado \u00a0 contra \u00a0la \u00a0sentencia \u00a0de \u00a0segunda \u00a0instancia. \u00a0\u00a0<\/p>\n<p>ANTECEDENTES Y CONSIDERACIONES: \u00a0<\/p>\n<p>1. \u00a0Dictado \u00a0en contra de Giucepi Rodr\u00edguez \u00a0Rodr\u00edguez, \u00a0por \u00a0el Tribunal Superior de C\u00facuta, en octubre 20 de 2.005, fallo \u00a0a \u00a0trav\u00e9s \u00a0del \u00a0cual \u00a0se \u00a0confirm\u00f3 \u00a0el \u00a0que \u00a0en primera instancia profiri\u00f3 el \u00a0Juzgado \u00a0Primero \u00a0Penal \u00a0del \u00a0Circuito \u00a0de \u00a0la \u00a0misma ciudad, condenando a dicho \u00a0procesado \u00a0-entre \u00a0otras- a la pena principal de 24 meses de prisi\u00f3n como autor \u00a0del \u00a0delito \u00a0de \u00a0homicidio \u00a0culposo, \u00a0as\u00ed \u00a0como \u00a0a pagar solidariamente con los \u00a0terceros \u00a0 civilmente \u00a0responsables \u00a0-Cristobal \u00a0Moncada \u00a0y \u00a0Transportes \u00a0Puerto \u00a0Santander- \u00a0 la \u00a0 indemnizaci\u00f3n \u00a0 por \u00a0 da\u00f1os \u00a0y \u00a0perjuicios \u00a0en \u00a0cantidad \u00a0de \u00a0$145\u2019523.600,oo, \u00a0interpusieron \u00a0el \u00a0defensor \u00a0del \u00a0encausado \u00a0y el apoderado de la citada empresa \u00a0sendos \u00a0recursos \u00a0de \u00a0casaci\u00f3n que fueron concedidos por el ad quem en auto del \u00a028 de noviembre de 2.005. \u00a0\u00a0<\/p>\n<p>Mas, como contra dicha decisi\u00f3n el apoderado \u00a0de \u00a0la \u00a0parte \u00a0civil interpusiera el recurso de reposici\u00f3n con el prop\u00f3sito de \u00a0obtener \u00a0su \u00a0parcial \u00a0revocatoria en cuanto a la casaci\u00f3n concedida a favor del \u00a0tercero \u00a0por \u00a0considerar \u00a0que \u00a0\u00e9ste carec\u00eda de inter\u00e9s en la medida en que no \u00a0hab\u00eda \u00a0apelado \u00a0la sentencia del a quo, el Tribunal accedi\u00f3 a un tal pedimento \u00a0y \u00a0en \u00a0consecuencia dispuso denegar la extraordinaria impugnaci\u00f3n a trav\u00e9s del \u00a0auto que ahora es materia de queja. \u00a0\u00a0<\/p>\n<p>2. \u00a0Siendo \u00a0evidente \u00a0que \u00a0en \u00a0t\u00e9rminos del \u00a0art\u00edculo \u00a0 197 \u00a0 del \u00a0C\u00f3digo \u00a0de \u00a0Procedimiento \u00a0Penal \u00a0el \u00a0examen \u00a0del recurso de queja se condiciona a que haya sido sustentado por \u00a0el \u00a0sujeto \u00a0procesal \u00a0que \u00a0lo \u00a0interpuso \u00a0bien al momento de su formulaci\u00f3n ora \u00a0dentro \u00a0de \u00a0los tres d\u00edas siguientes al recibo de las copias, es incuestionable \u00a0que \u00a0en \u00a0este \u00a0asunto la apoderada del tercero civilmente responsable ha omitido \u00a0el \u00a0cumplimiento \u00a0de \u00a0tal \u00a0carga pues no expuso argumento alguno en el escrito a \u00a0trav\u00e9s \u00a0del cual plante\u00f3 este medio de impugnaci\u00f3n, ni en el citado lapso que \u00a0corri\u00f3 \u00a0a \u00a0partir \u00a0del \u00a0pasado 20 de febrero. En consecuencia ninguna decisi\u00f3n \u00a0diferente \u00a0ha \u00a0de \u00a0proceder \u00a0que la de desechar el recurso as\u00ed interpuesto pero \u00a0carente de sustentaci\u00f3n. \u00a0\u00a0<\/p>\n<p>En \u00a0m\u00e9rito de lo expuesto, la Corte Suprema \u00a0de Justicia, Sala de Casaci\u00f3n Penal, \u00a0\u00a0<\/p>\n<p>RESUELVE: \u00a0<\/p>\n<p>Desechar el recurso de queja interpuesto por \u00a0la \u00a0apoderada \u00a0del \u00a0tercero \u00a0civilmente responsable -Transportes Santander S.A.- \u00a0contra \u00a0el \u00a0auto \u00a0de \u00a0enero \u00a027 del a\u00f1o en curso por medio del cual el Tribunal \u00a0Superior de C\u00facuta le deneg\u00f3 el extraordinario de casaci\u00f3n. \u00a0\u00a0<\/p>\n<p>Contra \u00a0esta \u00a0decisi\u00f3n \u00a0no \u00a0procede recurso \u00a0alguno. \u00a0\u00a0<\/p>\n<p>C\u00f3piese, \u00a0 \u00a0 \u00a0comun\u00edquese \u00a0 \u00a0 \u00a0y \u00a0c\u00famplase, \u00a0\u00a0<\/p>\n<p>MAURO SOLARTE PORTILLA \u00a0<\/p>\n<p>SIGIFREDO \u00a0 \u00a0 \u00a0 \u00a0 \u00a0ESPINOSA \u00a0P\u00c9REZ\u00a0\u00a0\u00a0\u00a0\u00a0\u00a0\u00a0\u00a0\u00a0\u00a0\u00a0\u00a0\u00a0\u00a0\u00a0\u00a0\u00a0\u00a0\u00a0 \u00a0ALFREDO G\u00d3MEZ \u00a0QUINTERO\u00a0\u00a0\u00a0\u00a0\u00a0\u00a0\u00a0\u00a0\u00a0\u00a0\u00a0\u00a0\u00a0\u00a0\u00a0\u00a0\u00a0\u00a0\u00a0\u00a0\u00a0\u00a0\u00a0\u00a0 \u00a0\u00a0<\/p>\n<p>EDGAR \u00a0 \u00a0 \u00a0 \u00a0 \u00a0 \u00a0LOMBANA \u00a0TRUJILLO\u00a0\u00a0\u00a0\u00a0\u00a0\u00a0\u00a0\u00a0\u00a0\u00a0 \u00c1LVARO \u00a0ORLANDO P\u00c9REZ PINZ\u00d3N \u00a0\u00a0<\/p>\n<p>MARINA \u00a0 \u00a0 \u00a0 \u00a0PULIDO \u00a0 \u00a0 \u00a0 \u00a0DE \u00a0BAR\u00d3N\u00a0\u00a0\u00a0\u00a0\u00a0\u00a0\u00a0\u00a0\u00a0\u00a0\u00a0\u00a0\u00a0\u00a0 \u00a0JORGE LUIS QUINTERO MILAN\u00c9S \u00a0\u00a0<\/p>\n<p>YESID \u00a0 \u00a0 \u00a0 \u00a0 \u00a0 RAM\u00cdREZ \u00a0BASTIDAS\u00a0\u00a0\u00a0\u00a0\u00a0\u00a0\u00a0\u00a0\u00a0\u00a0\u00a0\u00a0\u00a0\u00a0\u00a0\u00a0\u00a0\u00a0\u00a0\u00a0\u00a0\u00a0\u00a0\u00a0\u00a0\u00a0\u00a0\u00a0\u00a0\u00a0\u00a0\u00a0\u00a0\u00a0\u00a0 \u00a0JAVIER ZAPATA ORT\u00cdZ \u00a0\u00a0<\/p>\n<p>Teresa Ruiz N\u00fa\u00f1ez \u00a0<\/p>\n<p>Secretaria \u00a0<\/p>\n<p>\u00a0 \u00a0\u00a0<\/p>\n<p><\/p>\n","protected":false},"excerpt":{"rendered":"<p>\u00a0 \u00a0 Proceso No 25118 \u00a0 CORTE SUPREMA DE JUSTICIA \u00a0 SALA DE CASACI\u00d3N PENAL \u00a0 \u00a0\u00a0\u00a0\u00a0\u00a0\u00a0\u00a0\u00a0\u00a0\u00a0\u00a0\u00a0\u00a0 \u00a0\u00a0 \u00a0\u00a0\u00a0\u00a0\u00a0\u00a0\u00a0\u00a0\u00a0\u00a0\u00a0\u00a0\u00a0\u00a0\u00a0\u00a0\u00a0\u00a0\u00a0\u00a0\u00a0\u00a0\u00a0\u00a0\u00a0\u00a0 \u00a0Magistrado Ponente: \u00a0\u00a0 Dr. ALFREDO G\u00d3MEZ QUINTERO \u00a0 \u00a0\u00a0\u00a0\u00a0\u00a0\u00a0\u00a0\u00a0\u00a0\u00a0\u00a0\u00a0\u00a0\u00a0\u00a0\u00a0\u00a0\u00a0\u00a0\u00a0\u00a0\u00a0\u00a0\u00a0\u00a0\u00a0\u00a0\u00a0 \u00a0Aprobado Acta No.\u00a0 20 \u00a0\u00a0 Bogot\u00e1, \u00a0D.C., siete (7) de marzo de dos mil \u00a0seis (2.006). \u00a0\u00a0 VISTOS: \u00a0 Se \u00a0pronuncia \u00a0la \u00a0Sala \u00a0sobre el recurso de [&hellip;]<\/p>\n","protected":false},"author":1,"featured_media":0,"comment_status":"open","ping_status":"open","sticky":false,"template":"","format":"standard","meta":{"footnotes":""},"categories":[14],"tags":[],"class_list":["post-11491","post","type-post","status-publish","format-standard","hentry","category-14"],"_links":{"self":[{"href":"https:\/\/dmsjuridica.com\/buscador_20179478954\/salapenalcronologico20230723\/wp-json\/wp\/v2\/posts\/11491","targetHints":{"allow":["GET"]}}],"collection":[{"href":"https:\/\/dmsjuridica.com\/buscador_20179478954\/salapenalcronologico20230723\/wp-json\/wp\/v2\/posts"}],"about":[{"href":"https:\/\/dmsjuridica.com\/buscador_20179478954\/salapenalcronologico20230723\/wp-json\/wp\/v2\/types\/post"}],"author":[{"embeddable":true,"href":"https:\/\/dmsjuridica.com\/buscador_20179478954\/salapenalcronologico20230723\/wp-json\/wp\/v2\/users\/1"}],"replies":[{"embeddable":true,"href":"https:\/\/dmsjuridica.com\/buscador_20179478954\/salapenalcronologico20230723\/wp-json\/wp\/v2\/comments?post=11491"}],"version-history":[{"count":0,"href":"https:\/\/dmsjuridica.com\/buscador_20179478954\/salapenalcronologico20230723\/wp-json\/wp\/v2\/posts\/11491\/revisions"}],"wp:attachment":[{"href":"https:\/\/dmsjuridica.com\/buscador_20179478954\/salapenalcronologico20230723\/wp-json\/wp\/v2\/media?parent=11491"}],"wp:term":[{"taxonomy":"category","embeddable":true,"href":"https:\/\/dmsjuridica.com\/buscador_20179478954\/salapenalcronologico20230723\/wp-json\/wp\/v2\/categories?post=11491"},{"taxonomy":"post_tag","embeddable":true,"href":"https:\/\/dmsjuridica.com\/buscador_20179478954\/salapenalcronologico20230723\/wp-json\/wp\/v2\/tags?post=11491"}],"curies":[{"name":"wp","href":"https:\/\/api.w.org\/{rel}","templated":true}]}}