{"id":11350,"date":"2023-09-08T19:53:03","date_gmt":"2023-09-08T19:53:03","guid":{"rendered":"https:\/\/dmsjuridica.com\/buscador_20179478954\/salapenalcronologico20230723\/2023\/09\/08\/2487914-03-06-1\/"},"modified":"2023-09-08T19:53:03","modified_gmt":"2023-09-08T19:53:03","slug":"2487914-03-06-1","status":"publish","type":"post","link":"https:\/\/dmsjuridica.com\/buscador_20179478954\/salapenalcronologico20230723\/2023\/09\/08\/2487914-03-06-1\/","title":{"rendered":"24879(14-03-06)-1"},"content":{"rendered":"\n<p>\u00a0 \u00a0 Proceso No 24879 \u00a0<\/p>\n<p>CORTE SUPREMA DE JUSTICIA \u00a0<\/p>\n<p>\u00a0\u00a0\u00a0\u00a0\u00a0\u00a0\u00a0\u00a0\u00a0 \u00a0 \u00a0SALA \u00a0 \u00a0DE \u00a0CASACI\u00d3N PENAL \u00a0\u00a0<\/p>\n<p>Magistrado \u00a0 \u00a0 Ponente: \u00a0\u00a0<\/p>\n<p>\u00a0\u00a0\u00a0\u00a0\u00a0\u00a0\u00a0\u00a0\u00a0\u00a0\u00a0\u00a0\u00a0\u00a0\u00a0\u00a0\u00a0\u00a0\u00a0\u00a0\u00a0\u00a0\u00a0\u00a0\u00a0\u00a0\u00a0\u00a0\u00a0\u00a0\u00a0\u00a0\u00a0\u00a0\u00a0\u00a0\u00a0\u00a0\u00a0\u00a0\u00a0\u00a0\u00a0\u00a0 \u00a0YESID RAM\u00cdREZ BASTIDAS \u00a0\u00a0<\/p>\n<p>\u00a0\u00a0\u00a0\u00a0\u00a0\u00a0\u00a0\u00a0\u00a0\u00a0\u00a0\u00a0\u00a0\u00a0\u00a0\u00a0\u00a0\u00a0\u00a0\u00a0\u00a0\u00a0\u00a0\u00a0\u00a0\u00a0\u00a0\u00a0\u00a0\u00a0\u00a0\u00a0\u00a0\u00a0\u00a0\u00a0\u00a0\u00a0\u00a0\u00a0 \u00a0Aprobado Acta N\u00b0 023. \u00a0\u00a0<\/p>\n<p>Bogot\u00e1, D. C., marzo catorce (14) de dos mil \u00a0seis (2006). \u00a0\u00a0<\/p>\n<p>VISTOS: \u00a0<\/p>\n<p>Procede \u00a0la Corte a emitir concepto sobre la \u00a0solicitud \u00a0de extradici\u00f3n del ciudadano colombiano FAROUK SHAIKH REYES, elevada \u00a0por \u00a0el \u00a0Gobierno \u00a0de \u00a0los \u00a0Estados Unidos a trav\u00e9s de su Embajada en Colombia. \u00a0\u00a0<\/p>\n<p>ANTECEDENTES: \u00a0\u00a0<\/p>\n<p>1. A FAROUK SHAIKH REYES se le requiere para \u00a0que \u00a0comparezca \u00a0en \u00a0juicio \u00a0por \u00a0delitos \u201cfederales de narc\u00f3ticos\u201d ante el \u00a0Tribunal \u00a0Distrital \u00a0de los Estados Unidos, para el Distrito Sur de Florida, que \u00a0con \u00a0fecha \u00a015 de febrero de 2005 le dict\u00f3 la acusaci\u00f3n N\u00b0 05-20124-CR-Moore, \u00a0mediante \u00a0la \u00a0cual \u00a0se \u00a0le \u00a0acusa del siguiente cargo, seg\u00fan la Nota Verbal N\u00b0 \u00a03108 del 16 de diciembre de 2005: \u00a0\u00a0<\/p>\n<p>\u201c&#8211; \u00a0Cargo \u00a01: \u00a0Concierto \u00a0para \u00a0poseer \u00a0con la intenci\u00f3n de distribuir cinco kilogramos o m\u00e1s \u00a0de \u00a0coca\u00edna, \u00a0en \u00a0los \u00a0Estados \u00a0Unidos, \u00a0lo \u00a0cual \u00a0es en contra del T\u00edtulo 21, \u00a0Secci\u00f3n \u00a0841 \u00a0(a) \u00a0(1) \u00a0del \u00a0C\u00f3digo \u00a0de \u00a0los Estados Unidos, en violaci\u00f3n del \u00a0T\u00edtulo \u00a021, \u00a0Secciones \u00a0841 \u00a0(b) \u00a0(1) (A) (ii) y 846 del C\u00f3digo de los Estados \u00a0Unidos.\u201d \u00a0\u00a0<\/p>\n<p>\u00a0 \u00a02. \u00a0Para \u00a0formalizar \u00a0 el \u00a0 tr\u00e1mite \u00a0de \u00a0extradici\u00f3n \u00a0fueron \u00a0aportados \u00a0los \u00a0siguientes \u00a0documentos, \u00a0efectuada \u00a0la \u00a0traducci\u00f3n \u00a0necesaria y la legalizaci\u00f3n respectiva \u00a0ante el Ministerio de Relaciones Exteriores: \u00a0\u00a0<\/p>\n<p>2.1. \u00a0Las \u00a0notas verbales N\u00b0 1896 y 3108 de \u00a01\u00b0 \u00a0de \u00a0septiembre y 16 de diciembre de 2005, respectivamente, a trav\u00e9s de las \u00a0cuales \u00a0la \u00a0Embajada \u00a0de \u00a0los \u00a0Estados \u00a0Unidos \u00a0hace \u00a0conocer \u00a0la \u00a0petici\u00f3n \u00a0de \u00a0extradici\u00f3n. \u00a0\u00a0<\/p>\n<p>En \u00a0la \u00a0primera \u00a0nota la Embajada informa al \u00a0Ministerio \u00a0de \u00a0Relaciones \u00a0Exteriores \u00a0que \u00a0FAROUK \u00a0SHAIKH \u00a0REYES \u00a0\u201ces \u00a0ciudadano de Colombia, nacido el 5 \u00a0de \u00a0junio \u00a0de 1965, en Cartagena, Colombia. Es portador de la c\u00e9dula colombiana \u00a0N\u00b0 14.887.188.\u201d \u00a0\u00a0<\/p>\n<p>2.2. \u00a0 Copia \u00a0 de \u00a0 la \u00a0 acusaci\u00f3n \u00a0 N\u00b0 \u00a005-20124-Cr-Moore \u00a0proferida \u00a0el \u00a015 \u00a0de \u00a0febrero \u00a0de \u00a02005 \u00a0por \u00a0el Tribunal de \u00a0Distrito \u00a0de \u00a0los \u00a0Estados \u00a0Unidos, Distrito Sur de Florida, entre otros, contra \u00a0FAROUK SHAIKH REYES. \u00a0\u00a0<\/p>\n<p>2.3. \u00a0Copia \u00a0de \u00a0disposiciones \u00a0penales \u00a0del \u00a0C\u00f3digo de los Estados Unidos, relevantes en el presente caso. \u00a0\u00a0<\/p>\n<p>2.4. \u00a0Declaraciones \u00a0juradas de Juan Antonio \u00a0Gonz\u00e1lez, \u00a0Fiscal \u00a0Adjunto \u00a0en \u00a0la \u00a0Fiscal\u00eda \u00a0de \u00a0los \u00a0Estados \u00a0Unidos para el \u00a0Distrito \u00a0Sur de Florida y de Rufus Wallace, Agente Especial de la DEA, en apoyo \u00a0a la solicitud de extradici\u00f3n. \u00a0\u00a0<\/p>\n<p>2.6. \u00a0Copia \u00a0de fotograf\u00eda de FAROUK SHAIKH \u00a0REYES. \u00a0\u00a0<\/p>\n<p>3. \u00a0En \u00a0Colombia \u00a0se \u00a0realiz\u00f3 \u00a0el siguiente \u00a0tr\u00e1mite: \u00a0\u00a0<\/p>\n<p>3.1. \u00a0La Oficina Jur\u00eddica del Ministerio de \u00a0Relaciones \u00a0Exteriores \u00a0remiti\u00f3 \u00a0a \u00a0la \u00a0Fiscal\u00eda General de la Naci\u00f3n la Nota \u00a0Verbal \u00a0N\u00b0 \u00a01896 de 1\u00b0 de septiembre de 2005, procedente de la Embajada de los \u00a0Estados \u00a0Unidos, mediante la cual solicit\u00f3 la captura con fines de extradici\u00f3n \u00a0de \u00a0FAROUK \u00a0SHAIKH \u00a0REYES, \u00a0entidad que mediante resoluci\u00f3n de fecha 2\u00a0 de \u00a0ese mismo mes y a\u00f1o, acogi\u00f3 lo pedido. \u00a0\u00a0<\/p>\n<p>3.2. \u00a0 El \u00a05 \u00a0de \u00a0noviembre \u00a0de \u00a02005 \u00a0fue \u00a0aprehendido \u00a0en \u00a0la \u00a0ciudad de Bogot\u00e1 FAROUK SHAIKH REYES, quien se identific\u00f3 \u00a0con \u00a0 la \u00a0c\u00e9dula \u00a0de \u00a0ciudadan\u00eda \u00a0N\u00b0 \u00a014.887.188 \u00a0expedida \u00a0en \u00a0Buga, \u00a0Valle. \u00a0\u00a0<\/p>\n<p>3.3. La mencionada Oficina Jur\u00eddica mediante \u00a0oficio \u00a0OAJ.E. \u00a01677 \u00a0del \u00a019 \u00a0de \u00a0diciembre \u00a0de \u00a02005, concept\u00faa que \u201cpor no \u00a0existir \u00a0Convenio \u00a0aplicable \u00a0al \u00a0caso es procedente obrar de conformidad con el \u00a0ordenamiento \u00a0 \u00a0procesal \u00a0 \u00a0penal \u00a0 \u00a0colombiano\u201d. \u00a0\u00a0<\/p>\n<p>3.4. \u00a0Iniciado \u00a0el \u00a0tr\u00e1mite \u00a0previsto en el \u00a0art\u00edculo \u00a0518 de la ley 600 de 2000, el 24 de enero de 2006 se corri\u00f3 traslado \u00a0por \u00a0el \u00a0t\u00e9rmino \u00a0de \u00a010 d\u00edas, a FAROUK SHAIKH REYES y a su defensor, para que \u00a0solicitaran \u00a0las pruebas que considerasen necesarias dentro del presente asunto, \u00a0lapso \u00a0que \u00a0venci\u00f3 \u00a0sin \u00a0que dentro del mismo los intervinientes hubieren hecho \u00a0uso de ese derecho. \u00a0\u00a0<\/p>\n<p>El 21 de febrero siguiente se dispuso que el \u00a0asunto \u00a0permaneciera \u00a0en \u00a0la Secretar\u00eda por el t\u00e9rmino de cinco (5) d\u00edas para \u00a0los \u00a0fines \u00a0previstos \u00a0en \u00a0el inciso 3\u00b0 del art\u00edculo 518 del estatuto procesal \u00a0penal, \u00a0presentando \u00a0alegatos \u00a0el \u00a0Procurador \u00a0Primero \u00a0Delegado mientras que la \u00a0defensa guard\u00f3 silencio. \u00a0\u00a0<\/p>\n<p>MINISTERIO \u00a0P\u00daBLICO: \u00a0\u00a0<\/p>\n<p>Concept\u00faa \u00a0favorablemente a la solicitud de \u00a0extradici\u00f3n \u00a0elevada \u00a0por \u00a0el \u00a0Gobierno \u00a0de los Estados Unidos de FAROUK SHAIKH \u00a0REYES. \u00a0\u00a0<\/p>\n<p>Luego \u00a0de \u00a0ocuparse \u00a0de \u00a0lo se\u00f1alado por el \u00a0Ministerio \u00a0de \u00a0Relaciones \u00a0Exteriores \u00a0en \u00a0el \u00a0sentido \u00a0de \u00a0que \u00a0por no existir \u00a0convenio \u00a0aplicable \u00a0al \u00a0caso \u00a0es procedente obrar de conformidad con las normas \u00a0pertinentes \u00a0 del \u00a0 estatuto \u00a0procesal \u00a0penal \u00a0colombiano \u00a0y \u00a0de \u00a0citar \u00a0algunos \u00a0pronunciamientos \u00a0de \u00a0esta \u00a0Corporaci\u00f3n sobre la materia, considera que en este \u00a0asunto \u00a0se \u00a0cumple \u00a0a \u00a0cabalidad con los requisitos establecidos en el art\u00edculo \u00a0520 de la ley 600 de 2000: \u00a0\u00a0<\/p>\n<p>En \u00a0relaci\u00f3n \u00a0con \u00a0la \u00a0validez formal de la \u00a0documentaci\u00f3n \u00a0presentada\u00a0 \u00a0por \u00a0el \u00a0Gobierno requirente expresa que ellos \u00a0fueron \u00a0aportados \u00a0con \u00a0su correspondiente autenticaci\u00f3n por v\u00eda diplom\u00e1tica, \u00a0encontr\u00e1ndose as\u00ed cumplido este primer requisito. \u00a0\u00a0<\/p>\n<p>Frente \u00a0a \u00a0la \u00a0demostraci\u00f3n \u00a0plena \u00a0de \u00a0la \u00a0identidad \u00a0del \u00a0solicitado \u00a0se\u00f1ala \u00a0que \u00a0la documentaci\u00f3n acopiada no contiene \u00a0elemento \u00a0alguno \u00a0que \u00a0permita \u00a0cuestionar \u00a0la \u00a0correspondencia entre la persona \u00a0aprehendida \u00a0el \u00a05 de noviembre de 2005 y quien es requerido en extradici\u00f3n por \u00a0el \u00a0Gobierno \u00a0de los Estados Unidos, trat\u00e1ndose del ciudadano colombiano FAROUK \u00a0SHAIKH \u00a0REYES, quien se identifica con la c\u00e9dula de ciudadan\u00eda N\u00b0 14.887.188, \u00a0identidad \u00a0 que \u00a0resulta \u00a0corroborada \u00a0en \u00a0el \u00a0presente \u00a0tr\u00e1mite, \u00a0entre \u00a0otros \u00a0documentos, \u00a0con \u00a0el \u00a0reporte de la Direcci\u00f3n Nacional de Identificaci\u00f3n de la \u00a0Registradur\u00eda Nacional del Estado Civil. \u00a0\u00a0<\/p>\n<p>En \u00a0lo \u00a0referente \u00a0al \u00a0principio de la doble \u00a0incriminaci\u00f3n \u00a0considera que este requisito tambi\u00e9n se satisface, en la medida \u00a0que \u00a0hecha \u00a0la \u00a0confrontaci\u00f3n \u00a0entre \u00a0las conductas que motivan la petici\u00f3n de \u00a0extradici\u00f3n \u00a0 y \u00a0 nuestra \u00a0 legislaci\u00f3n, \u00a0 se \u00a0 puede \u00a0 concluir \u00a0 que \u00a0 tales \u00a0comportamientos \u00a0constituyen \u00a0delitos y est\u00e1n sancionados en Colombia con penas \u00a0superiores \u00a0a \u00a0cuatro a\u00f1os (concierto para delinquir y tr\u00e1fico, fabricaci\u00f3n o \u00a0porte \u00a0de \u00a0estupefacientes), \u00a0tal como se infiere de lo previsto en el art\u00edculo \u00a0340 \u00a0del \u00a0C\u00f3digo Penal , modificado por el art\u00edculo 8\u00b0 de la Ley 733 de 2002. \u00a0\u00a0<\/p>\n<p>Y, \u00a0en \u00a0relaci\u00f3n \u00a0con la equivalencia de la \u00a0providencia \u00a0proferida en el extranjero, este requisito tambi\u00e9n se satisface en \u00a0consideraci\u00f3n \u00a0a \u00a0que \u00a0la \u00a0acusaci\u00f3n \u00a0proferida por el Tribunal de los Estados \u00a0Unidos, \u00a0Distrito Sur de Florida, con base en la cual se formula la solicitud de \u00a0extradici\u00f3n, \u00a0es \u00a0equivalente a la resoluci\u00f3n de acusaci\u00f3n en el ordenamiento \u00a0jur\u00eddico colombiano. \u00a0\u00a0<\/p>\n<p>Pide que la Sala sugiera al Gobierno Nacional \u00a0que \u00a0 para \u00a0garantizar \u00a0los \u00a0derechos \u00a0fundamentales \u00a0del \u00a0ciudadano \u00a0colombiano \u00a0requerido \u00a0 en \u00a0 extradici\u00f3n \u00a0 se \u00a0hagan \u00a0las \u00a0exigencias \u00a0establecidas \u00a0en \u00a0la \u00a0Constituci\u00f3n \u00a0Pol\u00edtica \u00a0y \u00a0dem\u00e1s \u00a0preceptos del bloque de constitucionalidad. \u00a0\u00a0<\/p>\n<p>CONCEPTO DE LA CORTE: \u00a0<\/p>\n<p>\u00a0 \u00a0\u00a0<\/p>\n<p>1. Aspectos previos. \u00a0 \u00a0\u00a0<\/p>\n<p>1.1.\u00a0 De acuerdo con\u00a0 la solicitud \u00a0elevada \u00a0por \u00a0el \u00a0Gobierno \u00a0de \u00a0los \u00a0Estados \u00a0Unidos a trav\u00e9s de su Embajada en \u00a0Colombia \u00a0y \u00a0de \u00a0los \u00a0documentos \u00a0aportados, \u00a0se \u00a0infiere \u00a0que \u00a0las \u00a0actividades \u00a0delictivas \u00a0que \u00a0se \u00a0le \u00a0imputan \u00a0a \u00a0FAROUK \u00a0SHAIKH \u00a0REYES \u00a0tuvieron \u00a0ocurrencia \u00a0\u201cAproximadamente \u00a0desde noviembre del 2003, siendo la fecha exacta desconocida \u00a0para \u00a0el \u00a0Gran \u00a0Jurado, \u00a0hasta \u00a0aproximadamente \u00a0la \u00a0fecha \u00a0de expedici\u00f3n de la \u00a0presente \u00a0Acta \u00a0de \u00a0Acusaci\u00f3n\u201d \u00a0(febrero \u00a015 \u00a0de \u00a02005), \u00a0es \u00a0decir, \u00a0que las \u00a0conductas \u00a0 por \u00a0 cuya \u00a0 realizaci\u00f3n \u00a0ha \u00a0sido \u00a0acusado \u00a0fueron \u00a0cometidas \u00a0con \u00a0posterioridad \u00a0a \u00a0la \u00a0entrada \u00a0en \u00a0vigencia del Acto Legislativo N\u00b0 01 de 1997, \u00a0modificatorio \u00a0del \u00a0art\u00edculo \u00a035 \u00a0de \u00a0la Carta Pol\u00edtica, por lo que no resulta \u00a0pertinente hacer alguna salvedad al respecto. \u00a0\u00a0<\/p>\n<p>\u00a0 \u00a0 \u00a0<\/p>\n<p>1. En \u00a0el pliego acusatorio en que se \u00a0sustenta \u00a0 la \u00a0 solicitud \u00a0 de \u00a0extradici\u00f3n \u00a0y \u00a0en \u00a0las \u00a0declaraciones \u00a0que \u00a0se \u00a0acompa\u00f1aron \u00a0en \u00a0apoyo \u00a0de \u00a0la mencionada petici\u00f3n, se precisa que los delitos \u00a0imputados \u00a0se \u00a0llevaron \u00a0a \u00a0cabo \u00a0\u201cen \u00a0el \u00a0Condado \u00a0de Miami-Dade, en el\u00a0 \u00a0Distrito \u00a0Sur \u00a0de Florida\u201d, particularmente cuando se introdujo desde Colombia \u00a0a \u00a0los \u00a0Estados \u00a0Unidos \u00a0sustancias \u00a0estupefacientes \u00a0para su comercio il\u00edcito. \u00a0 \u00a0\u00a0<\/p>\n<p>Entonces, \u00a0en \u00a0cualquiera \u00a0de las hip\u00f3tesis \u00a0establecidas \u00a0por la jurisprudencia y la doctrina como criterios para determinar \u00a0el \u00a0lugar \u00a0de la ocurrencia del hecho, tales como el lugar de realizaci\u00f3n de la \u00a0acci\u00f3n, \u00a0seg\u00fan \u00a0el \u00a0cual \u00a0el \u00a0hecho \u00a0se entiende cometido en el lugar donde se \u00a0llev\u00f3 \u00a0a \u00a0cabo \u00a0total o parcialmente la exteriorizaci\u00f3n de la voluntad; la del \u00a0resultado \u00a0que \u00a0estima \u00a0realizado \u00a0el \u00a0hecho \u00a0donde \u00a0se \u00a0produjo el efecto de la \u00a0conducta; \u00a0y, la teor\u00eda de la ubicuidad o mixta que considera cometido el hecho \u00a0donde \u00a0se \u00a0efectu\u00f3 la acci\u00f3n de manera total o parcial, como en el sitio donde \u00a0se \u00a0produjo \u00a0o \u00a0debi\u00f3 \u00a0producirse \u00a0el \u00a0resultado, \u00a0la \u00a0Sala \u00a0encuentra \u00a0que las \u00a0conductas \u00a0atribuidas \u00a0por \u00a0el \u00a0Tribunal Distrital de los Estados Unidos para el \u00a0Distrito \u00a0Sur \u00a0de \u00a0Florida \u00a0a \u00a0FAROUK \u00a0SHAIKH \u00a0REYES, \u00a0traspasaron \u00a0las \u00a0fronteras \u00a0colombianas, \u00a0de \u00a0lo cual \u00a0surge \u00a0que \u00a0se \u00a0satisface \u00a0la \u00a0condicionante constitucional de que el hecho haya \u00a0sido cometido en el exterior.\u00a0 \u00a0\u00a0<\/p>\n<p>2. Cuesti\u00f3n de fondo. \u00a0<\/p>\n<p>Aspectos Generales. \u00a0<\/p>\n<p>La \u00a0competencia \u00a0de \u00a0la \u00a0Corte \u00a0dentro \u00a0del \u00a0tr\u00e1mite \u00a0de \u00a0extradici\u00f3n \u00a0est\u00e1 \u00a0circunscrita \u00a0a \u00a0emitir \u00a0un concepto sobre la \u00a0viabilidad \u00a0de \u00a0entregar \u00a0o \u00a0no a la persona solicitada por un pa\u00eds extranjero, \u00a0despu\u00e9s \u00a0de examinar los puntos a que se refieren los art\u00edculos 511, 513 y 520 \u00a0del C\u00f3digo de Procedimiento Penal (ley 600 de 2000). \u00a0\u00a0<\/p>\n<p>Como \u00a0quiera \u00a0que \u00a0seg\u00fan \u00a0lo \u00a0expres\u00f3 \u00a0el \u00a0Ministerio \u00a0de \u00a0Relaciones Exteriores dentro de este tr\u00e1mite, no existe tratado \u00a0de \u00a0extradici\u00f3n \u00a0aplicable \u00a0en \u00a0el \u00a0ordenamiento \u00a0interno \u00a0entre Colombia y los \u00a0Estados \u00a0Unidos \u00a0de Am\u00e9rica, el concepto debe fundamentarse en lo dispuesto por \u00a0el \u00a0C\u00f3digo \u00a0de Procedimiento Penal colombiano y por ello corresponde a la Sala, \u00a0seg\u00fan \u00a0lo \u00a0indicado \u00a0en el art\u00edculo 520 del referido ordenamiento, realizar el \u00a0respectivo \u00a0an\u00e1lisis \u00a0sobre la validez formal de la documentaci\u00f3n allegada por \u00a0el \u00a0pa\u00eds \u00a0requirente, \u00a0la \u00a0demostraci\u00f3n \u00a0plena \u00a0de \u00a0la identidad de la persona \u00a0solicitada, \u00a0la \u00a0concurrencia \u00a0de la doble incriminaci\u00f3n, esto es, que el hecho \u00a0que \u00a0motiva \u00a0la \u00a0solicitud de extradici\u00f3n tanto en el Estado reclamante como en \u00a0Colombia \u00a0est\u00e9 \u00a0previsto \u00a0como \u00a0delito y adem\u00e1s que en la legislaci\u00f3n interna \u00a0est\u00e9 \u00a0sancionado con pena privativa de la libertad cuyo m\u00ednimo no sea inferior \u00a0a \u00a0cuatro \u00a0(4) \u00a0a\u00f1os. \u00a0Tambi\u00e9n \u00a0es \u00a0necesario establecer la equivalencia de la \u00a0providencia \u00a0proferida \u00a0en \u00a0el extranjero con la acusaci\u00f3n del sistema procesal \u00a0colombiano. \u00a0\u00a0<\/p>\n<p>En relaci\u00f3n con cada uno de tales aspectos, \u00a0se tiene: \u00a0\u00a0<\/p>\n<p>a.- \u00a0Validez formal \u00a0de la documentaci\u00f3n presentada. \u00a0\u00a0<\/p>\n<p>Seg\u00fan \u00a0lo \u00a0establece el art\u00edculo 513 de la \u00a0ley \u00a0600 \u00a0de \u00a02000, \u00a0la \u00a0solicitud \u00a0de \u00a0extradici\u00f3n \u00a0debe \u00a0efectuarse \u00a0por v\u00eda \u00a0diplom\u00e1tica \u00a0y \u00a0de manera excepcional por la consular o de gobierno a gobierno, \u00a0adjuntando \u00a0copia \u00a0aut\u00e9ntica \u00a0del \u00a0fallo \u00a0o \u00a0de \u00a0la \u00a0acusaci\u00f3n proferida en el \u00a0extranjero, \u00a0con indicaci\u00f3n de los actos que determinan la petici\u00f3n, as\u00ed como \u00a0del \u00a0lugar \u00a0y fecha en que fueron ejecutados, los datos que permitan identificar \u00a0plenamente \u00a0al \u00a0reclamado \u00a0y \u00a0copia \u00a0aut\u00e9ntica \u00a0de \u00a0las \u00a0disposiciones \u00a0penales \u00a0aplicables \u00a0al \u00a0caso, documentos que deben ser expedidos en la forma establecida \u00a0por \u00a0la \u00a0legislaci\u00f3n del Estado reclamante y traducida al castellano, si a ello \u00a0hubiere lugar. \u00a0\u00a0<\/p>\n<p>A \u00a0su \u00a0vez, \u00a0el art\u00edculo 259 del C\u00f3digo de \u00a0Procedimiento \u00a0Civil, \u00a0modificado \u00a0por \u00a0el Decreto 2282 de 1989, dispone que los \u00a0documentos \u00a0 p\u00fablicos \u00a0 otorgados \u00a0en \u00a0un \u00a0pa\u00eds \u00a0extranjero \u00a0por \u00a0uno \u00a0de \u00a0sus \u00a0funcionarios \u00a0 o \u00a0 con \u00a0 su \u00a0 intervenci\u00f3n, \u00a0deber\u00e1n \u00a0presentarse \u00a0debidamente \u00a0autenticados \u00a0por \u00a0el \u00a0c\u00f3nsul \u00a0o \u00a0agente \u00a0diplom\u00e1tico de la Rep\u00fablica y en su \u00a0defecto \u00a0por \u00a0el \u00a0de \u00a0una \u00a0naci\u00f3n amiga, lo cual hace presumir que se otorgaron \u00a0acorde \u00a0 a \u00a0la \u00a0ley \u00a0del \u00a0respectivo \u00a0pa\u00eds. \u00a0La \u00a0firma \u00a0del \u00a0c\u00f3nsul \u00a0o \u00a0agente \u00a0diplom\u00e1tico \u00a0se abonar\u00e1 por el Ministerio de Relaciones Exteriores de Colombia \u00a0y \u00a0si se trata de agente consular de un pa\u00eds amigo, se autenticar\u00e1 previamente \u00a0por \u00a0el \u00a0funcionario \u00a0competente \u00a0del \u00a0mismo \u00a0y \u00a0los \u00a0de \u00a0\u00e9ste \u00a0por \u00a0el c\u00f3nsul \u00a0colombiano, \u00a0 disposici\u00f3n \u00a0 aplicable \u00a0al \u00a0caso \u00a0en \u00a0virtud \u00a0del \u00a0principio \u00a0de \u00a0integraci\u00f3n \u00a0normativa \u00a0previsto \u00a0en \u00a0el \u00a0art\u00edculo \u00a023 y el inciso \u00faltimo del \u00a0art\u00edculo 513 del estatuto procesal penal. \u00a0\u00a0<\/p>\n<p>Por \u00a0 tanto, \u00a0 la \u00a0validez \u00a0formal \u00a0de \u00a0la \u00a0documentaci\u00f3n \u00a0apunta \u00a0a \u00a0verificar \u00a0que los soportes con base en los cuales el \u00a0Estado \u00a0requirente \u00a0solicita \u00a0la \u00a0entrega \u00a0de \u00a0una \u00a0persona \u00a0en extradici\u00f3n, se \u00a0sujeten a las referidas exigencias formales. \u00a0\u00a0<\/p>\n<p>Encuentra \u00a0la \u00a0Sala que este presupuesto fue \u00a0observado \u00a0por el Gobierno de los Estados Unidos al demandar la extradici\u00f3n del \u00a0ciudadano \u00a0colombiano \u00a0FAROUK \u00a0SHAIKH \u00a0REYES, \u00a0por \u00a0conducto \u00a0de \u00a0su Embajada en \u00a0Colombia. \u00a0\u00a0<\/p>\n<p>En \u00a0efecto, \u00a0la \u00a0solicitud \u00a0se hizo por v\u00eda \u00a0diplom\u00e1tica, \u00a0fue \u00a0acompa\u00f1ada de copia de la acusaci\u00f3n N\u00b0 05-20124-CR-Moore, \u00a0dictada \u00a0el \u00a015 \u00a0de \u00a0febrero \u00a0de \u00a02005 en el Tribunal de Distrito de los Estados \u00a0Unidos \u00a0para \u00a0el \u00a0Distrito \u00a0Sur de Florida, que indica los actos que soportan la \u00a0reclamaci\u00f3n, \u00a0el lugar y las fechas de su ejecuci\u00f3n, y los datos necesarios en \u00a0orden a establecer la identidad de la persona reclamada. \u00a0\u00a0<\/p>\n<p>Se \u00a0aportaron \u00a0las \u00a0declaraciones \u00a0de \u00a0Juan \u00a0Antonio \u00a0Gonz\u00e1lez \u00a0y \u00a0Rufus Wallace, que adem\u00e1s de confirmar los pormenores de \u00a0la \u00a0acusaci\u00f3n, \u00a0el \u00a0primero en su condici\u00f3n de Fiscal de los Estados Unidos en \u00a0la \u00a0Fiscal\u00eda de los Estados Unidos para el Distrito Sur de Florida, efectu\u00f3 la \u00a0relaci\u00f3n \u00a0de \u00a0los \u00a0preceptos \u00a0normativos \u00a0aplicables \u00a0al \u00a0caso \u00a0y los adjunt\u00f3. \u00a0\u00a0<\/p>\n<p>Los \u00a0anteriores \u00a0documentos, \u00a0que por lo dem\u00e1s obran en traducci\u00f3n al \u00a0castellano, \u00a0certificada \u00a0y \u00a0autenticada \u00a0conforme \u00a0a la legislaci\u00f3n del Estado \u00a0requirente, \u00a0firmas \u00a0autenticadas \u00a0ante la C\u00f3nsul de Colombia en Washington, D. \u00a0C. \u00a0 y, \u00a0posteriormente, \u00a0por \u00a0el \u00a0Jefe \u00a0de \u00a0Legalizaciones \u00a0del \u00a0Ministerio \u00a0de \u00a0Relaciones \u00a0Exteriores, \u00a0deben \u00a0ser tenidos en cuenta en su valor probatorio, en \u00a0consideraci\u00f3n \u00a0a \u00a0que \u00a0cumplen las exigencias previstas en el art\u00edculo 259 del \u00a0C\u00f3digo \u00a0de \u00a0Procedimiento \u00a0Civil, \u00a0modificado por el 1\u00b0, numeral 118 del D. E. \u00a02282 de 1989. \u00a0\u00a0<\/p>\n<p>Este \u00a0requisito, \u00a0por \u00a0tanto, \u00a0se satisface. \u00a0\u00a0<\/p>\n<p>b.- \u00a0 \u00a0 La \u00a0identificaci\u00f3n \u00a0plena \u00a0entre \u00a0el reclamado en extradici\u00f3n y el aprehendido con \u00a0tal finalidad. \u00a0\u00a0<\/p>\n<p>Este requisito hace relaci\u00f3n a la identidad \u00a0que \u00a0debe \u00a0existir \u00a0entre \u00a0la \u00a0persona \u00a0solicitada por el Estado requirente y la \u00a0aprehendida \u00a0 con \u00a0 fines \u00a0de \u00a0extradici\u00f3n. \u00a0Bajo \u00a0este \u00a0contexto, \u00a0esa \u00a0es \u00a0la \u00a0identificaci\u00f3n sobre la cual debe pronunciarse la Sala. \u00a0\u00a0<\/p>\n<p>En \u00a0la \u00a0Nota \u00a0Verbal \u00a0N\u00b0 \u00a01896 \u00a0del \u00a01\u00b0 de \u00a0septiembre \u00a0de \u00a02005, la Embajada de los Estados Unidos informa al Ministerio de \u00a0Relaciones \u00a0Exteriores \u00a0que \u00a0a \u00a0quien \u00a0se \u00a0solicita \u00a0es \u00a0a \u00a0FAROUK SHAIKH REYES, \u00a0ciudadano \u00a0colombiano, \u00a0nacido \u00a0el \u00a05 \u00a0de \u00a0junio de 1965 en Cartagena, Colombia, \u00a0identificado \u00a0 con \u00a0la \u00a0c\u00e9dula \u00a0de \u00a0ciudadan\u00eda \u00a0N\u00b0 \u00a014.887.188 \u00a0y \u00a0se \u00a0aporta \u00a0fotograf\u00eda suya. \u00a0\u00a0<\/p>\n<p>De \u00a0la \u00a0documentaci\u00f3n acopiada, se infiere \u00a0que \u00a0se trata de la misma persona que en este tr\u00e1mite se ha identificado con la \u00a0c\u00e9dula \u00a0de ciudadan\u00eda a que se refiere la petici\u00f3n, expedida en Buga, sin que \u00a0se \u00a0pongan \u00a0en \u00a0tela \u00a0de \u00a0juicio \u00a0los dem\u00e1s datos que se requieren para dar por \u00a0acreditada la exigencia aqu\u00ed estudiada. \u00a0\u00a0<\/p>\n<p>Este \u00a0requisito, \u00a0al igual que el anterior, \u00a0tambi\u00e9n se satisface. \u00a0\u00a0<\/p>\n<p>c.- Principio de la \u00a0doble incriminaci\u00f3n. \u00a0\u00a0<\/p>\n<p>De acuerdo con lo previsto en el numeral 1\u00b0 \u00a0del \u00a0art\u00edculo \u00a0511 \u00a0de \u00a0la \u00a0Ley \u00a0600 \u00a0de 2000, para conceder la extradici\u00f3n es \u00a0indispensable \u00a0que el hecho que la motiva est\u00e9 previsto en Colombia como delito \u00a0y \u00a0reprimido \u00a0con sanci\u00f3n privativa de la libertad cuyo m\u00ednimo no sea inferior \u00a0a cuatro (4) a\u00f1os. \u00a0\u00a0<\/p>\n<p>\u00a0 \u00a0<\/p>\n<p>El ciudadano colombiano FAROUK SHAIKH REYES \u00a0es \u00a0requerido \u00a0para \u00a0que \u00a0comparezca \u00a0en \u00a0juicio \u00a0en el Distrito Sur de Florida, \u00a0siendo \u00a0objeto \u00a0de la acusaci\u00f3n N\u00b0 05-20124-CR-Moore, dictada el 15 de febrero \u00a0de \u00a02005 \u00a0en \u00a0el \u00a0Tribunal \u00a0de \u00a0Distrito \u00a0de los Estados Unidos, Distrito Sur de \u00a0Florida, \u00a0 mediante \u00a0 la \u00a0 cual \u00a0 se \u00a0le \u00a0acusa \u00a0de \u00a0los \u00a0siguientes \u00a0cargos, \u00a0a \u00a0saber: \u00a0\u00a0<\/p>\n<p>\u201cCARGO \u00a01 \u00a0\u00a0<\/p>\n<p>Aproximadamente \u00a0desde \u00a0noviembre del 2003, \u00a0siendo \u00a0la \u00a0fecha \u00a0exacta desconocida para el Gran Jurado, hasta aproximadamente \u00a0la \u00a0fecha \u00a0de \u00a0expedici\u00f3n \u00a0de \u00a0la presente Acta de Acusaci\u00f3n, en el Condado de \u00a0Miami-Dade, \u00a0en \u00a0el \u00a0Distrito \u00a0Sur de la Florida, y otros lugares, los acusados, \u00a0\u00a0<\/p>\n<p>(&#8230;) y \u00a0<\/p>\n<p>FAROUK SHAIKH REYES, \u00a0<\/p>\n<p>a \u00a0sabiendas e intencionalmente se unieron, \u00a0aliaron, \u00a0confabularon, \u00a0y \u00a0acordaron entre s\u00ed y con otras personas conocidas y \u00a0desconocidas \u00a0para el Gran Jurado, para poseer con intenciones de distribuir una \u00a0sustancia \u00a0controlada \u00a0en violaci\u00f3n del cap\u00edtulo 21 del C\u00f3digo de los Estados \u00a0Unidos, \u00a0Secci\u00f3n \u00a0841 \u00a0(a) (1); todo lo anterior en violaci\u00f3n del cap\u00edtulo 21 \u00a0del C\u00f3digo de los Estados Unidos, Secci\u00f3n 846. \u00a0\u00a0<\/p>\n<p>De \u00a0conformidad \u00a0con \u00a0el \u00a0cap\u00edtulo \u00a021 del \u00a0C\u00f3digo \u00a0de \u00a0los Estados Unidos, Secci\u00f3n 841 (b) (1) (A) (ii), se alega adem\u00e1s \u00a0que \u00a0dicha \u00a0violaci\u00f3n \u00a0inclu\u00eda \u00a0cinco \u00a0(5) \u00a0kilogramos \u00a0o m\u00e1s de una mezcla y \u00a0sustancia conteniendo una cantidad detectable de coca\u00edna.\u201d \u00a0\u00a0<\/p>\n<p>El cargo de \u201cConcierto para poseer con la \u00a0intenci\u00f3n \u00a0de \u00a0distribuir \u00a0cinco \u00a0kilogramos \u00a0o \u00a0m\u00e1s de coca\u00edna\u201d, seg\u00fan la \u00a0s\u00edntesis \u00a0efectuada en la Nota Verbal N\u00b0 3108 del 16 de diciembre de 2005, son \u00a0modalidades \u00a0que \u00a0guardan \u00a0consonancia \u00a0con \u00a0la \u00a0conducta \u00a0que \u00a0penalmente se ha \u00a0reprimido \u00a0en Colombia, en el art\u00edculo 340 del C\u00f3digo Penal, modificado por el \u00a0art\u00edculo 8\u00b0 de la Ley 733 de 2002, as\u00ed: \u00a0\u00a0<\/p>\n<p>\u201cConcierto para \u00a0delinquir. \u00a0Cuando varias personas\u00a0 se concierten \u00a0con \u00a0el \u00a0fin \u00a0de \u00a0cometer \u00a0delitos, cada una de ellas ser\u00e1 penada, por esa sola \u00a0conducta, con prisi\u00f3n de tres (3) a seis (6) a\u00f1os. \u00a0\u00a0<\/p>\n<p>Cuando el concierto sea para cometer delitos \u00a0de \u00a0 genocidio, \u00a0desaparici\u00f3n \u00a0forzada \u00a0de \u00a0personas, \u00a0tortura, \u00a0desplazamiento \u00a0forzado, \u00a0homicidio, \u00a0terrorismo, tr\u00e1fico de drogas t\u00f3xicas, estupefacientes o \u00a0sustancias \u00a0 \u00a0sicotr\u00f3picas, \u00a0 secuestro, \u00a0 secuestro \u00a0 extorsivo, \u00a0 extorsi\u00f3n, \u00a0enriquecimiento \u00a0il\u00edcito, \u00a0lavado \u00a0de \u00a0activos o testaferrato y conexos, o para \u00a0organizar, \u00a0promover, \u00a0armar \u00a0o financiar grupos armados al margen de la ley, la \u00a0pena \u00a0ser\u00e1 de prisi\u00f3n de seis (6) a doce (12) a\u00f1os y multa de dos mil (2.000) \u00a0hasta veinte mil (20.000) salarios m\u00ednimos legales mensuales. \u00a0\u00a0<\/p>\n<p>La \u00a0pena \u00a0privativa \u00a0de \u00a0la \u00a0libertad \u00a0se \u00a0aumentar\u00e1 \u00a0en \u00a0la \u00a0mitad \u00a0para quienes organicen, fomenten, promuevan, dirijan, \u00a0encabecen, \u00a0 constituyan \u00a0 o \u00a0financien \u00a0el \u00a0concierto \u00a0o \u00a0la \u00a0asociaci\u00f3n \u00a0para \u00a0delinquir.\u201d \u00a0\u00a0<\/p>\n<p>Los cargos de \u201cposeer con la intenci\u00f3n de \u00a0distribuir \u00a0cinco \u00a0kilogramos \u00a0o \u00a0m\u00e1s de coca\u00edna\u201d, son conductas similares a \u00a0las \u00a0previstas \u00a0en \u00a0Colombia \u00a0en \u00a0el \u00a0art\u00edculo \u00a0376 \u00a0del \u00a0C\u00f3digo \u00a0Penal, de la \u00a0siguiente manera: \u00a0\u00a0<\/p>\n<p>\u201cTr\u00e1fico, \u00a0fabricaci\u00f3n \u00a0o \u00a0porte \u00a0de \u00a0estupefacientes. El que sin \u00a0permiso \u00a0de \u00a0autoridad \u00a0competente, \u00a0salvo \u00a0lo \u00a0dispuesto \u00a0sobre \u00a0dosis para uso \u00a0personal, \u00a0 introduzca \u00a0al \u00a0pa\u00eds, \u00a0as\u00ed \u00a0sea \u00a0en \u00a0tr\u00e1nsito \u00a0o \u00a0saque \u00a0de \u00a0\u00e9l, \u00a0transporte, \u00a0 lleve \u00a0 consigo, \u00a0almacene, \u00a0conserve, \u00a0elabore, \u00a0venda, \u00a0ofrezca, \u00a0adquiera, \u00a0 financie \u00a0o \u00a0suministre \u00a0a \u00a0cualquier \u00a0t\u00edtulo \u00a0droga \u00a0que \u00a0produzca \u00a0dependencia, \u00a0incurrir\u00e1 \u00a0en prisi\u00f3n de ocho (8) a veinte (20) a\u00f1os y multa de \u00a0mil \u00a0(1.000) \u00a0a \u00a0cincuenta \u00a0mil \u00a0(50.000) \u00a0salarios \u00a0m\u00ednimos \u00a0legales mensuales \u00a0vigentes. \u00a0\u00a0<\/p>\n<p>Si \u00a0la \u00a0cantidad \u00a0de droga no excede de mil \u00a0(1.000) \u00a0gramos \u00a0de \u00a0marihuana, \u00a0doscientos \u00a0(200) gramos de hach\u00eds, cien (100) \u00a0gramos \u00a0de \u00a0coca\u00edna \u00a0o \u00a0de sustancia estupefaciente a base de coca\u00edna o veinte \u00a0(20) \u00a0gramos \u00a0derivados \u00a0de \u00a0amapola, \u00a0doscientos \u00a0(200) gramos de metacualona o \u00a0droga \u00a0sint\u00e9tica, \u00a0la \u00a0pena \u00a0ser\u00e1 de cuatro (4) a seis (6) a\u00f1os de prisi\u00f3n y \u00a0multa \u00a0 de \u00a0 dos \u00a0 (2) \u00a0 a \u00a0 cien \u00a0(100) \u00a0salarios \u00a0m\u00ednimos \u00a0legales \u00a0mensuales \u00a0vigentes. \u00a0\u00a0<\/p>\n<p>Si la cantidad de droga excede los l\u00edmites \u00a0m\u00e1ximos \u00a0previstos \u00a0en el inciso anterior sin pasar de diez mil (10.000) gramos \u00a0de \u00a0marihuana, \u00a0tres \u00a0mil \u00a0(3.000) \u00a0gramos de hach\u00eds, dos mil (2.000) gramos de \u00a0coca\u00edna \u00a0o \u00a0sesenta \u00a0(60) gramos de derivados de la amapola, cuatro mil (4.000) \u00a0gramos \u00a0de \u00a0metacualona o droga sint\u00e9tica, la pena ser\u00e1 de seis (6) a ocho (8) \u00a0a\u00f1os \u00a0de prisi\u00f3n y multa de cien (100) a mil (1.000) salarios m\u00ednimos legales \u00a0mensuales vigentes.\u201d \u00a0\u00a0<\/p>\n<p>As\u00ed, \u00a0queda \u00a0demostrado \u00a0que \u00a0los hechos o \u00a0cargos \u00a0descritos \u00a0en \u00a0la \u00a0acusaci\u00f3n \u00a0N\u00b0 05-20124-CR-Moore, proferida el 15 de \u00a0febrero \u00a0de \u00a02005 \u00a0por \u00a0el \u00a0Tribunal \u00a0de \u00a0Distrito \u00a0de \u00a0Estados Unidos, Distrito \u00a0Sur\u00a0 \u00a0de \u00a0Florida, \u00a0cumplen el requisito establecido por el numeral 1\u00b0 del \u00a0art\u00edculo \u00a0511 \u00a0del \u00a0C\u00f3digo de Procedimiento Penal, relativo al principio de la \u00a0doble \u00a0incriminaci\u00f3n \u00a0y la pena se\u00f1alada (\u201csanci\u00f3n privativa de la libertad \u00a0cuyo m\u00ednimo no sea inferior a cuatro a\u00f1os\u201d). \u00a0\u00a0<\/p>\n<p>Este requisito, al igual que los analizados \u00a0en precedencia, tambi\u00e9n se satisface. \u00a0\u00a0<\/p>\n<p>d. Equivalencia de \u00a0la \u00a0providencia \u00a0proferida \u00a0en \u00a0el \u00a0extranjero \u00a0con \u00a0la \u00a0acusaci\u00f3n \u00a0del sistema \u00a0procesal colombiano. \u00a0\u00a0<\/p>\n<p>Este \u00a0requisito \u00a0tambi\u00e9n \u00a0se \u00a0cumple, \u00a0en \u00a0criterio \u00a0de la Sala, en la medida que la decisi\u00f3n proferida por el gran jurado \u00a0ante \u00a0el \u00a0Tribunal \u00a0de \u00a0Distrito de los Estados Unidos, Distrito Sur de Florida, \u00a0guarda \u00a0equivalencia \u00a0con el contenido de la acusaci\u00f3n prevista en el art\u00edculo \u00a0398 del C\u00f3digo de Procedimiento Penal Colombiano. \u00a0\u00a0<\/p>\n<p>De acuerdo con los documentos aportados por \u00a0v\u00eda \u00a0diplom\u00e1tica, autenticados y traducidos con el benepl\u00e1cito del Ministerio \u00a0de \u00a0Relaciones Exteriores, en el acta de acusaci\u00f3n N\u00b0 05-20124-CR-Moore del 15 \u00a0de \u00a0febrero \u00a0de \u00a02005, \u00a0se \u00a0concreta \u00a0la \u00a0formulaci\u00f3n \u00a0de \u00a0los cargos tanto con \u00a0relaci\u00f3n \u00a0 a \u00a0 los \u00a0 hechos \u00a0 constitutivos \u00a0 de \u00a0 los \u00a0 mismos, \u00a0 las \u00a0 fechas \u00a0(\u201cAproximadamente \u00a0 desde \u00a0 Noviembre \u00a0 del \u00a0 2003, \u00a0siendo \u00a0la \u00a0fecha \u00a0exacta \u00a0desconocida \u00a0para \u00a0el Gran Jurado, hasta aproximadamente la fecha de expedici\u00f3n \u00a0de \u00a0la \u00a0presente Acta de Acusaci\u00f3n\u201d), los lugares de ocurrencia (\u201cen \u00a0el \u00a0Condado \u00a0de \u00a0Miami-Dade, en el \u00a0Distrito \u00a0 Sur \u00a0 de \u00a0 la \u00a0 Florida, \u00a0 y \u00a0otros \u00a0lugares\u201d), \u00a0las \u00a0disposiciones \u00a0transgredidas \u00a0tal \u00a0como qued\u00f3 rese\u00f1ado en precedencia y el nombre del acusado \u00a0FAROUK \u00a0SHAIKH \u00a0REYES y las conductas por \u00e9l desarrolladas, tal como se infiere \u00a0de \u00a0los \u00a0cargos \u00a0que \u00a0le han sido formulados por el Gran Jurado ante el Tribunal \u00a0del Distrito Sur de Florida. \u00a0\u00a0<\/p>\n<p>En relaci\u00f3n con las pruebas que soportan la \u00a0acusaci\u00f3n \u00a0presentada \u00a0ante \u00a0la Corte Distrital de los Estados Unidos, Distrito \u00a0Sur \u00a0 de \u00a0Florida, \u00a0contra \u00a0el \u00a0ciudadano \u00a0colombiano \u00a0SHAIKH \u00a0REYES, \u00a0el Fiscal de los Estados Unidos para el \u00a0Distrito \u00a0Sur \u00a0de \u00a0Florida, \u00a0Juan \u00a0Antonio \u00a0Gonz\u00e1lez, al rendir declaraci\u00f3n en \u00a0apoyo \u00a0a \u00a0la \u00a0solicitud \u00a0de \u00a0extradici\u00f3n \u00a0manifest\u00f3 \u00a0que \u00a0los \u00a0Estados \u00a0Unidos \u00a0demostrar\u00e1 \u00a0su \u00a0caso \u00a0contra el requerido \u201cpor medio de evidencias las cuales \u00a0consisten \u00a0principalmente de: (1) vigilancia con grabaciones de audio y de video \u00a0llevadas \u00a0a \u00a0cabo \u00a0por agentes del orden p\u00fablico; (2) testimonio de informantes \u00a0en cooperaci\u00f3n con la Fiscal\u00eda de los Estados Unidos\u201d. \u00a0\u00a0<\/p>\n<p>Frente \u00a0a \u00a0la existencia de las pruebas que \u00a0apoyan \u00a0la actuaci\u00f3n y comprometen al requerido, tambi\u00e9n hizo referencia Rufus \u00a0Wallace, \u00a0Agente \u00a0Especial de la DEA, de manera que ninguna duda existe entre el \u00a0procedimiento \u00a0for\u00e1neo \u00a0y la acusaci\u00f3n del sistema colombiano, en el entendido \u00a0de \u00a0tratarse de una equivalencia de condiciones y no de identidad de formas, que \u00a0en \u00a0ambas \u00a0legislaciones \u00a0dan \u00a0comienzo \u00a0a la etapa del juicio y que ser\u00e1 all\u00ed \u00a0donde \u00a0la \u00a0defensa \u00a0del \u00a0acusado \u00a0FAROUK \u00a0SHAIKH \u00a0REYES \u00a0podr\u00e1 controvertir las \u00a0pruebas \u00a0y \u00a0la \u00a0acusaci\u00f3n \u00a0que\u00a0 le ha formulado el Tribunal de Distrito de \u00a0Estados Unidos, Distrito Sur de Florida. \u00a0\u00a0<\/p>\n<p>Por \u00a0tanto, \u00a0este \u00a0requisito \u00a0tambi\u00e9n \u00a0se \u00a0cumple. \u00a0\u00a0<\/p>\n<p>Otros aspectos. \u00a0<\/p>\n<p>Como quiera que seg\u00fan expresa el Fiscal de \u00a0los \u00a0Estados \u00a0Unidos para el Distrito Sur de Florida, Juan Antonio Gonz\u00e1lez, la \u00a0pena \u00a0m\u00e1xima \u00a0por violaci\u00f3n al cap\u00edtulo 21 del C\u00f3digo de los Estados Unidos, \u00a0Secci\u00f3n \u00a0846 \u00a0por \u00a0la \u00a0cual\u00a0 \u00a0se \u00a0acusa a SHAIKH REYES, es la de \u201ccadena \u00a0perpetua\u201d \u00a0 y \u00a0ella \u00a0en \u00a0Colombia \u00a0est\u00e1 \u00a0prohibida \u00a0(art\u00edculo \u00a034 \u00a0de \u00a0la Carta Pol\u00edtica), el Gobierno \u00a0Nacional \u00a0est\u00e1 \u00a0en \u00a0la \u00a0obligaci\u00f3n \u00a0de \u00a0condicionar \u00a0la \u00a0entrega de la persona \u00a0solicitada, \u00a0en \u00a0el \u00a0evento de que acceda a la extradici\u00f3n, a que dicha pena no \u00a0sea \u00a0impuesta. \u00a0Y \u00a0tambi\u00e9n \u00a0a \u00a0que \u00a0el \u00a0requerido \u00a0no pueda ser en ning\u00fan caso \u00a0juzgado \u00a0por un hecho anterior ni distinto a los que motivan la extradici\u00f3n, ni \u00a0sometido \u00a0a tratos crueles, inhumanos o degradantes, y a que se tenga como parte \u00a0de \u00a0la pena que pueda llegar a imponerse en el pa\u00eds requirente el tiempo que ha \u00a0permanecido \u00a0en \u00a0detenci\u00f3n en virtud del presente tr\u00e1mite que lo es desde el 5 \u00a0de noviembre de 2005. \u00a0\u00a0<\/p>\n<p>Se \u00a0advierte, \u00a0adem\u00e1s, que en virtud de lo \u00a0dispuesto \u00a0en el numeral 2\u00b0 del art\u00edculo 189 de la Constituci\u00f3n Pol\u00edtica, le \u00a0corresponde \u00a0al Presidente de la Rep\u00fablica en su condici\u00f3n de Jefe de Estado y \u00a0Supremo \u00a0Director \u00a0de la pol\u00edtica exterior y de las relaciones internacionales, \u00a0realizar \u00a0el respectivo seguimiento a los condicionamientos que se impongan a la \u00a0concesi\u00f3n \u00a0de \u00a0la \u00a0extradici\u00f3n y la determinaci\u00f3n de las consecuencias que se \u00a0deriven de su eventual incumplimiento. \u00a0\u00a0<\/p>\n<p>Cuesti\u00f3n final. \u00a0<\/p>\n<p>As\u00ed las cosas, la Sala es del criterio que \u00a0el \u00a0Gobierno \u00a0colombiano \u00a0puede extraditar al ciudadano colombiano FAROUK SHAIKH \u00a0REYES, \u00a0 por \u00a0 raz\u00f3n \u00a0 del \u00a0 cargo \u00a0 uno, \u00a0 contenido \u00a0 en \u00a0la \u00a0acusaci\u00f3n \u00a0N\u00b0 \u00a005-20124-CR-Moore,\u00a0 \u00a0dictada \u00a0el \u00a015 \u00a0de \u00a0febrero \u00a0de \u00a02005 \u00a0en el Tribunal \u00a0Distrital \u00a0de \u00a0los Estados Unidos, Distrito Sur de Florida, conforme lo solicita \u00a0el \u00a0Gobierno \u00a0de \u00a0los \u00a0Estados \u00a0Unidos, \u00a0pues \u00a0como \u00a0viene \u00a0de \u00a0demostrarse, \u00a0se \u00a0satisfacen \u00a0 \u00a0 los \u00a0 \u00a0requisitos \u00a0 \u00a0establecidos \u00a0 \u00a0por \u00a0 \u00a0la \u00a0 \u00a0ley \u00a0 \u00a0procesal \u00a0colombiana. \u00a0\u00a0<\/p>\n<p>A \u00a0m\u00e9rito de lo expuesto, la CORTE SUPREMA \u00a0DE \u00a0JUSTICIA, \u00a0SALA \u00a0DE CASACI\u00d3N PENAL, emite concepto \u00a0favorable \u00a0a la solicitud de extradici\u00f3n del ciudadano \u00a0colombiano \u00a0FAROUK SHAIKH REYES, formulada por v\u00eda diplom\u00e1tica por el Gobierno \u00a0de \u00a0los \u00a0Estados \u00a0Unidos, \u00a0en \u00a0relaci\u00f3n \u00a0con \u00a0el\u00a0 \u00a0cargo uno, esto es, por \u00a0\u201cConcierto \u00a0para \u00a0poseer \u00a0con \u00a0la \u00a0intenci\u00f3n de distribuir cinco kilogramos o \u00a0m\u00e1s \u00a0de \u00a0coca\u00edna\u201d, \u00a0contenido en la acusaci\u00f3n N\u00b0 05-20124-CR-Moore dictada \u00a0el \u00a015 \u00a0de \u00a0febrero \u00a0de \u00a02005 \u00a0en \u00a0el \u00a0Tribunal Distrital de los Estados Unidos, \u00a0Distrito \u00a0 Sur \u00a0de \u00a0Florida, \u00a0en \u00a0las \u00a0condiciones \u00a0se\u00f1aladas \u00a0en \u00a0la \u00a0anterior \u00a0fundamentaci\u00f3n. \u00a0\u00a0<\/p>\n<p>Resulta \u00a0 pertinente \u00a0 reiterar \u00a0 que \u00a0en \u00a0consideraci\u00f3n \u00a0a \u00a0que \u00a0la pena m\u00e1xima para el delito contenido en el cargo uno \u00a0por \u00a0el\u00a0 cual se acusa a SHAIKH REYES en los Estados Unidos es la de cadena \u00a0perpetua \u00a0y \u00a0ella en Colombia est\u00e1 prohibida, ser\u00e1 de competencia del Gobierno \u00a0Nacional \u00a0condicionar \u00a0la \u00a0entrega de la persona solicitada, en el evento de que \u00a0acceda \u00a0a \u00a0la \u00a0extradici\u00f3n, \u00a0a que dicha pena no sea impuesta y a exigir que no \u00a0podr\u00e1 \u00a0ser \u00a0juzgado \u00a0por \u00a0hechos \u00a0anteriores \u00a0ni distintos a los que motivan la \u00a0solicitud, \u00a0ni \u00a0sometido \u00a0a \u00a0tratos crueles, inhumanos o degradantes, y a que se \u00a0tenga \u00a0en \u00a0cuenta \u00a0el \u00a0tiempo \u00a0que \u00a0el \u00a0requerido \u00a0ha \u00a0permanecido en detenci\u00f3n \u00a0preventiva en virtud del presente tr\u00e1mite. \u00a0\u00a0<\/p>\n<p>Por \u00a0la \u00a0Secretar\u00eda \u00a0se \u00a0comunicar\u00e1 \u00a0esta \u00a0determinaci\u00f3n \u00a0al \u00a0requerido SHAIKH REYES, a su defensor y al representante del \u00a0Ministerio \u00a0P\u00fablico, al igual que al Fiscal General de la Naci\u00f3n para lo de su \u00a0cargo \u00a0 en \u00a0 relaci\u00f3n \u00a0 con \u00a0 el \u00a0 detenido \u00a0 preventivamente \u00a0 con \u00a0 fines \u00a0de \u00a0extradici\u00f3n. \u00a0\u00a0<\/p>\n<p>Y se devolver\u00e1 la actuaci\u00f3n al Ministerio \u00a0de \u00a0 Justicia \u00a0 y \u00a0 del \u00a0Derecho, \u00a0para \u00a0los \u00a0tr\u00e1mites \u00a0legales \u00a0subsiguientes. \u00a0\u00a0<\/p>\n<p>C\u00famplase. \u00a0<\/p>\n<p>MAURO SOLARTE PORTILLA \u00a0<\/p>\n<p>SIGIFREDO \u00a0 \u00a0 \u00a0 \u00a0 ESPINOSA \u00a0P\u00c9REZ\u00a0\u00a0\u00a0\u00a0\u00a0\u00a0\u00a0\u00a0\u00a0\u00a0\u00a0\u00a0\u00a0\u00a0\u00a0\u00a0\u00a0\u00a0\u00a0\u00a0 \u00a0ALFREDO G\u00d3MEZ QUINTERO \u00a0\u00a0<\/p>\n<p>\u00a0 \u00a0\u00a0 \u00a0 \u00a0Aclaraci\u00f3n de voto \u00a0\u00a0<\/p>\n<p>\u00c9DGAR \u00a0LOMBANA \u00a0TRUJILLO\u00a0\u00a0\u00a0\u00a0\u00a0\u00a0\u00a0\u00a0\u00a0\u00a0\u00a0\u00a0\u00a0\u00a0\u00a0\u00a0\u00a0\u00a0\u00a0 \u00a0\u00c1LVARO \u00a0ORLANDO \u00a0P\u00c9REZ PINZ\u00d3N\u00a0\u00a0\u00a0\u00a0\u00a0\u00a0\u00a0\u00a0 \u00a0\u00a0<\/p>\n<p>MARINA \u00a0 \u00a0 \u00a0 \u00a0PULIDO \u00a0 \u00a0 \u00a0 \u00a0DE \u00a0BAR\u00d3N\u00a0\u00a0\u00a0\u00a0\u00a0\u00a0\u00a0\u00a0\u00a0\u00a0\u00a0\u00a0\u00a0\u00a0\u00a0\u00a0\u00a0\u00a0\u00a0\u00a0\u00a0 \u00a0JORGE \u00a0 \u00a0 \u00a0 \u00a0 \u00a0 \u00a0 \u00a0 \u00a0 \u00a0 \u00a0 \u00a0 \u00a0 \u00a0 \u00a0 \u00a0 \u00a0LUIS \u00a0 \u00a0 \u00a0 \u00a0 \u00a0 \u00a0 \u00a0 \u00a0 \u00a0 \u00a0 \u00a0 \u00a0 \u00a0 \u00a0 \u00a0 QUINTERO \u00a0MILAN\u00c9S\u00a0\u00a0\u00a0\u00a0\u00a0\u00a0\u00a0\u00a0\u00a0 \u00a0\u00a0<\/p>\n<p>\u00a0 YESID \u00a0 RAM\u00cdREZ \u00a0BASTIDAS\u00a0\u00a0\u00a0\u00a0\u00a0\u00a0\u00a0\u00a0\u00a0\u00a0\u00a0\u00a0\u00a0\u00a0\u00a0\u00a0\u00a0\u00a0\u00a0\u00a0\u00a0 \u00a0JAVIER ZAPATA ORTIZ\u00a0\u00a0\u00a0\u00a0\u00a0\u00a0 \u00a0 \u00a0<\/p>\n<p>TERESA \u00a0 \u00a0RUIZ \u00a0N\u00da\u00d1EZ \u00a0\u00a0<\/p>\n<p>Secretaria \u00a0<\/p>\n<p>ACLARACI\u00d3N DE VOTO \u00a0<\/p>\n<p>Con el respeto que siempre profeso por las \u00a0decisiones \u00a0de \u00a0la Sala, expongo a continuaci\u00f3n los aspectos que, en mi sentir, \u00a0deben \u00a0incluirse \u00a0en \u00a0los \u00a0conceptos de extradici\u00f3n que emite la Corte frente a \u00a0tr\u00e1mites \u00a0que involucran ciudadanos colombianos por nacimiento, particularmente \u00a0cuando \u00a0se \u00a0desarrollan \u00a0en \u00a0ausencia \u00a0de \u00a0cl\u00e1usulas \u00a0pactadas \u00a0en instrumentos \u00a0internacionales \u00a0 de \u00a0 car\u00e1cter \u00a0bilateral \u00a0o \u00a0multilateral, \u00a0en \u00a0la \u00a0forma \u00a0de \u00a0condicionamientos \u00a0que \u00a0el \u00a0Gobierno \u00a0Nacional \u00a0deber\u00eda \u00a0exigir \u00a0al \u00a0momento de \u00a0acceder \u00a0a \u00a0la \u00a0entrega \u00a0de \u00a0un \u00a0connacional, \u00a0adem\u00e1s \u00a0de \u00a0los que se le vienen \u00a0sugiriendo de manera com\u00fan. \u00a0\u00a0<\/p>\n<p>La \u00a0posici\u00f3n que he venido sustentando en \u00a0Sala \u00a0y que no ha tenido acogida, descansa en que la Corte al asumir la funci\u00f3n \u00a0de \u00a0conceptuar, \u00a0no \u00a0s\u00f3lo \u00a0ha \u00a0de tener como gu\u00eda los par\u00e1metros que sobre la \u00a0materia \u00a0est\u00e1n \u00a0fijados \u00a0en \u00a0el \u00a0ordenamiento \u00a0procesal penal patrio, sino que, \u00a0adem\u00e1s, \u00a0su misi\u00f3n tambi\u00e9n debe estar influida por la regla del art\u00edculo 2\u00ba \u00a0de \u00a0la \u00a0Constituci\u00f3n, \u00a0pues \u00a0en \u00a0cuanto \u00a0\u00f3rgano \u00a0m\u00e1ximo \u00a0de \u00a0la jurisdicci\u00f3n \u00a0ordinaria \u00a0y, \u00a0por tanto, componente esencial en la estructura del Estado Social \u00a0de \u00a0 Derecho, \u00a0 tambi\u00e9n \u00a0debe \u00a0velar \u00a0por \u00a0la \u00a0efectividad \u00a0de \u00a0los \u00a0principios \u00a0\u2013entre ellos el fundante \u00a0de \u00a0la dignidad humana-, derechos y deberes consagrados en la Carta; defender la \u00a0independencia \u00a0nacional \u00a0y \u00a0proteger a todas las personas residentes en Colombia \u00a0en su vida, honra, bienes, creencias, derechos y libertades. \u00a0\u00a0<\/p>\n<p>En \u00a0ese \u00a0orden \u00a0de \u00a0cosas, \u00a0estimo \u00a0que es \u00a0preciso \u00a0 advertir \u00a0 en \u00a0el \u00a0concepto \u00a0sobre \u00a0la \u00a0necesidad \u00a0de \u00a0plantear \u00a0otras \u00a0condiciones \u00a0a \u00a0la \u00a0entrega del reclamado, derivadas del hecho de que el acto de \u00a0extradici\u00f3n \u00a0no \u00a0implica \u00a0que el extraditado pierda la nacionalidad colombiana, \u00a0lo \u00a0cual s\u00f3lo ocurre frente a los presupuestos se\u00f1alados en el art\u00edculo 98 de \u00a0la Constituci\u00f3n. \u00a0\u00a0<\/p>\n<p>En tales condiciones, cuando la entrega en \u00a0extradici\u00f3n \u00a0de \u00a0un \u00a0nacional \u00a0colombiano se tramita y agota, en ausencia de un \u00a0convenio \u00a0 multilateral \u00a0 o \u00a0bilateral \u00a0sobre \u00a0la \u00a0materia, \u00a0con \u00a0arreglo \u00a0a \u00a0la \u00a0Constituci\u00f3n \u00a0y \u00a0a \u00a0la \u00a0ley, \u00a0debe tenerse en cuenta que a diferencia de lo que \u00a0ocurre \u00a0si \u00a0se \u00a0hubiera adelantado conforme a un instrumento internacional en el \u00a0cual \u00a0las \u00a0partes \u00a0acuerdan condiciones que pueden significar la restricci\u00f3n de \u00a0ciertos \u00a0derechos, \u00a0en \u00a0virtud \u00a0a \u00a0la \u00a0configuraci\u00f3n del Estado colombiano como \u00a0social \u00a0y \u00a0democr\u00e1tico \u00a0de derecho, en el cual es base fundamental el respeto a \u00a0la \u00a0dignidad \u00a0humana \u00a0(art\u00edculo \u00a01\u00ba de la Carta), las condiciones que se deben \u00a0exigir \u00a0al pa\u00eds reclamante tienen que estar ligadas con la observancia all\u00ed de \u00a0los \u00a0derechos \u00a0y \u00a0garant\u00edas \u00a0que \u00a0cobijar\u00edan \u00a0al \u00a0solicitado de ser juzgado en \u00a0Colombia. \u00a0\u00a0<\/p>\n<p>Eso \u00a0es \u00a0as\u00ed, \u00a0porque \u00a0al \u00a0acceder \u00a0a \u00a0la \u00a0extradici\u00f3n \u00a0de \u00a0un colombiano por nacimiento el Estado, a trav\u00e9s del Gobierno \u00a0Nacional, \u00a0renuncia \u00a0a la potestad de ejercer su propia jurisdicci\u00f3n, pero no a \u00a0la \u00a0obligaci\u00f3n \u00a0de \u00a0proteger al extraditado, pues en tanto siga siendo s\u00fabdito \u00a0de \u00a0Colombia, tiene derecho a todas las prerrogativas, garant\u00edas y derechos que \u00a0emanan \u00a0de \u00a0la Constituci\u00f3n y la ley, en particular, aquellos que se relacionan \u00a0con \u00a0 su \u00a0 calidad \u00a0 de \u00a0 procesado \u00a0y \u00a0que \u00a0tienen \u00a0que \u00a0ver \u00a0con \u00a0la \u00a0dignidad \u00a0humana. \u00a0\u00a0<\/p>\n<p>As\u00ed las cosas, siendo el marco esencial de \u00a0la \u00a0 figura \u00a0 de \u00a0la \u00a0extradici\u00f3n \u00a0lo \u00a0se\u00f1alado \u00a0en \u00a0el \u00a0art\u00edculo \u00a035 \u00a0de \u00a0la \u00a0Constituci\u00f3n, \u00a0que \u00a0fija \u00a0un \u00a0sistema \u00a0de \u00a0fuentes1 para que se solicite, conceda \u00a0u \u00a0ofrezca, \u00a0que son los tratados p\u00fablicos y, en su defecto, la ley, es preciso \u00a0comentar \u00a0que \u00a0como \u00a0no hay un instrumento vigente de esa naturaleza que ligue a \u00a0Colombia \u00a0con Estados Unidos en el tema de extradici\u00f3n, el \u00e1mbito para evaluar \u00a0la \u00a0procedencia \u00a0de \u00a0una \u00a0solicitud, \u00a0concesi\u00f3n \u00a0u ofrecimiento de extradici\u00f3n \u00a0entre los dos pa\u00edses es el C\u00f3digo de Procedimiento Penal. \u00a0\u00a0<\/p>\n<p>Obs\u00e9rvese \u00a0 que \u00a0 los \u00a0 preceptos \u00a0 que \u00a0desarrollan \u00a0la \u00a0extradici\u00f3n \u00a0en \u00a0la \u00a0Ley \u00a0600 de 2000, adem\u00e1s de reiterar las \u00a0reglas \u00a0 constitucionales \u00a0 (improcedencia \u00a0por \u00a0delitos \u00a0pol\u00edticos, \u00a0o \u00a0la \u00a0de \u00a0colombianos \u00a0 \u00a0por \u00a0 \u00a0nacimiento \u00a0 \u00a0por \u00a0 \u00a0hechos \u00a0 \u00a0cometidos\u00a0 \u00a0 con\u00a0 \u00a0anterioridad\u00a0 \u00a0 al\u00a0 \u00a0 16\u00a0 \u00a0 de \u00a0diciembre \u00a0de \u00a01997 \u00a0\u2013art\u00edculo \u00a0508-); \u00a0fijan el organismo \u00a0al \u00a0que \u00a0le \u00a0corresponde ofrecer o conceder la extradici\u00f3n de una persona y las \u00a0facultades \u00a0 \u00a0sobre \u00a0 la \u00a0 materia \u00a0 \u2013el \u00a0 gobierno-, \u00a0 el \u00a0 \u00e1mbito \u00a0 de \u00a0 competencia \u00a0 de \u00a0 cada \u00a0ente \u00a0gubernamental, \u00a0y \u00a0el \u00a0que \u00a0le \u00a0corresponde \u00a0en el tr\u00e1mite a la Corte; se\u00f1alan \u00a0requisitos \u00a0adicionales \u00a0(doble \u00a0incriminaci\u00f3n, \u00a0acto \u00a0procesal \u00a0m\u00ednimo \u00a0en el \u00a0exterior \u00a0 \u00a0\u2013art\u00edculo \u00a0510-); \u00a0estructuran la forma como se desarrolla el tr\u00e1mite mixto, as\u00ed como los \u00a0fundamentos \u00a0del concepto (art\u00edculo 520); determinan cu\u00e1ndo se decide sobre la \u00a0solicitud, \u00a0en \u00a0qu\u00e9 \u00a0momento se hace la entrega y regula la orden de prelaci\u00f3n \u00a0en \u00a0caso de varias solicitudes (art\u00edculos 522, 523 y 524); consagran el derecho \u00a0a \u00a0la \u00a0defensa \u00a0y \u00a0los \u00a0eventos en que hay lugar a la libertad (art\u00edculos 529 y \u00a0530). \u00a0\u00a0<\/p>\n<p>Adem\u00e1s, el art\u00edculo 512 ib\u00eddem le impone \u00a0de \u00a0modo \u00a0imperativo \u00a0al \u00a0gobierno la obligaci\u00f3n de exigir que el solicitado no \u00a0vaya \u00a0 a \u00a0 ser \u00a0juzgado \u00a0por \u00a0un \u00a0hecho \u00a0anterior \u00a0diverso \u00a0del \u00a0que \u00a0motiva \u00a0la \u00a0extradici\u00f3n, \u00a0ni \u00a0sometido \u00a0a \u00a0sanciones \u00a0distintas \u00a0de \u00a0las que se le hubieran \u00a0impuesto \u00a0en \u00a0la condena, y a que se le conmute la pena de muerte en caso de que \u00a0la \u00a0legislaci\u00f3n \u00a0del \u00a0pa\u00eds \u00a0reclamante \u00a0la prevea como sanci\u00f3n del delito que \u00a0motiva la solicitud de extradici\u00f3n. \u00a0\u00a0<\/p>\n<p>Recu\u00e9rdese \u00a0que \u00a0las \u00a0condiciones \u00a0arriba \u00a0se\u00f1aladas \u00a0fueron \u00a0extendidas, \u00a0con el mismo car\u00e1cter imperativo, por la Corte \u00a0Constitucional a otras situaciones, al se\u00f1alar que: \u00a0\u00a0<\/p>\n<p>\u201c&#8230;no \u00a0s\u00f3lo \u00a0habr\u00e1 \u00a0de \u00a0entenderse que en caso de que exista en el Estado requirente la pena \u00a0de \u00a0muerte, \u00a0la entrega se har\u00e1 bajo la condici\u00f3n de la conmutaci\u00f3n de \u00e9sta, \u00a0sino, \u00a0tambi\u00e9n \u00a0bajo el entendido de que al extraditado no se le podr\u00e1 someter \u00a0ni \u00a0a \u00a0torturas, \u00a0ni \u00a0a tratos o penas crueles, ni a desaparici\u00f3n forzada, ni a \u00a0tratamiento \u00a0 degradante \u00a0 e \u00a0inhumano, \u00a0raz\u00f3n \u00a0por \u00a0la \u00a0cual \u00a0as\u00ed \u00a0habr\u00e1 \u00a0de \u00a0condicionarse \u00a0la \u00a0constitucionalidad \u00a0que \u00a0se \u00a0declara \u00a0del \u00a0art\u00edculo \u00a0550 del \u00a0C\u00f3digo de Procedimiento Penal. \u00a0\u00a0<\/p>\n<p>Por \u00a0otra \u00a0parte, se observa por la Corte, \u00a0que \u00a0la \u00a0Constituci\u00f3n \u00a0colombiana, \u00a0proh\u00edbe \u00a0en \u00a0su \u00a0art\u00edculo 34 \u2018las \u00a0penas \u00a0de \u00a0destierro, \u00a0prisi\u00f3n \u00a0perpetua \u00a0 \u00a0 \u00a0y \u00a0 \u00a0 \u00a0confiscaci\u00f3n\u2019, \u00a0a las cuales, por las mismas razones anteriormente expuestas, no \u00a0podr\u00e1 \u00a0someterse \u00a0al extraditado por el pa\u00eds que lo juzgue, lo que implica que \u00a0igualmente \u00a0 en \u00a0ese \u00a0sentido \u00a0habr\u00e1 \u00a0de \u00a0condicionarse \u00a0la \u00a0exequibilidad \u00a0del \u00a0art\u00edculo \u00a0 \u00a0 550 \u00a0 \u00a0del \u00a0 \u00a0C\u00f3digo \u00a0 \u00a0de \u00a0 \u00a0Procedimiento \u00a0 \u00a0Penal.\u201d2 \u00a0\u00a0<\/p>\n<p>Sin \u00a0embargo, \u00a0esas \u00a0no \u00a0son \u00a0las \u00a0\u00fanicas \u00a0condiciones \u00a0susceptibles \u00a0de formularse, pues al fin y al cabo el art\u00edculo 512 \u00a0del \u00a0 \u00a0C\u00f3digo \u00a0 de \u00a0 Procedimiento \u00a0 Penal \u00a0 precept\u00faa \u00a0 que \u00a0 \u201cEl \u00a0gobierno \u00a0podr\u00e1 \u00a0subordinar el ofrecimiento o la concesi\u00f3n de \u00a0la \u00a0 extradici\u00f3n \u00a0 a \u00a0 las \u00a0 condiciones \u00a0que \u00a0considere \u00a0oportunas\u201d. \u00a0\u00a0<\/p>\n<p>Esa \u00a0facultad, \u00a0debe \u00a0se\u00f1alarse, \u00a0no \u00a0es \u00a0discrecional, \u00a0pues \u00a0al \u00a0momento \u00a0de \u00a0decidir \u00a0sobre \u00a0la \u00a0entrega de un nacional \u00a0colombiano \u00a0el \u00a0gobierno \u00a0est\u00e1 \u00a0en \u00a0el \u00a0deber \u00a0de \u00a0armonizar \u00a0los \u00a0criterios de \u00a0conveniencia \u00a0nacional o de cooperaci\u00f3n internacional, con la premisa seg\u00fan la \u00a0cual \u00a0al \u00a0concederse la extradici\u00f3n no se renuncia a la soberan\u00eda, sino que se \u00a0ejerce3, \u00a0y \u00a0con \u00a0los \u00a0derechos \u00a0y garant\u00edas que est\u00e1n consagrados en la \u00a0Constituci\u00f3n \u00a0y \u00a0en \u00a0los instrumentos internacionales sobre derechos humanos en \u00a0pro \u00a0 de \u00a0 un \u00a0 justiciable, \u00a0 as\u00ed \u00a0 como \u00a0 en \u00a0 protecci\u00f3n \u00a0 de \u00a0su \u00a0dignidad \u00a0humana. \u00a0\u00a0<\/p>\n<p>As\u00ed, \u00a0con \u00a0arreglo \u00a0al art\u00edculo 29 de la \u00a0Carta; \u00a0a \u00a0los \u00a0art\u00edculos \u00a09 \u00a0y \u00a010 \u00a0de \u00a0la \u00a0Declaraci\u00f3n Universal de Derechos \u00a0Humanos, \u00a05-3.6, 7-2.5, 8-1.2(a)(b)(c)(d)(e)(f)(g)(h).3.4.5, 9 de la Convenci\u00f3n \u00a0Americana \u00a0de \u00a0Derechos \u00a0Humanos, \u00a09-2.3, \u00a010-1.2.3, \u00a014-1.2.3,5, y 15 del Pacto \u00a0Internacional \u00a0de \u00a0Derechos \u00a0Civiles \u00a0y \u00a0Pol\u00edticos, \u00a0el \u00a0Gobierno Nacional debe \u00a0condicionar \u00a0la \u00a0entrega de un compatriota, si concede la extradici\u00f3n, a que se \u00a0le \u00a0 \u00a0respeten \u00a0 \u00a0al \u00a0 extraditado \u00a0 \u2013como \u00a0a \u00a0cualquier \u00a0otro \u00a0nacional en las mismas condiciones- todas \u00a0las \u00a0garant\u00edas \u00a0debidas \u00a0a \u00a0su \u00a0condici\u00f3n de justiciable, en particular, a que \u00a0tenga \u00a0acceso \u00a0a \u00a0un \u00a0proceso \u00a0p\u00fablico \u00a0sin dilaciones injustificadas, a que se \u00a0presuma \u00a0su \u00a0inocencia, a que cuente con un int\u00e9rprete, a que tenga un defensor \u00a0designado \u00a0por \u00a0\u00e9l \u00a0o por el Estado, a que se le conceda el tiempo y los medios \u00a0adecuados \u00a0para \u00a0que \u00a0prepare la defensa, a presentar pruebas y controvertir las \u00a0que \u00a0se \u00a0aduzcan \u00a0en contra, a que su situaci\u00f3n de privaci\u00f3n de la libertad se \u00a0desarrolle \u00a0en \u00a0condiciones \u00a0dignas, a que la eventual pena que se le imponga no \u00a0trascienda \u00a0de \u00a0su persona, a que la sanci\u00f3n pueda ser apelada ante un tribunal \u00a0superior, \u00a0a que la pena privativa de la libertad tenga la finalidad esencial de \u00a0reforma y readaptaci\u00f3n social. \u00a0\u00a0<\/p>\n<p>Igualmente, el gobierno debe condicionar la \u00a0entrega \u00a0a \u00a0que el pa\u00eds reclamante, conforme a sus pol\u00edticas internas sobre la \u00a0materia, \u00a0le \u00a0ofrezca \u00a0posibilidades racionales y reales para que el extraditado \u00a0pueda \u00a0tener \u00a0contacto \u00a0regular \u00a0con sus familiares m\u00e1s cercanos, habida cuenta \u00a0que \u00a0la \u00a0Constituci\u00f3n \u00a0de \u00a01991, en su art\u00edculo 42, reconoce a la familia como \u00a0n\u00facleo \u00a0esencial \u00a0de la sociedad, garantiza su protecci\u00f3n y reconoce su honra, \u00a0dignidad \u00a0e \u00a0intimidad, \u00a0lo \u00a0cual se refuerza con la protecci\u00f3n adicional que a \u00a0ese \u00a0 n\u00facleo \u00a0le \u00a0otorgan \u00a0la \u00a0Convenci\u00f3n \u00a0Americana \u00a0sobre \u00a0Derechos \u00a0Humanos \u00a0(art\u00edculo \u00a017) \u00a0y \u00a0el \u00a0Pacto \u00a0Internacional \u00a0de \u00a0Derechos \u00a0Civiles y Pol\u00edticos \u00a0(art\u00edculo 23). \u00a0\u00a0<\/p>\n<p>En cumplimiento de su deber de protecci\u00f3n \u00a0a \u00a0las \u00a0garant\u00edas y derechos del nacional colombiano entregado en extradici\u00f3n, \u00a0es \u00a0misi\u00f3n \u00a0del \u00a0Estado, \u00a0por medio del \u00e1mbito de competencias de los \u00f3rganos \u00a0respectivos, \u00a0vigilar \u00a0que \u00a0en \u00a0el \u00a0pa\u00eds reclamante se respeten las mencionadas \u00a0condiciones \u00a0(art\u00edculo \u00a09 \u00a0y 226 de la Carta). As\u00ed, en primer orden, a trav\u00e9s \u00a0del \u00a0cuerpo \u00a0diplom\u00e1tico, \u00a0en concreto, por las diferentes oficinas consulares, \u00a0con \u00a0apoyo \u00a0de \u00a0la \u00a0Procuradur\u00eda \u00a0General \u00a0de \u00a0la \u00a0Naci\u00f3n (art\u00edculo 277 de la \u00a0Constituci\u00f3n) \u00a0y \u00a0de \u00a0la \u00a0Defensor\u00eda del Pueblo (art\u00edculo 282 ib\u00eddem), de lo \u00a0cual, \u00a0adem\u00e1s, \u00a0habr\u00e1 \u00a0de darse informes peri\u00f3dicos a la Corte, en virtud del \u00a0principio \u00a0de \u00a0colaboraci\u00f3n \u00a0arm\u00f3nica \u00a0entre \u00a0los diferentes Poderes P\u00fablicos \u00a0(art\u00edculo \u00a0113 \u00a0de \u00a0la \u00a0Carta), \u00a0con \u00a0el \u00a0fin \u00a0de \u00a0que todos los estamentos con \u00a0injerencia \u00a0en \u00a0el \u00a0tema \u00a0tengan elementos de juicio que les permitan sopesar la \u00a0conveniencia \u00a0 \u00a0de \u00a0 \u00a0privilegiar \u00a0 jurisdicciones \u00a0 for\u00e1neas \u00a0 frente \u00a0 a \u00a0 la \u00a0interna. \u00a0\u00a0<\/p>\n<p>De \u00a0 esa \u00a0 manera, \u00a0 dejo \u00a0 sentado \u00a0 mi \u00a0criterio. \u00a0\u00a0<\/p>\n<p>Se\u00f1ores Magistrados, \u00a0<\/p>\n<p>SIGIFREDO ESPINOSA P\u00c9REZ \u00a0<\/p>\n<p>Magistrado \u00a0<\/p>\n<p>Fecha \u00a0 ut \u00a0supra. \u00a0\u00a0<\/p>\n<p>\u00a0 \u00a0\u00a0<\/p>\n<p>1 Corte \u00a0Constitucional, sentencia C-740\/00. \u00a0\u00a0<\/p>\n<p>2 \u00a0Sentencia C-1106\/00. \u00a0\u00a0<\/p>\n<p>3 Cfr. \u00a0Corte Constitucional, Sentencia C-621\/01. \u00a0 \u00a0\u00a0<\/p>\n<p><\/p>\n","protected":false},"excerpt":{"rendered":"<p>\u00a0 \u00a0 Proceso No 24879 \u00a0 CORTE SUPREMA DE JUSTICIA \u00a0 \u00a0\u00a0\u00a0\u00a0\u00a0\u00a0\u00a0\u00a0\u00a0 \u00a0 \u00a0SALA \u00a0 \u00a0DE \u00a0CASACI\u00d3N PENAL \u00a0\u00a0 Magistrado \u00a0 \u00a0 Ponente: \u00a0\u00a0 \u00a0\u00a0\u00a0\u00a0\u00a0\u00a0\u00a0\u00a0\u00a0\u00a0\u00a0\u00a0\u00a0\u00a0\u00a0\u00a0\u00a0\u00a0\u00a0\u00a0\u00a0\u00a0\u00a0\u00a0\u00a0\u00a0\u00a0\u00a0\u00a0\u00a0\u00a0\u00a0\u00a0\u00a0\u00a0\u00a0\u00a0\u00a0\u00a0\u00a0\u00a0\u00a0\u00a0\u00a0 \u00a0YESID RAM\u00cdREZ BASTIDAS \u00a0\u00a0 \u00a0\u00a0\u00a0\u00a0\u00a0\u00a0\u00a0\u00a0\u00a0\u00a0\u00a0\u00a0\u00a0\u00a0\u00a0\u00a0\u00a0\u00a0\u00a0\u00a0\u00a0\u00a0\u00a0\u00a0\u00a0\u00a0\u00a0\u00a0\u00a0\u00a0\u00a0\u00a0\u00a0\u00a0\u00a0\u00a0\u00a0\u00a0\u00a0\u00a0 \u00a0Aprobado Acta N\u00b0 023. \u00a0\u00a0 Bogot\u00e1, D. C., marzo catorce (14) de dos mil \u00a0seis (2006). \u00a0\u00a0 VISTOS: \u00a0 Procede \u00a0la Corte a emitir concepto [&hellip;]<\/p>\n","protected":false},"author":1,"featured_media":0,"comment_status":"open","ping_status":"open","sticky":false,"template":"","format":"standard","meta":{"footnotes":""},"categories":[14],"tags":[],"class_list":["post-11350","post","type-post","status-publish","format-standard","hentry","category-14"],"_links":{"self":[{"href":"https:\/\/dmsjuridica.com\/buscador_20179478954\/salapenalcronologico20230723\/wp-json\/wp\/v2\/posts\/11350","targetHints":{"allow":["GET"]}}],"collection":[{"href":"https:\/\/dmsjuridica.com\/buscador_20179478954\/salapenalcronologico20230723\/wp-json\/wp\/v2\/posts"}],"about":[{"href":"https:\/\/dmsjuridica.com\/buscador_20179478954\/salapenalcronologico20230723\/wp-json\/wp\/v2\/types\/post"}],"author":[{"embeddable":true,"href":"https:\/\/dmsjuridica.com\/buscador_20179478954\/salapenalcronologico20230723\/wp-json\/wp\/v2\/users\/1"}],"replies":[{"embeddable":true,"href":"https:\/\/dmsjuridica.com\/buscador_20179478954\/salapenalcronologico20230723\/wp-json\/wp\/v2\/comments?post=11350"}],"version-history":[{"count":0,"href":"https:\/\/dmsjuridica.com\/buscador_20179478954\/salapenalcronologico20230723\/wp-json\/wp\/v2\/posts\/11350\/revisions"}],"wp:attachment":[{"href":"https:\/\/dmsjuridica.com\/buscador_20179478954\/salapenalcronologico20230723\/wp-json\/wp\/v2\/media?parent=11350"}],"wp:term":[{"taxonomy":"category","embeddable":true,"href":"https:\/\/dmsjuridica.com\/buscador_20179478954\/salapenalcronologico20230723\/wp-json\/wp\/v2\/categories?post=11350"},{"taxonomy":"post_tag","embeddable":true,"href":"https:\/\/dmsjuridica.com\/buscador_20179478954\/salapenalcronologico20230723\/wp-json\/wp\/v2\/tags?post=11350"}],"curies":[{"name":"wp","href":"https:\/\/api.w.org\/{rel}","templated":true}]}}