{"id":1133,"date":"2023-09-07T21:00:12","date_gmt":"2023-09-07T21:00:12","guid":{"rendered":"https:\/\/dmsjuridica.com\/buscador_20179478954\/salapenalcronologico20230723\/2023\/09\/07\/11398-08-06-98\/"},"modified":"2023-09-07T21:00:12","modified_gmt":"2023-09-07T21:00:12","slug":"11398-08-06-98","status":"publish","type":"post","link":"https:\/\/dmsjuridica.com\/buscador_20179478954\/salapenalcronologico20230723\/2023\/09\/07\/11398-08-06-98\/","title":{"rendered":"11398 (08-06-98)"},"content":{"rendered":"\n<p>\u00a0 \u00a0 LIBERTAD PROVISIONAL\/ ANTECEDENTES \u00a0<\/p>\n<p>De \u00a0conformidad con el art\u00edculo 415, numeral \u00a02\u00ba, \u00a0del \u00a0Estatuto \u00a0Procesal \u00a0Penal, el sindicado tendr\u00e1 derecho a la libertad \u00a0provisional \u00a0garantizada \u00a0mediante cauci\u00f3n juratoria o prendar\u00eda, cuando lleve \u00a0en \u00a0detenci\u00f3n preventiva el tiempo necesario para obtener libertad condicional, \u00a0siempre \u00a0que \u00a0se \u00a0re\u00fana \u00a0el requisito establecido por el\u00a0 art\u00edculo 72 del \u00a0C\u00f3digo \u00a0Penal, \u00a0de naturaleza subjetiva,\u00a0 que apunta a la personalidad del \u00a0delincuente, \u00a0 a \u00a0 la \u00a0 conducta \u00a0en \u00a0el \u00a0establecimiento \u00a0Carcelario \u00a0y \u00a0a \u00a0los \u00a0antecedentes \u00a0 de \u00a0 todo \u00a0orden. \u00a0Con \u00a0base \u00a0en \u00a0ellos \u00a0se \u00a0ha \u00a0de \u00a0examinar \u00a0la \u00a0readaptaci\u00f3n \u00a0social \u00a0del \u00a0procesado, \u00a0para \u00a0determinar \u00a0si \u00a0es \u00a0merecedor a la \u00a0libertad provisional por la causal invocada. \u00a0\u00a0<\/p>\n<p>PROCESO No. 11398 \u00a0<\/p>\n<p>CORTE SUPREMA DE JUSTICIA \u00a0<\/p>\n<p>SALA DE CASACION PENAL \u00a0<\/p>\n<p>MAGISTRADO PONENTE: \u00a0<\/p>\n<p>DR. RICARDO CALVETE RANGEL \u00a0<\/p>\n<p>APROBADO ACTA No. 80 \u00a0<\/p>\n<p>\u00a0 \u00a0 \u00a0\u00a0 \u00a0\u00a0 \u00a0 \u00a0 \u00a0 \u00a0 \u00a0\u00a0 \u00a0\u00a0 \u00a0 \u00a0Santa Fe de \u00a0Bogot\u00e1, \u00a0 D.C., \u00a0 junio \u00a0 ocho \u00a0 (8) \u00a0 de \u00a0 mil \u00a0 novecientos \u00a0noventa \u00a0y \u00a0ocho \u00a0(1998). \u00a0\u00a0<\/p>\n<p>\u00a0 \u00a0\u00a0 \u00a0\u00a0 \u00a0\u00a0 \u00a0 \u00a0 \u00a0 \u00a0 \u00a0 \u00a0 \u00a0 \u00a0\u00a0 \u00a0 \u00a0 \u00a0 \u00a0\u00a0 \u00a0 \u00a0 \u00a0 \u00a0\u00a0 \u00a0 \u00a0 \u00a0 \u00a0\u00a0VISTOS \u00a0\u00a0<\/p>\n<p>\u00a0 \u00a0 \u00a0\u00a0 \u00a0\u00a0 \u00a0 \u00a0 \u00a0 \u00a0 \u00a0 \u00a0\u00a0 \u00a0 \u00a0 \u00a0 \u00a0 \u00a0 \u00a0La \u00a0Sala\u00a0 \u00a0resuelve \u00a0la \u00a0petici\u00f3n\u00a0 de libertad provisional elevada por el \u00a0procesado \u00a0 EDWAR \u00a0 ALONSO \u00a0 TEJADA \u00a0 SERNA, \u00a0 quien \u00a0 alega\u00a0 \u00a0cumplir \u00a0los \u00a0requisitos\u00a0 \u00a0exigidos \u00a0por \u00a0la \u00a0ley procesal penal para tener derecho a ese \u00a0beneficio. \u00a0\u00a0<\/p>\n<p>\u00a0 \u00a0\u00a0 \u00a0\u00a0 \u00a0\u00a0 \u00a0 \u00a0 \u00a0 \u00a0 \u00a0 \u00a0 \u00a0 \u00a0\u00a0 \u00a0 \u00a0 \u00a0 \u00a0\u00a0 \u00a0 \u00a0 \u00a0 \u00a0\u00a0 \u00a0 \u00a0 \u00a0 \u00a0\u00a0CONSIDERACIONES DE LA SALA \u00a0\u00a0<\/p>\n<p>\u00a0 \u00a0\u00a0 \u00a0\u00a0 \u00a0\u00a0 \u00a0 \u00a0 \u00a0 \u00a0 \u00a0 \u00a0 \u00a0 \u00a0 \u00a0\u00a0<\/p>\n<p>\u00a0 \u00a0 \u00a0\u00a0 \u00a0\u00a0 \u00a0 \u00a0 \u00a0 \u00a0 \u00a0 \u00a0 \u00a0 \u00a0 \u00a0\u00a0 \u00a0\u00a01. \u00a0De \u00a0conformidad \u00a0con \u00a0el art\u00edculo 415, numeral 2\u00ba, del Estatuto Procesal Penal, el \u00a0sindicado \u00a0tendr\u00e1 \u00a0derecho \u00a0a \u00a0la \u00a0libertad \u00a0provisional \u00a0garantizada \u00a0mediante \u00a0cauci\u00f3n \u00a0juratoria \u00a0o \u00a0prendar\u00eda, \u00a0cuando \u00a0lleve \u00a0en \u00a0detenci\u00f3n preventiva el \u00a0tiempo \u00a0necesario \u00a0para \u00a0obtener \u00a0libertad condicional, siempre que se re\u00fana el \u00a0requisito \u00a0 establecido \u00a0 por \u00a0el\u00a0 \u00a0art\u00edculo \u00a072 \u00a0del \u00a0C\u00f3digo \u00a0Penal, \u00a0de \u00a0naturaleza \u00a0subjetiva,\u00a0 \u00a0que apunta a la personalidad del delincuente, a la \u00a0conducta \u00a0en \u00a0el \u00a0establecimiento Carcelario y a los antecedentes de todo orden. \u00a0Con \u00a0base en ellos se ha de examinar la readaptaci\u00f3n social del procesado, para \u00a0determinar \u00a0 si \u00a0 es \u00a0 merecedor \u00a0 a \u00a0la \u00a0libertad \u00a0provisional \u00a0por \u00a0la \u00a0causal \u00a0invocada. \u00a0\u00a0<\/p>\n<p>\u00a0 \u00a0 \u00a0\u00a0 \u00a0\u00a0 \u00a0 \u00a0 \u00a0 \u00a0 \u00a0 \u00a0 \u00a0 \u00a0 \u00a0\u00a0 \u00a0\u00a02. \u00a0El \u00a0procesado \u00a0fue \u00a0condenado \u00a0en \u00a0segunda \u00a0instancia \u00a0por \u00a0el \u00a0Tribunal Superior de \u00a0Medell\u00edn \u00a0a \u00a0la \u00a0pena \u00a0principal de setenta y dos\u00a0 (72) meses de prisi\u00f3n, \u00a0por \u00a0el \u00a0delito \u00a0de secuestro simple. Aqu\u00e9l se encuentra privado de la libertad \u00a0desde \u00a0el seis (6) de octubre de mil novecientos noventa y cuatro (1994), por lo \u00a0que \u00a0a \u00a0la \u00a0fecha\u00a0 \u00a0registra\u00a0 \u00a0en detenci\u00f3n f\u00edsica cuarenta y cuatro \u00a0meses \u00a0 (44) \u00a0 meses.\u00a0 \u00a0Con \u00a0providencia \u00a0de \u00a0esta \u00a0Corporaci\u00f3n \u00a0de \u00a0fecha \u00a0veintiocho \u00a0(28) \u00a0de \u00a0octubre \u00a0del \u00a0pasado \u00a0a\u00f1o, \u00a0se \u00a0le \u00a0reconoci\u00f3 \u00a0a \u00a0TEJADA \u00a0SERNA\u00a0 \u00a0una \u00a0redenci\u00f3n \u00a0de \u00a0pena \u00a0por \u00a0trabajo \u00a0de\u00a0 nueve (9) meses y \u00a0veintis\u00e9is \u00a0(26) \u00a0d\u00edas. \u00a0Sumados\u00a0 a la fecha estos guarismos, entre\u00a0 \u00a0detenci\u00f3n \u00a0f\u00edsica y rebaja por trabajo, se obtiene un total de\u00a0 cincuenta \u00a0y \u00a0tres \u00a0(53) meses y veintis\u00e9is (26) d\u00edas, quantum que resulta superior a las \u00a0dos \u00a0terceras \u00a0partes de la sanci\u00f3n, equivalentes a cuarenta y ocho (48) meses, \u00a0cumpli\u00e9ndose \u00a0 el \u00a0 requisito \u00a0 cuantitativo \u00a0 que \u00a0 exige \u00a0la \u00a0norma \u00a0procesal \u00a0penal. \u00a0\u00a0<\/p>\n<p>\u00a0 \u00a0 \u00a0\u00a0 \u00a0\u00a0 \u00a0 \u00a0 \u00a0 \u00a0 \u00a0\u00a0 \u00a0\u00a0 \u00a0\u00a0 \u00a0\u00a0Se \u00a0debe \u00a0aclarar \u00a0que \u00a0para efectos de la redenci\u00f3n de pena no se ha tenido en cuenta el \u00a0tiempo \u00a0de \u00a0trabajo \u00a0a \u00a0que hacen referencia los certificados 6178, 5772 y 6696, \u00a0por \u00a0falta \u00a0del \u00a0acta \u00a0de evaluaci\u00f3n que sobre dichas actividades exige el art. \u00a0101 de la ley 65 de 1993. \u00a0\u00a0<\/p>\n<p>\u00a0 \u00a0 \u00a0\u00a0 \u00a0\u00a0 \u00a0 \u00a0\u00a0 \u00a0 \u00a0 \u00a0 \u00a0 \u00a0 \u00a0 \u00a0 \u00a0 \u00a0\u00a0 \u00a0 \u00a0 \u00a0 \u00a0 \u00a0\u00a0<\/p>\n<p>\u00a0 \u00a0 \u00a0\u00a0 \u00a0\u00a0 \u00a0 \u00a0 \u00a0 \u00a0 \u00a0\u00a0 \u00a0\u00a0 \u00a0 \u00a03.\u00a0 En \u00a0providencia \u00a0del\u00a0 diecis\u00e9is de diciembre del pasado a\u00f1o, la Corte deneg\u00f3 \u00a0la \u00a0 petici\u00f3n \u00a0de \u00a0libertad \u00a0provisional \u00a0a \u00a0EDWAR \u00a0ALONSO \u00a0TEJADA \u00a0SERNA, \u00a0con \u00a0consideraciones que mantienen su vigencia. Dijo lo siguiente: \u00a0\u00a0<\/p>\n<p>&#8220;No \u00a0sucede lo mismo con el factor subjetivo \u00a0que \u00a0impone\u00a0 \u00a0el \u00a0art\u00edculo \u00a072 \u00a0del \u00a0C\u00f3digo \u00a0Penal, \u00a0pues la personalidad \u00a0desfavorable \u00a0de \u00a0EDWAR \u00a0ALONSO \u00a0TEJADA \u00a0SERNA \u00a0impide \u00a0suponer que se encuentra \u00a0preparado \u00a0para \u00a0su \u00a0regres\u00f3 \u00a0anticipado \u00a0a \u00a0la \u00a0sociedad, \u00a0debiendo \u00a0purgar la \u00a0totalidad de la pena impuesta. \u00a0\u00a0<\/p>\n<p>En \u00a0efecto, el procesado fue sentenciado en \u00a0segunda \u00a0instancia \u00a0por \u00a0el \u00a0delito \u00a0de Secuestro Simple, hecho que denota en su \u00a0ejecutor \u00a0una \u00a0gran \u00a0insensibilidad moral por cuanto desconoce uno de los bienes \u00a0m\u00e1s \u00a0preciados \u00a0del \u00a0hombre \u00a0cual es su libertad y atenta de manera grave\u00a0 \u00a0contra \u00a0la \u00a0dignidad \u00a0del ser humano, siendo en los actuales momentos uno de los \u00a0flagelos \u00a0que \u00a0m\u00e1s \u00a0agobia \u00a0a \u00a0la \u00a0sociedad \u00a0colombiana, \u00a0lo \u00a0cual \u00a0amerita una \u00a0respuesta \u00a0contundente de la administraci\u00f3n de justicia en el sentido de exigir \u00a0el cumplimiento total de la sanci\u00f3n&#8221;. \u00a0\u00a0<\/p>\n<p>\u00a0 \u00a0 \u00a0\u00a0 \u00a0\u00a0 \u00a0 \u00a0 \u00a0 \u00a0 \u00a0 \u00a0 \u00a0 \u00a0 \u00a0\u00a0 \u00a0\u00a04. \u00a0No \u00a0existiendo \u00a0motivo \u00a0sobreviniente \u00a0alguno \u00a0a \u00a0dichas \u00a0consideraciones \u00a0que \u00a0haga \u00a0posible \u00a0la \u00a0excarcelaci\u00f3n \u00a0del peticionario con fundamento en el art\u00edculo 415 \u00a0numeral \u00a02\u00b0 \u00a0del \u00a0C\u00f3digo \u00a0de \u00a0Procedimiento \u00a0Penal, \u00a0se impone una vez m\u00e1s la \u00a0negaci\u00f3n de ese beneficio. \u00a0\u00a0<\/p>\n<p>\u00a0 \u00a0 \u00a0\u00a0 \u00a0\u00a0 \u00a0 \u00a0 \u00a0 \u00a0 \u00a0 \u00a0 \u00a0 \u00a0 \u00a0\u00a0<\/p>\n<p>\u00a0 \u00a0 \u00a0\u00a0 \u00a0\u00a0 \u00a0 \u00a0 \u00a0 \u00a0 \u00a0\u00a0 \u00a0\u00a0 \u00a0 \u00a05. La Corte \u00a0se \u00a0abstiene \u00a0de \u00a0considerar \u00a0la \u00a0petici\u00f3n \u00a0que ha presentado la doctora GLORIA \u00a0ISABEL \u00a0VARGAS TORRES, quien afirma ser apoderada del procesado TEJADA SERNA, en \u00a0su \u00a0condici\u00f3n \u00a0de \u00a0defensora p\u00fablica, porque ella no es la\u00a0 representante \u00a0judicial \u00a0de \u00a0aqu\u00e9l \u00a0en \u00a0el sub-judice, ese cargo ha venido siendo desempe\u00f1ado \u00a0ininterrumpidamente \u00a0desde \u00a0el \u00a08 \u00a0de \u00a0noviembre \u00a0de \u00a01994 por el doctor IGNACIO \u00a0ALBERTO \u00a0CORREA \u00a0POSADA. \u00a0La \u00a0calidad \u00a0invocada \u00a0por la Doctora VARGAS TORRES no \u00a0est\u00e1 \u00a0comprobada en el expediente y con el escrito no se aportan los documentos \u00a0necesarios \u00a0 \u00a0para \u00a0 \u00a0acreditar \u00a0 \u00a0la \u00a0 \u00a0representaci\u00f3n \u00a0 \u00a0judicial \u00a0 \u00a0que \u00a0 se \u00a0arroga. \u00a0\u00a0<\/p>\n<p>\u00a0 \u00a0 \u00a0\u00a0 \u00a0\u00a0 \u00a0 \u00a0 \u00a0 \u00a0 \u00a0 \u00a0 \u00a0 \u00a0 \u00a0\u00a0<\/p>\n<p>\u00a0 \u00a0 \u00a0\u00a0 \u00a0\u00a0 \u00a0 \u00a0 \u00a0 \u00a0 \u00a0\u00a0 \u00a0\u00a0 \u00a0\u00a0 \u00a0En m\u00e9rito \u00a0de \u00a0lo \u00a0expuesto, \u00a0la \u00a0Sala \u00a0de Casaci\u00f3n Penal de la Corte Suprema de Justicia, \u00a0\u00a0<\/p>\n<p>\u00a0 \u00a0 \u00a0\u00a0 \u00a0\u00a0 \u00a0 \u00a0\u00a0 \u00a0 \u00a0 \u00a0 \u00a0 \u00a0 \u00a0 \u00a0 \u00a0 \u00a0\u00a0 \u00a0 \u00a0 \u00a0 \u00a0 \u00a0\u00a0 \u00a0\u00a0RESUELVE \u00a0\u00a0<\/p>\n<p>\u00a0 \u00a0 \u00a0\u00a0 \u00a0\u00a0 \u00a0 \u00a0 \u00a0 \u00a0 \u00a0\u00a0 \u00a0\u00a0 \u00a0\u00a0 \u00a0\u00a0Negar la \u00a0libertad \u00a0 provisional \u00a0 al \u00a0 sindicado \u00a0EDWAR \u00a0ALONSO \u00a0TEJADA \u00a0SERNA, \u00a0recluido \u00a0actualmente en la C\u00e1rcel del Distrito Judicial de Medell\u00edn. \u00a0\u00a0<\/p>\n<p>Notif\u00edquese y c\u00famplase. \u00a0<\/p>\n<p>CARLOS AUGUSTO GALVEZ ARGOTE \u00a0<\/p>\n<p>FERNANDO \u00a0E. \u00a0ARBOLEDA \u00a0RIPOLL \u00a0\u00a0 \u00a0\u00a0 \u00a0\u00a0 \u00a0\u00a0 \u00a0\u00a0 \u00a0\u00a0 \u00a0 \u00a0 \u00a0\u00a0 \u00a0 \u00a0 \u00a0\u00a0RICARDO \u00a0 \u00a0 CALVETE \u00a0RANGEL \u00a0 \u00a0 \u00a0 \u00a0 \u00a0\u00a0 \u00a0\u00a0 \u00a0\u00a0 \u00a0\u00a0 \u00a0\u00a0 \u00a0\u00a0 \u00a0\u00a0 \u00a0\u00a0 \u00a0 \u00a0 \u00a0\u00a0<\/p>\n<p>JORGE \u00a0 E. \u00a0 CORDOBA \u00a0POVEDA \u00a0 \u00a0\u00a0 \u00a0\u00a0 \u00a0\u00a0 \u00a0\u00a0 \u00a0\u00a0 \u00a0\u00a0 \u00a0 \u00a0\u00a0 \u00a0 \u00a0 \u00a0 \u00a0 \u00a0 \u00a0 \u00a0 \u00a0 \u00a0\u00a0JORGE ANIBAL GOMEZ GALLEGO \u00a0\u00a0<\/p>\n<p>CARLOS \u00a0 E. \u00a0 MEJIA \u00a0 ESCOBAR \u00a0\u00a0 \u00a0\u00a0 \u00a0\u00a0 \u00a0\u00a0 \u00a0\u00a0 \u00a0\u00a0 \u00a0 \u00a0\u00a0 \u00a0 \u00a0 \u00a0 \u00a0 \u00a0 \u00a0 \u00a0 \u00a0 \u00a0\u00a0DIDIMO \u00a0PAEZ VELANDIA \u00a0\u00a0 \u00a0\u00a0 \u00a0\u00a0 \u00a0\u00a0 \u00a0\u00a0 \u00a0\u00a0 \u00a0 \u00a0\u00a0 \u00a0 \u00a0 \u00a0 \u00a0 \u00a0\u00a0<\/p>\n<p>NILSON \u00a0 \u00a0PINILLA \u00a0 \u00a0PINILLA \u00a0\u00a0 \u00a0\u00a0 \u00a0\u00a0 \u00a0\u00a0 \u00a0\u00a0 \u00a0\u00a0 \u00a0 \u00a0\u00a0 \u00a0 \u00a0 \u00a0 \u00a0 \u00a0 \u00a0 \u00a0 \u00a0 \u00a0\u00a0JUAN MANUEL TORRES FRESNEDA \u00a0\u00a0<\/p>\n<p>\u00a0 \u00a0\u00a0 \u00a0\u00a0 \u00a0\u00a0NO \u00a0\u00a0<\/p>\n<p>PATRICIA SALAZAR CUELLAR \u00a0<\/p>\n<p>Secretaria \u00a0 \u00a0<\/p>\n<p><\/p>\n","protected":false},"excerpt":{"rendered":"<p>\u00a0 \u00a0 LIBERTAD PROVISIONAL\/ ANTECEDENTES \u00a0 De \u00a0conformidad con el art\u00edculo 415, numeral \u00a02\u00ba, \u00a0del \u00a0Estatuto \u00a0Procesal \u00a0Penal, el sindicado tendr\u00e1 derecho a la libertad \u00a0provisional \u00a0garantizada \u00a0mediante cauci\u00f3n juratoria o prendar\u00eda, cuando lleve \u00a0en \u00a0detenci\u00f3n preventiva el tiempo necesario para obtener libertad condicional, \u00a0siempre \u00a0que \u00a0se \u00a0re\u00fana \u00a0el requisito establecido por el\u00a0 art\u00edculo 72 [&hellip;]<\/p>\n","protected":false},"author":1,"featured_media":0,"comment_status":"open","ping_status":"open","sticky":false,"template":"","format":"standard","meta":{"footnotes":""},"categories":[6],"tags":[],"class_list":["post-1133","post","type-post","status-publish","format-standard","hentry","category-6"],"_links":{"self":[{"href":"https:\/\/dmsjuridica.com\/buscador_20179478954\/salapenalcronologico20230723\/wp-json\/wp\/v2\/posts\/1133","targetHints":{"allow":["GET"]}}],"collection":[{"href":"https:\/\/dmsjuridica.com\/buscador_20179478954\/salapenalcronologico20230723\/wp-json\/wp\/v2\/posts"}],"about":[{"href":"https:\/\/dmsjuridica.com\/buscador_20179478954\/salapenalcronologico20230723\/wp-json\/wp\/v2\/types\/post"}],"author":[{"embeddable":true,"href":"https:\/\/dmsjuridica.com\/buscador_20179478954\/salapenalcronologico20230723\/wp-json\/wp\/v2\/users\/1"}],"replies":[{"embeddable":true,"href":"https:\/\/dmsjuridica.com\/buscador_20179478954\/salapenalcronologico20230723\/wp-json\/wp\/v2\/comments?post=1133"}],"version-history":[{"count":0,"href":"https:\/\/dmsjuridica.com\/buscador_20179478954\/salapenalcronologico20230723\/wp-json\/wp\/v2\/posts\/1133\/revisions"}],"wp:attachment":[{"href":"https:\/\/dmsjuridica.com\/buscador_20179478954\/salapenalcronologico20230723\/wp-json\/wp\/v2\/media?parent=1133"}],"wp:term":[{"taxonomy":"category","embeddable":true,"href":"https:\/\/dmsjuridica.com\/buscador_20179478954\/salapenalcronologico20230723\/wp-json\/wp\/v2\/categories?post=1133"},{"taxonomy":"post_tag","embeddable":true,"href":"https:\/\/dmsjuridica.com\/buscador_20179478954\/salapenalcronologico20230723\/wp-json\/wp\/v2\/tags?post=1133"}],"curies":[{"name":"wp","href":"https:\/\/api.w.org\/{rel}","templated":true}]}}