{"id":1116,"date":"2023-09-07T21:00:10","date_gmt":"2023-09-07T21:00:10","guid":{"rendered":"https:\/\/dmsjuridica.com\/buscador_20179478954\/salapenalcronologico20230723\/2023\/09\/07\/11043-13-05-98\/"},"modified":"2023-09-07T21:00:10","modified_gmt":"2023-09-07T21:00:10","slug":"11043-13-05-98","status":"publish","type":"post","link":"https:\/\/dmsjuridica.com\/buscador_20179478954\/salapenalcronologico20230723\/2023\/09\/07\/11043-13-05-98\/","title":{"rendered":"11043 (13-05-98)"},"content":{"rendered":"\n<p>\u00a0 \u00a0 LIBERTAD \u00a0 \u00a0 \u00a0PROVISIONAL-Homicidio \u00a0simple \u00a0\u00a0<\/p>\n<p>En \u00a0anteriores \u00a0oportunidades, \u00a0la \u00a0Corte \u00a0ha \u00a0precisado \u00a0que \u00a0durante \u00a0el tr\u00e1mite del recurso extraordinario de casaci\u00f3n, la \u00a0libertad \u00a0provisional \u00a0solamente procede con fundamento en la causal prevista en \u00a0el art\u00edculo 415 numeral 2\u00ba del C\u00f3digo de Procedimiento Penal. \u00a0\u00a0<\/p>\n<p>Dicha norma establece que el sindicado tendr\u00e1 \u00a0derecho \u00a0a \u00a0la \u00a0libertad \u00a0provisional \u00a0garantizada mediante cauci\u00f3n juratoria o \u00a0prendaria, \u00a0cuando \u00a0lleve \u00a0en \u00a0detenci\u00f3n \u00a0preventiva \u00a0el \u00a0tiempo necesario para \u00a0obtener \u00a0libertad condicional, siempre que se re\u00fanan los dem\u00e1s requisitos para \u00a0otorgarla. \u00a0\u00a0<\/p>\n<p>Por \u00a0su \u00a0parte, \u00a0el art\u00edculo 72A del C\u00f3digo \u00a0Penal, \u00a0disposici\u00f3n aplicable en el presente evento por cuanto el sindicado fue \u00a0sentenciado \u00a0por \u00a0el \u00a0delito de homicidio simple, dispone que el Juez conceder\u00e1 \u00a0la \u00a0libertad \u00a0condicional \u00a0al condenado a pena privativa de la libertad mayor de \u00a0tres \u00a0(3) \u00a0a\u00f1os, \u00a0cuando \u00a0haya \u00a0cumplido \u00a0las \u00a0tres \u00a0quintas (3\/5) partes de la \u00a0condena, \u00a0siempre \u00a0que \u00a0haya \u00a0observado \u00a0buena \u00a0conducta \u00a0en \u00a0el establecimiento \u00a0carcelario. \u00a0\u00a0<\/p>\n<p>Proceso No. 11043 \u00a0<\/p>\n<p>CORTE SUPREMA DE JUSTICIA \u00a0<\/p>\n<p>SALA DE CASACI\u00d3N PENAL \u00a0<\/p>\n<p>\u00a0\u00a0\u00a0\u00a0\u00a0\u00a0\u00a0\u00a0\u00a0\u00a0\u00a0\u00a0\u00a0\u00a0\u00a0\u00a0\u00a0\u00a0\u00a0\u00a0\u00a0\u00a0\u00a0\u00a0\u00a0\u00a0\u00a0\u00a0\u00a0\u00a0 \u00a0MAGISTRADO PONENTE: \u00a0\u00a0<\/p>\n<p>\u00a0\u00a0\u00a0\u00a0\u00a0\u00a0\u00a0\u00a0\u00a0\u00a0\u00a0\u00a0\u00a0\u00a0\u00a0\u00a0\u00a0\u00a0\u00a0\u00a0\u00a0\u00a0\u00a0\u00a0\u00a0\u00a0\u00a0\u00a0\u00a0\u00a0 \u00a0DR. RICARDO CALVETE RANGEL \u00a0\u00a0<\/p>\n<p>\u00a0\u00a0\u00a0\u00a0\u00a0\u00a0\u00a0\u00a0\u00a0\u00a0\u00a0\u00a0\u00a0\u00a0\u00a0\u00a0\u00a0\u00a0\u00a0\u00a0\u00a0\u00a0\u00a0\u00a0\u00a0\u00a0\u00a0\u00a0\u00a0\u00a0 \u00a0APROBADO ACTA No. 69 \u00a0\u00a0<\/p>\n<p>Santa Fe de Bogot\u00e1, D.C., trece (13) de mayo \u00a0de mil novecientos noventa y ocho (1.998). \u00a0\u00a0<\/p>\n<p>VISTOS \u00a0<\/p>\n<p>La \u00a0Sala \u00a0resuelve \u00a0la solicitud de libertad \u00a0suscrita\u00a0 \u00a0por \u00a0el \u00a0procesado \u00a0FRANCISCO \u00a0LUIS TORO L\u00d3PEZ, quien aduce que \u00a0tiene \u00a0derecho a ese beneficio en virtud a que le pag\u00f3 a la v\u00edctima los da\u00f1os \u00a0y perjuicios causados con el delito. \u00a0\u00a0<\/p>\n<p>CONSIDERACIONES DE LA SALA \u00a0<\/p>\n<p>1.\u00a0 \u00a0En \u00a0anteriores \u00a0oportunidades, \u00a0la \u00a0Corte \u00a0ha \u00a0precisado \u00a0que \u00a0durante \u00a0el \u00a0tr\u00e1mite \u00a0del \u00a0recurso extraordinario de \u00a0casaci\u00f3n, \u00a0la \u00a0libertad \u00a0provisional \u00a0solamente \u00a0procede \u00a0con \u00a0fundamento en la \u00a0causal \u00a0prevista \u00a0en \u00a0el \u00a0art\u00edculo 415 numeral 2\u00ba del C\u00f3digo de Procedimiento \u00a0Penal. \u00a0\u00a0<\/p>\n<p>Dicha \u00a0norma \u00a0establece \u00a0que \u00a0el \u00a0sindicado \u00a0tendr\u00e1 \u00a0 derecho \u00a0a \u00a0la \u00a0libertad \u00a0provisional \u00a0garantizada \u00a0mediante \u00a0cauci\u00f3n \u00a0juratoria \u00a0 o \u00a0prendaria, \u00a0cuando \u00a0lleve \u00a0en \u00a0detenci\u00f3n \u00a0preventiva \u00a0el \u00a0tiempo \u00a0necesario \u00a0para \u00a0obtener libertad condicional, siempre que se re\u00fanan los dem\u00e1s \u00a0requisitos para otorgarla. \u00a0\u00a0<\/p>\n<p>Por \u00a0su \u00a0parte, el art\u00edculo 72A del C\u00f3digo \u00a0Penal, \u00a0disposici\u00f3n aplicable en el presente evento por cuanto el sindicado fue \u00a0sentenciado \u00a0por \u00a0el \u00a0delito de homicidio simple, dispone que el Juez conceder\u00e1 \u00a0la \u00a0libertad \u00a0condicional \u00a0al condenado a pena privativa de la libertad mayor de \u00a0tres \u00a0(3) \u00a0a\u00f1os, \u00a0cuando \u00a0haya \u00a0cumplido \u00a0las \u00a0tres \u00a0quintas (3\/5) partes de la \u00a0condena, \u00a0siempre \u00a0que \u00a0haya \u00a0observado \u00a0buena \u00a0conducta \u00a0en \u00a0el establecimiento \u00a0carcelario. \u00a0\u00a0<\/p>\n<p>2.\u00a0 \u00a0El \u00a0Juzgado \u00a0Primero \u00a0Penal \u00a0del \u00a0Circuito \u00a0de \u00a0Buenaventura conden\u00f3 a Francisco Luis Toro L\u00f3pez\u00a0 a la pena \u00a0principal \u00a0de \u00a0doce \u00a0(12) \u00a0a\u00f1os \u00a0y \u00a0seis \u00a0(6) meses de prisi\u00f3n, como autor del \u00a0delito \u00a0de \u00a0homicidio \u00a0en grado de tentativa.\u00a0 El Tribunal Superior de Cali \u00a0confirm\u00f3 \u00a0esta \u00a0decisi\u00f3n \u00a0al resolver el recurso de apelaci\u00f3n interpuesto por \u00a0el defensor. \u00a0\u00a0<\/p>\n<p>Ahora bien, Toro L\u00f3pez estuvo privado de su \u00a0libertad \u00a0desde \u00a0el \u00a030 \u00a0de \u00a0mayo \u00a0de 1.993 y hasta el 13 de agosto de ese mismo \u00a0a\u00f1o. \u00a0Actualmente, \u00a0se \u00a0encuentra \u00a0recluido \u00a0desde \u00a0el \u00a012 \u00a0de \u00a0julio de 1.994. \u00a0\u00a0<\/p>\n<p>El procesado no cumple el factor cuantitativo \u00a0que \u00a0exige el art\u00edculo 415 numeral 2\u00ba del Estatuto Procesal Penal, en armon\u00eda \u00a0con \u00a0el \u00a0art\u00edculo \u00a072A \u00a0del \u00a0C\u00f3digo \u00a0Penal, \u00a0pues\u00a0 a la fecha registra en \u00a0detenci\u00f3n \u00a0preventiva \u00a0cuarenta \u00a0y \u00a0ocho (48) meses y catorce (14) d\u00edas, lapso \u00a0que \u00a0resulta inferior a las tres quintas partes (3\/5)\u00a0 de la pena impuesta, \u00a0equivalentes a noventa (90) meses. \u00a0\u00a0<\/p>\n<p>En \u00a0consecuencia, se negar\u00e1 la solicitud de \u00a0libertad \u00a0elevada \u00a0por el sindicado Toro L\u00f3pez, sin que sea necesario para ello \u00a0verificar \u00a0el \u00a0cumplimiento \u00a0de \u00a0los dem\u00e1s requisitos exigidos por el art\u00edculo \u00a072A ib\u00eddem. \u00a0\u00a0<\/p>\n<p>En \u00a0m\u00e9rito \u00a0de \u00a0lo \u00a0expuesto, \u00a0la \u00a0Sala \u00a0de \u00a0Casaci\u00f3n Penal de la Corte Suprema de Justicia, \u00a0\u00a0<\/p>\n<p>RESUELVE: \u00a0<\/p>\n<p>Negar \u00a0la \u00a0libertad provisional al procesado \u00a0Francisco \u00a0Luis \u00a0Toro \u00a0L\u00f3pez, \u00a0quien \u00a0se \u00a0encuentra \u00a0actualmente detenido en la \u00a0C\u00e1rcel del Distrito Judicial de Buga. \u00a0\u00a0<\/p>\n<p>Notif\u00edquese y c\u00famplase \u00a0<\/p>\n<p>JORGE ENRIQUE CORDOBA POVEDA \u00a0<\/p>\n<p>FERNANDO \u00a0E. \u00a0ARBOLEDA \u00a0RIPOLL \u00a0\u00a0 \u00a0\u00a0 \u00a0\u00a0 \u00a0\u00a0 \u00a0\u00a0 \u00a0\u00a0 \u00a0 \u00a0 \u00a0\u00a0 \u00a0 \u00a0 \u00a0\u00a0RICARDO \u00a0 \u00a0 CALVETE \u00a0RANGEL \u00a0 \u00a0 \u00a0 \u00a0 \u00a0\u00a0 \u00a0\u00a0 \u00a0\u00a0 \u00a0\u00a0 \u00a0\u00a0 \u00a0\u00a0 \u00a0\u00a0 \u00a0\u00a0 \u00a0 \u00a0 \u00a0\u00a0<\/p>\n<p>CARLOS \u00a0AUGUSTO \u00a0GALVEZ \u00a0ARGOTE \u00a0\u00a0 \u00a0\u00a0 \u00a0\u00a0 \u00a0\u00a0 \u00a0\u00a0 \u00a0\u00a0 \u00a0 \u00a0 \u00a0 \u00a0 \u00a0\u00a0JORGE \u00a0 \u00a0ANIBAL \u00a0 \u00a0GOMEZ \u00a0GALLEGO \u00a0\u00a0<\/p>\n<p>CARLOS \u00a0 E. \u00a0 MEJIA \u00a0 ESCOBAR \u00a0\u00a0 \u00a0\u00a0 \u00a0\u00a0 \u00a0\u00a0 \u00a0\u00a0 \u00a0\u00a0 \u00a0 \u00a0\u00a0 \u00a0 \u00a0 \u00a0 \u00a0 \u00a0 \u00a0 \u00a0 \u00a0 \u00a0\u00a0DIDIMO \u00a0PAEZ VELANDIA \u00a0\u00a0 \u00a0\u00a0 \u00a0\u00a0 \u00a0\u00a0 \u00a0\u00a0 \u00a0\u00a0 \u00a0 \u00a0\u00a0 \u00a0 \u00a0 \u00a0 \u00a0 \u00a0\u00a0<\/p>\n<p>NILSON \u00a0 \u00a0PINILLA \u00a0 PINILLA \u00a0\u00a0 \u00a0\u00a0 \u00a0\u00a0 \u00a0\u00a0 \u00a0\u00a0 \u00a0\u00a0 \u00a0 \u00a0\u00a0 \u00a0 \u00a0 \u00a0 \u00a0 \u00a0 \u00a0 \u00a0 \u00a0 \u00a0\u00a0 \u00a0 \u00a0 \u00a0 \u00a0 \u00a0\u00a0 \u00a0\u00a0JUAN MANUEL TORRES FRESNEDA \u00a0\u00a0<\/p>\n<p>PATRICIA SALAZAR CUELLAR \u00a0<\/p>\n<p>Secretaria \u00a0<\/p>\n<p>\u00a0 \u00a0<\/p>\n<p>\u00a0 \u00a0\u00a0<\/p>\n<p><\/p>\n","protected":false},"excerpt":{"rendered":"<p>\u00a0 \u00a0 LIBERTAD \u00a0 \u00a0 \u00a0PROVISIONAL-Homicidio \u00a0simple \u00a0\u00a0 En \u00a0anteriores \u00a0oportunidades, \u00a0la \u00a0Corte \u00a0ha \u00a0precisado \u00a0que \u00a0durante \u00a0el tr\u00e1mite del recurso extraordinario de casaci\u00f3n, la \u00a0libertad \u00a0provisional \u00a0solamente procede con fundamento en la causal prevista en \u00a0el art\u00edculo 415 numeral 2\u00ba del C\u00f3digo de Procedimiento Penal. \u00a0\u00a0 Dicha norma establece que el sindicado tendr\u00e1 \u00a0derecho [&hellip;]<\/p>\n","protected":false},"author":1,"featured_media":0,"comment_status":"open","ping_status":"open","sticky":false,"template":"","format":"standard","meta":{"footnotes":""},"categories":[6],"tags":[],"class_list":["post-1116","post","type-post","status-publish","format-standard","hentry","category-6"],"_links":{"self":[{"href":"https:\/\/dmsjuridica.com\/buscador_20179478954\/salapenalcronologico20230723\/wp-json\/wp\/v2\/posts\/1116","targetHints":{"allow":["GET"]}}],"collection":[{"href":"https:\/\/dmsjuridica.com\/buscador_20179478954\/salapenalcronologico20230723\/wp-json\/wp\/v2\/posts"}],"about":[{"href":"https:\/\/dmsjuridica.com\/buscador_20179478954\/salapenalcronologico20230723\/wp-json\/wp\/v2\/types\/post"}],"author":[{"embeddable":true,"href":"https:\/\/dmsjuridica.com\/buscador_20179478954\/salapenalcronologico20230723\/wp-json\/wp\/v2\/users\/1"}],"replies":[{"embeddable":true,"href":"https:\/\/dmsjuridica.com\/buscador_20179478954\/salapenalcronologico20230723\/wp-json\/wp\/v2\/comments?post=1116"}],"version-history":[{"count":0,"href":"https:\/\/dmsjuridica.com\/buscador_20179478954\/salapenalcronologico20230723\/wp-json\/wp\/v2\/posts\/1116\/revisions"}],"wp:attachment":[{"href":"https:\/\/dmsjuridica.com\/buscador_20179478954\/salapenalcronologico20230723\/wp-json\/wp\/v2\/media?parent=1116"}],"wp:term":[{"taxonomy":"category","embeddable":true,"href":"https:\/\/dmsjuridica.com\/buscador_20179478954\/salapenalcronologico20230723\/wp-json\/wp\/v2\/categories?post=1116"},{"taxonomy":"post_tag","embeddable":true,"href":"https:\/\/dmsjuridica.com\/buscador_20179478954\/salapenalcronologico20230723\/wp-json\/wp\/v2\/tags?post=1116"}],"curies":[{"name":"wp","href":"https:\/\/api.w.org\/{rel}","templated":true}]}}