{"id":11122,"date":"2023-09-08T19:52:52","date_gmt":"2023-09-08T19:52:52","guid":{"rendered":"https:\/\/dmsjuridica.com\/buscador_20179478954\/salapenalcronologico20230723\/2023\/09\/08\/2424319-01-06-1\/"},"modified":"2023-09-08T19:52:52","modified_gmt":"2023-09-08T19:52:52","slug":"2424319-01-06-1","status":"publish","type":"post","link":"https:\/\/dmsjuridica.com\/buscador_20179478954\/salapenalcronologico20230723\/2023\/09\/08\/2424319-01-06-1\/","title":{"rendered":"24243(19-01-06)-1"},"content":{"rendered":"\n<p>\u00a0 \u00a0 Proceso No 24243 \u00a0<\/p>\n<p>CORTE SUPREMA DE JUSTICIA \u00a0<\/p>\n<p>SALA \u00a0 DE \u00a0 CASACI\u00d3N \u00a0PENAL \u00a0\u00a0<\/p>\n<p>MAGISTRADO \u00a0PONENTE \u00a0\u00a0<\/p>\n<p>\u00c1LVARO ORLANDO P\u00c9REZ PINZ\u00d3N \u00a0<\/p>\n<p>APROBADO ACTA No. 03 \u00a0<\/p>\n<p>Bogot\u00e1, D. C., diecinueve (19) de enero del \u00a0dos mil seis (2006). \u00a0\u00a0<\/p>\n<p>VISTOS \u00a0<\/p>\n<p>Se \u00a0pronuncia \u00a0la \u00a0Corte sobre el recurso de \u00a0apelaci\u00f3n \u00a0 \u00a0interpuesto \u00a0 \u00a0por \u00a0 \u00a0el \u00a0 apoderado \u00a0 del \u00a0 se\u00f1or \u00a0 JAVIER \u00a0MEDINA \u00a0ACOSTA \u00a0contra el auto del \u00a028 \u00a0de \u00a0julio \u00a0del \u00a02005 \u00a0expedido \u00a0por \u00a0el \u00a0Tribunal Superior de Florencia, que \u00a0inadmiti\u00f3 \u00a0la \u00a0demanda \u00a0de \u00a0revisi\u00f3n \u00a0presentada contra la sentencia del 20 de \u00a0mayo \u00a0del 2003 dictada por el Juzgado 2\u00ba Penal del Circuito de la misma ciudad. \u00a0\u00a0<\/p>\n<p>ANTECEDENTES \u00a0 \u00a0Y \u00a0CONSIDERACIONES \u00a0\u00a0<\/p>\n<p>Por el auto mencionado, el Tribunal Superior \u00a0de \u00a0Florencia no admiti\u00f3 la demanda de revisi\u00f3n presentada por el apoderado de \u00a0JAVIER \u00a0MEDINA ACOSTA contra \u00a0la \u00a0sentencia \u00a0del \u00a020 \u00a0de \u00a0mayo \u00a0del \u00a02003, por la que el Juzgado 2\u00ba Penal del \u00a0Circuito \u00a0de \u00a0la \u00a0misma ciudad lo conden\u00f3 a 156 meses de prisi\u00f3n por el delito \u00a0de homicidio. \u00a0\u00a0<\/p>\n<p>Notificado \u00a0de \u00a0la \u00a0decisi\u00f3n, \u00a0el \u00a0abogado \u00a0interpuso \u00a0recurso \u00a0de \u00a0reposici\u00f3n \u00a0y en subsidio apelaci\u00f3n. Negado el primero \u00a0por \u00a0auto \u00a0del \u00a01\u00ba de septiembre del a\u00f1o anterior, el Tribunal concedi\u00f3 el de \u00a0alzada \u00a0y \u00a0orden\u00f3 enviar la actuaci\u00f3n a la Sala de Casaci\u00f3n Penal de la Corte \u00a0Suprema de Justicia. \u00a0\u00a0<\/p>\n<p>No \u00a0tuvo \u00a0en \u00a0cuenta, \u00a0sin \u00a0embargo, \u00a0que de \u00a0conformidad \u00a0con \u00a0lo dispuesto por el art\u00edculo 187 del C\u00f3digo de Procedimiento \u00a0Penal, \u00a0\u00a0<\/p>\n<p>Las \u00a0providencias quedan ejecutoriadas tres \u00a0(3) \u00a0d\u00edas \u00a0despu\u00e9s \u00a0de \u00a0notificadas \u00a0si \u00a0no \u00a0se \u00a0han \u00a0interpuesto los recursos \u00a0legalmente procedentes. \u00a0\u00a0<\/p>\n<p>La que decide los \u00a0recursos \u00a0de \u00a0apelaci\u00f3n \u00a0o de queja contra las providencias interlocutorias, la \u00a0consulta, \u00a0la \u00a0casaci\u00f3n, \u00a0salvo \u00a0cuando se sustituya la sentencia materia de la \u00a0misma \u00a0 y \u00a0 la \u00a0 acci\u00f3n \u00a0 de \u00a0revisi\u00f3n \u00a0 quedan \u00a0 ejecutoriadas \u00a0 el \u00a0d\u00eda \u00a0que \u00a0sean \u00a0suscritas \u00a0por \u00a0el \u00a0funcionario correspondiente. \u00a0\u00a0<\/p>\n<p>Adem\u00e1s, el numeral 3\u00ba del art\u00edculo 75 del \u00a0mismo \u00a0estatuto \u00a0s\u00f3lo \u00a0faculta \u00a0a \u00a0la \u00a0Corte \u00a0Suprema \u00a0de Justicia para conocer \u00a0\u00a0<\/p>\n<p>[d]e \u00a0los recursos de apelaci\u00f3n y de queja \u00a0en \u00a0los procesos que conocen \u00a0en primera instancia los tribunales superiores de distrito, \u00a0\u00a0<\/p>\n<p>de manera que se excluyen las decisiones que \u00a0se \u00a0adopten \u00a0en \u00a0el tr\u00e1mite de la acci\u00f3n de revisi\u00f3n que, como se sabe, no es \u00a0parte ni prolongaci\u00f3n del proceso penal. \u00a0\u00a0<\/p>\n<p>Se \u00a0 reitera \u00a0de \u00a0esta \u00a0manera \u00a0la \u00a0l\u00ednea \u00a0jurisprudencial \u00a0que \u00a0sobre \u00a0el \u00a0particular \u00a0ha \u00a0trazado \u00a0la Corte en anteriores \u00a0oportunidades, \u00a0como \u00a0se \u00a0record\u00f3 en el auto del 27 de marzo del 2000, radicado \u00a016.836.1 \u00a0\u00a0<\/p>\n<p>En \u00a0consecuencia, \u00a0la \u00a0Sala se abstendr\u00e1 de \u00a0resolver el recurso de apelaci\u00f3n propuesto. \u00a0\u00a0<\/p>\n<p>En \u00a0m\u00e9rito \u00a0de \u00a0lo \u00a0expuesto, \u00a0la \u00a0Sala \u00a0de \u00a0Casaci\u00f3n Penal de la Corte Suprema de Justicia, \u00a0\u00a0<\/p>\n<p>RESUELVE \u00a0\u00a0<\/p>\n<p>ABSTENERSE \u00a0 de \u00a0resolver \u00a0el \u00a0recurso \u00a0de \u00a0apelaci\u00f3n \u00a0interpuesto \u00a0por \u00a0el apoderado del se\u00f1or \u00a0JAVIER \u00a0 MEDINA \u00a0 ACOSTA. \u00a0\u00a0<\/p>\n<p>Comun\u00edquese \u00a0esta determinaci\u00f3n al abogado \u00a0recurrente. \u00a0\u00a0<\/p>\n<p>C\u00famplase. \u00a0<\/p>\n<p>MARINA PULIDO DE BAR\u00d3N \u00a0<\/p>\n<p>SIGIFREDO \u00a0 ESPINOSA \u00a0 P\u00c9REZ \u00a0 \u00a0 \u00a0\u00a0 \u00a0\u00a0 \u00a0\u00a0ALFREDO \u00a0G\u00d3MEZ QUINTERO \u00a0\u00a0<\/p>\n<p>\u00c9DGAR \u00a0 LOMBANA \u00a0 TRUJILLO \u00a0\u00a0 \u00a0\u00a0 \u00a0\u00a0 \u00a0\u00a0 \u00a0\u00a0 \u00a0\u00a0 \u00a0 \u00a0 \u00a0 \u00a0 \u00a0 \u00a0\u00c1LVARO \u00a0 \u00a0O. \u00a0 \u00a0P\u00c9REZ \u00a0PINZ\u00d3N \u00a0 \u00a0 \u00a0\u00a0 \u00a0\u00a0 \u00a0\u00a0\u00a0\u00a0\u00a0\u00a0 \u00a0\u00a0<\/p>\n<p>JORGE \u00a0L. \u00a0QUINTERO \u00a0MILAN\u00c9S \u00a0 \u00a0 \u00a0 \u00a0 \u00a0 \u00a0 \u00a0\u00a0YESID \u00a0RAM\u00cdREZ BASTIDAS \u00a0\u00a0<\/p>\n<p>MAURO \u00a0 \u00a0SOLARTE \u00a0 PORTILLA \u00a0\u00a0 \u00a0\u00a0 \u00a0\u00a0 \u00a0\u00a0 \u00a0\u00a0 \u00a0\u00a0 \u00a0 \u00a0JAVIER ZAPATA ORTIZ \u00a0\u00a0<\/p>\n<p>En \u00a0 \u00a0 cita \u00a0medica \u00a0\u00a0<\/p>\n<p>TERESA \u00a0 \u00a0 RUIZ \u00a0N\u00da\u00d1EZ \u00a0\u00a0<\/p>\n<p>Secretaria \u00a0 \u00a0<\/p>\n<p>1 Cfr. \u00a0providencias \u00a0del 14 de octubre de 1993, M. P. Dr. D\u00eddimo P\u00e1ez Velandia; 24 de \u00a0mayo \u00a0de \u00a01995, \u00a0M. \u00a0P. Dr. Guillermo Duque Ruiz; 17 de noviembre de 1998, M. P. \u00a0Dr. \u00a0Jorge \u00a0E. \u00a0C\u00f3rdoba \u00a0Poveda; \u00a03 de agosto de 1998 M. P. Dr. Ricardo Calvete \u00a0Rangel. \u00a0 \u00a0\u00a0<\/p>\n<p><\/p>\n","protected":false},"excerpt":{"rendered":"<p>\u00a0 \u00a0 Proceso No 24243 \u00a0 CORTE SUPREMA DE JUSTICIA \u00a0 SALA \u00a0 DE \u00a0 CASACI\u00d3N \u00a0PENAL \u00a0\u00a0 MAGISTRADO \u00a0PONENTE \u00a0\u00a0 \u00c1LVARO ORLANDO P\u00c9REZ PINZ\u00d3N \u00a0 APROBADO ACTA No. 03 \u00a0 Bogot\u00e1, D. C., diecinueve (19) de enero del \u00a0dos mil seis (2006). \u00a0\u00a0 VISTOS \u00a0 Se \u00a0pronuncia \u00a0la \u00a0Corte sobre el recurso de \u00a0apelaci\u00f3n [&hellip;]<\/p>\n","protected":false},"author":1,"featured_media":0,"comment_status":"open","ping_status":"open","sticky":false,"template":"","format":"standard","meta":{"footnotes":""},"categories":[14],"tags":[],"class_list":["post-11122","post","type-post","status-publish","format-standard","hentry","category-14"],"_links":{"self":[{"href":"https:\/\/dmsjuridica.com\/buscador_20179478954\/salapenalcronologico20230723\/wp-json\/wp\/v2\/posts\/11122","targetHints":{"allow":["GET"]}}],"collection":[{"href":"https:\/\/dmsjuridica.com\/buscador_20179478954\/salapenalcronologico20230723\/wp-json\/wp\/v2\/posts"}],"about":[{"href":"https:\/\/dmsjuridica.com\/buscador_20179478954\/salapenalcronologico20230723\/wp-json\/wp\/v2\/types\/post"}],"author":[{"embeddable":true,"href":"https:\/\/dmsjuridica.com\/buscador_20179478954\/salapenalcronologico20230723\/wp-json\/wp\/v2\/users\/1"}],"replies":[{"embeddable":true,"href":"https:\/\/dmsjuridica.com\/buscador_20179478954\/salapenalcronologico20230723\/wp-json\/wp\/v2\/comments?post=11122"}],"version-history":[{"count":0,"href":"https:\/\/dmsjuridica.com\/buscador_20179478954\/salapenalcronologico20230723\/wp-json\/wp\/v2\/posts\/11122\/revisions"}],"wp:attachment":[{"href":"https:\/\/dmsjuridica.com\/buscador_20179478954\/salapenalcronologico20230723\/wp-json\/wp\/v2\/media?parent=11122"}],"wp:term":[{"taxonomy":"category","embeddable":true,"href":"https:\/\/dmsjuridica.com\/buscador_20179478954\/salapenalcronologico20230723\/wp-json\/wp\/v2\/categories?post=11122"},{"taxonomy":"post_tag","embeddable":true,"href":"https:\/\/dmsjuridica.com\/buscador_20179478954\/salapenalcronologico20230723\/wp-json\/wp\/v2\/tags?post=11122"}],"curies":[{"name":"wp","href":"https:\/\/api.w.org\/{rel}","templated":true}]}}