{"id":109,"date":"2023-09-07T19:53:59","date_gmt":"2023-09-07T19:53:59","guid":{"rendered":"https:\/\/dmsjuridica.com\/buscador_20179478954\/salapenalcronologico20230723\/2023\/09\/07\/10940-28-11-95\/"},"modified":"2023-09-07T19:53:59","modified_gmt":"2023-09-07T19:53:59","slug":"10940-28-11-95","status":"publish","type":"post","link":"https:\/\/dmsjuridica.com\/buscador_20179478954\/salapenalcronologico20230723\/2023\/09\/07\/10940-28-11-95\/","title":{"rendered":"10940 (28-11-95)"},"content":{"rendered":"\n<p>\u00a0 \u00a0 LIBERTAD \u00a0PROVISIONAL\/ \u00a0ANTECEDENTES \u00a0\u00a0<\/p>\n<p>El \u00a0funcionario que ha de otorgar la libertad \u00a0condicional \u00a0o \u00a0provisional seg\u00fan el caso, entre a analizar los antecedentes de \u00a0todo \u00a0orden \u00a0que \u00a0pueda \u00a0registrar \u00a0el \u00a0que pretenda alcanzar su liberaci\u00f3n, es \u00a0decir, \u00a0que \u00a0no \u00a0se \u00a0puede \u00a0prescindir \u00a0de las circunstancias bajo las cuales se \u00a0lleg\u00f3 \u00a0a \u00a0cometer \u00a0la \u00a0infracci\u00f3n \u00a0juzgada, \u00a0y sus repercusiones en el \u00e1mbito \u00a0social y en las funciones de la pena. \u00a0\u00a0<\/p>\n<p>Proceso No. 10940 \u00a0<\/p>\n<p>\u00a0 \u00a0\u00a0 \u00a0\u00a0 \u00a0\u00a0CORTE SUPREMA DE JUSTICIA \u00a0\u00a0<\/p>\n<p>\u00a0 \u00a0\u00a0 \u00a0\u00a0 \u00a0\u00a0SALA DE CASACION PENAL \u00a0\u00a0<\/p>\n<p>\u00a0 \u00a0\u00a0 \u00a0\u00a0 \u00a0\u00a0 \u00a0\u00a0 \u00a0\u00a0 \u00a0\u00a0 \u00a0\u00a0 \u00a0\u00a0 \u00a0\u00a0 \u00a0 \u00a0\u00a0 \u00a0 \u00a0 \u00a0 \u00a0 \u00a0 \u00a0 \u00a0 \u00a0 \u00a0\u00a0 \u00a0 \u00a0 \u00a0 \u00a0 \u00a0\u00a0 \u00a0\u00a0Magistrado ponente: \u00a0\u00a0<\/p>\n<p>\u00a0 \u00a0\u00a0 \u00a0\u00a0 \u00a0\u00a0 \u00a0\u00a0 \u00a0\u00a0 \u00a0\u00a0 \u00a0\u00a0 \u00a0\u00a0 \u00a0\u00a0 \u00a0 \u00a0\u00a0 \u00a0 \u00a0 \u00a0 \u00a0 \u00a0 \u00a0 \u00a0 \u00a0 \u00a0\u00a0 \u00a0 \u00a0 \u00a0 \u00a0 \u00a0\u00a0 \u00a0\u00a0Dr. JORGE CORDOBA POVEDA \u00a0\u00a0<\/p>\n<p>\u00a0 \u00a0\u00a0 \u00a0\u00a0 \u00a0\u00a0 \u00a0\u00a0 \u00a0\u00a0 \u00a0\u00a0 \u00a0\u00a0 \u00a0\u00a0 \u00a0\u00a0 \u00a0 \u00a0\u00a0 \u00a0 \u00a0 \u00a0 \u00a0 \u00a0 \u00a0 \u00a0 \u00a0 \u00a0\u00a0 \u00a0 \u00a0 \u00a0 \u00a0 \u00a0\u00a0 \u00a0\u00a0Aprobado Acta No. 175. \u00a0\u00a0<\/p>\n<p>Santa Fe de Bogot\u00e1 D.C., veintiocho (28) de \u00a0noviembre de mil novecientos noventa y cinco (1995). \u00a0\u00a0<\/p>\n<p>\u00a0 \u00a0\u00a0 \u00a0\u00a0 \u00a0\u00a0V\u00a0 \u00a0 \u00a0I\u00a0 \u00a0 \u00a0S\u00a0 \u00a0 \u00a0T\u00a0 \u00a0 \u00a0O\u00a0 \u00a0 S\u00a0 : \u00a0\u00a0<\/p>\n<p>El procesado OSCAR \u00a0ALIRIO \u00a0CARO \u00a0ROJAS, \u00a0quien \u00a0se \u00a0halla detenido en la \u00a0C\u00e1rcel \u00a0del \u00a0Circuito \u00a0Judicial \u00a0de Agua de Dios (Cundinamarca), solicita se le \u00a0conceda \u00a0la \u00a0&#8220;libertad \u00a0condicional&#8221; \u00a0por \u00a0considerar \u00a0que re\u00fane los requisitos \u00a0previstos \u00a0en \u00a0el \u00a0art\u00edculo \u00a072 \u00a0del C\u00f3digo Penal, para lo cual se tendr\u00e1n en \u00a0cuenta \u00a0los \u00a0certificados \u00a0de \u00a0trabajo \u00a0y \u00a0el Acta del Consejo de Disciplina que \u00a0adjunta a su petici\u00f3n. \u00a0\u00a0<\/p>\n<p>\u00a0 \u00a0\u00a0 \u00a0\u00a0 \u00a0\u00a0CONSIDERACIONES DE LA CORTE : \u00a0\u00a0<\/p>\n<p>El Juzgado 28 Penal del Circuito de Santa Fe \u00a0de \u00a0Bogot\u00e1, \u00a0mediante \u00a0sentencia \u00a0de \u00a013 de septiembre de 1994, conden\u00f3 a CARO \u00a0ROJAS \u00a0a \u00a0la pena privativa de la libertad de 48 meses de prisi\u00f3n, como coautor \u00a0responsable \u00a0de \u00a0los \u00a0delitos \u00a0de concierto para delinquir en concurso con hurto \u00a0calificado \u00a0y agravado en grado de tentativa, decisi\u00f3n que fuera confirmada por \u00a0el \u00a0Tribunal \u00a0Superior de esta ciudad en sentencia de 21 de noviembre siguiente, \u00a0la que ahora es objeto del recurso extraordinario de casaci\u00f3n. \u00a0\u00a0<\/p>\n<p>Entendida \u00a0 la \u00a0 petici\u00f3n \u00a0como \u00a0libertad \u00a0provisional \u00a0(numeral \u00a02\u00b0 \u00a0art. \u00a055 \u00a0de \u00a0la \u00a0Ley \u00a081 \u00a0de \u00a01993), \u00a0se \u00a0tiene que \u00a0CARO \u00a0 ROJAS \u00a0 se \u00a0halla \u00a0detenido \u00a0desde \u00a0el \u00a017 de julio de 1993, es decir, ha permanecido privado de su \u00a0libertad \u00a028 \u00a0meses \u00a0y \u00a011 \u00a0d\u00edas. \u00a0Por \u00a0trabajo \u00a0acredita \u00a01.944 \u00a0horas \u00a0que de \u00a0conformidad \u00a0con \u00a0lo \u00a0previsto \u00a0en \u00a0el \u00a0art\u00edculo \u00a082 \u00a0de \u00a0la Ley 65 de 1993, le \u00a0representan \u00a0una \u00a0redenci\u00f3n \u00a0de \u00a0pena \u00a0equivalente \u00a0a 4 meses y 1 d\u00eda, para un \u00a0total \u00a0de \u00a032 \u00a0meses y 12 d\u00edas, superiores a las dos terceras partes de la pena \u00a0impuesta en los fallos de instancia que equivalen a 32 meses. \u00a0\u00a0<\/p>\n<p>Cabe precisar que del certificado de trabajo \u00a0n\u00famero \u00a00064 expedido por la C\u00e1rcel del Circuito Judicial de Agua de Dios (fl. \u00a051 \u00a0cdno. \u00a0de \u00a0la \u00a0Corte), \u00a0solamente se tuvieron en cuenta las horas trabajadas \u00a0durante \u00a0los \u00a0meses \u00a0de \u00a0enero, mayo, junio, julio, agosto, septiembre y octubre \u00a0del \u00a0a\u00f1o \u00a0en \u00a0curso, \u00a0con \u00a0excepci\u00f3n \u00a0de los domingos y festivos, toda vez que \u00a0dicho \u00a0centro \u00a0carcelario \u00a0no dio cumplimiento a lo previsto en el art\u00edculo 100 \u00a0de \u00a0la \u00a0Ley \u00a065 \u00a0de \u00a01993, \u00a0esto \u00a0es, \u00a0dicho \u00a0documento \u00a0no \u00a0se acompa\u00f1\u00f3 de la \u00a0certificaci\u00f3n \u00a0debidamente justificada sobre las horas trabajadas durante tales \u00a0d\u00edas. \u00a0\u00a0<\/p>\n<p>Como se pudo apreciar el peticionario cumple \u00a0con \u00a0el \u00a0factor \u00a0objetivo \u00a0de \u00a0que \u00a0trata \u00a0el art\u00edculo 72 del C\u00f3digo Penal, su \u00a0conducta \u00a0ha \u00a0sido \u00a0calificada \u00a0por \u00a0las \u00a0Directivas del centro de reclusi\u00f3n en \u00a0donde \u00a0se halla detenido como &#8220;buena&#8221;, su dedicaci\u00f3n al trabajo se presenta muy \u00a0precaria, \u00a0siendo \u00a0necesario, \u00a0adem\u00e1s, \u00a0como \u00a0se ha dicho reiteradamente por la \u00a0Sala \u00a0que el funcionario que ha de otorgar la libertad condicional o provisional \u00a0seg\u00fan \u00a0el \u00a0caso, \u00a0entre \u00a0a \u00a0analizar \u00a0los \u00a0antecedentes de todo orden que pueda \u00a0registrar \u00a0el \u00a0que \u00a0pretenda \u00a0alcanzar su liberaci\u00f3n, es decir, que no se puede \u00a0prescindir \u00a0de \u00a0las \u00a0circunstancias \u00a0bajo \u00a0las \u00a0cuales \u00a0se \u00a0lleg\u00f3 \u00a0a cometer la \u00a0infracci\u00f3n \u00a0juzgada, \u00a0y \u00a0sus \u00a0repercusiones \u00a0en \u00a0el \u00a0\u00e1mbito \u00a0social \u00a0y \u00a0en las \u00a0funciones de la pena. \u00a0\u00a0<\/p>\n<p>En \u00a0providencia \u00a0de \u00a017 \u00a0de \u00a0noviembre \u00a0del \u00a0presente \u00a0a\u00f1o al responder similar petici\u00f3n pero propuesta en aquella ocasi\u00f3n \u00a0por \u00a0otro \u00a0coacusado, \u00a0la \u00a0Corte dijo lo que a\u00fan mantiene vigencia en relaci\u00f3n \u00a0con \u00a0 la \u00a0 liberaci\u00f3n \u00a0 ahora \u00a0pretendida \u00a0por \u00a0CARO \u00a0ROJAS: \u00a0\u00a0<\/p>\n<p>&#8220;A \u00a0JOHNNY \u00a0ANDRES \u00a0HERNANDEZ \u00a0LOAIZA se les \u00a0acusa \u00a0de \u00a0que en las horas de la tarde del 17 de julio de 1993, en el barrio la \u00a0Paz, \u00a0camino \u00a0peatonal \u00a0al \u00a0Santuario \u00a0de \u00a0Monserrate, \u00a0en \u00a0compa\u00f1\u00eda de varios \u00a0sujetos \u00a0-entre \u00a0ellos \u00a0OSCAR \u00a0ALIRIO CARO ROJAS precisa la Sala- atacaron a dos \u00a0turistas \u00a0extranjeros \u00a0y \u00a0los \u00a0despojaron \u00a0de dos c\u00e1maras fotogr\u00e1ficas, al ser \u00a0descubiertos \u00a0por \u00a0la \u00a0polic\u00eda \u00a0emprendieron \u00a0la \u00a0huida \u00a0dejando \u00a0a \u00a0su paso el \u00a0material \u00a0 \u00a0hurtado \u00a0 \u00a0y \u00a0 \u00a0las \u00a0 \u00a0armas \u00a0 \u00a0que \u00a0 portaban, \u00a0 para \u00a0 luego \u00a0 ser \u00a0capturados. \u00a0\u00a0<\/p>\n<p>&#8220;Es \u00a0claro \u00a0entonces que Hern\u00e1ndez Loaiza y \u00a0sus \u00a0compa\u00f1eros de causa, conforman un grupo antisocial que ten\u00eda atemorizados \u00a0a \u00a0los \u00a0habitantes \u00a0del sector antes descrito. Comportamiento de tal naturaleza, \u00a0denota \u00a0en \u00a0el \u00a0acusado \u00a0una personalidad insensible, irrespetuosa de los bienes \u00a0ajenos, \u00a0y \u00a0por \u00a0ende, \u00a0alejada\u00a0 de merecer al excarcelaci\u00f3n a que aspira, \u00a0siendo \u00a0imperioso \u00a0que en este caso cumpla la totalidad de las sanci\u00f3n impuesta \u00a0en los fallos de instancia.&#8221; \u00a0\u00a0<\/p>\n<p>En \u00a0m\u00e9rito de lo expuesto, la CORTE SUPREMA \u00a0DE \u00a0 \u00a0 \u00a0 JUSTICIA, \u00a0 \u00a0 \u00a0SALA \u00a0 \u00a0 \u00a0DE \u00a0 \u00a0 \u00a0CASACION \u00a0 \u00a0 \u00a0PENAL, \u00a0 \u00a0 \u00a0NIEGA \u00a0 \u00a0al \u00a0 procesado \u00a0 OSCAR \u00a0ALIRIO \u00a0CARO \u00a0ROJAS \u00a0la \u00a0libertad \u00a0provisional. \u00a0\u00a0<\/p>\n<p>Notif\u00edquese y c\u00famplase. \u00a0<\/p>\n<p>NILSON PINILLA PINILLA, FERNANDO E. ARBOLEDA \u00a0RIPOLL, \u00a0RICARDO \u00a0CALVETE \u00a0RANGEL, \u00a0JORGE \u00a0CORDOBA POVEDA, CARLOS AUGUSTO GALVEZ \u00a0ARGOTE, \u00a0CARLOS \u00a0E. \u00a0MEJIA \u00a0ESCOBAR,DIDIMO \u00a0PAEZ \u00a0VELANDIA, \u00a0JUAN \u00a0MANUEL TORRES \u00a0FRESNEDA. \u00a0\u00a0<\/p>\n<p>Patricia \u00a0 Salazar \u00a0 Cuellar,SECRETARIA \u00a0\u00a0<\/p>\n<p>\u00a0 \u00a0 \u00a0<\/p>\n<p><\/p>\n","protected":false},"excerpt":{"rendered":"<p>\u00a0 \u00a0 LIBERTAD \u00a0PROVISIONAL\/ \u00a0ANTECEDENTES \u00a0\u00a0 El \u00a0funcionario que ha de otorgar la libertad \u00a0condicional \u00a0o \u00a0provisional seg\u00fan el caso, entre a analizar los antecedentes de \u00a0todo \u00a0orden \u00a0que \u00a0pueda \u00a0registrar \u00a0el \u00a0que pretenda alcanzar su liberaci\u00f3n, es \u00a0decir, \u00a0que \u00a0no \u00a0se \u00a0puede \u00a0prescindir \u00a0de las circunstancias bajo las cuales se \u00a0lleg\u00f3 \u00a0a \u00a0cometer \u00a0la [&hellip;]<\/p>\n","protected":false},"author":1,"featured_media":0,"comment_status":"open","ping_status":"open","sticky":false,"template":"","format":"standard","meta":{"footnotes":""},"categories":[3],"tags":[],"class_list":["post-109","post","type-post","status-publish","format-standard","hentry","category-3"],"_links":{"self":[{"href":"https:\/\/dmsjuridica.com\/buscador_20179478954\/salapenalcronologico20230723\/wp-json\/wp\/v2\/posts\/109","targetHints":{"allow":["GET"]}}],"collection":[{"href":"https:\/\/dmsjuridica.com\/buscador_20179478954\/salapenalcronologico20230723\/wp-json\/wp\/v2\/posts"}],"about":[{"href":"https:\/\/dmsjuridica.com\/buscador_20179478954\/salapenalcronologico20230723\/wp-json\/wp\/v2\/types\/post"}],"author":[{"embeddable":true,"href":"https:\/\/dmsjuridica.com\/buscador_20179478954\/salapenalcronologico20230723\/wp-json\/wp\/v2\/users\/1"}],"replies":[{"embeddable":true,"href":"https:\/\/dmsjuridica.com\/buscador_20179478954\/salapenalcronologico20230723\/wp-json\/wp\/v2\/comments?post=109"}],"version-history":[{"count":0,"href":"https:\/\/dmsjuridica.com\/buscador_20179478954\/salapenalcronologico20230723\/wp-json\/wp\/v2\/posts\/109\/revisions"}],"wp:attachment":[{"href":"https:\/\/dmsjuridica.com\/buscador_20179478954\/salapenalcronologico20230723\/wp-json\/wp\/v2\/media?parent=109"}],"wp:term":[{"taxonomy":"category","embeddable":true,"href":"https:\/\/dmsjuridica.com\/buscador_20179478954\/salapenalcronologico20230723\/wp-json\/wp\/v2\/categories?post=109"},{"taxonomy":"post_tag","embeddable":true,"href":"https:\/\/dmsjuridica.com\/buscador_20179478954\/salapenalcronologico20230723\/wp-json\/wp\/v2\/tags?post=109"}],"curies":[{"name":"wp","href":"https:\/\/api.w.org\/{rel}","templated":true}]}}