{"id":1078,"date":"2023-09-07T21:00:08","date_gmt":"2023-09-07T21:00:08","guid":{"rendered":"https:\/\/dmsjuridica.com\/buscador_20179478954\/salapenalcronologico20230723\/2023\/09\/07\/10417-06-05-98\/"},"modified":"2023-09-07T21:00:08","modified_gmt":"2023-09-07T21:00:08","slug":"10417-06-05-98","status":"publish","type":"post","link":"https:\/\/dmsjuridica.com\/buscador_20179478954\/salapenalcronologico20230723\/2023\/09\/07\/10417-06-05-98\/","title":{"rendered":"10417 (06-05-98)"},"content":{"rendered":"\n<p>\u00a0 \u00a0 CAUCION JURATORIA-Procedencia \u00a0<\/p>\n<p>Se ha dicho reiteradamente por esta Sala, que \u00a0la \u00a0cauci\u00f3n \u00a0juratoria \u00a0solo \u00a0procede, \u00a0cuando \u00a0a \u00a0juicio \u00a0del \u00a0funcionario \u00a0el \u00a0procesado \u00a0carezca de recursos econ\u00f3micos, es decir, que se halle acreditada en \u00a0autos \u00a0 \u00a0su \u00a0 \u00a0&#8220;absoluta \u00a0 \u00a0insolvencia&#8221;. La prendaria, en cambio, debe ser fijada \u00a0teniendo \u00a0en \u00a0cuenta \u00a0no solamente las condiciones econ\u00f3micas del acusado, sino \u00a0tambi\u00e9n la gravedad del hecho imputado. \u00a0\u00a0<\/p>\n<p>PROCESO No. 10417 \u00a0<\/p>\n<p>\u00a0 \u00a0\u00a0 \u00a0\u00a0 \u00a0\u00a0CORTE SUPREMA DE JUSTICIA \u00a0\u00a0<\/p>\n<p>\u00a0 \u00a0\u00a0 \u00a0\u00a0 \u00a0\u00a0SALA DE CASACION PENAL \u00a0\u00a0<\/p>\n<p>\u00a0 \u00a0\u00a0 \u00a0\u00a0 \u00a0\u00a0 \u00a0\u00a0 \u00a0\u00a0 \u00a0\u00a0 \u00a0\u00a0 \u00a0\u00a0 \u00a0\u00a0 \u00a0 \u00a0\u00a0 \u00a0 \u00a0 \u00a0 \u00a0 \u00a0 \u00a0 \u00a0 \u00a0 \u00a0\u00a0Magistrado Ponente. \u00a0\u00a0<\/p>\n<p>\u00a0 \u00a0\u00a0 \u00a0\u00a0 \u00a0\u00a0 \u00a0\u00a0 \u00a0\u00a0 \u00a0\u00a0 \u00a0\u00a0 \u00a0\u00a0 \u00a0\u00a0 \u00a0 \u00a0\u00a0 \u00a0 \u00a0 \u00a0 \u00a0 \u00a0 \u00a0 \u00a0 \u00a0 \u00a0\u00a0Dr. DIDIMO PAEZ VELANDIA \u00a0\u00a0<\/p>\n<p>\u00a0 \u00a0\u00a0 \u00a0\u00a0 \u00a0\u00a0 \u00a0\u00a0 \u00a0\u00a0 \u00a0\u00a0 \u00a0\u00a0 \u00a0\u00a0 \u00a0\u00a0 \u00a0 \u00a0\u00a0 \u00a0 \u00a0 \u00a0 \u00a0 \u00a0 \u00a0 \u00a0 \u00a0 \u00a0\u00a0Aprobado Acta No. 065 \u00a0\u00a0<\/p>\n<p>Santaf\u00e9 \u00a0de Bogot\u00e1 D. C., seis (6) de mayo \u00a0de mil novecientos noventa y ocho (1998). \u00a0\u00a0<\/p>\n<p>El \u00a0 \u00a0 \u00a0procesado \u00a0 \u00a0 \u00a0GUILLERMO \u00a0CORDOBA \u00a0CARRILLO, \u00a0quien \u00a0se \u00a0halla \u00a0detenido \u00a0en \u00a0la \u00a0Penitenciar\u00eda \u00a0Nacional de C\u00facuta, solicita que se le \u00a0sustituya \u00a0la \u00a0cauci\u00f3n \u00a0prendaria fijada por la Corte para gozar de su libertad \u00a0provisional, \u00a0por \u00a0juratoria, \u00a0dado \u00a0que \u00a0carece \u00a0de recursos para satisfacer la \u00a0mencionada \u00a0obligaci\u00f3n, en atenci\u00f3n a su largo per\u00edodo de detenci\u00f3n que hace \u00a0precaria su situaci\u00f3n econ\u00f3mica. \u00a0\u00a0<\/p>\n<p>Por \u00a0otra \u00a0parte, \u00a0el procesado JORGE \u00a0ARMANDO \u00a0TORRES VELANDIA, desde la \u00a0C\u00e1rcel \u00a0del \u00a0Distrito \u00a0Judicial \u00a0de Bucaramanga y a trav\u00e9s del Juzgado Tercero \u00a0Penal \u00a0del Circuito de C\u00facuta, solicita se le reconozca la rebaja de pena a que \u00a0tiene \u00a0derecho y, por ende, se le otorgue la libertad condicional prevista en el \u00a0art\u00edculo \u00a072 \u00a0A \u00a0del \u00a0C\u00f3digo \u00a0Penal \u00a0(Ley 415 de 1997), para lo cual acompa\u00f1a \u00a0certificado \u00a0de \u00a0estudio \u00a0por \u00a0los \u00a0meses \u00a0de \u00a0febrero \u00a0y \u00a0marzo \u00a0del \u00a0corriente \u00a0a\u00f1o. \u00a0\u00a0<\/p>\n<p>CONSIDERACIONES DE LA CORTE \u00a0<\/p>\n<p>1\u00b0 \u00a0Mediante \u00a0prove\u00eddo \u00a0del \u00a023 \u00a0de abril \u00a0\u00faltimo \u00a0la \u00a0Sala \u00a0otorg\u00f3 \u00a0la \u00a0libertad \u00a0provisional \u00a0al procesado GUILLERMO \u00a0CORDOBA \u00a0CARRILLO \u00a0(fl. 169 y \u00a0ss.), \u00a0por \u00a0reunir \u00a0a \u00a0cabalidad \u00a0los requisitos previstos en el numeral 2\u00b0 del \u00a0art\u00edculo \u00a055 \u00a0de \u00a0la \u00a0Ley \u00a081 \u00a0de \u00a01993, \u00a0es decir, el cumplimiento de las tres \u00a0quintas \u00a0partes \u00a0de \u00a0la \u00a0pena \u00a0impuesta en las instancias, haber observado buena \u00a0conducta \u00a0durante \u00a0el tiempo en reclusi\u00f3n y no existir orden de captura vigente \u00a0en su contra (art\u00edculo 72 A del C\u00f3digo Penal). \u00a0\u00a0<\/p>\n<p>Se \u00a0le \u00a0impuso como obligaciones para gozar \u00a0del \u00a0aludido \u00a0beneficio, \u00a0cauci\u00f3n prendaria por la suma de doscientos mil pesos \u00a0($200.000.oo) \u00a0y la suscripci\u00f3n de diligencia de buena conducta y compromiso al \u00a0tenor \u00a0de \u00a0lo \u00a0previsto \u00a0en \u00a0el \u00a0art\u00edculo \u00a0419 \u00a0del \u00a0C\u00f3digo \u00a0de \u00a0Procedimiento \u00a0Penal. \u00a0\u00a0<\/p>\n<p>Se \u00a0ha \u00a0dicho reiteradamente por esta Sala, \u00a0que \u00a0la \u00a0cauci\u00f3n \u00a0juratoria \u00a0solo \u00a0procede, \u00a0cuando a juicio del funcionario el \u00a0procesado \u00a0carezca de recursos econ\u00f3micos, es decir, que se halle acreditada en \u00a0autos \u00a0 su \u00a0 \u201cabsoluta \u00a0insolvencia\u201d. \u00a0La \u00a0prendaria, \u00a0en \u00a0cambio, debe ser fijada teniendo en cuenta no \u00a0solamente \u00a0las \u00a0condiciones \u00a0econ\u00f3micas \u00a0del acusado, sino tambi\u00e9n la gravedad \u00a0del hecho imputado. \u00a0\u00a0<\/p>\n<p>En el presente caso, la sola manifestaci\u00f3n \u00a0de \u00a0 CORDOBA \u00a0CARRILLO \u00a0de \u00a0carecer \u00a0de \u00a0medios \u00a0para \u00a0prestar \u00a0la cauci\u00f3n prendaria fijada por la Sala, no \u00a0resulta \u00a0suficiente \u00a0para \u00a0acceder a la sustituci\u00f3n pretendida, ya que el largo \u00a0tiempo \u00a0 en \u00a0reclusi\u00f3n, \u00a0por \u00a0s\u00ed \u00a0solo \u00a0no \u00a0constituye \u00a0circunstancia \u00a0que \u00a0le \u00a0imposibilite cumplir con la obligaci\u00f3n impuesta. \u00a0\u00a0<\/p>\n<p>Si \u00a0bien \u00a0es cierto que en la diligencia de \u00a0indagatoria \u00a0el \u00a0peticionario manifiesta no tener bienes de fortuna, tambi\u00e9n lo \u00a0es \u00a0que \u00a0su \u00a0condici\u00f3n \u00a0de \u00a0hombre \u00a0soltero y sin hijos, ninguna obligaci\u00f3n de \u00a0orden \u00a0econ\u00f3mico \u00a0le \u00a0asiste \u00a0para \u00a0con sus familiares cercanos pues ninguno de \u00a0ellos dependen de \u00e9l (fl. 126 y ss.). \u00a0\u00a0<\/p>\n<p>Ninguna \u00a0constancia o certificaci\u00f3n de las \u00a0Directivas \u00a0carcelarias \u00a0donde \u00a0cumple su condena, acompa\u00f1\u00f3 a su petici\u00f3n que \u00a0ocupa \u00a0la \u00a0atenci\u00f3n \u00a0de la Corte, que eventualmente pudiese constituir elemento \u00a0de \u00a0juicio que permitiera la viabilidad de su pretensi\u00f3n, as\u00ed como tampoco que \u00a0no \u00a0disponga \u00a0de \u00a0recursos \u00a0provenientes \u00a0de \u00a0sus actividades en artesan\u00edas que \u00a0cumpli\u00f3 \u00a0en los \u00faltimos meses, pues al tenor de lo previsto en el art\u00edculo 86 \u00a0de \u00a0la \u00a0Ley \u00a065 \u00a0de \u00a01993, \u00a0las \u00a0labores \u00a0desarrolladas \u00a0por \u00a0los reclusos, debe \u00a0reportarles \u00a0una \u00a0remuneraci\u00f3n \u00a0equitativa, precisamente para que parte de ella \u00a0constituya \u00a0un \u00a0ahorro \u00a0para atender \u201cadem\u00e1s de sus propias necesidades en la \u00a0prisi\u00f3n, \u00a0las \u00a0de \u00a0su \u00a0familia \u00a0y \u00a0sufragar \u00a0los gastos de su nueva vida al ser \u00a0puesto en libertad\u201d (art\u00edculo 88 ib\u00eddem). \u00a0\u00a0<\/p>\n<p>El monto de la cauci\u00f3n fue determinada por \u00a0la \u00a0Sala, \u00a0precisamente \u00a0teniendo \u00a0en \u00a0cuenta la capacidad econ\u00f3mica de CORDOBA \u00a0CARRILLO, \u00a0pero en especial por la gravedad del hecho por el cual se le declar\u00f3 \u00a0responsable. \u00a0\u00a0<\/p>\n<p>As\u00ed las cosas se negar\u00e1 la sustituci\u00f3n de \u00a0la cauci\u00f3n prendaria por la juratoria que se demanda. \u00a0\u00a0<\/p>\n<p>2\u00b0 Con relaci\u00f3n a la solicitud de libertad \u00a0que \u00a0eleva el procesado JORGE ARMANDO TORRES VELANDIA, \u00a0se \u00a0tiene \u00a0que el Juzgado Sexto Penal del Circuito de \u00a0C\u00facuta, \u00a0mediante \u00a0sentencia de fecha 12 de mayo de 1994, lo conden\u00f3 a la pena \u00a0privativa \u00a0de la libertad de diez (10) a\u00f1os de prisi\u00f3n, como\u00a0 coautor del \u00a0delito \u00a0de \u00a0homicidio, sanci\u00f3n que fuera confirmada por el Tribunal Superior de \u00a0la misma ciudad en fallo del 24 de junio siguiente. \u00a0\u00a0<\/p>\n<p>De la revisi\u00f3n del proceso se tiene que el \u00a0peticionario \u00a0fue \u00a0privado \u00a0de \u00a0su \u00a0libertad \u00a0el 9 de junio de 1993 (fl. 71), es \u00a0decir, \u00a0a \u00a0la \u00a0fecha ha descontado en detenci\u00f3n efectiva de la pena impuesta en \u00a0las \u00a0 instancias, \u00a0 cincuenta \u00a0 y \u00a0 ocho \u00a0 (58) \u00a0 meses \u00a0 y \u00a0 veintisiete \u00a0 (27) \u00a0d\u00edas. \u00a0\u00a0<\/p>\n<p>Por \u00a0trabajo \u00a0se le certifican 704 horas en \u00a0artesan\u00edas \u00a0durante \u00a0los meses de octubre de 1994 a febrero de 1995, las que de \u00a0conformidad \u00a0con \u00a0lo \u00a0previsto \u00a0en \u00a0el \u00a0art\u00edculo \u00a082 \u00a0de \u00a0la Ley 65 de 1993, le \u00a0representan \u00a0una \u00a0redenci\u00f3n \u00a0de \u00a0pena \u00a0equivalente \u00a0a un (1) mes y catorce (14) \u00a0d\u00edas. \u00a0Por \u00a0estudio acredita 1.356 horas de febrero a septiembre de 1994, marzo \u00a0de \u00a01996 \u00a0y \u00a0febrero \u00a0y \u00a0marzo \u00a0del corriente a\u00f1o, que le reportan un descuento \u00a0adicional \u00a0de \u00a0tres (3) meses y veintitr\u00e9s (23) d\u00edas conforme a lo previsto en \u00a0el \u00a0 art\u00edculo \u00a0 97 \u00a0de \u00a0la \u00a0citada \u00a0Ley, \u00a0para \u00a0un \u00a0acumulado \u00a0de \u00a0sesenta \u00a0 y \u00a0cuatro \u00a0(64) \u00a0meses \u00a0y \u00a0cuatro \u00a0(4) \u00a0d\u00edas, \u00a0insuficientes para acreditar las tres quintas (3\/5) partes de la \u00a0pena \u00a0impuesta en las sentencias de instancia que equivalen a setenta y dos (72) \u00a0meses de prisi\u00f3n. \u00a0\u00a0<\/p>\n<p>Por \u00a0 dicha \u00a0circunstancia \u00a0objetiva, \u00a0la \u00a0petici\u00f3n \u00a0 de \u00a0 libertad \u00a0 provisional \u00a0 que \u00a0 demanda \u00a0 el \u00a0procesado \u00a0resulta \u00a0improcedente. \u00a0\u00a0<\/p>\n<p>En \u00a0m\u00e9rito de lo expuesto la Corte Suprema \u00a0de Justicia, Sala de Casaci\u00f3n Penal, \u00a0\u00a0<\/p>\n<p>RESUELVE: \u00a0<\/p>\n<p>1\u00b0\u00a0 NEGAR al \u00a0procesado \u00a0GUILLERMO \u00a0CORDOBA \u00a0CARRILLO \u00a0la \u00a0sustituci\u00f3n \u00a0de \u00a0la cauci\u00f3n prendaria fijada en prove\u00eddo del \u00a023 \u00a0de \u00a0abril \u00a0del corriente a\u00f1o, por juratoria, por las razones consignadas en \u00a0la parte motiva de esta providencia. \u00a0\u00a0<\/p>\n<p>2\u00b0 \u00a0NEGAR \u00a0al \u00a0procesado \u00a0JORGE ARMANDO TORRES VELANDIA la \u00a0 \u00a0 \u00a0 \u00a0libertad \u00a0 \u00a0 \u00a0 \u00a0provisional \u00a0 \u00a0 \u00a0 \u00a0demandada. \u00a0\u00a0<\/p>\n<p>3\u00b0 \u00a0Para \u00a0la \u00a0notificaci\u00f3n \u00a0 personal \u00a0 de \u00a0 los \u00a0 reclusos, \u00a0 l\u00edbrense \u00a0las \u00a0comunicaciones \u00a0pertinentes \u00a0a \u00a0la \u00a0Penitenciar\u00eda \u00a0Nacional \u00a0de \u00a0C\u00facuta y C\u00e1rcel del Distrito \u00a0Judicial de Bucaramanga, respectivamente. \u00a0\u00a0<\/p>\n<p>Notif\u00edquese y c\u00famplase. \u00a0<\/p>\n<p>JORGE E. CORDOBA POVEDA \u00a0<\/p>\n<p>FERNANDO \u00a0 ARBOLEDA \u00a0 RIPOLL \u00a0\u00a0 \u00a0\u00a0 \u00a0\u00a0 \u00a0\u00a0 \u00a0 \u00a0\u00a0 \u00a0 \u00a0 \u00a0\u00a0 \u00a0 \u00a0 \u00a0\u00a0RICARDO \u00a0 \u00a0 CALVETE \u00a0RANGEL \u00a0\u00a0<\/p>\n<p>CARLOS \u00a0 \u00a0 \u00a0 AUGUSTO \u00a0 \u00a0 \u00a0GALVEZ \u00a0ARGOTE\u00a0\u00a0\u00a0\u00a0\u00a0\u00a0 \u00a0 \u00a0\u00a0 \u00a0\u00a0 \u00a0 \u00a0 \u00a0 \u00a0 \u00a0 \u00a0JORGE \u00a0 \u00a0 A. \u00a0 \u00a0GOMEZ \u00a0GALLEGO \u00a0\u00a0<\/p>\n<p>CARLOS \u00a0 E. \u00a0 MEJIA \u00a0ESCOBAR \u00a0\u00a0 \u00a0\u00a0 \u00a0\u00a0 \u00a0\u00a0 \u00a0 \u00a0\u00a0 \u00a0 \u00a0 \u00a0 \u00a0 \u00a0 \u00a0 \u00a0 \u00a0 \u00a0 \u00a0 \u00a0\u00a0DIDIMO PAEZ VELANDIA \u00a0\u00a0<\/p>\n<p>NILSON \u00a0 PINILLA \u00a0 PINILLA \u00a0\u00a0 \u00a0\u00a0 \u00a0\u00a0 \u00a0\u00a0 \u00a0 \u00a0\u00a0 \u00a0 \u00a0\u00a0 \u00a0 \u00a0\u00a0JUAN \u00a0 \u00a0MANUEL \u00a0 \u00a0TORRES \u00a0FRESNEDA \u00a0\u00a0<\/p>\n<p>PATRICIA SALAZAR CUELLAR \u00a0<\/p>\n<p>\u00a0 \u00a0\u00a0 \u00a0 \u00a0 \u00a0\u00a0 \u00a0\u00a0 \u00a0\u00a0 \u00a0\u00a0 \u00a0 \u00a0\u00a0 \u00a0 \u00a0 \u00a0 \u00a0 \u00a0 \u00a0 \u00a0 \u00a0 \u00a0 \u00a0 \u00a0\u00a0 \u00a0 \u00a0 \u00a0\u00a0 \u00a0\u00a0 \u00a0\u00a0 \u00a0 \u00a0 \u00a0 \u00a0\u00a0 \u00a0 \u00a0 \u00a0 \u00a0\u00a0 \u00a0 \u00a0 \u00a0 \u00a0 \u00a0 \u00a0 \u00a0 \u00a0Secretaria. \u00a0 \u00a0\u00a0<\/p>\n<p><\/p>\n","protected":false},"excerpt":{"rendered":"<p>\u00a0 \u00a0 CAUCION JURATORIA-Procedencia \u00a0 Se ha dicho reiteradamente por esta Sala, que \u00a0la \u00a0cauci\u00f3n \u00a0juratoria \u00a0solo \u00a0procede, \u00a0cuando \u00a0a \u00a0juicio \u00a0del \u00a0funcionario \u00a0el \u00a0procesado \u00a0carezca de recursos econ\u00f3micos, es decir, que se halle acreditada en \u00a0autos \u00a0 \u00a0su \u00a0 \u00a0&#8220;absoluta \u00a0 \u00a0insolvencia&#8221;. La prendaria, en cambio, debe ser fijada \u00a0teniendo \u00a0en \u00a0cuenta \u00a0no solamente [&hellip;]<\/p>\n","protected":false},"author":1,"featured_media":0,"comment_status":"open","ping_status":"open","sticky":false,"template":"","format":"standard","meta":{"footnotes":""},"categories":[6],"tags":[],"class_list":["post-1078","post","type-post","status-publish","format-standard","hentry","category-6"],"_links":{"self":[{"href":"https:\/\/dmsjuridica.com\/buscador_20179478954\/salapenalcronologico20230723\/wp-json\/wp\/v2\/posts\/1078","targetHints":{"allow":["GET"]}}],"collection":[{"href":"https:\/\/dmsjuridica.com\/buscador_20179478954\/salapenalcronologico20230723\/wp-json\/wp\/v2\/posts"}],"about":[{"href":"https:\/\/dmsjuridica.com\/buscador_20179478954\/salapenalcronologico20230723\/wp-json\/wp\/v2\/types\/post"}],"author":[{"embeddable":true,"href":"https:\/\/dmsjuridica.com\/buscador_20179478954\/salapenalcronologico20230723\/wp-json\/wp\/v2\/users\/1"}],"replies":[{"embeddable":true,"href":"https:\/\/dmsjuridica.com\/buscador_20179478954\/salapenalcronologico20230723\/wp-json\/wp\/v2\/comments?post=1078"}],"version-history":[{"count":0,"href":"https:\/\/dmsjuridica.com\/buscador_20179478954\/salapenalcronologico20230723\/wp-json\/wp\/v2\/posts\/1078\/revisions"}],"wp:attachment":[{"href":"https:\/\/dmsjuridica.com\/buscador_20179478954\/salapenalcronologico20230723\/wp-json\/wp\/v2\/media?parent=1078"}],"wp:term":[{"taxonomy":"category","embeddable":true,"href":"https:\/\/dmsjuridica.com\/buscador_20179478954\/salapenalcronologico20230723\/wp-json\/wp\/v2\/categories?post=1078"},{"taxonomy":"post_tag","embeddable":true,"href":"https:\/\/dmsjuridica.com\/buscador_20179478954\/salapenalcronologico20230723\/wp-json\/wp\/v2\/tags?post=1078"}],"curies":[{"name":"wp","href":"https:\/\/api.w.org\/{rel}","templated":true}]}}