{"id":1055,"date":"2023-09-07T21:00:07","date_gmt":"2023-09-07T21:00:07","guid":{"rendered":"https:\/\/dmsjuridica.com\/buscador_20179478954\/salapenalcronologico20230723\/2023\/09\/07\/10280-21-04-98\/"},"modified":"2023-09-07T21:00:07","modified_gmt":"2023-09-07T21:00:07","slug":"10280-21-04-98","status":"publish","type":"post","link":"https:\/\/dmsjuridica.com\/buscador_20179478954\/salapenalcronologico20230723\/2023\/09\/07\/10280-21-04-98\/","title":{"rendered":"10280 (21-04-98)"},"content":{"rendered":"\n<p>\u00a0 \u00a0 \u00a0\u00a0<\/p>\n<p>ALTERNATIVIDAD \u00a0 \u00a0 PENAL-Libertad \u00a0condicional \u00a0\u00a0<\/p>\n<p>El art\u00edculo 72A del C\u00f3digo Penal dispone que \u00a0con \u00a0excepci\u00f3n \u00a0de los delitos de: enriquecimiento il\u00edcito; homicidio agravado \u00a0o \u00a0lesiones \u00a0personales \u00a0agravadas\u00a0 \u00a0por virtud de las causales 2, 4, 5 y 8 \u00a0del \u00a0 art\u00edculo \u00a030 \u00a0de \u00a0la \u00a0ley \u00a040 \u00a0de \u00a01.993; \u00a0secuestro; \u00a0extorsi\u00f3n; \u00a0hurto \u00a0calificado; \u00a0los \u00a0delitos \u00a0dolosos \u00a0previstos \u00a0en la ley 30 de 1986; los delitos \u00a0previstos \u00a0en \u00a0el decreto ley 2266 de 1991, excepto los de porte ilegal de armas \u00a0de \u00a0defensa \u00a0personal, \u00a0interceptaci\u00f3n de correspondencia oficial, utilizaci\u00f3n \u00a0ilegal \u00a0de \u00a0uniformes \u00a0o \u00a0insignias \u00a0y, \u00a0amenazas \u00a0personales \u00a0o familiares; los \u00a0delitos \u00a0previstos \u00a0en \u00a0la \u00a0ley \u00a0190 de 1995, excepto cohecho por dar u ofrecer, \u00a0prevaricato \u00a0y \u00a0utilizaci\u00f3n \u00a0indebida de informaci\u00f3n privilegiada; los delitos \u00a0previstos \u00a0en \u00a0las \u00a0leyes 360 y 365 de 1997; y los delitos conexos con todos los \u00a0anteriores, \u00a0los \u00a0cuales \u00a0continuar\u00e1n \u00a0bajo \u00a0el \u00a0r\u00e9gimen \u00a0del art\u00edculo 72 del \u00a0C\u00f3digo \u00a0Penal, \u00a0el \u00a0Juez \u00a0conceder\u00e1 \u00a0la libertad condicional al condenado a la \u00a0pena \u00a0privativa \u00a0de \u00a0la \u00a0libertad \u00a0mayor de tres a\u00f1os, cuando haya cumplido las \u00a0tres \u00a0quintas \u00a0partes \u00a0(3\/5) \u00a0de \u00a0la \u00a0condena, \u00a0siempre que haya observado buena \u00a0conducta en el establecimiento carcelario. \u00a0\u00a0<\/p>\n<p>Proceso No. 10280 \u00a0<\/p>\n<p>CORTE SUPREMA DE JUSTICIA \u00a0<\/p>\n<p>SALA DE CASACION PENAL \u00a0<\/p>\n<p>\u00a0\u00a0\u00a0\u00a0\u00a0\u00a0\u00a0\u00a0\u00a0\u00a0\u00a0\u00a0\u00a0\u00a0\u00a0\u00a0\u00a0\u00a0\u00a0\u00a0\u00a0\u00a0\u00a0\u00a0\u00a0\u00a0\u00a0\u00a0\u00a0\u00a0 \u00a0MAGISTRADO PONENTE: \u00a0\u00a0<\/p>\n<p>\u00a0\u00a0\u00a0\u00a0\u00a0\u00a0\u00a0\u00a0\u00a0\u00a0\u00a0\u00a0\u00a0\u00a0\u00a0\u00a0\u00a0\u00a0\u00a0\u00a0\u00a0\u00a0\u00a0\u00a0\u00a0\u00a0\u00a0\u00a0\u00a0\u00a0 \u00a0DR. RICARDO CALVETE RANGEL \u00a0\u00a0<\/p>\n<p>\u00a0\u00a0\u00a0\u00a0\u00a0\u00a0\u00a0\u00a0\u00a0\u00a0\u00a0\u00a0\u00a0\u00a0\u00a0\u00a0\u00a0\u00a0\u00a0\u00a0\u00a0\u00a0\u00a0\u00a0\u00a0\u00a0\u00a0\u00a0\u00a0\u00a0 \u00a0APROBADO ACTA No. 55 \u00a0\u00a0<\/p>\n<p>Santaf\u00e9 de Bogot\u00e1, D.C., veintiuno (21) de \u00a0abril de mil novecientos noventa y ocho (1998). \u00a0\u00a0<\/p>\n<p>VISTOS \u00a0<\/p>\n<p>La \u00a0Corte \u00a0resuelve la solicitud de libertad \u00a0elevada \u00a0por \u00a0el \u00a0procesado \u00a0JAIRO \u00a0COCOMA GUTIERREZ, quien aduce que re\u00fane los \u00a0requisitos \u00a0para \u00a0disfrutar de la libertad condicional, pues seg\u00fan su criterio, \u00a0sumados \u00a0los \u00a0tiempos \u00a0de \u00a0detenci\u00f3n \u00a0y\u00a0 \u00a0redenci\u00f3n de pena por trabajo y \u00a0estudio, \u00a0contabiliza \u00a0ochenta \u00a0y \u00a0siete \u00a0meses y veintis\u00e9is d\u00edas, quantum que \u00a0resulta \u00a0superior \u00a0a \u00a0las \u00a0tres \u00a0quintas \u00a0(3\/5) \u00a0partes \u00a0de \u00a0la \u00a0pena \u00a0impuesta, \u00a0equivalentes a ochenta y seis (86) meses\u00a0 y doce (12) d\u00edas. \u00a0\u00a0<\/p>\n<p>CONSIDERACIONES DE LA SALA \u00a0<\/p>\n<p>1. \u00a0De \u00a0conformidad \u00a0con \u00a0el \u00a0art\u00edculo \u00a0415 \u00a0numeral \u00a02\u00ba \u00a0del c\u00f3digo de procedimiento penal, el sindicado tendr\u00e1 derecho a \u00a0la \u00a0libertad \u00a0provisional \u00a0garantizada \u00a0mediante cauci\u00f3n juratoria o prendaria, \u00a0cuando \u00a0lleve en detenci\u00f3n preventiva el tiempo necesario para obtener libertad \u00a0condicional, \u00a0 \u00a0siempre \u00a0 \u00a0que \u00a0 se \u00a0 re\u00fanan \u00a0 los \u00a0 dem\u00e1s \u00a0 requisitos \u00a0 para \u00a0otorgarla. \u00a0\u00a0<\/p>\n<p>Por \u00a0su parte, el art\u00edculo 72A del c\u00f3digo \u00a0penal \u00a0dispone \u00a0que \u00a0con excepci\u00f3n de los delitos de: enriquecimiento il\u00edcito; \u00a0homicidio \u00a0agravado \u00a0o \u00a0lesiones \u00a0personales \u00a0agravadas\u00a0 \u00a0por virtud de las \u00a0causales \u00a02, \u00a04, \u00a05 \u00a0y \u00a08 \u00a0del \u00a0art\u00edculo \u00a030 \u00a0de la ley 40 de 1.993; secuestro; \u00a0extorsi\u00f3n; \u00a0hurto \u00a0calificado; \u00a0los \u00a0delitos \u00a0dolosos previstos en la ley 30 de \u00a01986; \u00a0los \u00a0delitos \u00a0previstos \u00a0en \u00a0el \u00a0decreto ley 2266 de 1991, excepto los de \u00a0porte \u00a0ilegal \u00a0de \u00a0armas de defensa personal, interceptaci\u00f3n de correspondencia \u00a0oficial, \u00a0utilizaci\u00f3n \u00a0ilegal de uniformes o insignias y, amenazas personales o \u00a0familiares; \u00a0los \u00a0delitos \u00a0previstos \u00a0en la ley 190 de 1995, excepto cohecho por \u00a0dar \u00a0 u \u00a0 ofrecer, \u00a0 prevaricato \u00a0 y \u00a0 utilizaci\u00f3n \u00a0 indebida \u00a0de \u00a0informaci\u00f3n \u00a0privilegiada; \u00a0los \u00a0delitos \u00a0previstos \u00a0en \u00a0las \u00a0leyes \u00a0360 y 365 de 1997; y los \u00a0delitos \u00a0conexos \u00a0con \u00a0todos \u00a0los \u00a0anteriores, \u00a0los \u00a0cuales continuar\u00e1n bajo el \u00a0r\u00e9gimen \u00a0del \u00a0art\u00edculo \u00a072 \u00a0del \u00a0C\u00f3digo Penal, el Juez conceder\u00e1 la libertad \u00a0condicional \u00a0al \u00a0condenado \u00a0a \u00a0la \u00a0pena \u00a0privativa \u00a0de la libertad mayor de tres \u00a0a\u00f1os, \u00a0cuando \u00a0haya \u00a0cumplido \u00a0las \u00a0tres \u00a0quintas \u00a0partes \u00a0(3\/5) de la condena, \u00a0siempre \u00a0 \u00a0que \u00a0 haya \u00a0 observado \u00a0 buena \u00a0 conducta \u00a0 en \u00a0 el \u00a0 establecimiento \u00a0carcelario. \u00a0\u00a0<\/p>\n<p>2.\u00a0 \u00a0El \u00a0peticionario \u00a0fue condenado en \u00a0primera \u00a0y segunda instancia a la pena principal de doce (12) a\u00f1os de prisi\u00f3n, \u00a0como \u00a0autor responsable del delito de homicidio en Luis Germ\u00e1n Mora Fl\u00f3rez, en \u00a0concurso \u00a0con \u00a0el \u00a0il\u00edcito \u00a0de \u00a0homicidio en grado de tentativa en Luis Antonio \u00a0Mora \u00a0Fl\u00f3rez, \u00a0y \u00a0se \u00a0encuentra \u00a0privado \u00a0de su libertad desde el 7 de enero de \u00a01.993, \u00a0por \u00a0lo \u00a0que a la fecha registra en detenci\u00f3n preventiva sesenta y tres \u00a0(63) meses y quince (15) d\u00edas. \u00a0\u00a0<\/p>\n<p>3.\u00a0 En providencia del pasado dieciocho \u00a0de \u00a0marzo, \u00a0la \u00a0Sala estim\u00f3 que para efectuar los c\u00f3mputos sobre redenci\u00f3n de \u00a0pena \u00a0 por \u00a0 trabajo, \u00a0 no \u00a0 se \u00a0pod\u00eda \u00a0tener \u00a0en \u00a0cuenta \u00a0el \u00a0total \u00a0de \u00a0horas \u00a0acreditadas\u00a0 \u00a0 en \u00a0los \u00a0certificados \u00a0373, \u00a0247 \u00a0y \u00a0229, \u00a0pues \u00a0se \u00a0hab\u00edan \u00a0contabilizado \u00a0domingos \u00a0y \u00a0festivos, sin que obrara en el proceso la respectiva \u00a0autorizaci\u00f3n \u00a0del \u00a0director \u00a0para \u00a0laborar \u00a0en \u00a0esos \u00a0d\u00edas \u00a0en \u00a0actividades de \u00a0ebanister\u00eda, \u00a0cafeter\u00eda \u00a0y \u00a0billares, por lo que se tuvo en cuenta un total de \u00a0diez \u00a0mil \u00a0cuatrocientas \u00a0(10.400) horas, que le permiten una redenci\u00f3n de pena \u00a0equivalente a veinti\u00fan (21) meses y veinte (20) d\u00edas. \u00a0\u00a0<\/p>\n<p>En \u00a0esta \u00a0oportunidad \u00a0el \u00a0interno \u00a0Cocoma \u00a0Guti\u00e9rrez \u00a0solicita \u00a0que se tenga en cuenta el total de horas que labor\u00f3 en la \u00a0cocina, \u00a0pues \u00a0es \u00a0una injusticia que no se contabilice ese tiempo, cuando all\u00ed \u00a0se \u00a0trabaja todos los d\u00edas de tres de la ma\u00f1ana a seis de la tarde, pero dicha \u00a0petici\u00f3n \u00a0resulta \u00a0improcedente, \u00a0toda \u00a0vez que el art\u00edculo 82 de la ley 65 de \u00a01993 \u00a0dispone \u00a0que para efectos de la redenci\u00f3n de pena, no se podr\u00e1n computar \u00a0m\u00e1s de ocho horas diarias de trabajo. \u00a0\u00a0<\/p>\n<p>De \u00a0otra \u00a0parte, \u00a0de \u00a0conformidad \u00a0con \u00a0el \u00a0art\u00edculo \u00a0100 \u00a0ib\u00eddem, \u00a0no \u00a0puede \u00a0tenerse\u00a0 \u00a0en \u00a0cuenta el total de horas \u00a0acreditadas \u00a0en \u00a0los certificados n\u00fameros 373 y 229 (fs. 124 y 284 cdno Corte), \u00a0por \u00a0cuanto \u00a0all\u00ed no solamente\u00a0 se hace constar que el interno trabaj\u00f3 en \u00a0el \u00a0rancho, \u00a0sino \u00a0que \u00a0tambi\u00e9n \u00a0se \u00a0certifica \u00a0que \u00a0labor\u00f3 \u00a0en ebanister\u00eda y \u00a0billares, \u00a0pero \u00a0sin \u00a0indicar \u00a0el \u00a0n\u00famero \u00a0de \u00a0horas\u00a0 \u00a0en cada una de esas \u00a0actividades, \u00a0lo cual impide conocer la cantidad\u00a0 de horas trabajadas en la \u00a0cocina, \u00a0 \u00fanica \u00a0labor \u00a0que \u00a0tambi\u00e9n \u00a0pod\u00eda \u00a0realizar \u00a0los\u00a0 \u00a0domingos \u00a0y \u00a0festivos, \u00a0pues \u00a0ten\u00eda \u00a0la \u00a0correspondiente \u00a0autorizaci\u00f3n \u00a0del \u00a0director de la \u00a0c\u00e1rcel, \u00a0y \u00a0que \u00a0permite \u00a0en caso dado contabilizar el tiempo trabajado en esos \u00a0d\u00edas. \u00a0\u00a0<\/p>\n<p>Por estudio acredita noventa seis (96) horas \u00a0que le dan derecho a un descuento de ocho (8) d\u00edas. \u00a0\u00a0<\/p>\n<p>4.\u00a0 \u00a0Sumados \u00a0los tiempos de detenci\u00f3n \u00a0efectiva \u00a0y \u00a0redenci\u00f3n \u00a0de \u00a0pena \u00a0por trabajo y estudio, se obtiene un total de \u00a0ochenta \u00a0y \u00a0cinco (85) meses y trece (13) d\u00edas, guarismo que resulta inferior a \u00a0las \u00a0tres quintas (3\/5) partes de la sanci\u00f3n impuesta, equivalentes a ochenta y \u00a0seis \u00a0(86) \u00a0meses \u00a0y \u00a0doce (12) d\u00edas, no reuni\u00e9ndose el requisito cuantitativo \u00a0que \u00a0exige \u00a0el \u00a0art\u00edculo \u00a072A del c\u00f3digo penal y que es motivo suficiente para \u00a0negar la presente solicitud de libertad. \u00a0\u00a0<\/p>\n<p>En \u00a0m\u00e9rito \u00a0de \u00a0lo \u00a0expuesto, \u00a0la \u00a0Sala \u00a0de \u00a0Casaci\u00f3n Penal de la Corte Suprema de Justicia, \u00a0\u00a0<\/p>\n<p>RESUELVE: \u00a0<\/p>\n<p>Negar la libertad provisional solicitada por \u00a0el \u00a0procesado \u00a0JAIRO \u00a0COCOMA \u00a0GUTIERREZ, \u00a0actualmente recluido en la C\u00e1rcel del \u00a0Distrito Judicial de Ibagu\u00e9. \u00a0\u00a0<\/p>\n<p>Notif\u00edquese y c\u00famplase \u00a0<\/p>\n<p>JORGE ENRIQUE CORDOBA POVEDA \u00a0<\/p>\n<p>FERNANDO \u00a0E. \u00a0ARBOLEDA \u00a0RIPOLL \u00a0\u00a0 \u00a0 \u00a0 \u00a0\u00a0\u00a0 \u00a0RICARDO \u00a0 CALVETE \u00a0 RANGEL \u00a0 \u00a0 \u00a0 \u00a0 \u00a0\u00a0 \u00a0\u00a0 \u00a0 \u00a0 \u00a0 \u00a0 \u00a0\u00a0 \u00a0\u00a0 \u00a0 \u00a0 \u00a0 \u00a0 \u00a0\u00a0<\/p>\n<p>CARLOS \u00a0AUGUSTO \u00a0GALVEZ \u00a0ARGOTE \u00a0\u00a0 \u00a0\u00a0 \u00a0\u00a0 \u00a0\u00a0 \u00a0\u00a0 \u00a0\u00a0 \u00a0 \u00a0 \u00a0 \u00a0 \u00a0\u00a0JORGE \u00a0 \u00a0ANIBAL \u00a0 \u00a0GOMEZ \u00a0GALLEGO \u00a0\u00a0<\/p>\n<p>CARLOS \u00a0 E. \u00a0 MEJIA \u00a0 ESCOBAR \u00a0\u00a0 \u00a0\u00a0 \u00a0\u00a0 \u00a0\u00a0 \u00a0\u00a0 \u00a0\u00a0 \u00a0 \u00a0\u00a0 \u00a0 \u00a0 \u00a0 \u00a0 \u00a0 \u00a0 \u00a0 \u00a0 \u00a0\u00a0DIDIMO \u00a0PAEZ VELANDIA \u00a0\u00a0 \u00a0\u00a0 \u00a0\u00a0 \u00a0\u00a0 \u00a0\u00a0 \u00a0\u00a0 \u00a0 \u00a0\u00a0 \u00a0 \u00a0 \u00a0 \u00a0 \u00a0\u00a0<\/p>\n<p>NILSON \u00a0 \u00a0PINILLA \u00a0 \u00a0PINILLA \u00a0\u00a0 \u00a0\u00a0 \u00a0\u00a0 \u00a0\u00a0 \u00a0\u00a0 \u00a0\u00a0 \u00a0 \u00a0\u00a0 \u00a0 \u00a0 \u00a0 \u00a0 \u00a0 \u00a0 \u00a0 \u00a0 \u00a0\u00a0 \u00a0 \u00a0 \u00a0 \u00a0 \u00a0\u00a0 \u00a0\u00a0JUAN MANUEL TORRES FRESNEDA \u00a0\u00a0<\/p>\n<p>PATRICIA SALAZAR CUELLAR \u00a0<\/p>\n<p>Secretaria \u00a0<\/p>\n<p>\u00a0 \u00a0\u00a0<\/p>\n<p><\/p>\n","protected":false},"excerpt":{"rendered":"<p>\u00a0 \u00a0 \u00a0\u00a0 ALTERNATIVIDAD \u00a0 \u00a0 PENAL-Libertad \u00a0condicional \u00a0\u00a0 El art\u00edculo 72A del C\u00f3digo Penal dispone que \u00a0con \u00a0excepci\u00f3n \u00a0de los delitos de: enriquecimiento il\u00edcito; homicidio agravado \u00a0o \u00a0lesiones \u00a0personales \u00a0agravadas\u00a0 \u00a0por virtud de las causales 2, 4, 5 y 8 \u00a0del \u00a0 art\u00edculo \u00a030 \u00a0de \u00a0la \u00a0ley \u00a040 \u00a0de \u00a01.993; \u00a0secuestro; \u00a0extorsi\u00f3n; \u00a0hurto \u00a0calificado; [&hellip;]<\/p>\n","protected":false},"author":1,"featured_media":0,"comment_status":"open","ping_status":"open","sticky":false,"template":"","format":"standard","meta":{"footnotes":""},"categories":[6],"tags":[],"class_list":["post-1055","post","type-post","status-publish","format-standard","hentry","category-6"],"_links":{"self":[{"href":"https:\/\/dmsjuridica.com\/buscador_20179478954\/salapenalcronologico20230723\/wp-json\/wp\/v2\/posts\/1055","targetHints":{"allow":["GET"]}}],"collection":[{"href":"https:\/\/dmsjuridica.com\/buscador_20179478954\/salapenalcronologico20230723\/wp-json\/wp\/v2\/posts"}],"about":[{"href":"https:\/\/dmsjuridica.com\/buscador_20179478954\/salapenalcronologico20230723\/wp-json\/wp\/v2\/types\/post"}],"author":[{"embeddable":true,"href":"https:\/\/dmsjuridica.com\/buscador_20179478954\/salapenalcronologico20230723\/wp-json\/wp\/v2\/users\/1"}],"replies":[{"embeddable":true,"href":"https:\/\/dmsjuridica.com\/buscador_20179478954\/salapenalcronologico20230723\/wp-json\/wp\/v2\/comments?post=1055"}],"version-history":[{"count":0,"href":"https:\/\/dmsjuridica.com\/buscador_20179478954\/salapenalcronologico20230723\/wp-json\/wp\/v2\/posts\/1055\/revisions"}],"wp:attachment":[{"href":"https:\/\/dmsjuridica.com\/buscador_20179478954\/salapenalcronologico20230723\/wp-json\/wp\/v2\/media?parent=1055"}],"wp:term":[{"taxonomy":"category","embeddable":true,"href":"https:\/\/dmsjuridica.com\/buscador_20179478954\/salapenalcronologico20230723\/wp-json\/wp\/v2\/categories?post=1055"},{"taxonomy":"post_tag","embeddable":true,"href":"https:\/\/dmsjuridica.com\/buscador_20179478954\/salapenalcronologico20230723\/wp-json\/wp\/v2\/tags?post=1055"}],"curies":[{"name":"wp","href":"https:\/\/api.w.org\/{rel}","templated":true}]}}