{"id":10526,"date":"2023-09-08T18:26:37","date_gmt":"2023-09-08T18:26:37","guid":{"rendered":"https:\/\/dmsjuridica.com\/buscador_20179478954\/salapenalcronologico20230723\/2023\/09\/08\/2404925-10-05\/"},"modified":"2023-09-08T18:26:37","modified_gmt":"2023-09-08T18:26:37","slug":"2404925-10-05","status":"publish","type":"post","link":"https:\/\/dmsjuridica.com\/buscador_20179478954\/salapenalcronologico20230723\/2023\/09\/08\/2404925-10-05\/","title":{"rendered":"24049(25-10-05)"},"content":{"rendered":"\n<p>\u00a0 \u00a0 Proceso No 24049 \u00a0<\/p>\n<p>CORTE SUPREMA DE JUSTICIA \u00a0<\/p>\n<p>SALA DE CASACI\u00d3N PENAL \u00a0<\/p>\n<p>\u00a0\u00a0\u00a0\u00a0\u00a0\u00a0 \u00a0Magistrado Ponente: \u00a0\u00a0<\/p>\n<p>Dr. ALFREDO G\u00d3MEZ QUINTERO \u00a0<\/p>\n<p>\u00a0\u00a0\u00a0\u00a0\u00a0\u00a0\u00a0\u00a0\u00a0\u00a0\u00a0\u00a0\u00a0\u00a0\u00a0\u00a0\u00a0\u00a0\u00a0\u00a0\u00a0\u00a0\u00a0\u00a0\u00a0\u00a0\u00a0\u00a0\u00a0\u00a0\u00a0 \u00a0Aprobado Acta No. 81 \u00a0\u00a0<\/p>\n<p>Bogot\u00e1, D. C., veinticinco (25) de octubre \u00a0de dos mil cinco (2.005). \u00a0\u00a0<\/p>\n<p>VISTOS: \u00a0<\/p>\n<p>Agotado el tr\u00e1mite previsto en el art\u00edculo \u00a0518 \u00a0del \u00a0C\u00f3digo \u00a0de \u00a0Procedimiento \u00a0Penal, \u00a0emite \u00a0la \u00a0Sala \u00a0concepto sobre la \u00a0solicitud \u00a0de \u00a0extradici\u00f3n \u00a0elevada \u00a0por \u00a0el \u00a0Gobierno de los Estados Unidos de \u00a0Am\u00e9rica \u00a0 en \u00a0 relaci\u00f3n \u00a0 con \u00a0 el \u00a0 ciudadano \u00a0 colombiano \u00a0 FERNANDO \u00a0CADENA \u00a0PE\u00d1A. \u00a0\u00a0<\/p>\n<p>ANTECEDENTES: \u00a0<\/p>\n<p>1. A trav\u00e9s de Nota Verbal No. 0924 de mayo \u00a012 \u00a0del \u00a0a\u00f1o \u00a0en \u00a0curso \u00a0el Gobierno de los Estados Unidos por intermedio de su \u00a0Embajada \u00a0en \u00a0Bogot\u00e1 \u00a0demand\u00f3 \u00a0al \u00a0de \u00a0Colombia por conducto del Ministerio de \u00a0Relaciones \u00a0 Exteriores, \u00a0 con \u00a0prop\u00f3sitos \u00a0de \u00a0extradici\u00f3n, \u00a0la \u00a0captura \u00a0del \u00a0ciudadano \u00a0colombiano \u00a0FERNANDO \u00a0CADENA \u00a0PE\u00d1A \u00a0y \u00a0una \u00a0vez \u00a0\u00e9sta \u00a0se \u00a0produjo, \u00a0solicit\u00f3 \u00a0aquella \u00a0en \u00a0Nota \u00a0Verbal \u00a0No. \u00a01531 \u00a0del pasado 14 de julio, por ser \u00a0requerido \u00a0en \u00a0ese \u00a0pa\u00eds \u00a0para \u00a0comparecer \u00a0a \u00a0juicio \u00a0por delitos federales de \u00a0narc\u00f3ticos \u00a0seg\u00fan \u00a0resoluci\u00f3n \u00a0de acusaci\u00f3n No. 04-20865-CR-ALTONAGA dictada \u00a0el \u00a05 \u00a0de noviembre de 2.004 en la Corte Distrital de los Estados Unidos para el \u00a0Distrito Sur de la Florida. \u00a0\u00a0<\/p>\n<p>2. Con el objeto de formalizar tal solicitud \u00a0se \u00a0 \u00a0adjunt\u00f3 \u00a0 \u00a0a \u00a0 \u00a0\u00e9sta, \u00a0 \u00a0autenticada \u00a0 \u00a0y \u00a0 \u00a0traducida \u00a0 \u00a0la \u00a0 siguiente \u00a0documentaci\u00f3n: \u00a0\u00a0<\/p>\n<p>2.1. \u00a0Declaraci\u00f3n \u00a0jurada \u00a0en \u00a0apoyo de la \u00a0solicitud \u00a0de \u00a0extradici\u00f3n \u00a0rendida el 9 de junio de 2.005 por William H. Bryan \u00a0III, \u00a0Asistente \u00a0Fiscal \u00a0de \u00a0los \u00a0Estados \u00a0Unidos para el Distrito Meridional de \u00a0Florida, \u00a0en donde explica los hechos del caso, el procedimiento del Gran Jurado \u00a0y \u00a0sus funciones como parte del poder Judicial de los Estados Unidos, los cargos \u00a0y \u00a0las \u00a0leyes \u00a0aplicables, \u00a0da \u00a0cuenta \u00a0del estado del proceso adelantado en ese \u00a0pa\u00eds \u00a0en \u00a0contra \u00a0del \u00a0ciudadano \u00a0solicitado y explica el tr\u00e1mite surtido para \u00a0obtener \u00a0 la \u00a0 documentaci\u00f3n \u00a0 anexa \u00a0 como \u00a0 prueba \u00a0a \u00a0esta \u00a0petici\u00f3n \u00a0y \u00a0su \u00a0contenido. \u00a0\u00a0<\/p>\n<p>2.2. Traducci\u00f3n de las normas pertinentes, \u00a0esto \u00a0es, \u00a0de \u00a0las\u00a0 \u00a0Secciones 812(c), 841 (a)(b), 846, 853, 952, 960 y 963 \u00a0del \u00a0T\u00edtulo 21, as\u00ed como de la Secci\u00f3n 3282 del T\u00edtulo 18 del C\u00f3digo de los \u00a0Estados Unidos. \u00a0\u00a0<\/p>\n<p>2.3. Acusaci\u00f3n proferida el 5 de noviembre \u00a0de \u00a02.004 \u00a0en el Tribunal de Distrito de los Estados Unidos, Distrito Meridional \u00a0de \u00a0Florida, \u00a0por \u00a0medio \u00a0de \u00a0la cual se formulan a FERNANDO CADENA, alias \u201cEl \u00a0Carnicero\u201d, \u201cEl Sobrino\u201d o \u201cSercho\u201d, dos cargos as\u00ed: \u00a0\u00a0<\/p>\n<p>CARGO \u00a0 UNO. \u00a0\u201cComenzando \u00a0en o alrededor del mes de marzo de 2003 y con continuaci\u00f3n hasta \u00a0en \u00a0o \u00a0alrededor \u00a0del \u00a0mes \u00a0de \u00a0noviembre \u00a0de \u00a02004, \u00a0siendo \u00a0las fechas exactas \u00a0desconocidas \u00a0para \u00a0el \u00a0Gran Jurado, en el Condado de Miami-Dade, en el Distrito \u00a0Meridional \u00a0de \u00a0Florida, y en otras partes, el acusado, \u2026. con conocimiento de \u00a0causa \u00a0e intencionadamente combin\u00f3, concert\u00f3, confeder\u00f3 y concord\u00f3 con otras \u00a0personas \u00a0tanto \u00a0conocidas \u00a0como \u00a0desconocidas \u00a0para el Gran Jurado con fines de \u00a0importar \u00a0hacia \u00a0los Estados Unidos desde un lugar fuera del pa\u00eds una sustancia \u00a0controlada, \u00a0lo \u00a0cual \u00a0ser\u00eda \u00a0un \u00a0delito en violaci\u00f3n a la Secci\u00f3n 952(a) del \u00a0T\u00edtulo \u00a021 \u00a0del \u00a0C\u00f3digo \u00a0de \u00a0los \u00a0Estados \u00a0Unidos, \u00a0Secci\u00f3n 963; todo ello en \u00a0violaci\u00f3n \u00a0a \u00a0la \u00a0Secci\u00f3n \u00a0963 \u00a0del \u00a0T\u00edtulo \u00a021 \u00a0del \u00a0C\u00f3digo \u00a0de los Estados \u00a0Unidos. \u00a0\u00a0<\/p>\n<p>\u201cConforme \u00a0a \u00a0lo \u00a0previsto en la Secci\u00f3n \u00a0960(b)(1)(B) \u00a0del T\u00edtulo 21 del C\u00f3digo de los Estados Unidos, se alega otros\u00ed \u00a0que \u00a0este \u00a0delito involucr\u00f3 (5) kilogramos o m\u00e1s de una mezcla y sustancia que \u00a0conten\u00eda \u00a0una \u00a0cantidad perceptible de coca\u00edna, y conforme a lo previsto en la \u00a0Secci\u00f3n \u00a0960(b)(1)(A) \u00a0del \u00a0T\u00edtulo \u00a021 \u00a0del \u00a0C\u00f3digo de los Estados Unidos, se \u00a0alega \u00a0otros\u00ed \u00a0que \u00a0este delito involucr\u00f3 (1) kilogramo o m\u00e1s de una mezcla y \u00a0sustancia que conten\u00eda una cantidad perceptible de hero\u00edna\u201d. \u00a0\u00a0<\/p>\n<p>CARGO \u00a0 DOS. \u00a0\u201cComenzando \u00a0en o alrededor del mes de marzo de 2003 y con continuaci\u00f3n hasta \u00a0en \u00a0o \u00a0alrededor \u00a0del \u00a0mes \u00a0de \u00a0noviembre \u00a0de \u00a02004, \u00a0siendo \u00a0las fechas exactas \u00a0desconocidas \u00a0para \u00a0el \u00a0Gran \u00a0Jurado, en el Condado de Miami-Dade en el Distrito \u00a0Meridional \u00a0de \u00a0Florida, y en otras partes, el acusado, \u2026. con conocimiento de \u00a0causa \u00a0e intencionadamente combin\u00f3, concert\u00f3, confeder\u00f3 y concord\u00f3 con otras \u00a0personas \u00a0tanto \u00a0conocidas \u00a0como \u00a0desconocidas \u00a0para el Gran Jurado con fines de \u00a0poseer \u00a0una \u00a0sustancia con intenciones de distribuirla, lo cual ser\u00eda un delito \u00a0en \u00a0violaci\u00f3n a la Secci\u00f3n 841(a)(1) del T\u00edtulo 21 del C\u00f3digo de los Estados \u00a0Unidos, \u00a0Secci\u00f3n \u00a0963; todo ello en violaci\u00f3n a la Secci\u00f3n 846 del T\u00edtulo 21 \u00a0del C\u00f3digo de los Estados Unidos. \u00a0\u00a0<\/p>\n<p>\u201cConforme \u00a0a \u00a0lo \u00a0previsto en la Secci\u00f3n \u00a0841(b)(1)(A)(ii) \u00a0del \u00a0T\u00edtulo \u00a021 \u00a0del \u00a0C\u00f3digo de los Estados Unidos, se alega \u00a0otros\u00ed \u00a0que \u00a0este \u00a0delito \u00a0involucr\u00f3 \u00a0(5) \u00a0kilogramos \u00a0o \u00a0m\u00e1s de una mezcla y \u00a0sustancia \u00a0que \u00a0conten\u00eda \u00a0una cantidad perceptible de coca\u00edna, y conforme a lo \u00a0previsto \u00a0en \u00a0la \u00a0Secci\u00f3n \u00a0841(b)(1)(A)(i), \u00a0se \u00a0alega \u00a0otros\u00ed que este delito \u00a0involucr\u00f3 \u00a0(1) \u00a0kilogramo \u00a0o \u00a0m\u00e1s \u00a0de una mezcla y sustancia que conten\u00eda una \u00a0cantidad perceptible de hero\u00edna\u201d. \u00a0\u00a0<\/p>\n<p>2.4. \u00a0Orden \u00a0de \u00a0captura \u00a0expedida \u00a0el 5 de \u00a0noviembre \u00a0de \u00a02.004 en contra de FERNANDO CADENA por el Tribunal de Distrito de \u00a0los Estados Unidos, Distrito Meridional de Florida. \u00a0\u00a0<\/p>\n<p>2.5. \u00a0 Declaraci\u00f3n \u00a0rendida \u00a0por \u00a0Joseph \u00a0McGrath, \u00a0Agente \u00a0Especial \u00a0de \u00a0la Administraci\u00f3n Antinarc\u00f3tica de los Estados \u00a0Unidos, \u00a0ante \u00a0un Juez de los Estados Unidos para el Distrito Sur de Florida, en \u00a0la \u00a0que \u00a0da \u00a0cuenta \u00a0del \u00a0conocimiento \u00a0que \u00a0tiene \u00a0de \u00a0la \u00a0investigaci\u00f3n penal \u00a0adelantada \u00a0 en \u00a0 contra \u00a0de \u00a0FERNANDO \u00a0CADENA \u00a0y \u00a0otros \u00a0por \u00a0ser \u00a0uno \u00a0de \u00a0los \u00a0investigadores \u00a0principales del caso. Afirma estar familiarizado con las pruebas \u00a0y \u00a0explica \u00a0la \u00a0forma como se obtuvieron y la informaci\u00f3n que se posee sobre la \u00a0identificaci\u00f3n e individualizaci\u00f3n del referido sujeto y \u00a0\u00a0<\/p>\n<p>2.6. Tarjeta de identificaci\u00f3n con rese\u00f1a \u00a0decadactilar \u00a0y \u00a0fotograf\u00eda pertenecientes a FERNANDO CADENA PE\u00d1A identificado \u00a0con \u00a0la \u00a0c\u00e9dula \u00a0de ciudadan\u00eda No. 16\u2019277.207. \u00a0\u00a0<\/p>\n<p>3. \u00a0 Aprehendido \u00a0 el \u00a0 solicitado \u00a0 en \u00a0extradici\u00f3n, \u00a0obtenido \u00a0el \u00a0concepto del Ministerio de Relaciones Exteriores en \u00a0el \u00a0sentido \u00a0de \u00a0que \u00a0por \u00a0no \u00a0existir \u00a0Convenio aplicable al caso es procedente \u00a0observar \u00a0las \u00a0disposiciones \u00a0pertinentes \u00a0del \u00a0C\u00f3digo de Procedimiento Penal y \u00a0remitido \u00a0el \u00a0asunto a esta Corporaci\u00f3n por parte del Ministerio del Interior y \u00a0de \u00a0Justicia con oficio del pasado 4 de agosto del a\u00f1o que transcurre, mediante \u00a0el \u00a0cual \u00a0se \u00a0pide \u00a0rendir \u00a0el concepto que en estos asuntos compete a la Corte, \u00a0indicando \u00a0 que \u00a0 se \u00a0 \u201cencuentran \u00a0 reunidos \u00a0los \u00a0requisitos \u00a0 \u00a0formales \u00a0 \u00a0exigidos \u00a0 \u00a0en \u00a0 las \u00a0 normatividad \u00a0 procesal \u00a0 penal \u00a0aplicable\u201d, \u00a0 se \u00a0 dio \u00a0inicio \u00a0a \u00a0esta \u00a0fase \u00a0del \u00a0tr\u00e1mite. \u00a0\u00a0<\/p>\n<p>En \u00a0ella, \u00a0una \u00a0vez \u00a0designado \u00a0defensor de \u00a0confianza \u00a0por \u00a0parte \u00a0del \u00a0requerido \u00a0se \u00a0corri\u00f3 \u00a0el traslado de rigor para la \u00a0solicitud \u00a0de pruebas sin que aqu\u00e9l ni \u00e9ste hubieren deprecado la pr\u00e1ctica de \u00a0alguna, \u00a0por \u00a0lo \u00a0que, \u00a0no \u00a0ordenadas \u00a0tampoco oficiosamente o por petici\u00f3n del \u00a0Ministerio \u00a0P\u00fablico, \u00a0se \u00a0surti\u00f3 \u00a0seguidamente \u00a0el \u00a0t\u00e9rmino \u00a0de \u00a0alegaciones, \u00a0manifestando \u00a0el defensor del solicitado abstenerse de presentarlas \u201cen \u00a0raz\u00f3n \u00a0a \u00a0que \u00a0los \u00a0hechos \u00a0que \u00a0originan \u00a0la \u00a0petici\u00f3n de \u00a0extradici\u00f3n, \u00a0s\u00f3lo \u00a0podr\u00e1n \u00a0ser \u00a0dilucidados \u00a0ante la respectiva Corte en los \u00a0Estados \u00a0Unidos\u201d, mientras que el Procurador Cuarto \u00a0Delegado \u00a0demand\u00f3 \u00a0la \u00a0emisi\u00f3n \u00a0de \u00a0concepto favorable en tanto se re\u00fanen las \u00a0condiciones \u00a0 para \u00a0 eso \u00a0 previstas \u00a0 por \u00a0el \u00a0art\u00edculo \u00a0513 \u00a0del \u00a0C\u00f3digo \u00a0de \u00a0Procedimiento \u00a0Penal \u00a0pues, \u00a0adem\u00e1s \u00a0de \u00a0que la documentaci\u00f3n adjuntada por el \u00a0pa\u00eds \u00a0requirente es formalmente v\u00e1lida y el solicitado se encuentra plenamente \u00a0identificado, \u00a0los comportamientos descritos en los dos cargos formulados contra \u00a0FERNANDO \u00a0CADENA \u00a0PE\u00d1A \u00a0se \u00a0hallan igualmente descritos en nuestra legislaci\u00f3n \u00a0como \u00a0delitos \u00a0definidos \u00a0en t\u00e9rminos de concierto para delinquir a trav\u00e9s del \u00a0art\u00edculo \u00a0340 \u00a0de \u00a0la \u00a0Ley \u00a0599 de 2.000, as\u00ed como el punible de narcotr\u00e1fico \u00a0cumpli\u00e9ndose por tanto el principio de la doble incriminaci\u00f3n. \u00a0\u00a0<\/p>\n<p>Satisfecha tambi\u00e9n -sostiene- la exigencia \u00a0referida \u00a0a \u00a0la \u00a0equivalencia \u00a0de la decisi\u00f3n proferida en el extranjero con la \u00a0resoluci\u00f3n \u00a0de acusaci\u00f3n, considera imperativo que la Sala exhorte al Gobierno \u00a0Nacional \u00a0para \u00a0que \u00a0en caso de conceder la extradici\u00f3n solicitada se subordine \u00a0su \u00a0concesi\u00f3n \u00a0a las condiciones que estime pertinentes y en todo caso a que el \u00a0requerido \u00a0no \u00a0sea juzgado por hechos distintos a los que motivan la solicitud y \u00a0a \u00a0que \u00a0no \u00a0se \u00a0le \u00a0someta a pena de muerte o prisi\u00f3n perpetua, a desaparici\u00f3n \u00a0forzada o a tratos crueles, inhumanos o degradantes. \u00a0\u00a0<\/p>\n<p>CONSIDERACIONES: \u00a0<\/p>\n<p>Siendo \u00a0el \u00a0concepto \u00a0del \u00a0Ministerio \u00a0de \u00a0Relaciones \u00a0Exteriores \u00a0que \u00a0la \u00a0normatividad \u00a0a \u00a0observar \u00a0en este asunto es el \u00a0C\u00f3digo \u00a0de \u00a0Procedimiento \u00a0Penal por no existir Convenio aplicable al mismo, la \u00a0Sala \u00a0efectuar\u00e1 \u00a0el \u00a0an\u00e1lisis con miras a la emisi\u00f3n del concepto que en esta \u00a0clase \u00a0de \u00a0tr\u00e1mites \u00a0le \u00a0compete \u00a0teniendo en cuenta los temas se\u00f1alados en el \u00a0art\u00edculo 520 de la Ley 600 de 2.000, as\u00ed: \u00a0\u00a0<\/p>\n<p>\u00a0 \u00a0\u00a0<\/p>\n<p>1. Validez Formal de la documentaci\u00f3n presentada. \u00a0 \u00a0\u00a0<\/p>\n<p>Ning\u00fan reparo se hace viable frente a este \u00a0requerimiento \u00a0toda \u00a0vez \u00a0que \u00a0en \u00a0t\u00e9rminos \u00a0del \u00a0art\u00edculo \u00a0513 del C\u00f3digo de \u00a0Procedimiento \u00a0Penal \u00a0el pa\u00eds petente en relaci\u00f3n con la acusaci\u00f3n que en \u00e9l \u00a0se \u00a0ha \u00a0proferido \u00a0en contra de FERNANDO CADENA PE\u00d1A y que fundamenta el pedido \u00a0de \u00a0extradici\u00f3n, aport\u00f3 por la v\u00eda diplom\u00e1tica la documentaci\u00f3n necesaria y \u00a0en \u00a0las \u00a0condiciones \u00a0all\u00ed \u00a0precisadas, \u00a0es \u00a0decir, \u00a0debidamente \u00a0autenticada y \u00a0traducida. \u00a0\u00a0<\/p>\n<p>En efecto, tanto la solicitud de captura con \u00a0fines \u00a0de \u00a0extradici\u00f3n \u00a0y de \u00e9sta misma fueron elevadas respectivamente por el \u00a0Gobierno \u00a0de \u00a0los Estados Unidos por la v\u00eda diplom\u00e1tica en Notas Verbales Nos. \u00a00924 \u00a0del \u00a012 de mayo de 2.005 y 1531 de julio 14 del mismo a\u00f1o a trav\u00e9s de su \u00a0Embajada \u00a0en \u00a0Bogot\u00e1 \u00a0y \u00a0por \u00a0conducto del Ministerio de Relaciones Exteriores, \u00a0indicando \u00a0las \u00a0razones \u00a0en \u00a0que \u00a0se \u00a0funda \u00a0y \u00a0la \u00a0informaci\u00f3n \u00a0necesaria para \u00a0establecer la identificaci\u00f3n de la persona reclamada. \u00a0\u00a0<\/p>\n<p>Adicionalmente \u00a0el \u00a0Gobierno de los Estados \u00a0Unidos \u00a0anex\u00f3 \u00a0como \u00a0pruebas \u00a0copia aut\u00e9ntica y traducida de la resoluci\u00f3n de \u00a0acusaci\u00f3n \u00a0proferida \u00a0el \u00a05 de noviembre de 2.004 en el Tribunal de Distrito de \u00a0los \u00a0Estados \u00a0Unidos para el Distrito Meridional de Florida, mediante la cual se \u00a0acusa \u00a0a \u00a0FERNANDO \u00a0CADENA \u00a0de \u00a0infringir \u00a0las \u00a0leyes \u00a0antinarc\u00f3ticos del pa\u00eds \u00a0requirente \u00a0en \u00a0los \u00a0t\u00e9rminos \u00a0ya \u00a0transcritos \u00a0en el ac\u00e1pite correspondiente, \u00a0precis\u00e1ndose \u00a0las \u00a0fechas en que el solicitado intervino en la comisi\u00f3n de los \u00a0il\u00edcitos, \u00a0adem\u00e1s \u00a0de \u00a0las \u00a0circunstancias \u00a0de \u00a0tiempo, modo y lugar en que se \u00a0ejecutaron. \u00a0\u00a0<\/p>\n<p>De \u00a0igual \u00a0manera, \u00a0se \u00a0cuenta con orden de \u00a0arresto \u00a0 impartida \u00a0 el \u00a0 mismo \u00a05 \u00a0de \u00a0noviembre \u00a0de \u00a02.004 \u00a0por \u00a0el \u00a0referido \u00a0Tribunal. \u00a0\u00a0<\/p>\n<p>Sobre la identidad del ciudadano requerido, \u00a0en \u00a0las \u00a0Notas \u00a0Verbales \u00a0provenientes \u00a0de \u00a0la \u00a0Embajada \u00a0de los Estados Unidos, \u00a0mediante \u00a0las \u00a0cuales \u00a0se solicit\u00f3 la detenci\u00f3n provisional y se formaliz\u00f3 la \u00a0solicitud \u00a0de \u00a0extradici\u00f3n de FERNANDO CADENA PE\u00d1A, se indicaron los datos que \u00a0permitieron \u00a0determinarla, \u00a0como su n\u00famero de c\u00e9dula de ciudadan\u00eda colombiana \u00a0y alias con los que es conocido. \u00a0\u00a0<\/p>\n<p>Asimismo, \u00a0 se \u00a0 adjunt\u00f3 \u00a0 en \u00a0copia \u00a0la \u00a0transcripci\u00f3n \u00a0de las disposiciones aplicables al caso, cuyo contenido, alcance \u00a0e \u00a0interpretaci\u00f3n \u00a0aparecen \u00a0explicados \u00a0por \u00a0William \u00a0H. \u00a0Bryan III, Asistente \u00a0Fiscal \u00a0de \u00a0los \u00a0Estados \u00a0Unidos para el Distrito Meridional de Florida y Joseph \u00a0McGrath, \u00a0Agente \u00a0Especial \u00a0de \u00a0la Administraci\u00f3n Antinarc\u00f3tica de los Estados \u00a0Unidos, \u00a0quienes precisaron tambi\u00e9n que las mismas se encuentran vigentes y que \u00a0respecto \u00a0 de \u00a0 los \u00a0 delitos \u00a0imputados \u00a0no \u00a0ha \u00a0operado \u00a0el \u00a0fen\u00f3meno \u00a0de \u00a0la \u00a0prescripci\u00f3n de acuerdo con las leyes de ese pa\u00eds. \u00a0\u00a0<\/p>\n<p>Como parte de la documentaci\u00f3n, igualmente \u00a0se \u00a0enviaron \u00a0copias de las declaraciones rendidas por dichos funcionarios, ante \u00a0un \u00a0Juez \u00a0Magistrado \u00a0de \u00a0los \u00a0Estados \u00a0Unidos, \u00a0en \u00a0las \u00a0cuales \u00a0se \u00a0explica el \u00a0procedim&#8211;iento \u00a0aplicado, \u00a0las \u00a0normas \u00a0que \u00a0lo \u00a0regulan, \u00a0la naturaleza de los \u00a0hechos \u00a0y \u00a0se \u00a0exponen\u00a0 los pormenores de la investigaci\u00f3n, la evidencia y \u00a0los testigos en que se apoya la acusaci\u00f3n. \u00a0\u00a0<\/p>\n<p>Los \u00a0anteriores \u00a0documentos \u00a0contienen \u00a0los \u00a0respectivos \u00a0sellos de autenticidad y la firma de la secretar\u00eda del Tribunal de \u00a0Distrito \u00a0de \u00a0los \u00a0Estados \u00a0Unidos para el Distrito Sur de Florida; por su parte \u00a0Patricia \u00a0Reedy, \u00a0Directora \u00a0Asociada \u00a0de la Oficina de Asuntos Internacionales, \u00a0Divisi\u00f3n \u00a0de \u00a0lo \u00a0Penal \u00a0del \u00a0Departamento \u00a0de \u00a0Justicia de los Estados Unidos, \u00a0certific\u00f3 \u00a0 sobre \u00a0 el \u00a0 contenido \u00a0 de \u00a0las \u00a0declaraciones \u00a0vertidas \u00a0por \u00a0los \u00a0funcionarios \u00a0anteriormente \u00a0mencionados, \u00a0precisando que copias fieles de tales \u00a0documentos \u00a0se \u00a0mantienen \u00a0en \u00a0los \u00a0archivos \u00a0del \u00a0Departamento \u00a0de \u00a0Justicia en \u00a0Washington \u00a0D.C.. A su turno, su firma aparece atestada por Alberto R. Gonzales, \u00a0Procurador \u00a0de \u00a0los \u00a0Estados Unidos, quien a su vez manifiesta que \u00e9l autoriz\u00f3 \u00a0estampar \u00a0el \u00a0sello \u00a0del Departamento de Justicia de los Estados Unidos y que de \u00a0su \u00a0 r\u00fabrica \u00a0 diera \u00a0 fe \u00a0 el \u00a0Director \u00a0Adjunto \u00a0de \u00a0la \u00a0Oficina \u00a0de \u00a0Asuntos \u00a0Internacionales, \u00a0 Divisi\u00f3n \u00a0de \u00a0lo \u00a0Penal, \u00a0lo \u00a0cual, \u00a0evidentemente \u00a0as\u00ed \u00a0se \u00a0hizo. \u00a0\u00a0<\/p>\n<p>Todo \u00a0lo \u00a0anterior \u00a0fue \u00a0atestado \u00a0por \u00a0la \u00a0Secretaria \u00a0de \u00a0Estado \u00a0de \u00a0los \u00a0Estados \u00a0Unidos, CondoLeezza Rice, quien por su \u00a0parte \u00a0orden\u00f3 \u00a0imprimir \u00a0el \u00a0sello \u00a0del \u00a0Departamento \u00a0de Estado y que Sonya N. \u00a0Johnson, \u00a0Funcionario \u00a0Auxiliar \u00a0de \u00a0Autenticaciones \u00a0del Departamento de Estado \u00a0suscribiera \u00a0su \u00a0nombre, \u00a0siendo \u00a0verificada \u00a0la \u00a0autenticidad \u00a0de su firma ante \u00a0Mar\u00eda \u00a0de \u00a0los \u00a0\u00c1ngeles \u00a0Barraza, \u00a0C\u00f3nsul \u00a0de \u00a0Colombia \u00a0en \u00a0Washington D.C., \u00a0respecto \u00a0de \u00a0quien \u00a0el \u00a0Ministerio \u00a0de \u00a0Relaciones Exteriores aval\u00f3 su cargo y \u00a0funciones. \u00a0A \u00a0su \u00a0turno, \u00a0la \u00a0Oficina \u00a0de \u00a0Legalizaciones del citado Ministerio \u00a0imprimi\u00f3 su visto bueno. \u00a0\u00a0<\/p>\n<p>En \u00a0estas \u00a0condiciones, es evidente, que se \u00a0cumple \u00a0con \u00a0el \u00a0requisito \u00a0de la validez formal de la documentaci\u00f3n presentada \u00a0por \u00a0el \u00a0pa\u00eds \u00a0solicitante, \u00a0tanto \u00a0la \u00a0vertida en ingl\u00e9s como la traducida al \u00a0castellano, \u00a0siendo por tanto apta para efectos del tr\u00e1mite de extradici\u00f3n que \u00a0se \u00a0surte \u00a0en \u00a0relaci\u00f3n \u00a0con \u00a0FERNANDO \u00a0CADENA PE\u00d1A, pues el art\u00edculo 259 del \u00a0C\u00f3digo \u00a0de \u00a0Procedimiento \u00a0Civil, \u00a0modificado \u00a0por \u00a0el \u00a01\u00ba del Decreto 2282 de \u00a01.989, \u00a0dispone \u00a0que \u00a0los \u00a0documentos p\u00fablicos otorgados en el pa\u00eds extranjero \u00a0por \u00a0 funcionario \u00a0 de \u00a0\u00e9ste \u00a0o \u00a0con \u00a0su \u00a0intervenci\u00f3n, \u00a0deber\u00e1n \u00a0presentarse \u00a0debidamente \u00a0autenticados por el c\u00f3nsul o agente diplom\u00e1tico de la Rep\u00fablica, \u00a0y \u00a0en \u00a0su \u00a0defecto \u00a0por \u00a0el \u00a0de \u00a0una naci\u00f3n amiga, lo cual hace presumir que se \u00a0otorgaron \u00a0conforme \u00a0a \u00a0la ley del respectivo pa\u00eds y que la firma del c\u00f3nsul o \u00a0agente \u00a0diplom\u00e1tico \u00a0se \u00a0abonar\u00e1 por el Ministerio de Relaciones Exteriores de \u00a0Colombia, \u00a0 y \u00a0si \u00a0se \u00a0trata \u00a0de \u00a0agentes \u00a0consulares \u00a0de \u00a0un \u00a0pa\u00eds \u00a0amigo, \u00a0se \u00a0autenticar\u00e1 \u00a0previamente por el funcionario competente del mismo y los de \u00e9ste \u00a0por el C\u00f3nsul colombiano. \u00a0\u00a0<\/p>\n<p>2. \u00a0 Plena \u00a0 identidad \u00a0 de \u00a0 la \u00a0 persona \u00a0solicitada. \u00a0\u00a0<\/p>\n<p>Cumplida \u00a0a cabalidad se encuentra tambi\u00e9n \u00a0esta \u00a0exigencia, \u00a0ya \u00a0que, \u00a0como \u00a0se anot\u00f3 en precedencia en las Notas Verbales \u00a0enviadas \u00a0por \u00a0el \u00a0Gobierno \u00a0de \u00a0los \u00a0Estados Unidos a trav\u00e9s de su Embajada se \u00a0aportaron \u00a0todos \u00a0los \u00a0datos que permitieron establecer y verificar por parte de \u00a0las \u00a0autoridades \u00a0colombianas \u00a0la \u00a0plena \u00a0identidad \u00a0de \u00a0FERNANDO \u00a0CADENA PE\u00d1A, \u00a0tambi\u00e9n \u00a0conocido \u00a0con \u00a0los \u00a0alias \u00a0de \u00a0\u201cEl \u00a0Carnicero\u201d, \u201cEl Sobrino\u201d o \u00a0\u201cSercho\u201d \u00a0pues \u00a0se \u00a0trata \u00a0de \u00a0un ciudadano colombiano, hombre cauc\u00e1sico de \u00a0aproximadamente \u00a01,75 metros de estatura y 75 kilogramos de peso, cabello y ojos \u00a0casta\u00f1os, \u00a0nacido en Palmira el 4 de junio de 1.966 y adem\u00e1s es portador de la \u00a0c\u00e9dula \u00a0 de \u00a0 ciudadan\u00eda \u00a0 No. \u00a0 16\u2019277.207, \u00a0la \u00a0misma \u00a0con \u00a0la \u00a0que \u00a0se \u00a0identific\u00f3 al momento de su \u00a0aprehensi\u00f3n \u00a0 y \u00a0 de \u00a0conferirle \u00a0poder \u00a0al \u00a0abogado \u00a0que \u00a0en \u00a0este \u00a0asunto \u00a0lo \u00a0representa. \u00a0\u00a0<\/p>\n<p>\u00a0 \u00a0\u00a0<\/p>\n<p>1. Principio \u00a0 \u00a0 \u00a0de \u00a0 \u00a0 \u00a0la \u00a0 \u00a0 \u00a0doble \u00a0 \u00a0 \u00a0incriminaci\u00f3n. \u00a0 \u00a0\u00a0<\/p>\n<p>El \u00a0art\u00edculo 511.1 de la Ley 600 de 2.000, \u00a0exige \u00a0 para \u00a0 que \u00a0 pueda \u00a0 ofrecerse \u00a0 o \u00a0 concederse \u00a0 la \u00a0extradici\u00f3n, \u00a0que \u00a0\u201cel \u00a0hecho \u00a0que \u00a0la \u00a0motiva est\u00e9 tambi\u00e9n previsto \u00a0como \u00a0delito \u00a0en \u00a0Colombia y reprimido con una sanci\u00f3n privativa de la libertad \u00a0cuyo \u00a0m\u00ednimo \u00a0no \u00a0sea inferior a cuatro (4) a\u00f1os\u201d, \u00a0lo \u00a0cual \u00a0implica \u00a0cotejar \u00a0los hechos en que se fundamenta el pedido extranjero \u00a0con \u00a0la \u00a0legislaci\u00f3n \u00a0interna \u00a0con \u00a0miras \u00a0a verificar si esos mismos supuestos \u00a0encuentran \u00a0correspondencia \u00a0t\u00edpica \u00a0en cualquiera de los delitos definidos por \u00a0la \u00a0ley \u00a0nacional \u00a0sin importar la denominaci\u00f3n que se les asigne. En ese mismo \u00a0orden, \u00a0corresponde \u00a0constatar \u00a0que los punibles imputados tengan se\u00f1alada pena \u00a0privativa \u00a0 de \u00a0la \u00a0libertad \u00a0cuyo \u00a0m\u00ednimo \u00a0est\u00e9 \u00a0por \u00a0encima \u00a0de \u00a0los \u00a0cuatro \u00a0a\u00f1os. \u00a0\u00a0<\/p>\n<p>En \u00a0este \u00a0evento los hechos del caso fueron \u00a0concretados \u00a0por \u00a0las \u00a0autoridades \u00a0norteamericanas \u00a0en \u00a0las \u00a0Notas \u00a0Verbales ya \u00a0referidas, as\u00ed: \u00a0\u00a0<\/p>\n<p>\u201cLa \u00a0evidencia en este caso indica que en \u00a0el \u00a02003 \u00a0y \u00a0el \u00a02004, \u00a0Cadena, \u00a0directamente \u00a0y \u00a0a \u00a0trav\u00e9s de subordinados que \u00a0trabajaban \u00a0bajo \u00a0su \u00a0direcci\u00f3n, \u00a0arregl\u00f3 el transporte de coca\u00edna y hero\u00edna \u00a0desde \u00a0Colombia \u00a0hacia \u00a0los estados Unidos en vuelos comerciales para distribuir \u00a0dichas drogas una vez fuera importadas a los estados Unidos. \u00a0\u00a0<\/p>\n<p>\u201cSin \u00a0que \u00a0Cadena lo supiera, en marzo de \u00a02003 \u00a0\u00e9l \u00a0y sus subordinados estuvieron discutiendo con un agente encubierto de \u00a0la \u00a0Agencia \u00a0para \u00a0el \u00a0Control \u00a0de las Drogas de los Estados Unidos los arreglos \u00a0para \u00a0enviar \u00a0dichos \u00a0cargamentos \u00a0de \u00a0droga. \u00a0Como resultado de la informaci\u00f3n \u00a0obtenida, \u00a0autoridades \u00a0de \u00a0las fuerzas del orden de los Estados Unidos pudieron \u00a0incautar \u00a0drogas \u00a0&#8211;que \u00a0estaban siendo importadas por Cadena&#8211; en el momento en \u00a0que \u00a0 llegaron \u00a0 a \u00a0 los \u00a0 Estados \u00a0 Unidos, \u00a0 incluyendo \u00a0 la \u00a0incautaci\u00f3n \u00a0de \u00a0aproximadamente \u00a012 \u00a0kilogramos \u00a0de coca\u00edna en octubre de 2003, la incautaci\u00f3n \u00a0de \u00a0aproximadamente \u00a0tres \u00a0cuartos \u00a0de \u00a0kilogramo \u00a0de \u00a0coca\u00edna \u00a0y \u00a0un cuarto de \u00a0kilogramo \u00a0 de \u00a0 hero\u00edna \u00a0 en \u00a0 diciembre \u00a0 de \u00a0 2003, \u00a0y \u00a0la \u00a0incautaci\u00f3n \u00a0de \u00a0aproximadamente 6 kilogramos de hero\u00edna en octubre de 2004\u201d. \u00a0\u00a0<\/p>\n<p>Esos \u00a0hechos \u00a0conforme a la legislaci\u00f3n de \u00a0los \u00a0Estados \u00a0Unidos \u00a0tipifican los delitos imputados a FERNANDO CADENA PE\u00d1A en \u00a0los \u00a0cargos \u00a0formulados en la acusaci\u00f3n que en su contra profiriera el Tribunal \u00a0de \u00a0Distrito \u00a0Sur \u00a0de \u00a0Florida \u00a0como \u00a0concierto \u00a0para \u00a0importar, \u00a0y \u00a0poseer \u00a0con \u00a0intenci\u00f3n \u00a0de \u00a0distribuir \u00a0coca\u00edna \u00a0y \u00a0hero\u00edna \u00a0en \u00a0cantidad \u00a0de cinco o m\u00e1s \u00a0kilogramos y un kilogramo o m\u00e1s, respectivamente. \u00a0\u00a0<\/p>\n<p>Los \u00a0actos de conspiraci\u00f3n o concertaci\u00f3n \u00a0as\u00ed \u00a0imputados \u00a0est\u00e1n \u00a0definidos en la Secci\u00f3n 963 del T\u00edtulo 21 del C\u00f3digo \u00a0de \u00a0 los \u00a0 Estados \u00a0 Unidos \u00a0 como \u00a0\u201cel \u00a0que \u00a0intente \u00a0o concierte para cometer \u00a0cualquier \u00a0delito \u00a0definido \u00a0en \u00a0este subcap\u00edtulo\u201d, \u00a0esto \u00a0es, \u00a0los \u00a0relacionados \u00a0en \u00a0las \u00a0Secciones \u00a0952 \u00a0y \u00a0960 (a) relativos a la \u00a0importaci\u00f3n \u00a0hacia los Estados Unidos desde cualquier lugar o fuera de \u00e9ste de \u00a0una \u00a0sustancia \u00a0controlada \u00a0de la tabla I o II, entre las cuales se encuentra la \u00a0coca\u00edna \u00a0y \u00a0la \u00a0hero\u00edna, \u00a0y \u00a0a \u00a0la \u00a0posesi\u00f3n \u00a0y \u00a0distribuci\u00f3n \u00a0de \u00a0la misma. \u00a0\u00a0<\/p>\n<p>A la vez la importaci\u00f3n se halla tipificada \u00a0en \u00a0 la \u00a0 secci\u00f3n \u00a0 952 \u00a0 del \u00a0 T\u00edtulo \u00a021 \u00a0en \u00a0t\u00e9rminos \u00a0seg\u00fan \u00a0los \u00a0cuales \u00a0\u201cser\u00e1 \u00a0ilegal \u00a0importar \u00a0al territorio aduanero de \u00a0los \u00a0Estados \u00a0Unidos \u00a0de \u00a0cualquier \u00a0lugar fuera de ese territorio una sustancia \u00a0controlada \u00a0de \u00a0la \u00a0Tabla \u00a0I \u00a0o II\u201d, as\u00ed como en la \u00a0Secci\u00f3n \u00a0960 \u00a0de \u00a0acuerdo con la cual es acto il\u00edcito el que cualquier persona \u00a0\u201ccon \u00a0conocimiento \u00a0de \u00a0causa \u00a0o \u00a0intencionadamente \u00a0importe \u00a0 \u00a0 \u00a0o \u00a0 \u00a0 \u00a0exporte \u00a0 \u00a0 una \u00a0 \u00a0 substancia \u00a0 \u00a0 controlada\u201d. \u00a0\u00a0<\/p>\n<p>Asimismo, en el pa\u00eds requirente, seg\u00fan la \u00a0Secci\u00f3n \u00a0841, \u00a0\u201cser\u00e1 ilegal que cualquier persona \u00a0con \u00a0conocimiento \u00a0de \u00a0causa \u00a0o \u00a0intencionadamente \u00a0\u2026 \u00a0fabrique, distribuya, o \u00a0dispense, \u00a0o \u00a0posea \u00a0con \u00a0intenciones \u00a0de \u00a0fabricar, \u00a0distribuir o dispensar una \u00a0substancia controlada\u201d. \u00a0\u00a0<\/p>\n<p>En conclusi\u00f3n, los hechos que motivan las \u00a0imputaciones \u00a0que \u00a0pesan \u00a0en \u00a0contra \u00a0de \u00a0FERNANDO CADENA PE\u00d1A se refieren a la \u00a0concertaci\u00f3n \u00a0o \u00a0acuerdo \u00a0de voluntades entre varios sujetos, en este caso para \u00a0cometer \u00a0el delito de narcotr\u00e1fico en modalidades de importaci\u00f3n y posesi\u00f3n o \u00a0conservaci\u00f3n \u00a0con \u00a0intenci\u00f3n de distribuir, supuestos f\u00e1cticos que en nuestra \u00a0legislaci\u00f3n \u00a0interna \u00a0aparecen descritos y sancionados en los art\u00edculos 340 de \u00a0la \u00a0Ley \u00a0599 \u00a0de \u00a02.000, modificado por el art\u00edculo 8\u00ba de la Ley 733 de 2.002, \u00a0seg\u00fan \u00a0el \u00a0cual \u00a0se \u00a0comete \u00a0el delito de concierto para delinquir \u201ccuando \u00a0varias \u00a0personas \u00a0se \u00a0concierten \u00a0con \u00a0el fin de cometer \u00a0delitos\u2026\u201d \u00a0y 376 de la misma ley que pune a quien \u00a0sin \u00a0permiso \u00a0de autoridad competente \u201cintroduzca al \u00a0pa\u00eds, \u00a0as\u00ed \u00a0sea \u00a0en \u00a0tr\u00e1nsito \u00a0o \u00a0saque \u00a0de \u00a0\u00e9l, \u00a0transporte, lleve consigo, \u00a0almacene, \u00a0conserve, \u00a0elabore, venda, ofrezca, adquiera, financie o suministre a \u00a0cualquier \u00a0t\u00edtulo \u00a0droga que produzca dependencia\u201d, \u00a0sancion\u00e1ndose \u00a0el \u00a0primero \u00a0con \u00a0una \u00a0pena \u00a0que \u00a0oscila \u00a0entre \u00a06 y 12 a\u00f1os de \u00a0prisi\u00f3n \u00a0y \u00a0multa de 2.000 a 20.000 salarios m\u00ednimos mensuales legales, cuando \u00a0la \u00a0finalidad \u00a0del \u00a0concierto \u00a0sea \u00a0la de cometer, entre otros il\u00edcitos, los de \u00a0\u201ctr\u00e1fico de sustancias t\u00f3xicas, estupefacientes o \u00a0sicotr\u00f3picas\u2026\u201d \u00a0y \u00a0el segundo con pena privativa \u00a0de \u00a0libertad \u00a0de \u00a08 \u00a0a 20 a\u00f1os y multa de mil a cincuenta mil salarios m\u00ednimos \u00a0legales mensuales vigentes. \u00a0\u00a0<\/p>\n<p>En \u00a0consecuencia, \u00a0el \u00a0anterior \u00a0cotejo, \u00a0indicando \u00a0el \u00a0cumplimiento \u00a0del \u00a0requisito \u00a0referido a la doble incriminaci\u00f3n, \u00a0permite \u00a0concluir \u00a0que \u00a0los \u00a0hechos \u00a0que motivan la solicitud de extradici\u00f3n se \u00a0encuentran \u00a0tipificados \u00a0como \u00a0delitos \u00a0en \u00a0la \u00a0legislaci\u00f3n \u00a0nacional y tienen, \u00a0adem\u00e1s, \u00a0 se\u00f1alada \u00a0 pena \u00a0 de \u00a0 prisi\u00f3n \u00a0 cuyo \u00a0 m\u00ednimo \u00a0es \u00a0superior \u00a0a \u00a04 \u00a0a\u00f1os. \u00a0\u00a0<\/p>\n<p>4.\u00a0 \u00a0 \u00a0 \u00a0 \u00a0Equivalencia \u00a0de \u00a0providencia proferida en el extranjero\u00a0\u00a0 \u00a0\u00a0<\/p>\n<p>Tampoco ofrece discusi\u00f3n en este asunto lo \u00a0atinente \u00a0a \u00a0la equivalencia de la providencia proferida en el extranjero con la \u00a0resoluci\u00f3n \u00a0acusatoria regulada en nuestro derecho procesal interno, pues, como \u00a0lo \u00a0tiene dicho de manera reiterada la Sala, a pesar de que se trata de sistemas \u00a0procesales \u00a0diferentes, \u00a0el \u00a0auto \u00a0de procesamiento o acusaci\u00f3n dictado por las \u00a0autoridades \u00a0judiciales \u00a0de \u00a0los \u00a0Estados Unidos satisface esta condici\u00f3n, como \u00a0quiera \u00a0 que \u00a0 contiene \u00a0 una \u00a0narraci\u00f3n \u00a0de \u00a0la \u00a0conducta \u00a0investigada \u00a0y \u00a0las \u00a0circunstancias \u00a0de \u00a0tiempo, \u00a0modo \u00a0y \u00a0lugar \u00a0que \u00a0la especifican, se basa en las \u00a0pruebas \u00a0allegadas \u00a0a \u00a0la \u00a0investigaci\u00f3n \u00a0y \u00a0tal \u00a0pieza \u00a0constituye el punto de \u00a0partida \u00a0de \u00a0la \u00a0etapa \u00a0del \u00a0juicio, \u00a0en donde el acusado puede controvertir las \u00a0evidencias \u00a0y los cargos que pesan en su contra, luego de lo cual se profiere el \u00a0fallo de m\u00e9rito. \u00a0\u00a0<\/p>\n<p>No \u00a0desconoce \u00a0la \u00a0Corte \u00a0y mucho menos el \u00a0legislador \u00a0la \u00a0realidad \u00a0de \u00a0las \u00a0diferencias \u00a0y similitudes que formal y acaso \u00a0sustancialmente \u00a0puedan \u00a0existir \u00a0entre \u00a0el \u00a0indictment \u00a0y \u00a0nuestra \u00a0resoluci\u00f3n \u00a0acusatoria, \u00a0pero \u00a0ello \u00a0en manera alguna puede servir de sustento para predicar \u00a0la \u00a0ausencia \u00a0del requisito, cuando precisamente la ley, previ\u00e9ndolas, exige no \u00a0su \u00a0igualdad \u00a0bajo \u00a0condiciones \u00a0de \u00a0coincidencia \u00a0absoluta sino su equivalente. \u00a0\u00a0<\/p>\n<p>5. No existiendo, en consecuencia, razones \u00a0para \u00a0que \u00a0la \u00a0Sala \u00a0emita \u00a0un concepto desfavorable y en cambio satisfechos los \u00a0requisitos \u00a0exigidos por el C\u00f3digo de Procedimiento Penal, importa s\u00ed advertir \u00a0que \u00a0la pena prevista en el pa\u00eds solicitante para los delitos por los cuales se \u00a0reclama \u00a0en \u00a0extradici\u00f3n al ciudadano colombiano FERNANDO CADENA PE\u00d1A podr\u00edan \u00a0comportar \u00a0 la \u00a0cadena \u00a0perpetua, \u00a0prohibida \u00a0en \u00a0nuestra \u00a0Constituci\u00f3n \u00a0en \u00a0el \u00a0art\u00edculo \u00a0 34. \u00a0Por \u00a0ello, \u00a0de \u00a0acogerse \u00a0el \u00a0presente \u00a0concepto, \u00a0el \u00a0Gobierno \u00a0Colombiano \u00a0deber\u00e1 \u00a0tener \u00a0en \u00a0cuenta \u00a0esta \u00a0situaci\u00f3n \u00a0a \u00a0fin \u00a0de imponer los \u00a0condicionamientos \u00a0que \u00a0estime \u00a0pertinentes, \u00a0especialmente \u00a0los \u00a0referidos a la \u00a0prohibici\u00f3n \u00a0de \u00a0infligir \u00a0penas \u00a0o tratos crueles inhumanos o degradantes y de \u00a0juzgar \u00a0a \u00a0la \u00a0persona \u00a0por conductas punibles anteriores a las que motivaron la \u00a0presente solicitud o al 17 de diciembre de 1.997. \u00a0\u00a0<\/p>\n<p>Adicionalmente \u00a0la \u00a0Corte condicionar\u00e1 el \u00a0concepto \u00a0que \u00a0ahora \u00a0rinde a que el Presidente de la Rep\u00fablica en ejercicio de \u00a0sus \u00a0deberes \u00a0constitucionales \u00a0y \u00a0de \u00a0la \u00a0funci\u00f3n \u00a0de \u00a0dirigir \u00a0las relaciones \u00a0internacionales, \u00a0disponga \u00a0lo \u00a0necesario \u00a0para \u00a0que \u00a0el servicio exterior de la \u00a0Rep\u00fablica \u00a0realice \u00a0un \u00a0detallado \u00a0seguimiento \u00a0a \u00a0los \u00a0condicionamientos antes \u00a0referidos \u00a0y \u00a0a \u00a0que \u00a0advierta al Estado requirente que la persona solicitada en \u00a0extradici\u00f3n \u00a0 ha \u00a0 permanecido \u00a0 privada \u00a0 de \u00a0 libertad \u00a0por \u00a0virtud \u00a0de \u00a0este \u00a0tr\u00e1mite. \u00a0\u00a0<\/p>\n<p>Cumplidos \u00a0pues \u00a0en \u00a0su \u00a0integridad \u00a0los \u00a0requisitos \u00a0se\u00f1alados \u00a0en \u00a0el art\u00edculo 520 del C\u00f3digo de Procedimiento Penal, \u00a0la \u00a0CORTE SUPREMA DE JUSTICIA, SALA DE CASACI\u00d3N PENAL, emite CONCEPTO FAVORABLE \u00a0a \u00a0la solicitud de extradici\u00f3n elevada por el Gobierno de los Estados Unidos en \u00a0relaci\u00f3n \u00a0con \u00a0el \u00a0ciudadano colombiano FERNANDO CADENA PE\u00d1A para que responda \u00a0por \u00a0 los \u00a0 cargos \u00a0 que \u00a0 le \u00a0 fueron \u00a0 formulados \u00a0 en \u00a0 la \u00a0 acusaci\u00f3n \u00a0 No. \u00a004-20865-CR-ALTONAGA \u00a0dictada \u00a0el \u00a05 \u00a0de \u00a0noviembre \u00a0de \u00a02.004 \u00a0en \u00a0el \u00a0Tribunal \u00a0Distrital \u00a0de \u00a0los \u00a0Estados \u00a0Unidos \u00a0para \u00a0el \u00a0Distrito \u00a0Meridional \u00a0de Florida. \u00a0\u00a0<\/p>\n<p>En caso de acoger el presente concepto, se \u00a0le \u00a0advierte \u00a0al Gobierno Nacional sobre la necesidad de imponer las condiciones \u00a0que \u00a0estime \u00a0convenientes, \u00a0adem\u00e1s \u00a0de \u00a0aquellas relativas a la prohibici\u00f3n de \u00a0juzgar \u00a0al \u00a0requerido \u00a0en \u00a0extradici\u00f3n por hechos anteriores diversos a los que \u00a0motivaron \u00a0esta \u00a0solicitud \u00a0o al 17 de diciembre de 1.997, y a que no se le haga \u00a0objeto \u00a0de \u00a0penas \u00a0o \u00a0tratos \u00a0crueles \u00a0inhumanos \u00a0o degradantes, como quiera que \u00a0conforme \u00a0a \u00a0las \u00a0normas \u00a0sustantivas \u00a0de \u00a0ese \u00a0pa\u00eds, \u00a0de ser condenado, aqu\u00e9l \u00a0podr\u00eda \u00a0enfrentar \u00a0hasta \u00a0la \u00a0cadena \u00a0perpetua, lo cual ri\u00f1e con los preceptos \u00a0constitucionales \u00a0patrios, \u00a0a \u00a0que \u00a0se \u00a0haga \u00a0un \u00a0seguimiento detallado sobre el \u00a0cumplimiento \u00a0de \u00a0las \u00a0mismas \u00a0y \u00a0se \u00a0informe \u00a0al \u00a0Estado \u00a0requirente \u00a0sobre \u00a0la \u00a0privaci\u00f3n \u00a0de \u00a0libertad \u00a0a \u00a0que \u00a0por \u00a0raz\u00f3n de este asunto ha sido sometido el \u00a0pedido en extradici\u00f3n. \u00a0\u00a0<\/p>\n<p>Comun\u00edquese \u00a0 esta \u00a0 determinaci\u00f3n \u00a0al \u00a0solicitado \u00a0FERNANDO \u00a0CADENA \u00a0PE\u00d1A, \u00a0a \u00a0su \u00a0defensor \u00a0y al Ministerio P\u00fablico, \u00a0debi\u00e9ndose \u00a0hacer \u00a0lo \u00a0propio con el Fiscal General de la Naci\u00f3n para lo de su \u00a0cargo. \u00a0\u00a0<\/p>\n<p>Devu\u00e9lvase el expediente al Ministerio de \u00a0Justicia \u00a0y \u00a0del Derecho para lo de ley. \u00a0 \u00a0 \u00a0\u00a0 \u00a0\u00a0 \u00a0 \u00a0 \u00a0 \u00a0 \u00a0 \u00a0 \u00a0 \u00a0 \u00a0\u00a0<\/p>\n<p>MARINA PULIDO DE BAR\u00d3N \u00a0<\/p>\n<p>Comisi\u00f3n de servicio \u00a0<\/p>\n<p>SIGIFREDO \u00a0 \u00a0 \u00a0 \u00a0 \u00a0ESPINOSA \u00a0P\u00c9REZ\u00a0\u00a0\u00a0\u00a0\u00a0\u00a0\u00a0\u00a0\u00a0\u00a0\u00a0\u00a0\u00a0\u00a0\u00a0\u00a0\u00a0\u00a0 \u00a0ALFREDO G\u00d3MEZ \u00a0QUINTERO\u00a0\u00a0\u00a0\u00a0\u00a0\u00a0\u00a0\u00a0\u00a0\u00a0\u00a0\u00a0\u00a0\u00a0\u00a0\u00a0\u00a0\u00a0\u00a0 \u00a0\u00a0<\/p>\n<p>Aclaraci\u00f3n de voto \u00a0<\/p>\n<p>EDGAR \u00a0 \u00a0 \u00a0 \u00a0 \u00a0 LOMBANA \u00a0TRUJILLO\u00a0\u00a0\u00a0\u00a0\u00a0\u00a0\u00a0\u00a0\u00a0 \u00a0\u00c1LVARO \u00a0ORLANDO \u00a0P\u00c9REZ PINZ\u00d3N\u00a0 \u00a0\u00a0<\/p>\n<p>Comisi\u00f3n de servicio \u00a0<\/p>\n<p>JORGE \u00a0 \u00a0 \u00a0 LUIS \u00a0 \u00a0 \u00a0 QUINTERO \u00a0MILAN\u00c9S\u00a0\u00a0\u00a0\u00a0\u00a0\u00a0\u00a0\u00a0\u00a0\u00a0\u00a0\u00a0\u00a0\u00a0\u00a0 \u00a0YESID RAM\u00cdREZ \u00a0BASTIDAS\u00a0\u00a0\u00a0\u00a0\u00a0\u00a0\u00a0\u00a0\u00a0\u00a0\u00a0\u00a0\u00a0\u00a0\u00a0\u00a0\u00a0\u00a0\u00a0\u00a0\u00a0\u00a0\u00a0 \u00a0\u00a0<\/p>\n<p>MAURO \u00a0 \u00a0 \u00a0 \u00a0 \u00a0 SOLARTE \u00a0PORTILLA\u00a0\u00a0\u00a0\u00a0\u00a0\u00a0\u00a0\u00a0\u00a0\u00a0\u00a0\u00a0\u00a0\u00a0\u00a0\u00a0\u00a0\u00a0\u00a0\u00a0\u00a0\u00a0\u00a0\u00a0\u00a0\u00a0\u00a0\u00a0\u00a0\u00a0\u00a0 \u00a0JAVIER ZAPATA ORTIZ \u00a0\u00a0<\/p>\n<p>Teresa Ruiz N\u00fa\u00f1ez \u00a0<\/p>\n<p>Secretaria \u00a0<\/p>\n<p>\u00a0 \u00a0\u00a0<\/p>\n<p><\/p>\n","protected":false},"excerpt":{"rendered":"<p>\u00a0 \u00a0 Proceso No 24049 \u00a0 CORTE SUPREMA DE JUSTICIA \u00a0 SALA DE CASACI\u00d3N PENAL \u00a0 \u00a0\u00a0\u00a0\u00a0\u00a0\u00a0 \u00a0Magistrado Ponente: \u00a0\u00a0 Dr. ALFREDO G\u00d3MEZ QUINTERO \u00a0 \u00a0\u00a0\u00a0\u00a0\u00a0\u00a0\u00a0\u00a0\u00a0\u00a0\u00a0\u00a0\u00a0\u00a0\u00a0\u00a0\u00a0\u00a0\u00a0\u00a0\u00a0\u00a0\u00a0\u00a0\u00a0\u00a0\u00a0\u00a0\u00a0\u00a0\u00a0 \u00a0Aprobado Acta No. 81 \u00a0\u00a0 Bogot\u00e1, D. C., veinticinco (25) de octubre \u00a0de dos mil cinco (2.005). \u00a0\u00a0 VISTOS: \u00a0 Agotado el tr\u00e1mite previsto en el art\u00edculo \u00a0518 \u00a0del [&hellip;]<\/p>\n","protected":false},"author":1,"featured_media":0,"comment_status":"open","ping_status":"open","sticky":false,"template":"","format":"standard","meta":{"footnotes":""},"categories":[13],"tags":[],"class_list":["post-10526","post","type-post","status-publish","format-standard","hentry","category-13"],"_links":{"self":[{"href":"https:\/\/dmsjuridica.com\/buscador_20179478954\/salapenalcronologico20230723\/wp-json\/wp\/v2\/posts\/10526","targetHints":{"allow":["GET"]}}],"collection":[{"href":"https:\/\/dmsjuridica.com\/buscador_20179478954\/salapenalcronologico20230723\/wp-json\/wp\/v2\/posts"}],"about":[{"href":"https:\/\/dmsjuridica.com\/buscador_20179478954\/salapenalcronologico20230723\/wp-json\/wp\/v2\/types\/post"}],"author":[{"embeddable":true,"href":"https:\/\/dmsjuridica.com\/buscador_20179478954\/salapenalcronologico20230723\/wp-json\/wp\/v2\/users\/1"}],"replies":[{"embeddable":true,"href":"https:\/\/dmsjuridica.com\/buscador_20179478954\/salapenalcronologico20230723\/wp-json\/wp\/v2\/comments?post=10526"}],"version-history":[{"count":0,"href":"https:\/\/dmsjuridica.com\/buscador_20179478954\/salapenalcronologico20230723\/wp-json\/wp\/v2\/posts\/10526\/revisions"}],"wp:attachment":[{"href":"https:\/\/dmsjuridica.com\/buscador_20179478954\/salapenalcronologico20230723\/wp-json\/wp\/v2\/media?parent=10526"}],"wp:term":[{"taxonomy":"category","embeddable":true,"href":"https:\/\/dmsjuridica.com\/buscador_20179478954\/salapenalcronologico20230723\/wp-json\/wp\/v2\/categories?post=10526"},{"taxonomy":"post_tag","embeddable":true,"href":"https:\/\/dmsjuridica.com\/buscador_20179478954\/salapenalcronologico20230723\/wp-json\/wp\/v2\/tags?post=10526"}],"curies":[{"name":"wp","href":"https:\/\/api.w.org\/{rel}","templated":true}]}}