{"id":10506,"date":"2023-09-08T18:26:36","date_gmt":"2023-09-08T18:26:36","guid":{"rendered":"https:\/\/dmsjuridica.com\/buscador_20179478954\/salapenalcronologico20230723\/2023\/09\/08\/2400407-09-05\/"},"modified":"2023-09-08T18:26:36","modified_gmt":"2023-09-08T18:26:36","slug":"2400407-09-05","status":"publish","type":"post","link":"https:\/\/dmsjuridica.com\/buscador_20179478954\/salapenalcronologico20230723\/2023\/09\/08\/2400407-09-05\/","title":{"rendered":"24004(07-09-05)"},"content":{"rendered":"\n<p>\u00a0 \u00a0 Proceso \u00a0 \u00a0 No \u00a024004 \u00a0\u00a0<\/p>\n<p>CORTE \u00a0 SUPREMA \u00a0 DE \u00a0JUSTICIA \u00a0\u00a0<\/p>\n<p>SALA DE CASACI\u00d3N PENAL \u00a0<\/p>\n<p>MAGISTRADOS \u00a0PONENTES \u00a0\u00a0<\/p>\n<p>\u00c1LVARO ORLANDO P\u00c9REZ PINZ\u00d3N \u00a0<\/p>\n<p>MARINA PULIDO DE BAR\u00d3N \u00a0<\/p>\n<p>APROBADO ACTA No. 065 \u00a0<\/p>\n<p>Bogot\u00e1, \u00a0D. C., siete (7) de septiembre del \u00a0dos mil cinco (2005). \u00a0\u00a0<\/p>\n<p>VISTOS \u00a0<\/p>\n<p>Decide \u00a0la \u00a0Sala si es procedente admitir la \u00a0demanda \u00a0 \u00a0de \u00a0 casaci\u00f3n \u00a0 presentada \u00a0 por \u00a0 el \u00a0 defensor \u00a0 de \u00a0 BERTULFO \u00a0 \u00a0 DE \u00a0 \u00a0 JES\u00daS \u00a0 \u00a0 GALLEGO \u00a0 \u00a0 CASTA\u00d1O \u00a0 \u00a0 contra \u00a0la sentencia dictada el 9 de marzo del 2005 por el Tribunal \u00a0Superior de Medell\u00edn. \u00a0\u00a0<\/p>\n<p>HECHOS Y ACTUACI\u00d3N\u00a0 PROCESAL \u00a0<\/p>\n<p>En \u00a0la madrugada del 29 de mayo del 2001, en \u00a0la \u00a0ciudad \u00a0de \u00a0Medell\u00edn, \u00a0una \u00a0persona que m\u00e1s tarde ser\u00eda identificada como \u00a0BERTULFO \u00a0 DE \u00a0 JES\u00daS \u00a0GALLEGO \u00a0CASTA\u00d1O \u00a0dispar\u00f3 \u00a0contra \u00a0Fernando \u00a0Su\u00e1rez \u00a0S\u00e1nchez, \u00a0ocasion\u00e1ndole la \u00a0muerte, \u00a0porque \u00a0minutos \u00a0antes hab\u00eda salido en defensa de una joven que aqu\u00e9l \u00a0acosaba. \u00a0\u00a0<\/p>\n<p>Adelantada la investigaci\u00f3n, el 14 de abril \u00a0del \u00a02003 \u00a0un \u00a0fiscal \u00a0seccional \u00a0de \u00a0Medell\u00edn \u00a0formul\u00f3 resoluci\u00f3n acusatoria \u00a0contra \u00a0GALLEGO CASTA\u00d1O por \u00a0los \u00a0delitos \u00a0de \u00a0homicidio \u00a0agravado y porte ilegal de arma de fuego, il\u00edcitos \u00a0por \u00a0los \u00a0que \u00a0el 29 de julio del 2004 fue condenado por el Juzgado 23 Penal del \u00a0Circuito \u00a0a 30 a\u00f1os y 6 meses de prisi\u00f3n, inhabilitaci\u00f3n para el ejercicio de \u00a0derechos \u00a0y \u00a0funciones p\u00fablicas por el mismo t\u00e9rmino, privaci\u00f3n del derecho a \u00a0la \u00a0tenencia \u00a0y porte de armas por 15 a\u00f1os y al pago de los perjuicios causados \u00a0con la infracci\u00f3n. \u00a0\u00a0<\/p>\n<p>La sentencia, impugnada por el defensor, fue \u00a0confirmada \u00a0en \u00a0su integridad el 9 de marzo del 2005 por el Tribunal Superior de \u00a0Medell\u00edn. \u00a0\u00a0<\/p>\n<p>LA DEMANDA Y SUS CONSIDERACIONES \u00a0<\/p>\n<p>Con apoyo en la causal tercera de casaci\u00f3n, \u00a0el \u00a0defensor dijo acusar la sentencia de segundo grado por haberse dictado en un \u00a0juicio viciado de nulidad, por violaci\u00f3n del debido proceso. \u00a0\u00a0<\/p>\n<p>Sin \u00a0embargo, \u00a0de \u00a0inmediato \u00a0y sin tener en \u00a0cuenta \u00a0que \u00a0el invocado era un vicio de estructura, afirm\u00f3 que al amparo de la \u00a0causal \u00a0pod\u00eda \u00a0plantear la afectaci\u00f3n del derecho de defensa, que configura un \u00a0defecto \u00a0de \u00a0garant\u00eda, \u00a0lo \u00a0que \u00a0en \u00a0efecto pod\u00eda hacer siempre que postulara, \u00a0desarrollara \u00a0y \u00a0demostrara \u00a0los \u00a0cargos \u00a0de \u00a0manera \u00a0aut\u00f3noma, \u00a0pues \u00a0tanto la \u00a0jurisprudencia \u00a0 como \u00a0 la \u00a0 ley \u00a0 trata \u00a0 esas \u00a0 irregularidades \u00a0como \u00a0motivos \u00a0independientes de nulidad. \u00a0\u00a0<\/p>\n<p>Bien \u00a0pudo \u00a0ocurrir, \u00a0sin \u00a0embargo, \u00a0que \u00a0el \u00a0prop\u00f3sito \u00a0del \u00a0demandante hubiese sido el de exponer la violaci\u00f3n del derecho \u00a0de \u00a0defensa \u00a0como una modalidad especial del principio m\u00e1s gen\u00e9rico del debido \u00a0proceso \u00a0constitucional \u00a0y \u00a0por \u00a0eso, \u00a0en \u00a0lugar \u00a0de \u00a0citar el art\u00edculo 306 del \u00a0C\u00f3digo \u00a0de \u00a0Procedimiento \u00a0Penal, \u00a0que \u00a0los contempla como causales diferentes, \u00a0mencion\u00f3 el art\u00edculo 29 de la Carta Pol\u00edtica. \u00a0\u00a0<\/p>\n<p>Pero \u00a0la \u00a0distinci\u00f3n \u00a0no \u00a0le \u00a0interes\u00f3 \u00a0al \u00a0casacionista. \u00a0Tampoco \u00a0desarrollar \u00a0la \u00a0vulneraci\u00f3n \u00a0de \u00a0la \u00a0defensa, \u00a0pues \u00a0a \u00a0rengl\u00f3n \u00a0 \u00a0 \u00a0 seguido \u00a0 \u00a0 \u00a0prefiri\u00f3 \u00a0 \u00a0 \u00a0seguir \u00a0insistiendo, \u00a0seg\u00fan \u00a0anot\u00f3, en que el testimonio de \u00a0Nora \u00a0Leticia \u00a0Casta\u00f1o \u00a0no merec\u00eda credibilidad. Apenas lo dej\u00f3 enunciado, ya \u00a0que \u00a0la \u00a0siguiente preocupaci\u00f3n que expuso fue la falta de prueba plena, porque \u00a0algunos \u00a0testigos fueron de \u00a0o\u00eddas. \u00a0\u00a0<\/p>\n<p>Y, cuando parec\u00eda que se iba a ocupar de la \u00a0falta \u00a0de \u00a0defensa \u00a0t\u00e9cnica \u00a0y \u00a0adecuada, \u00a0como denomin\u00f3 un ac\u00e1pite del escrito, critic\u00f3 que en el fallo \u00a0nada \u00a0 se \u00a0 dijera \u00a0 sobre \u00a0 la \u00a0 negativa \u00a0 del \u00a0 A \u00a0quo \u00a0de \u00a0\u201cpracticar \u00a0m\u00e1s \u00a0pruebas\u201d \u00a0\u2013que \u00a0ni \u00a0siquiera menciona- y centr\u00f3 \u00a0su \u00a0atenci\u00f3n \u00a0en una desafortunada frase del Tribunal (\u201ccon la participaci\u00f3n \u00a0de \u00a0un defensor o sin \u00e9l, el resultado hubiese sido el mismo\u201d) para demostrar \u00a0con \u00a0 su \u00a0 solo \u00a0 enunciado \u00a0 que \u00a0 se \u00a0 continuaba \u00a0 violando \u00a0 el \u00a0derecho \u00a0de \u00a0defensa. \u00a0\u00a0<\/p>\n<p>Si \u00a0a \u00a0esta \u00a0altura \u00a0del \u00a0escrito, \u00a0como \u00a0se \u00a0advierte, \u00a0nada \u00a0concreto ha planteado el recurrente, menos lo har\u00e1 en adelante \u00a0pues \u00a0dedica \u00a0las \u00a0dos \u00a0p\u00e1ginas \u00a0siguientes \u00a0a \u00a0lamentar \u00a0que \u00a0no se le hubiera \u00a0respetado \u00a0a \u00a0su \u00a0cliente \u00a0el \u00a0\u201cderecho \u00a0a defenderse probando\u201d porque no se \u00a0practicaron \u00a0las \u00a0pruebas \u00a0pedidas \u00a0en \u00a0el traslado para audiencia preparatoria, \u00a0\u201cnecesarias \u00a0para \u00a0desvirtuar \u00a0la autor\u00eda material\u201d, pero sin mencionar uno \u00a0solo de esos indispensables medios de convicci\u00f3n omitidos. \u00a0\u00a0<\/p>\n<p>Finaliza \u00a0exponiendo \u00a0como \u00a0\u201cotro asunto a \u00a0ventilar\u201d \u00a0que \u00a0al \u00a0procesado \u00a0no \u00a0se le hubiera hecho la imputaci\u00f3n f\u00e1ctica \u00a0porque \u00a0no \u00a0se \u00a0le \u00a0escuch\u00f3 \u00a0en \u00a0indagatoria con claro quebranto del derecho de \u00a0defensa, \u00a0cuid\u00e1ndose \u00a0de aclarar, como pudo constatarlo la Sala en la revisi\u00f3n \u00a0forzosa \u00a0que \u00a0deb\u00eda \u00a0hacer \u00a0de \u00a0la \u00a0actuaci\u00f3n \u00a0para \u00a0verificar que se hubieran \u00a0respetado \u00a0 las \u00a0 garant\u00edas \u00a0 fundamentales, \u00a0 que \u00a0 el \u00a0 se\u00f1or \u00a0 GALLEGO \u00a0 \u00a0CASTA\u00d1O \u00a0 fue \u00a0 oportuna \u00a0 y \u00a0legalmente \u00a0vinculado \u00a0a \u00a0la \u00a0investigaci\u00f3n \u00a0mediante \u00a0declaratoria \u00a0de persona \u00a0ausente. \u00a0\u00a0<\/p>\n<p>Formulado \u00a0el \u00a0ataque \u00a0en esos t\u00e9rminos, es \u00a0claro \u00a0que \u00a0la demanda no cumple con las exigencias previstas en el numeral 3\u00ba. \u00a0del \u00a0art\u00edculo 212 del C\u00f3digo de Procedimiento Penal, lo que conduce, seg\u00fan lo \u00a0prev\u00e9 \u00a0el \u00a0art\u00edculo 213 del estatuto procesal, a la inadmisi\u00f3n de la demanda, \u00a0como en efecto lo dispondr\u00e1 la Sala. \u00a0\u00a0<\/p>\n<p>Sin \u00a0 embargo, \u00a0de \u00a0la \u00a0revisi\u00f3n \u00a0de \u00a0las \u00a0sentencias \u00a0de \u00a0primera \u00a0y \u00a0segunda instancias se advierte que los juzgadores se \u00a0equivocaron \u00a0en \u00a0la \u00a0tarea \u00a0de \u00a0individualizar \u00a0la \u00a0pena accesoria y fijaron una \u00a0bastante superior a la que en realidad correspond\u00eda. \u00a0\u00a0<\/p>\n<p>Como \u00a0el yerro, seg\u00fan lo ha reivindicado la \u00a0Sala \u00a0en \u00a0ejercicio \u00a0de \u00a0las \u00a0funciones \u00a0que \u00a0debe \u00a0cumplir \u00a0como garante de los \u00a0derechos \u00a0fundamentales, \u00a0es susceptible de ser corregido de oficio por la Corte \u00a0porque \u00a0as\u00ed lo permite el art\u00edculo 216 del C\u00f3digo de Procedimiento Penal y lo \u00a0ordena \u00a0 la \u00a0 Constituci\u00f3n \u00a0Pol\u00edtica, \u00a0se \u00a0dispondr\u00e1 \u00a0correr \u00a0traslado \u00a0a \u00a0la \u00a0Procuradur\u00eda \u00a0por \u00a0el \u00a0t\u00e9rmino \u00a0de \u00a020 \u00a0d\u00edas \u00a0para \u00a0que \u00a0concept\u00fae \u00a0sobre la \u00a0posibilidad \u00a0 de \u00a0 casar \u00a0 la \u00a0 sentencia \u00a0 respecto \u00a0 del \u00a0tema \u00a0que \u00a0se \u00a0dej\u00f3 \u00a0enunciado. \u00a0\u00a0<\/p>\n<p>En \u00a0m\u00e9rito \u00a0de \u00a0lo \u00a0expuesto, \u00a0la \u00a0Sala \u00a0de \u00a0Casaci\u00f3n Penal de la Corte Suprema de Justicia, \u00a0\u00a0<\/p>\n<p>RESUELVE \u00a0<\/p>\n<p>INADMITIR la demanda \u00a0de \u00a0 \u00a0casaci\u00f3n \u00a0 presentada \u00a0 por \u00a0 el \u00a0 defensor \u00a0 del \u00a0 se\u00f1or \u00a0 BERTULFO \u00a0 \u00a0 DE \u00a0 \u00a0 JES\u00daS \u00a0 \u00a0 GALLEGO \u00a0 \u00a0 CASTA\u00d1O \u00a0 \u00a0 contra \u00a0la sentencia dictada el 9 de marzo del 2005 por el Tribunal \u00a0Superior de Medell\u00edn. \u00a0\u00a0<\/p>\n<p>Correr \u00a0 traslado \u00a0 de \u00a0la \u00a0actuaci\u00f3n \u00a0al \u00a0Ministerio \u00a0P\u00fablico \u00a0por \u00a0el \u00a0t\u00e9rmino de veinte d\u00edas, para que rinda concepto \u00a0sobre la procedencia de la casaci\u00f3n oficiosa en este asunto. \u00a0\u00a0<\/p>\n<p>Contra \u00a0 este \u00a0 auto \u00a0no \u00a0procede \u00a0recurso \u00a0alguno. \u00a0\u00a0<\/p>\n<p>Notif\u00edquese y c\u00famplase. \u00a0<\/p>\n<p>MARINA PULIDO DE BAR\u00d3N \u00a0<\/p>\n<p>\u00a0 SIGIFREDO \u00a0 ESPINOSA \u00a0P\u00c9REZ \u00a0 \u00a0 \u00a0 \u00a0\u00a0ALFREDO \u00a0 \u00a0G\u00d3MEZ \u00a0QUINTERO\u00a0\u00a0\u00a0\u00a0\u00a0\u00a0\u00a0\u00a0 \u00a0 \u00a0\u00a0<\/p>\n<p>(salvamento parcial de voto) \u00a0<\/p>\n<p>\u00c9DGAR \u00a0 \u00a0 \u00a0 \u00a0 \u00a0 LOMBANA \u00a0TRUJILLO\u00a0\u00a0\u00a0\u00a0\u00a0\u00a0\u00a0\u00a0\u00a0\u00a0 \u00a0\u00c1LVARO O. \u00a0P\u00c9REZ PINZ\u00d3N\u00a0\u00a0\u00a0 \u00a0\u00a0<\/p>\n<p>\u00a0\u00a0 \u00a0 (salvamento \u00a0 parcial \u00a0 de \u00a0voto) \u00a0\u00a0<\/p>\n<p>JORGE \u00a0 \u00a0 \u00a0 \u00a0L. \u00a0 \u00a0 \u00a0 \u00a0QUINTERO \u00a0MILAN\u00c9S\u00a0\u00a0\u00a0\u00a0\u00a0 \u00a0 \u00a0 YESID \u00a0 \u00a0 RAM\u00cdREZ \u00a0 \u00a0 BASTIDAS\u00a0 \u00a0\u00a0<\/p>\n<p>\u00a0 \u00a0 \u00a0 \u00a0 \u00a0<\/p>\n<p>MAURO \u00a0 \u00a0SOLARTE \u00a0PORTILLA \u00a0\u00a0<\/p>\n<p>TERESA RUIZ N\u00da\u00d1EZ \u00a0<\/p>\n<p>Secretaria \u00a0<\/p>\n<p>SALVAMENTO PARCIAL DE VOTO \u00a0<\/p>\n<p>Con \u00a0el acostumbrado respeto que me merecen \u00a0las \u00a0decisiones \u00a0de \u00a0la Sala, presento a continuaci\u00f3n las razones de mi disenso \u00a0con \u00a0la \u00a0determinaci\u00f3n \u00a0adoptada \u00a0por \u00a0la mayor\u00eda, pues considero que ella, al \u00a0inadmitir \u00a0la \u00a0demanda \u00a0de casaci\u00f3n presentada a nombre del procesado para a la \u00a0vez \u00a0disponer \u00a0un tr\u00e1mite que no est\u00e1 previsto en la ley con el fin de evaluar \u00a0la \u00a0posibilidad de casar de oficio la sentencia por una presunta vulneraci\u00f3n de \u00a0derechos \u00a0fundamentales, rompe de tajo la estructura del proceso y desconoce los \u00a0institutos que le est\u00e1n anejos. \u00a0\u00a0<\/p>\n<p>En \u00a0efecto, la casaci\u00f3n, tal y como qued\u00f3 \u00a0concebida \u00a0en \u00a0las \u00a0disposiciones que por raz\u00f3n de la inexequibilidad de la ley \u00a0553 \u00a0de 2000 y las pertinentes de la ley 600 del mismo a\u00f1o, recobraron vigencia \u00a0\u2013decreto \u00a02700 de 1991-, \u00a0es \u00a0un \u00a0medio \u00a0extraordinario \u00a0de impugnaci\u00f3n llamado a cumplir las finalidades \u00a0constitucionales \u00a0de \u00a0la prevalencia del Estado Social de Derecho, el imperio de \u00a0la \u00a0ley, \u00a0la \u00a0realizaci\u00f3n \u00a0del \u00a0derecho \u00a0sustancial \u00a0y \u00a0la \u00a0unificaci\u00f3n \u00a0de la \u00a0jurisprudencia \u00a0nacional, \u00a0seg\u00fan se desprende de lo preceptuado en el art\u00edculo \u00a0235-1 \u00a0de \u00a0la \u00a0Carta \u00a0Pol\u00edtica, \u00a0por \u00a0lo \u00a0que \u00a0no \u00a0puede confund\u00edrsele con los \u00a0recursos de la v\u00eda ordinaria. \u00a0\u00a0<\/p>\n<p>Igualmente, \u00a0la \u00a0casaci\u00f3n como un juicio de \u00a0legalidad \u00a0que \u00a0se \u00a0emite \u00a0sobre la sentencia, tampoco puede entenderse como una \u00a0instancia \u00a0adicional, \u00a0ni \u00a0como potestad ilimitada para revisar el proceso en su \u00a0totalidad, \u00a0en \u00a0sus diversos aspectos f\u00e1cticos y normativos, sino como una fase \u00a0extraordinaria, limitada y excepcional del mismo. \u00a0\u00a0<\/p>\n<p>La \u00a0pretensi\u00f3n \u00a0impugnativa \u00a0en \u00a0casaci\u00f3n \u00a0siempre \u00a0tiene \u00a0un \u00a0objeto \u00a0preciso y diferente al de las instancias; regido por \u00a0causales \u00a0espec\u00edficas \u00a0se\u00f1aladas por la ley, con cargos que han de adecuarse a \u00a0estas \u00a0y \u00a0que \u00a0se \u00a0deciden por una nueva sentencia. Por lo tanto, es diferente y \u00a0diversa \u00a0en \u00a0objeto \u00a0y \u00a0contenido \u00a0de \u00a0la que se profiri\u00f3 por los falladores de \u00a0primero y segundo grados en el proceso respectivo. \u00a0\u00a0<\/p>\n<p>Ciertamente, \u00a0esa \u00a0configuraci\u00f3n \u00a0de \u00a0la \u00a0casaci\u00f3n \u00a0 como \u00a0 recurso \u00a0 extraordinario \u00a0 no \u00a0 es \u00a0campo \u00a0vedado \u00a0para \u00a0que, \u00a0reconoci\u00e9ndose \u00a0el \u00a0influjo \u00a0que \u00a0el \u00a0proceso \u00a0penal recibe de los principios y \u00a0valores \u00a0que \u00a0emanan \u00a0de \u00a0la \u00a0Carta \u00a0Pol\u00edtica, que para todos los efectos de la \u00a0actividad \u00a0estatal, \u00a0incluida \u00a0la \u00a0jurisdiccional, estatuy\u00f3 el modelo de Estado \u00a0social \u00a0y \u00a0democr\u00e1tico de derecho para Colombia, la Corte tambi\u00e9n propenda por \u00a0la \u00a0salvaguarda de los derechos esenciales de las personas, la tutela del debido \u00a0proceso, \u00a0la \u00a0prevalencia \u00a0del derecho sustancial y la garant\u00eda del acceso a la \u00a0administraci\u00f3n \u00a0de \u00a0justicia, \u00a0que tan caros resultaron en la decisi\u00f3n de cuyo \u00a0contenido me aparto. \u00a0\u00a0<\/p>\n<p>Pero \u00a0alcanzar \u00a0esos loables prop\u00f3sitos no \u00a0justifica \u00a0el empleo de cualquier medio, porque a\u00fan dentro de ese contexto toda \u00a0funci\u00f3n \u00a0est\u00e1 \u00a0sometida \u00a0a muy precisos l\u00edmites y se desarrolla con arreglo a \u00a0determinadas competencias. \u00a0\u00a0<\/p>\n<p>No \u00a0cabe \u00a0duda \u00a0que \u00a0el \u00a0legislador \u00a0y \u00a0la \u00a0jurisprudencia \u00a0de \u00a0esta Corte, de modo paulatino, han venido flexibilizando los \u00a0rigores \u00a0para \u00a0acceder a la casaci\u00f3n, ejemplo de lo cual es la introducci\u00f3n de \u00a0institutos \u00a0como \u00a0la casaci\u00f3n oficiosa y la excepcional, circunstancia que, sin \u00a0embargo, \u00a0 no \u00a0 sustrae \u00a0 la \u00a0 naturaleza \u00a0 extraordinaria \u00a0 de \u00a0este \u00a0medio \u00a0de \u00a0impugnaci\u00f3n. \u00a0\u00a0<\/p>\n<p>Tambi\u00e9n \u00a0es \u00a0cierto \u00a0que la doctrina de la \u00a0Corte \u00a0ven\u00eda \u00a0entendiendo, \u00a0hasta \u00a0ahora, que para entrar a casar de oficio una \u00a0sentencia \u00a0deb\u00eda \u00a0mediar una demanda en forma, esto es, que hubiese superado el \u00a0examen \u00a0formal \u00a0y, \u00a0por \u00a0ende, \u00a0el \u00a0tr\u00e1mite \u00a0subsiguiente, \u00a0el \u00a0del traslado al \u00a0Procurador \u00a0Delegado, \u00a0y que a pesar de desestimar sus fundamentos, por advertir \u00a0la \u00a0presencia \u00a0evidente \u00a0del quebranto a una garant\u00eda, se allanaba el camino al \u00a0quiebre \u00a0del \u00a0fallo. \u00a0Un \u00a0ejemplo \u00a0de \u00a0esa \u00a0tendencia \u00a0lo constituye un reciente \u00a0pronunciamiento de la Sala: \u00a0\u00a0<\/p>\n<p>\u201cLa \u00a0 Corte \u00a0adquiere \u00a0competencia \u00a0para \u00a0conocer \u00a0de \u00a0la \u00a0casaci\u00f3n, \u00a0s\u00f3lo \u00a0a \u00a0partir de la \u00a0presentaci\u00f3n \u00a0de \u00a0una demanda en debida forma y de la existencia de un inter\u00e9s \u00a0jur\u00eddico \u00a0para \u00a0recurrir \u00a0-art\u00edculo \u00a0213 \u00a0de \u00a0la \u00a0ley \u00a0600 \u00a0de \u00a02000-, \u00a0siendo \u00a0ileg\u00edtima \u00a0 cualquier \u00a0 intervenci\u00f3n \u00a0 suya \u00a0sin \u00a0el \u00a0cumplimiento \u00a0de \u00a0dichos \u00a0presupuestos, \u00a0los \u00a0cuales \u00a0no pueden ser obviados con los enunciados gen\u00e9ricos \u00a0de disposiciones constitucionales que la har\u00edan procedente. \u00a0\u00a0<\/p>\n<p>\u201cAceptar \u00a0-sin m\u00e1s- la tesis propuesta a \u00a0partir \u00a0de \u00a0la \u00a0prevalencia \u00a0del derecho material, la vigencia de un orden justo \u00a0como \u00a0fin \u00a0esencial \u00a0del \u00a0estado y del principio de preeminencia de las normas y \u00a0valores \u00a0constitucionales que irradian al universo jur\u00eddico interno, ni m\u00e1s ni \u00a0menos \u00a0ser\u00eda \u00a0desquiciar \u00a0el \u00a0ordenamiento \u00a0jur\u00eddico cuya defensa se propugna, \u00a0pues \u00a0por \u00a0esa \u00a0v\u00eda \u00a0cualquier sujeto procesal entender\u00eda encontrarse frente a \u00a0una \u00a0violaci\u00f3n \u00a0de \u00a0sus \u00a0garant\u00edas, \u00a0que obligar\u00eda a la Corte a contrariar el \u00a0orden \u00a0que \u00a0se \u00a0quiere proteger y a desvirtuar la naturaleza de la casaci\u00f3n que \u00a0en nuestro medio es esencialmente un juicio de legalidad. \u00a0\u00a0<\/p>\n<p>\u201cRep\u00e1rese \u00a0en \u00a0que \u00a0la \u00a0intervenci\u00f3n \u00a0oficiosa de la Corte, permitida por el art\u00edculo 216 del \u00a0C\u00f3digo \u00a0de Procedimiento Penal para declarar nulidades requiere que la demanda, \u00a0h\u00e1yase \u00a0o \u00a0no \u00a0invocado \u00a0la \u00a0causal tercera del art\u00edculo 207 no prospere, pero \u00a0a\u00fan \u00a0as\u00ed \u00a0se \u00a0advierta la irregularidad sustancial a corregir, como quiera que \u00a0la \u00a0 limita \u00a0 a \u00a0 tener \u00a0 en \u00a0 cuenta \u00a0 \u00fanicamente \u00a0las \u00a0causales \u00a0\u2018expresamente \u00a0 \u00a0alegadas \u00a0 por \u00a0 el \u00a0demandante\u2019. \u00a0 \u00a0Pero \u00a0asimismo, \u00a0prev\u00e9 la posibilidad de casar la sentencia cuando sea ostensible que \u00a0la \u00a0misma \u00a0afecta \u00a0las \u00a0garant\u00edas \u00a0fundamentales.\u201d \u00a0(Sentencia \u00a0del \u00a08 \u00a0de julio de 2004, radicaci\u00f3n 20.323.\u00a0 M.P. Dr. Alfredo \u00a0G\u00f3mez Quintero). \u00a0\u00a0<\/p>\n<p>Incluso, \u00a0poco \u00a0antes \u00a0fue \u00a0m\u00e1s all\u00e1 y al \u00a0constatar \u00a0que \u00a0respecto de un procesado que no hab\u00eda recurrido la sentencia de \u00a0primera \u00a0instancia \u00a0ni \u00a0tampoco interpuso casaci\u00f3n, se le hab\u00edan vulnerado sus \u00a0garant\u00edas \u00a0fundamentales, \u00a0hizo \u00a0uso \u00a0de \u00a0la \u00a0potestad \u00a0de \u00a0casaci\u00f3n \u00a0oficiosa \u00a0consagrada \u00a0en \u00a0el \u00a0art\u00edculo \u00a0216, \u00a0pero \u00a0de \u00a0todos \u00a0modos, despu\u00e9s de haberse \u00a0surtido \u00a0la \u00a0plenitud \u00a0del \u00a0tr\u00e1mite \u00a0presupuesto \u00a0de la sentencia de casaci\u00f3n. \u00a0(Cfr. \u00a0sentencia \u00a0del \u00a012 \u00a0de \u00a0mayo \u00a0de 2004, radicaci\u00f3n 20.114.\u00a0 M.P. Dr. \u00a0\u00c1lvaro Orlando P\u00e9rez Pinz\u00f3n). \u00a0\u00a0<\/p>\n<p>Cabe \u00a0decir \u00a0que \u00a0en \u00a0tales \u00a0ocasiones y en \u00a0algunas \u00a0otras \u00a0en \u00a0las cuales esta Corporaci\u00f3n dio lugar a casar de oficio una \u00a0sentencia, \u00a0 lo \u00a0 hizo \u00a0 con \u00a0plena \u00a0competencia, \u00a0en \u00a0ejercicio \u00a0cabal \u00a0de \u00a0sus \u00a0atribuciones \u00a0que \u00a0como \u00a0Corte de Casaci\u00f3n le confiere el art\u00edculo 235-1 de la \u00a0Constituci\u00f3n y la ley. \u00a0\u00a0<\/p>\n<p>Pero \u00a0la \u00a0singular \u00a0soluci\u00f3n \u00a0que ahora se \u00a0adopt\u00f3 \u00a0est\u00e1 \u00a0por \u00a0fuera del \u00e1mbito dentro del cual la Corte puede ejercer de \u00a0manera leg\u00edtima su atribuci\u00f3n como Corte de Casaci\u00f3n. \u00a0\u00a0<\/p>\n<p>El \u00a0Cap\u00edtulo IX, del T\u00edtulo V del C\u00f3digo \u00a0de \u00a0Procedimiento \u00a0Penal, \u00a0dedicado a la casaci\u00f3n, integrado con las normas del \u00a0Decreto \u00a0 2700 \u00a0 de \u00a01991 \u00a0que \u00a0revivieron \u00a0en \u00a0virtud \u00a0de \u00a0la \u00a0declaratoria \u00a0de \u00a0inexequibilidad \u00a0de algunos preceptos de la Ley 553 de 2000, as\u00ed como de la Ley \u00a0600 \u00a0de \u00a0ese \u00a0a\u00f1o \u00a0(sentencia \u00a0C-252\/01), \u00a0atinentes al recurso extraordinario, \u00a0conforman unidad secuencial, l\u00f3gica y racional. \u00a0\u00a0<\/p>\n<p>De esa forma, se\u00f1ala los eventos en los que \u00a0procede \u00a0la \u00a0casaci\u00f3n \u00a0(art\u00edculo \u00a0205), \u00a0fija las causales susceptibles de ser \u00a0invocadas \u00a0(art\u00edculo 207), prev\u00e9 qui\u00e9nes est\u00e1n legitimados para presentar la \u00a0demanda \u00a0(art\u00edculo 209), se ocupa del tr\u00e1mite que opera una vez interpuesto el \u00a0recurso \u00a0(art\u00edculos \u00a0224 \u00a0del \u00a0Decreto \u00a02700 \u00a0y \u00a0211 \u00a0Ley \u00a0600), especifica los \u00a0requisitos \u00a0que \u00a0debe contener el libelo (art\u00edculo 212), estatuye el efecto que \u00a0se \u00a0deriva \u00a0de \u00a0no \u00a0superarse \u00a0el \u00a0examen \u00a0formal de la demanda al momento de su \u00a0calificaci\u00f3n \u00a0o \u00a0lo \u00a0que \u00a0ocurre si est\u00e1 presentada en debida forma (art\u00edculo \u00a0213), \u00a0establece \u00a0el \u00a0principio \u00a0de \u00a0limitaci\u00f3n \u00a0y \u00a0la posibilidad de casaci\u00f3n \u00a0oficiosa \u00a0(art\u00edculo \u00a0216), \u00a0y \u00a0traza \u00a0los derroteros a seguir en caso de que la \u00a0Corte acepte como demostrada alguna causal (art\u00edculo 217). \u00a0\u00a0<\/p>\n<p>A despecho de que lo que sigue pueda llegar \u00a0a \u00a0ser \u00a0tachado \u00a0de puro formalismo, cabe destacar que en punto de la demanda de \u00a0casaci\u00f3n, \u00a0la \u00a0Corte \u00a0tiene \u00a0contacto \u00a0en \u00a0dos ocasiones: la primera, cuando la \u00a0califica, \u00a0esto \u00a0es, \u00a0al momento de verificar si satisface los condicionamientos \u00a0para \u00a0su admisibilidad; frente a esta oportunidad, puede ocurrir que la admita y \u00a0que, \u00a0en \u00a0consecuencia, \u00a0le de traslado al Procurador Delegado para que emita su \u00a0opini\u00f3n \u00a0sobre el m\u00e9rito del libelo; o, al contrario, puede suceder que por no \u00a0reunir \u00a0alguno \u00a0de los requisitos legales que la hagan viable, la inadmita y, en \u00a0consecuencia, \u00a0 ordene \u00a0 la \u00a0 devoluci\u00f3n \u00a0 del \u00a0 expediente \u00a0 al \u00a0 tribunal \u00a0de \u00a0origen. \u00a0\u00a0<\/p>\n<p>El \u00a0otro \u00a0momento \u00a0se contrae al estudio de \u00a0fondo \u00a0del \u00a0problema \u00a0propuesto \u00a0en la respectiva censura, si la demanda ha sido \u00a0admitida \u00a0y \u00a0despu\u00e9s \u00a0de conocerse el criterio del Ministerio P\u00fablico sobre el \u00a0particular. \u00a0\u00a0<\/p>\n<p>Si \u00a0nos \u00a0detenemos en el instante en que la \u00a0Corte \u00a0sopesa \u00a0la \u00a0capacidad \u00a0formal \u00a0de \u00a0la \u00a0demanda, cabe reflexionar sobre el \u00a0efecto \u00a0de \u00a0la \u00a0decisi\u00f3n que no la encuentra ajustada a las exigencias formales \u00a0de \u00a0ley. El canon 213 del Estatuto Adjetivo de manera clara establece que en tal \u00a0caso \u00a0se \u00a0inadmite \u00a0el \u00a0escrito \u00a0y \u00a0se \u00a0devuelve \u00a0el \u00a0expediente \u00a0al despacho de \u00a0origen. \u00a0\u00a0<\/p>\n<p>\u00bfQu\u00e9 \u00a0 fen\u00f3meno \u00a0 se \u00a0produce \u00a0en \u00a0tal \u00a0situaci\u00f3n? \u00a0Que \u00a0hasta \u00a0all\u00ed llega el tr\u00e1mite de la casaci\u00f3n y lo que ten\u00eda \u00a0car\u00e1cter \u00a0suspensivo, \u00a0esto es, la sentencia demandada, adquiere firmeza y, por \u00a0tanto, el car\u00e1cter de cosa juzgada. \u00a0\u00a0<\/p>\n<p>Otro interrogante \u00bfpuede la Corte conservar \u00a0la \u00a0competencia \u00a0para \u00a0examinar \u00a0una \u00a0sentencia o todo el proceso a pesar de que \u00a0inadmiti\u00f3 \u00a0una demanda de casaci\u00f3n? No. La atribuci\u00f3n que tiene como Corte de \u00a0casaci\u00f3n, \u00a0conferida \u00a0por \u00a0el art\u00edculo 235-1 de la Carta Pol\u00edtica, dirigida a \u00a0cumplir \u00a0las \u00a0elevadas \u00a0finalidades \u00a0que \u00a0traza \u00a0el art\u00edculo 206 del C\u00f3digo de \u00a0Procedimiento \u00a0Penal, \u00a0se desarrolla, de un lado, de conformidad con los fines y \u00a0principios \u00a0que \u00a0inspiran \u00a0la \u00a0Constituci\u00f3n \u00a0y, \u00a0por \u00a0otro, \u00a0de acuerdo con los \u00a0par\u00e1metros legales. \u00a0\u00a0<\/p>\n<p>Siendo eso as\u00ed, al prorrogar su injerencia \u00a0\u2013que \u00a0no competencia- en \u00a0el \u00a0asunto, despu\u00e9s de que ha inadmitido una demanda, ya no act\u00faa como \u00f3rgano \u00a0de \u00a0casaci\u00f3n \u00a0y \u00a0mal podr\u00eda, entonces, pretender corregir alg\u00fan entuerto, por \u00a0m\u00e1s \u00a0protuberante \u00a0que \u00a0sea, \u00a0por \u00a0medio de una sentencia de casaci\u00f3n, as\u00ed se \u00a0invoque la potestad oficiosa consagrada en el art\u00edculo 216. \u00a0\u00a0<\/p>\n<p>Expresado de otro modo, en tal escenario la \u00a0Corte \u00a0ya \u00a0no \u00a0act\u00faa de conformidad con la facultad que le difiere el art\u00edculo \u00a0235-1 \u00a0constitucional \u00a0y \u00a0ni \u00a0siquiera como una tercera instancia, sino como una \u00a0corporaci\u00f3n \u00a0de \u00a0plena jurisdicci\u00f3n, quiz\u00e1 a la manera del grado de consulta, \u00a0el \u00a0cual \u00a0hoy \u00a0no opera en el proceso penal, pero en todo caso la determinaci\u00f3n \u00a0que \u00a0 llegare \u00a0a \u00a0adoptar \u00a0no \u00a0tiene \u00a0el \u00a0car\u00e1cter \u00a0de \u00a0sentencia \u00a0\u2013menos \u00a0de \u00a0una de casaci\u00f3n- ni puede \u00a0incidir \u00a0en \u00a0algo \u00a0que \u00a0ya \u00a0ha \u00a0tomado \u00a0la fuerza de cosa juzgada material. Esto \u00a0equivale \u00a0a \u00a0solucionar \u00a0una \u00a0evidente \u00a0v\u00eda \u00a0de \u00a0hecho \u00a0(fen\u00f3meno que tendr\u00eda \u00a0soluci\u00f3n \u00a0a trav\u00e9s de otros mecanismos previstos en el ordenamiento jur\u00eddico) \u00a0\u2013el \u00a0 \u00a0 supuesto \u00a0desconocimiento \u00a0del \u00a0principio \u00a0de \u00a0favorabilidad-, con otra v\u00eda de hecho: una \u00a0decisi\u00f3n sin competencia del \u00f3rgano que la produce. \u00a0\u00a0<\/p>\n<p>Lo que se acaba de se\u00f1alar no significa que \u00a0la \u00a0Corte \u00a0deba \u00a0permanecer \u00a0indiferente \u00a0a \u00a0hip\u00f3tesis como la concretada en la \u00a0sentencia \u00a0a \u00a0que se refiere la decisi\u00f3n de la que me aparto. En tales casos lo \u00a0que \u00a0se \u00a0debe \u00a0buscar \u00a0es \u00a0una \u00a0soluci\u00f3n \u00a0que \u00a0no acarree el rompimiento de las \u00a0instituciones \u00a0jur\u00eddico \u00a0procesales, \u00a0en \u00a0orden \u00a0a \u00a0que \u00a0prevalezca \u00a0el derecho \u00a0sustancial \u00a0sobre \u00a0lo \u00a0formal \u00a0y \u00a0a \u00a0salvaguardar \u00a0las garant\u00edas de los sujetos \u00a0procesales, en particular las debidas al procesado. \u00a0\u00a0<\/p>\n<p>Por eso, nada se opon\u00eda a que, no obstante \u00a0la \u00a0ineptitud \u00a0formal \u00a0de \u00a0la \u00a0demanda \u00a0y \u00a0al detectarse de modo objetivo que la \u00a0sentencia \u00a0rompi\u00f3 \u00a0con \u00a0el orden jur\u00eddico y report\u00f3 agravios no reparables de \u00a0otra \u00a0manera \u00a0en \u00a0virtud \u00a0de \u00a0un \u00a0yerro \u00a0que no fue denunciado en ella, pero que \u00a0constituye \u00a0motivo \u00a0de \u00a0casaci\u00f3n, \u00a0fuesen \u00a0salvados \u00a0los defectos t\u00e9cnicos, se \u00a0ajustara \u00a0el \u00a0libelo, se corriera traslado al Procurador Delegado y luego, ahora \u00a0s\u00ed \u00a0en \u00a0ejercicio de su natural competencia, la Corte entrase a hacer uso de la \u00a0facultad \u00a0de \u00a0casar \u00a0oficiosamente el fallo, luego de desestimar el contenido de \u00a0la censura. \u00a0\u00a0<\/p>\n<p>Lo \u00a0anterior \u00a0resulta menos ex\u00f3tico que la \u00a0soluci\u00f3n \u00a0tomada \u00a0en \u00a0la \u00a0providencia \u00a0de \u00a0la \u00a0cual \u00a0discrepo \u00a0y \u00a0que, ya no de \u00a0lege ferenda, se aproxima a \u00a0lo \u00a0que \u00a0entrar\u00e1 \u00a0a \u00a0regir en virtud de la Ley 906 de 2004, cuyo art\u00edculo 184, \u00a0inciso \u00a03\u00ba, \u00a0establece \u00a0que \u201cEn principio, la Corte \u00a0no \u00a0 podr\u00e1 \u00a0tener \u00a0en \u00a0cuenta \u00a0causales \u00a0diferentes \u00a0de \u00a0las \u00a0alegadas \u00a0por \u00a0el \u00a0demandante. \u00a0Sin \u00a0embargo, \u00a0atendiendo los fines de la \u00a0casaci\u00f3n, \u00a0fundamentaci\u00f3n \u00a0de los mismos, posici\u00f3n \u00a0del \u00a0impugnante \u00a0dentro \u00a0del \u00a0proceso \u00a0e \u00edndole de la \u00a0controversia \u00a0planteada, deber\u00e1 superar los defectos de la demanda para decidir \u00a0de fondo\u201d (negrillas no originales). \u00a0\u00a0<\/p>\n<p>En \u00a0s\u00edntesis, \u00a0como \u00a0la \u00a0Corte \u00a0no \u00a0tiene \u00a0competencia \u00a0para casar un fallo despu\u00e9s de que por razones de forma inadmiti\u00f3 \u00a0la \u00a0demanda \u00a0de casaci\u00f3n, estimo que en esta oportunidad no ha debido inadmitir \u00a0el \u00a0libelo \u00a0ni \u00a0mucho \u00a0menos, \u00a0despu\u00e9s \u00a0de \u00a0haberlo \u00a0hecho, \u00a0correr traslado al \u00a0Procurador \u00a0Delegado, \u00a0porque \u00a0ante \u00a0esta \u00a0\u00faltima \u00a0situaci\u00f3n \u00a0la \u00a0Corporaci\u00f3n \u00a0perdi\u00f3 la facultad de obrar como Corte de casaci\u00f3n. \u00a0\u00a0<\/p>\n<p>SIGIFREDO \u00a0 ESPINOSA \u00a0P\u00c9REZ \u00a0\u00a0<\/p>\n<p>Magistrado \u00a0<\/p>\n<p>Fecha \u00a0 \u00a0ut \u00a0supra. \u00a0\u00a0<\/p>\n<p>\u00a0 \u00a0\u00a0<\/p>\n<p><\/p>\n","protected":false},"excerpt":{"rendered":"<p>\u00a0 \u00a0 Proceso \u00a0 \u00a0 No \u00a024004 \u00a0\u00a0 CORTE \u00a0 SUPREMA \u00a0 DE \u00a0JUSTICIA \u00a0\u00a0 SALA DE CASACI\u00d3N PENAL \u00a0 MAGISTRADOS \u00a0PONENTES \u00a0\u00a0 \u00c1LVARO ORLANDO P\u00c9REZ PINZ\u00d3N \u00a0 MARINA PULIDO DE BAR\u00d3N \u00a0 APROBADO ACTA No. 065 \u00a0 Bogot\u00e1, \u00a0D. C., siete (7) de septiembre del \u00a0dos mil cinco (2005). \u00a0\u00a0 VISTOS \u00a0 Decide \u00a0la [&hellip;]<\/p>\n","protected":false},"author":1,"featured_media":0,"comment_status":"open","ping_status":"open","sticky":false,"template":"","format":"standard","meta":{"footnotes":""},"categories":[13],"tags":[],"class_list":["post-10506","post","type-post","status-publish","format-standard","hentry","category-13"],"_links":{"self":[{"href":"https:\/\/dmsjuridica.com\/buscador_20179478954\/salapenalcronologico20230723\/wp-json\/wp\/v2\/posts\/10506","targetHints":{"allow":["GET"]}}],"collection":[{"href":"https:\/\/dmsjuridica.com\/buscador_20179478954\/salapenalcronologico20230723\/wp-json\/wp\/v2\/posts"}],"about":[{"href":"https:\/\/dmsjuridica.com\/buscador_20179478954\/salapenalcronologico20230723\/wp-json\/wp\/v2\/types\/post"}],"author":[{"embeddable":true,"href":"https:\/\/dmsjuridica.com\/buscador_20179478954\/salapenalcronologico20230723\/wp-json\/wp\/v2\/users\/1"}],"replies":[{"embeddable":true,"href":"https:\/\/dmsjuridica.com\/buscador_20179478954\/salapenalcronologico20230723\/wp-json\/wp\/v2\/comments?post=10506"}],"version-history":[{"count":0,"href":"https:\/\/dmsjuridica.com\/buscador_20179478954\/salapenalcronologico20230723\/wp-json\/wp\/v2\/posts\/10506\/revisions"}],"wp:attachment":[{"href":"https:\/\/dmsjuridica.com\/buscador_20179478954\/salapenalcronologico20230723\/wp-json\/wp\/v2\/media?parent=10506"}],"wp:term":[{"taxonomy":"category","embeddable":true,"href":"https:\/\/dmsjuridica.com\/buscador_20179478954\/salapenalcronologico20230723\/wp-json\/wp\/v2\/categories?post=10506"},{"taxonomy":"post_tag","embeddable":true,"href":"https:\/\/dmsjuridica.com\/buscador_20179478954\/salapenalcronologico20230723\/wp-json\/wp\/v2\/tags?post=10506"}],"curies":[{"name":"wp","href":"https:\/\/api.w.org\/{rel}","templated":true}]}}