{"id":10240,"date":"2023-09-08T18:26:21","date_gmt":"2023-09-08T18:26:21","guid":{"rendered":"https:\/\/dmsjuridica.com\/buscador_20179478954\/salapenalcronologico20230723\/2023\/09\/08\/2352808-06-05\/"},"modified":"2023-09-08T18:26:21","modified_gmt":"2023-09-08T18:26:21","slug":"2352808-06-05","status":"publish","type":"post","link":"https:\/\/dmsjuridica.com\/buscador_20179478954\/salapenalcronologico20230723\/2023\/09\/08\/2352808-06-05\/","title":{"rendered":"23528(08-06-05)"},"content":{"rendered":"\n<p>\u00a0 \u00a0 Proceso No 23528 \u00a0<\/p>\n<p>CORTE SUPREMA DE JUSTICIA \u00a0<\/p>\n<p>SALA DE CASACI\u00d3N PENAL \u00a0<\/p>\n<p>\u00a0 \u00a0\u00a0 \u00a0\u00a0 \u00a0\u00a0 \u00a0\u00a0 \u00a0 \u00a0 \u00a0 \u00a0 \u00a0 \u00a0\u00a0 \u00a0Magistrado Ponente: \u00a0\u00a0<\/p>\n<p>\u00a0 \u00a0\u00a0 \u00a0\u00a0 \u00a0\u00a0 \u00a0\u00a0 \u00a0 \u00a0 \u00a0 \u00a0 \u00a0 \u00a0\u00a0 \u00a0Dr. SIGIFREDO ESPINOSA P\u00c9REZ \u00a0\u00a0<\/p>\n<p>\u00a0 \u00a0\u00a0 \u00a0\u00a0 \u00a0\u00a0 \u00a0\u00a0 \u00a0 \u00a0 \u00a0 \u00a0 \u00a0 \u00a0\u00a0 \u00a0Aprobado Acta n.\u00b0 45 \u00a0\u00a0<\/p>\n<p>Bogot\u00e1, \u00a0D. \u00a0C., \u00a0ocho \u00a0de junio de dos mil \u00a0cinco \u00a0\u00a0<\/p>\n<p>VISTOS \u00a0<\/p>\n<p>La \u00a0Corte entra a emitir concepto dentro del \u00a0presente \u00a0tr\u00e1mite \u00a0de extradici\u00f3n adelantado respecto del ciudadano colombiano \u00a0JULIO \u00a0C\u00c9SAR \u00a0SU\u00c1REZ VELANDIA, requerido por el Gobierno de los Estados Unidos \u00a0de \u00a0Am\u00e9rica, \u00a0al \u00a0vencerse \u00a0el traslado para alegar, en el cual se pronunciaron \u00a0aqu\u00e9l y el Ministerio P\u00fablico. \u00a0\u00a0<\/p>\n<p>ANTECEDENTES \u00a0\u00a0<\/p>\n<p>1. \u00a0Mediante \u00a0la nota diplom\u00e1tica n.\u00b0 0125 \u00a0del \u00a019 \u00a0de \u00a0enero \u00a0de \u00a02005, \u00a0la \u00a0Embajada \u00a0de \u00a0los \u00a0Estados Unidos de Am\u00e9rica \u00a0solicit\u00f3 \u00a0al \u00a0Ministerio \u00a0de \u00a0Relaciones \u00a0Exteriores \u00a0de Colombia la detenci\u00f3n \u00a0provisional \u00a0con fines de extradici\u00f3n del se\u00f1or JULIO C\u00c9SAR SU\u00c1REZ VELANDIA, \u00a0quien \u00a0es \u00a0requerido \u00a0para \u00a0comparecer \u00a0en \u00a0juicio \u00a0por \u00a0cargos relacionados con \u00a0delitos \u00a0federales \u00a0de narc\u00f3ticos, conforme a la resoluci\u00f3n de acusaci\u00f3n n.\u00b0 \u00a004-21016-CR-GRAHAM, \u00a0dictada el 17 de diciembre de 2004 en la Corte Distrital de \u00a0los \u00a0Estados \u00a0Unidos \u00a0para \u00a0el \u00a0Distrito \u00a0Sur \u00a0de \u00a0la \u00a0Florida. \u00a0(Carpeta, folio \u00a05). \u00a0\u00a0<\/p>\n<p>2. \u00a0Con base en lo dispuesto en el art\u00edculo \u00a0528 \u00a0del C\u00f3digo de Procedimiento Penal, el Fiscal General de la Naci\u00f3n orden\u00f3 \u00a0la \u00a0captura \u00a0del \u00a0requerido \u00a0mediante \u00a0resoluci\u00f3n \u00a0del \u00a026 de enero del a\u00f1o en \u00a0curso, \u00a0 la \u00a0cual \u00a0se \u00a0logr\u00f3 \u00a0el \u00a0d\u00eda \u00a027 \u00a0del \u00a0mismo \u00a0mes \u00a0(folios \u00a019 \u00a0y \u00a021 \u00a0Carpeta). \u00a0\u00a0<\/p>\n<p>3. Por medio de la nota diplom\u00e1tica 0577 del \u00a018 \u00a0de marzo del a\u00f1o que corre, la Embajada de los Estados Unidos formaliz\u00f3 la \u00a0solicitud \u00a0de \u00a0extradici\u00f3n \u00a0de \u00a0SU\u00c1REZ \u00a0VELANDIA, en la cual reiter\u00f3 que este \u00a0individuo \u00a0es \u00a0sujeto \u00a0de \u00a0la \u00a0resoluci\u00f3n de acusaci\u00f3n n.\u00b0 04-21916-CR-GRAHAM \u00a0emitida \u00a0el \u00a017 de diciembre de 2004 en la Corte Distrital de los Estados Unidos \u00a0para \u00a0el \u00a0Distrito Sur de la Florida en la cual aparecen en contra del reclamado \u00a0los \u00a0 \u00a0cargos \u00a0 \u00a0por \u00a0 \u00a0delitos \u00a0 \u00a0federales \u00a0 \u00a0de \u00a0 narc\u00f3ticos \u00a0 (folio \u00a0 145, \u00a0Carpeta). \u00a0\u00a0<\/p>\n<p>4. \u00a0El \u00a0Ministerio \u00a0de Relaciones Exteriores \u00a0envi\u00f3 \u00a0la \u00a0mencionada nota de extradici\u00f3n y el expediente al del Interior y de \u00a0Justicia, \u00a0al tiempo que indic\u00f3 que de acuerdo con el art\u00edculo 514 del C\u00f3digo \u00a0de \u00a0Procedimiento \u00a0Penal \u00a0\u201cpor \u00a0no \u00a0existir Convenio \u00a0aplicable \u00a0al \u00a0caso \u00a0es \u00a0procedente \u00a0obrar \u00a0de \u00a0conformidad \u00a0con el ordenamiento \u00a0procesal colombiano\u201d. \u00a0\u00a0<\/p>\n<p>5. \u00a0Este \u00a0\u00faltimo \u00a0Ministerio \u00a0procedi\u00f3 \u00a0a \u00a0remitir \u00a0el \u00a0expediente \u00a0a \u00a0la \u00a0Corte, \u00a0la \u00a0que, \u00a0luego \u00a0de ver porque estuviera \u00a0garantizada \u00a0 la \u00a0defensa \u00a0de \u00a0SU\u00c1REZ \u00a0VELANDIA, \u00a0concedi\u00f3 \u00a0el \u00a0traslado \u00a0para \u00a0solicitar \u00a0pruebas, sin que los intervinientes en el tr\u00e1mite hicieran solicitud \u00a0concreta sobre el particular. \u00a0\u00a0<\/p>\n<p>ALEGATO \u00a0 \u00a0 DEL \u00a0REQUERIDO \u00a0\u00a0<\/p>\n<p>El \u00a0se\u00f1or \u00a0JULIO C\u00c9SAR \u00a0SU\u00c1REZ \u00a0VELANDIA \u00a0solicita \u00a0que \u00a0en caso de que el concepto sea favorable se le \u00a0haga \u00a0ver al Gobierno Nacional la necesidad de condicionar su extradici\u00f3n a una \u00a0serie \u00a0de \u00a0garant\u00edas, \u00a0las \u00a0cuales \u00a0pormenoriza, \u00a0a \u00a0fin \u00a0de \u00a0que \u00a0cesen \u00a0en el \u00a0extranjero \u00a0 los \u00a0 atropellos \u00a0y \u00a0vej\u00e1menes \u00a0de \u00a0que \u00a0han \u00a0sido \u00a0v\u00edctimas \u00a0los \u00a0extraditables. \u00a0\u00a0<\/p>\n<p>ALEGATO \u00a0DEL \u00a0MINISTERIO \u00a0P\u00daBLICO \u00a0\u00a0<\/p>\n<p>1. \u00a0La se\u00f1ora Procuradora 3\u00aa Delegada para \u00a0la \u00a0Casaci\u00f3n \u00a0Penal, \u00a0empieza \u00a0por hacer una s\u00edntesis de los condicionamientos \u00a0legales \u00a0y constitucionales que deben observarse al evaluar la procedencia de la \u00a0extradici\u00f3n, \u00a0y \u00a0a \u00a0precisar \u00a0el \u00a0\u00e1mbito \u00a0de competencia de los estamentos que \u00a0intervienen en el tr\u00e1mite. \u00a0\u00a0<\/p>\n<p>2. \u00a0En lo que tiene que ver con el requisito \u00a0de \u00a0copia \u00a0aut\u00e9ntica \u00a0de \u00a0la \u00a0sentencia, \u00a0de \u00a0la resoluci\u00f3n de acusaci\u00f3n o su \u00a0equivalente, \u00a0precisa cu\u00e1l es el acto mediante el cual se le hacen imputaciones \u00a0en \u00a0el \u00a0extranjero al reclamado y detalla los documentos que fueron incorporados \u00a0a la solicitud de extradici\u00f3n. \u00a0\u00a0<\/p>\n<p>Observa \u00a0 que \u00a0 tales \u00a0 elementos \u00a0 est\u00e1n \u00a0acompa\u00f1ados \u00a0de \u00a0las \u00a0certificaciones \u00a0sobre \u00a0cumplimiento de los requisitos de \u00a0autenticaci\u00f3n, \u00a0 motivo \u00a0 por \u00a0 el \u00a0 cual \u00a0 encuentra \u00a0 que \u00a0 son \u00a0 formalmente \u00a0v\u00e1lidos. \u00a0\u00a0<\/p>\n<p>3. \u00a0A \u00a0su \u00a0entender, \u00a0el \u00a0cumplimiento \u00a0del \u00a0requisito \u00a0que \u00a0trata \u00a0de la indicaci\u00f3n exacta de los actos que determinaron la \u00a0solicitud \u00a0de \u00a0extradici\u00f3n \u00a0y \u00a0del \u00a0lugar \u00a0y la fecha en que fueron ejecutados, \u00a0permite \u00a0establecer \u00a0el \u00a0principio \u00a0de \u00a0la \u00a0doble incriminaci\u00f3n, porque s\u00f3lo a \u00a0partir \u00a0de \u00a0la \u00a0confrontaci\u00f3n \u00a0de \u00a0la conducta que se le imputa al requerido es \u00a0posible \u00a0 \u00a0establecer \u00a0 \u00a0si \u00a0 \u00a0en \u00a0 \u00a0Colombia \u00a0 \u00a0tambi\u00e9n \u00a0 \u00a0constituye \u00a0 \u00a0hecho \u00a0punible. \u00a0\u00a0<\/p>\n<p>Al efecto, trascribe los cargos formulados a \u00a0SU\u00c1REZ \u00a0VELANDIA \u00a0en \u00a0la \u00a0resoluci\u00f3n \u00a0de \u00a0acusaci\u00f3n \u00a0n.\u00b0 \u00a004-21013-CR-GRAHAM \u00a0emitida \u00a0en \u00a0la Corte Distrital de los Estados Unidos para el Distrito Sur de la \u00a0Florida. \u00a0Hecho \u00a0esto, \u00a0observa que las conductas y las normas que las describen \u00a0en \u00a0la \u00a0legislaci\u00f3n \u00a0extranjera, \u00a0tienen su equivalente en el art\u00edculo 376 del \u00a0C\u00f3digo \u00a0Penal, \u00a0que \u00a0tipifica \u00a0el \u00a0delito \u00a0de tr\u00e1fico, fabricaci\u00f3n y porte de \u00a0estupefacientes, \u00a0el \u00a0cual \u00a0est\u00e1 \u00a0sancionado \u00a0con pena privativa de la libertad \u00a0superior \u00a0a \u00a04 \u00a0a\u00f1os. \u00a0El \u00a0art\u00edculo \u00a0340, \u00a0inciso \u00a02\u00ba, ib\u00eddem, reprime el de \u00a0concierto \u00a0para delinquir relacionado con actividades de narcotr\u00e1fico con pena, \u00a0tambi\u00e9n privativa de la libertad, superior a 6 a\u00f1os. \u00a0\u00a0<\/p>\n<p>Por las anteriores razones, estima que est\u00e1 \u00a0cumplido el requisito de la doble incriminaci\u00f3n. \u00a0\u00a0<\/p>\n<p>4. Por lo atinente con la plena identidad de \u00a0la \u00a0persona \u00a0reclamada, \u00a0precisa \u00a0cu\u00e1les \u00a0fueron los datos suministrados en las \u00a0notas \u00a0verbales \u00a0y \u00a0observa \u00a0que \u00a0cuando \u00a0SU\u00c1REZ \u00a0VELANDIA fue capturado, se le \u00a0notific\u00f3 \u00a0el requerimiento, momento en el cual se identific\u00f3 con la c\u00e9dula de \u00a0ciudadan\u00eda \u00a0 cuyo \u00a0 n\u00famero \u00a0coincide \u00a0con \u00a0el \u00a0indicado \u00a0por \u00a0las \u00a0autoridades \u00a0extranjeras, \u00a0quienes, \u00a0adem\u00e1s, allegaron dos fotograf\u00edas de aqu\u00e9l y copia de \u00a0la solicitud de pasaporte, luego el requisito est\u00e1 satisfecho. \u00a0\u00a0<\/p>\n<p>5. \u00a0A su modo de ver, el Gobierno de Estados \u00a0Unidos \u00a0tambi\u00e9n \u00a0cumpli\u00f3 \u00a0el \u00a0requisito \u00a0de \u00a0aportar \u00a0copias aut\u00e9ntica de las \u00a0disposiciones pertinentes aplicables. \u00a0\u00a0<\/p>\n<p>6. \u00a0Con \u00a0las \u00a0anteriores consideraciones, la \u00a0Delegada \u00a0concluye que la Corte debe emitir concepto favorable a la extradici\u00f3n \u00a0de JULIO C\u00c9SAR SU\u00c1REZ VELANDIA. \u00a0\u00a0<\/p>\n<p>CONCEPTO \u00a0 DE \u00a0 LA \u00a0CORTE \u00a0\u00a0<\/p>\n<p>1. \u00a0 Aspectos \u00a0generales. \u00a0La \u00a0competencia \u00a0de \u00a0la \u00a0Corte \u00a0dentro del \u00a0tr\u00e1mite \u00a0de \u00a0extradici\u00f3n \u00a0est\u00e1 \u00a0enfocada \u00a0a \u00a0expresar \u00a0un \u00a0concepto \u00a0sobre la \u00a0procedencia \u00a0de \u00a0entregar \u00a0o no a la persona solicitada por un pa\u00eds extranjero, \u00a0despu\u00e9s \u00a0de examinar los puntos a que se refieren los art\u00edculos 511, 513 y 520 \u00a0del \u00a0C\u00f3digo de Procedimiento Penal, sin dejar de considerar que el art\u00edculo 35 \u00a0de \u00a0la \u00a0Constituci\u00f3n \u00a0Pol\u00edtica \u00a0en \u00a0su inciso 2\u00ba, autoriza la extradici\u00f3n de \u00a0colombianos \u00a0por \u00a0nacimiento \u00a0cuando \u00a0son reclamados por delitos cometidos en el \u00a0exterior \u00a0y que las conductas que los originan as\u00ed tambi\u00e9n se consideren en la \u00a0legislaci\u00f3n penal colombiana. \u00a0\u00a0<\/p>\n<p>Sobre \u00a0este \u00faltimo aspecto, debe observarse \u00a0que \u00a0 \u00a0 de \u00a0 \u00a0 acuerdo \u00a0 \u00a0 con \u00a0 \u00a0 la \u00a0 \u00a0resoluci\u00f3n \u00a0 \u00a0de \u00a0 \u00a0acusaci\u00f3n \u00a0 \u00a0n.\u00b0 \u00a004\u00a0\u00a0\u00a0\u00a0\u00a0\u00a0\u00a0\u00a0\u00a0\u00a0\u00a0\u00a0\u00a0\u00a0\u00a0\u00a0\u00a0\u00a0\u00a0\u00a0\u00a0\u00a0\u00a0\u00a0\u00a0\u00a0\u00a0\u00a0\u00a0\u00a0\u00a0\u00a0\u00a0\u00a0\u00a0\u00a0\u00a0\u00a0\u00a0\u00a0\u00a0\u00a0\u00a0\u00a0\u00a0\u00a0\u00a0\u00a0\u00a0\u00a0\u00a0\u00a0\u00a0\u00a0\u00a0\u00a0\u00a0\u00a0\u00a0\u00a0\u00a0\u00a0\u00a0\u00a0\u00a0\u00a0\u00a0\u00a0\u00a0\u00a0\u00a0 \u00a0-21016-CR-GRAHAM \u00a0proferida por la Corte Distrital de los Estados Unidos para el \u00a0Distrito \u00a0Sur de la Florida, las dos imputaciones que se le formularon a SU\u00c1REZ \u00a0corresponden \u00a0 a \u00a0delitos \u00a0relacionados \u00a0con \u00a0el \u00a0tr\u00e1fico \u00a0de \u00a0estupefacientes, \u00a0llevados \u00a0a \u00a0cabo \u00a0entre \u00a0el \u00a025 \u00a0de octubre de 2003 y la fecha del indictment, \u00a0en \u00a0el Condado de Miami Dade, \u00a0donde \u00a0el \u00a0requerido \u00a0ejecut\u00f3 las conductas que se le endilgan, es decir, all\u00ed \u00a0tuvo \u00a0lugar \u00a0la \u00a0conspiraci\u00f3n \u00a0para \u00a0importar \u00a0hero\u00edna a ese territorio y para \u00a0poseer esa sustancia con la intenci\u00f3n de distribuirla. \u00a0\u00a0<\/p>\n<p>Significa \u00a0lo anterior que no aparece motivo \u00a0constitucional impediente de la extradici\u00f3n. \u00a0\u00a0<\/p>\n<p>2. Validez formal de \u00a0la \u00a0documentaci\u00f3n \u00a0presentada. La C\u00f3nsul de Colombia \u00a0en \u00a0Washington \u00a0autentic\u00f3 \u00a0los documentos aportados en apoyo de la solicitud de \u00a0extradici\u00f3n \u00a0 del \u00a0ciudadano \u00a0colombiano \u00a0JULIO \u00a0C\u00c9SAR \u00a0SU\u00c1REZ \u00a0VELANDIA, \u00a0de \u00a0conformidad \u00a0con \u00a0el art\u00edculo 259 del C\u00f3digo de Procedimiento Civil, as\u00ed como \u00a0con \u00a0los \u00a0art\u00edculos \u00a04 \u00a0y \u00a05 \u00a0de \u00a0la Resoluci\u00f3n 2.201 de 1997, expedida por el \u00a0Ministerio de Relaciones Exteriores (folio 140, carpeta). \u00a0\u00a0<\/p>\n<p>En \u00a0tal \u00a0forma, \u00a0la \u00a0mencionada \u00a0funcionaria \u00a0certifica \u00a0la \u00a0firma de la\u00a0 Auxiliar de Autenticaciones del Departamento de \u00a0Estado \u00a0de \u00a0los \u00a0Estados \u00a0Unidos \u00a0de \u00a0Am\u00e9rica, \u00a0quien \u00a0a \u00a0su vez avala la de la \u00a0Secretaria \u00a0de \u00a0Estado, \u00a0Condoleezza \u00a0Rice, \u00a0y \u00a0\u00e9sta \u00a0la r\u00fabrica de Alberto R. \u00a0Gonzales, \u00a0Fiscal \u00a0General, \u00a0quien \u00a0certifica la de Mary Ellen Warlow, Directora \u00a0Adjunta \u00a0de \u00a0la \u00a0Oficina \u00a0de Asuntos Internacionales, Divisi\u00f3n de lo Penal, del \u00a0Departamento \u00a0de \u00a0Justicia \u00a0de los Estados Unidos, encargada de dar cuenta de la \u00a0autenticidad \u00a0de \u00a0las \u00a0declaraciones \u00a0de \u00a0Anthony \u00a0W. \u00a0Lacosta, \u00a0Fiscal \u00a0Federal \u00a0Adjunto, \u00a0 y \u00a0 Joseph \u00a0 Milligan, \u00a0 Agente \u00a0Especial \u00a0del \u00a0Servicio \u00a0Federal \u00a0de \u00a0Investigaciones (folios 80, 81, 136, 137 y 139, Carpeta). \u00a0\u00a0<\/p>\n<p>Adicionalmente, el Jefe de Legalizaciones del \u00a0Ministerio \u00a0de \u00a0Relaciones \u00a0Exteriores abon\u00f3 la firma de la agente consular, el \u00a028 \u00a0de \u00a0marzo \u00a0del \u00a0a\u00f1o en curso, como consta al reverso del documento suscrito \u00a0por \u00e9sta (folio 140 vto, carpeta). \u00a0\u00a0<\/p>\n<p>Como \u00a0 documentos \u00a0 anexos \u00a0y \u00a0debidamente \u00a0traducidos \u00a0aparecen \u00a0la \u00a0acusaci\u00f3n \u00a0n.\u00b0 \u00a004-21016-CR-GRAHAM, emitida el 17 de \u00a0diciembre \u00a0de \u00a02004 en la Corte Distrital de los Estados Unidos para el Distrito \u00a0Sur \u00a0de \u00a0la Florida contra SU\u00c1REZ VELANDIA y otras personas, as\u00ed como la orden \u00a0de \u00a0arresto \u00a0de \u00a0la \u00a0misma \u00a0fecha \u00a0librada \u00a0por \u00a0esa \u00a0Corte \u00a0(folios \u00a056 \u00a0y \u00a060, \u00a0carpeta). \u00a0\u00a0<\/p>\n<p>Del \u00a0 mismo \u00a0 modo, \u00a0figuran \u00a0las \u00a0copias, \u00a0traducidas \u00a0en \u00a0debida \u00a0forma, \u00a0de \u00a0las disposiciones penales del C\u00f3digo de los \u00a0Estados Unidos aplicables al caso (folios 62 a 66, carpeta). \u00a0\u00a0<\/p>\n<p>De acuerdo con lo anterior, la documentaci\u00f3n \u00a0presentada \u00a0 \u00a0en \u00a0 \u00a0respaldo \u00a0 \u00a0del \u00a0 \u00a0pedido \u00a0 de \u00a0 extradici\u00f3n \u00a0 de \u00a0 SU\u00c1REZ \u00a0VELANDIA \u00a0 es \u00a0formalmente \u00a0v\u00e1lida. \u00a0\u00a0<\/p>\n<p>3. \u00a0Identidad plena \u00a0del \u00a0 solicitado \u00a0en \u00a0extradici\u00f3n \u00a0JULIO \u00a0C\u00c9SAR \u00a0SU\u00c1REZ \u00a0VELANDIA. \u00a0De \u00a0acuerdo \u00a0con \u00a0las \u00a0notas \u00a0diplom\u00e1ticas \u00a00125 y 0577, SU\u00c1REZ \u00a0VELANDIA \u00a0es ciudadano colombiano, nacido el 3 de octubre de 1960 e identificado \u00a0con la c\u00e9dula de ciudadan\u00eda\u00a0 n.\u00b0 80.262.650. \u00a0\u00a0<\/p>\n<p>Al momento de ser capturado, SUAREZ VELANDIA \u00a0se \u00a0identific\u00f3 \u00a0con \u00a0ese \u00a0documento, \u00a0cuyo \u00a0n\u00famero \u00a0estamp\u00f3 \u00a0en \u00a0el \u00a0acta \u00a0de \u00a0notificaci\u00f3n \u00a0de \u00a0la \u00a0resoluci\u00f3n \u00a0emitida por el Fiscal General de la Naci\u00f3n; \u00a0adem\u00e1s, \u00a0en \u00a0el \u00a0presente \u00a0asunto \u00a0no \u00a0se \u00a0puso \u00a0en \u00a0cuesti\u00f3n la identidad del \u00a0requerido, \u00a0por \u00a0manera \u00a0que \u00a0el \u00a0requisito \u00a0de \u00a0su plena identidad se encuentra \u00a0satisfecho. \u00a0\u00a0<\/p>\n<p>4. \u00a0Equivalencia de \u00a0la \u00a0providencia \u00a0proferida \u00a0en \u00a0el extranjero. La Corte \u00a0sobre \u00a0este \u00a0punto \u00a0se \u00a0ha \u00a0pronunciado \u00a0de \u00a0manera \u00a0reiterada \u00a0y uniforme. Cabe \u00a0recordar \u00a0en \u00a0torno \u00a0a \u00a0esta \u00a0tem\u00e1tica, \u00a0que \u00a0a \u00a0pesar \u00a0de la diferencia de los \u00a0sistemas \u00a0procesales \u00a0de \u00a0los \u00a0pa\u00edses \u00a0involucrados \u00a0en el presente tr\u00e1mite de \u00a0extradici\u00f3n, \u00a0la \u00a0acusaci\u00f3n \u00a0proferida \u00a0por \u00a0las autoridades judiciales de los \u00a0Estados \u00a0Unidos \u00a0resulta \u00a0equivalente a la resoluci\u00f3n de acusaci\u00f3n prevista en \u00a0nuestras \u00a0normas procesales, pues contiene una narraci\u00f3n sucinta de la conducta \u00a0investigada, \u00a0con especificaci\u00f3n de las circunstancias de tiempo, modo y lugar; \u00a0tiene \u00a0como \u00a0fundamento \u00a0las \u00a0pruebas practicadas en la investigaci\u00f3n; califica \u00a0jur\u00eddicamente \u00a0la \u00a0conducta, \u00a0con \u00a0la \u00a0invocaci\u00f3n de las disposiciones penales \u00a0aplicables, \u00a0y, \u00a0tal \u00a0cual \u00a0sucede \u00a0con \u00a0el \u00a0proferimiento \u00a0de la resoluci\u00f3n de \u00a0acusaci\u00f3n \u00a0en nuestro ordenamiento interno, marca el comienzo del juicio, en el \u00a0cual \u00a0el \u00a0acusado \u00a0tiene la oportunidad de controvertir las pruebas y los cargos \u00a0dictados en su contra. \u00a0\u00a0<\/p>\n<p>5. \u00a0El principio de \u00a0la \u00a0doble \u00a0incriminaci\u00f3n. De acuerdo con el art\u00edculo \u00a0511-1 \u00a0del \u00a0C\u00f3digo \u00a0de Procedimiento Penal, la doble incriminaci\u00f3n se presenta \u00a0cuando \u00a0el \u00a0hecho \u00a0motivante \u00a0de \u00a0la extradici\u00f3n est\u00e1 \u00a0\u201cprevisto \u00a0como \u00a0delito \u00a0en Colombia y reprimido con una sanci\u00f3n privativa de \u00a0la \u00a0libertad \u00a0cuyo \u00a0m\u00ednimo \u00a0no \u00a0sea \u00a0inferior \u00a0a \u00a0cuatro \u00a0(4) a\u00f1os\u201d. \u00a0\u00a0<\/p>\n<p>La \u00a0Corte tiene dicho que para establecer si \u00a0la \u00a0conducta \u00a0que \u00a0se \u00a0le \u00a0imputa \u00a0al \u00a0requerido \u00a0en \u00a0el \u00a0pa\u00eds \u00a0solicitante \u00a0es \u00a0considerada \u00a0como \u00a0delito \u00a0en \u00a0Colombia, debe hacerse una comparaci\u00f3n entre las \u00a0normas \u00a0que \u00a0all\u00ed \u00a0sustentan \u00a0la \u00a0sindicaci\u00f3n, \u00a0con \u00a0las de orden interno para \u00a0establecer \u00a0si \u00a0\u00e9stas \u00a0tambi\u00e9n \u00a0recogen los comportamientos contenidos en cada \u00a0uno de los cargos. \u00a0\u00a0<\/p>\n<p>Tal \u00a0 confrontaci\u00f3n \u00a0 se \u00a0 hace \u00a0 con \u00a0la \u00a0normatividad \u00a0que est\u00e1 en vigor al momento de rendir el concepto, puesto que lo \u00a0emite \u00a0dentro del tr\u00e1mite de un mecanismo de cooperaci\u00f3n internacional, raz\u00f3n \u00a0por \u00a0la cual la aplicaci\u00f3n del principio de favorabilidad que podr\u00eda arg\u00fcirse \u00a0como \u00a0producto \u00a0natural \u00a0de \u00a0la \u00a0sucesi\u00f3n \u00a0de \u00a0leyes no entrar\u00eda en juego, por \u00a0cuanto \u00a0las dom\u00e9sticas no son las que operar\u00e1n en el extranjero. Lo que a este \u00a0prop\u00f3sito \u00a0 determina \u00a0el \u00a0concepto \u00a0es \u00a0que, \u00a0sin \u00a0importar \u00a0la \u00a0denominaci\u00f3n \u00a0jur\u00eddica, \u00a0el \u00a0acto \u00a0desarrollado por el ciudadano cuya extradici\u00f3n se demanda \u00a0sea igualmente considerado como delictuoso en el territorio patrio. \u00a0\u00a0<\/p>\n<p>5.1. \u00a0 \u00a0En \u00a0 \u00a0la \u00a0 \u00a0acusaci\u00f3n \u00a0 \u00a0n.\u00b0 \u00a004-20179-CR-GRAHAM, \u00a0proferida \u00a0ante \u00a0la \u00a0Corte \u00a0Distrital de los Estados Unidos \u00a0para \u00a0el \u00a0Distrito \u00a0Sur \u00a0de la Florida, aparecen los cargos formulados contra el \u00a0requerido, de la siguiente manera: \u00a0\u00a0<\/p>\n<p>\u201cCARGO \u00a01. Desde el 25 de octubre de 2003, o alrededor de esa \u00a0fecha \u00a0 siendo \u00a0 desconocida \u00a0 la \u00a0fecha \u00a0exacta \u00a0por \u00a0el \u00a0Gran \u00a0Jurado, \u00a0y \u00a0con \u00a0continuaci\u00f3n \u00a0despu\u00e9s de esta fecha hasta la fecha de la presentaci\u00f3n de esta \u00a0Acusaci\u00f3n, \u00a0en \u00a0Miami. Condado de Dade, en el Distrito Meridional de Florida, y \u00a0en \u00a0 otras \u00a0 partes, \u00a0 los \u00a0 acusados\u2026 \u00a0JULIO \u00a0C\u00c9SAR \u00a0SU\u00c1REZ \u00a0VELANDIA, \u00a0con \u00a0conocimiento \u00a0de \u00a0causa \u00a0e \u00a0intencionadamente \u00a0se combinaron, se concertaron, se \u00a0confederaron \u00a0y \u00a0se acordaron entre ellos y con otras personas\u00a0 conocidas y \u00a0no \u00a0conocidas \u00a0para \u00a0el \u00a0Gran \u00a0Jurado, \u00a0para \u00a0importar \u00a0a \u00a0los Estados Unidos de \u00a0Am\u00e9rica, \u00a0de \u00a0un lugar fuera del pa\u00eds, una sustancia controlada, en violaci\u00f3n \u00a0del T\u00edtulo 21 del C\u00f3digo de los Estados Unidos, Secci\u00f3n 963. \u00a0\u00a0<\/p>\n<p>En virtud del T\u00edtulo 21 del C\u00f3digo de los \u00a0Estados \u00a0Unidos, \u00a0Secci\u00f3n \u00a0960(b)(1)(A), \u00a0se \u00a0alega adem\u00e1s que esta violaci\u00f3n \u00a0trataba \u00a0de \u00a0un \u00a0kilogramo \u00a0o \u00a0m\u00e1s \u00a0de una mezcla y sustancia que conten\u00eda una \u00a0cantidad perceptible de hero\u00edna \u00a0\u00a0<\/p>\n<p>Cargo 2. Desde el \u00a025 \u00a0de \u00a0octubre \u00a0de \u00a02003, \u00a0o \u00a0alrededor \u00a0de \u00a0esta fecha, siendo la fecha exacta \u00a0desconocida \u00a0para \u00a0el \u00a0Gran \u00a0Jurado, \u00a0y con continuaci\u00f3n despu\u00e9s de esta fecha \u00a0hasta \u00a0la \u00a0fecha \u00a0de \u00a0la \u00a0presentaci\u00f3n \u00a0de esta Acusaci\u00f3n, en Miami-Condado de \u00a0Dade, \u00a0en \u00a0el distrito Meridional de Florida, y en otras partes, los acusados\u2026 \u00a0JULIO \u00a0C\u00c9SAR \u00a0SU\u00c1REZ \u00a0VELANDIA, con conocimiento de causa e intencionadamente, \u00a0se \u00a0combinaron, \u00a0se \u00a0conspiraron, se confederaron y se acordaron entre s\u00ed y con \u00a0otras \u00a0personas \u00a0conocidas \u00a0y \u00a0desconocidas para el Gran Jurado, para poseer con \u00a0intenci\u00f3n \u00a0de \u00a0distribuir una sustancia controlada, en violaci\u00f3n a la Secci\u00f3n \u00a0841(a)(1) \u00a0del \u00a0T\u00edtulo \u00a021 \u00a0del \u00a0C\u00f3digo \u00a0de \u00a0los \u00a0Estados \u00a0Unidos; todo eso en \u00a0violaci\u00f3n \u00a0a \u00a0la \u00a0Secci\u00f3n \u00a0846 \u00a0del \u00a0T\u00edtulo \u00a021 \u00a0del \u00a0C\u00f3digo \u00a0de los Estados \u00a0Unidos. \u00a0\u00a0<\/p>\n<p>A los efectos de la Secci\u00f3n 841(b)(1)(A)(i) \u00a0del \u00a0T\u00edtulo \u00a021 \u00a0del \u00a0C\u00f3digo \u00a0de los Estados Unidos, se alega otros\u00ed que este \u00a0delito \u00a0trataba \u00a0de \u00a0un \u00a0(1) \u00a0kilogramo \u00a0o \u00a0m\u00e1s \u00a0de \u00a0una mezcla y sustancia que \u00a0conten\u00eda \u00a0 \u00a0 \u00a0una \u00a0 \u00a0 cantidad \u00a0 \u00a0 perceptible \u00a0 \u00a0 de \u00a0 \u00a0 hero\u00edna.\u201d \u00a0\u00a0<\/p>\n<p>De \u00a0conformidad \u00a0con \u00a0las \u00a0copias \u00a0de \u00a0las \u00a0disposiciones \u00a0 pertinentes \u00a0que \u00a0reposan \u00a0en \u00a0el \u00a0expediente, \u00a0el \u00a0T\u00edtulo \u00a021, \u00a0Secciones,\u00a0 \u00a0 846 \u00a0 y \u00a0 963, \u00a0 bajo \u00a0 el \u00a0 ep\u00edgrafe \u00a0 de \u00a0 \u201cTentativa \u00a0 y \u00a0concierto\u201d, \u00a0se\u00f1ala \u00a0que \u00a0\u201cEl \u00a0que \u00a0intente \u00a0o \u00a0concierte \u00a0a cometer cualquier \u00a0delito \u00a0definido \u00a0en \u00a0este subcap\u00edtulo ser\u00e1 castigado con las mismas penas que \u00a0se \u00a0prev\u00e9n \u00a0para \u00a0el delito cuya comisi\u00f3n era el objetivo de la tentativa o el \u00a0concierto.\u201d \u00a0\u00a0<\/p>\n<p>Los \u00a0delitos conspirados est\u00e1n previstos en \u00a0el \u00a0 T\u00edtulo \u00a0 21, \u00a0 Secci\u00f3n \u00a0841 \u00a0(a)(1)(b)(1)(A)(i) \u00a0que \u00a0estima \u00a0ilegal \u00a0que \u00a0\u201ccualquier \u00a0persona \u00a0con \u00a0conocimiento \u00a0de \u00a0causa \u00a0o \u00a0intencionadamente\u2026 \u00a0fabrique, \u00a0distribuya, o dispense, o posea con intenciones \u00a0de \u00a0 \u00a0 \u00a0fabricar, \u00a0 \u00a0 \u00a0distribuir \u00a0 \u00a0 \u00a0o \u00a0 \u00a0 \u00a0dispensar, \u00a0 \u00a0 \u00a0una \u00a0 \u00a0 \u00a0sustancia \u00a0controlada\u2026\u201d; \u00a0en \u00a0la \u00a0Secci\u00f3n \u00a0952 \u00a0(a), la cual \u00a0considera \u00a0\u201cilegal importar al territorio aduanero de \u00a0los \u00a0Estados Unidos de lugar fuera de ese territorio (pero dentro de los Estados \u00a0Unidos), \u00a0o \u00a0importar \u00a0a \u00a0los Estados Unidos de cualquier lugar fuera del pa\u00eds, \u00a0una \u00a0 sustancia \u00a0 una \u00a0 sustancia \u00a0 controlada\u2026 \u00a0 o \u00a0 una \u00a0 droga \u00a0 narc\u00f3tica \u00a0\u2026\u201d. \u00a0Al \u00a0tratarse \u00a0de una mezcla o sustancia de un \u00a0kilogramo \u00a0o m\u00e1s que contenga una cantidad perceptible de hero\u00edna, la pena, en \u00a0ambos \u00a0eventos, no podr\u00e1 ser inferior a 10 a\u00f1os de encarcelamiento, ni mayor a \u00a0cadena \u00a0perpetua, \u00a0de \u00a0conformidad \u00a0con \u00a0las \u00a0Secciones \u00a0841 (b)(1)(A)(i), y 960 \u00a0(b)(1)(A). \u00a0\u00a0<\/p>\n<p>Los \u00a0anteriores \u00a0cargos, \u00a0concretados \u00a0en la \u00a0conspiraci\u00f3n \u00a0entre varias personas para cometer delitos (importar a territorio \u00a0de \u00a0los \u00a0Estados \u00a0Unidos \u00a0una \u00a0cantidad \u00a0perceptible de hero\u00edna, y poseerla con \u00a0intenciones \u00a0de \u00a0distribuirla), \u00a0tienen \u00a0su \u00a0correspondencia en el C\u00f3digo Penal \u00a0colombiano. \u00a0En \u00a0efecto, \u00a0el art\u00edculo 340 de la Ley 599 de 2000, modificado por \u00a0el \u00a08\u00ba de la Ley 733 de 2002, tipifica el concierto para delinquir al sancionar \u00a0con \u00a0prisi\u00f3n \u00a0de \u00a0tres \u00a0a \u00a0seis a\u00f1os \u201cCuando varias \u00a0personas \u00a0se \u00a0conciertan \u00a0para \u00a0cometer \u00a0delitos\u201d. La \u00a0prisi\u00f3n \u00a0ser\u00e1 \u00a0de \u00a0seis \u00a0a \u00a0doce \u00a0a\u00f1os cuando el concierto sea para ejecutar, \u00a0entre \u00a0 otros, \u00a0delitos \u00a0de \u00a0tr\u00e1fico \u00a0de \u00a0drogas \u00a0t\u00f3xicas, \u00a0estupefacientes \u00a0o \u00a0sustancias \u00a0 \u00a0sicotr\u00f3picas, \u00a0 de \u00a0 acuerdo \u00a0 con \u00a0 el \u00a0 inciso \u00a0 2\u00ba \u00a0 de \u00a0 esa \u00a0disposici\u00f3n. \u00a0\u00a0<\/p>\n<p>Del \u00a0mismo \u00a0modo, \u00a0tanto \u00a0conspirar \u00a0como concertar envuelven la idea de acordar voluntades para adelantar \u00a0precisas \u00a0actividades \u00a0y \u00a0obtener \u00a0un \u00a0fin, \u00a0el cual ser\u00eda, en este caso, el de \u00a0cometer \u00a0delitos \u00a0de \u00a0narcotr\u00e1fico, siendo evidente que las dos figuras guardan \u00a0similitud. \u00a0\u00a0<\/p>\n<p>6. Habi\u00e9ndose constatado el cumplimiento de \u00a0todos \u00a0los \u00a0requisitos se\u00f1alados en el C\u00f3digo de Procedimiento Penal, la Corte \u00a0conceptuar\u00e1 \u00a0favorablemente \u00a0a \u00a0la \u00a0extradici\u00f3n del ciudadano colombiano JULIO \u00a0C\u00c9SAR SU\u00c1REZ VELANDIA. \u00a0\u00a0<\/p>\n<p>7. \u00a0Reunidos \u00a0en su totalidad los requisitos \u00a0previstos \u00a0en \u00a0el \u00a0C\u00f3digo de Procedimiento Penal, la Corte Suprema de Justicia, \u00a0Sala \u00a0de Casaci\u00f3n Penal, CONCEPTUA FAVORABLEMENTE al pedido de extradici\u00f3n del \u00a0ciudadano \u00a0colombiano \u00a0JULIO \u00a0C\u00c9SAR \u00a0SU\u00c1REZ \u00a0VELANDIA, \u00a0cuyas \u00a0notas civiles y \u00a0condiciones \u00a0personales fueron constatadas en el cuerpo de este pronunciamiento, \u00a0conforme \u00a0con \u00a0la \u00a0nota \u00a0verbal \u00a0n.\u00b0 \u00a00577 \u00a0del \u00a018 de marzo del a\u00f1o en curso, \u00a0suscrita \u00a0por \u00a0la \u00a0Embajada \u00a0de \u00a0los \u00a0Estados Unidos de Am\u00e9rica, por los cargos \u00a0n\u00fameros \u00a0 1 \u00a0 y \u00a0 2, \u00a0 imputados \u00a0 en \u00a0 la \u00a0 resoluci\u00f3n \u00a0 de \u00a0acusaci\u00f3n \u00a0n.\u00b0 \u00a004-21016-CR-GRAHAM \u00a0dictada \u00a0el \u00a017 de diciembre de 2004 ante la Corte Distrital \u00a0de los Estados Unidos para el Distrito Sur de la Florida. \u00a0\u00a0<\/p>\n<p>7.1 \u00a0En \u00a0todo \u00a0caso, \u00a0habida \u00a0cuenta \u00a0que de \u00a0acuerdo \u00a0con las normas punitivas de los Estados Unidos aplicables a los delitos \u00a0por \u00a0los \u00a0que \u00a0solicit\u00f3 \u00a0la \u00a0extradici\u00f3n \u00a0prev\u00e9n \u00a0como \u00a0sanci\u00f3n hasta cadena \u00a0perpetua, \u00a0la cual est\u00e1 prohibida en Colombia (art\u00edculo 34 de la Constituci\u00f3n \u00a0Pol\u00edtica), \u00a0le \u00a0corresponde \u00a0al \u00a0Gobierno \u00a0Nacional, \u00a0en caso de que conceda la \u00a0entrega \u00a0requerida, \u00a0condicionar \u00a0la extradici\u00f3n a la conmutaci\u00f3n de la misma, \u00a0as\u00ed \u00a0como \u00a0imponer \u00a0las \u00a0exigencias que considere oportunas para que se observe \u00a0ese \u00a0precepto \u00a0constitucional, \u00a0y \u00a0a \u00a0fin \u00a0de que SU\u00c1REZ VELANDIA no vaya a ser \u00a0juzgado \u00a0por \u00a0un hecho anterior al que motiva la extradici\u00f3n (art\u00edculo 512 del \u00a0C\u00f3digo \u00a0de \u00a0Procedimiento \u00a0Penal), \u00a0ni \u00a0sometido \u00a0a tratos crueles, inhumanos o \u00a0degradantes. \u00a0\u00a0<\/p>\n<p>7.2. Tambi\u00e9n es preciso advertir que como el \u00a0instrumento \u00a0de \u00a0la \u00a0extradici\u00f3n entre Estados Unidos de Am\u00e9rica y Colombia se \u00a0rige, \u00a0en \u00a0ausencia \u00a0de \u00a0un \u00a0instrumento internacional que regule los motivos de \u00a0procedencia, \u00a0requisitos, \u00a0tr\u00e1mite \u00a0y condiciones, por las normas contenidas en \u00a0la \u00a0Constituci\u00f3n \u00a0Pol\u00edtica \u00a0(art\u00edculo \u00a035) \u00a0y \u00a0en el C\u00f3digo de Procedimiento \u00a0Penal \u00a0(art\u00edculos \u00a0508 \u00a0a \u00a0533 \u00a0de \u00a0la \u00a0Ley \u00a0600 \u00a0de \u00a02000), cuando recae sobre \u00a0ciudadanos \u00a0colombianos por nacimiento \u2013cuando \u00a0es \u00a0pasiva-, es imperioso que el Gobierno Nacional exija las \u00a0garant\u00edas \u00a0que \u00a0estime \u00a0convenientes en aras a que en el pa\u00eds reclamante se le \u00a0reconozcan \u00a0 todos \u00a0los \u00a0derechos \u00a0y \u00a0garant\u00edas \u00a0inherentes \u00a0a \u00a0su \u00a0calidad \u00a0de \u00a0colombiano \u00a0y de procesado, en especial las contenidas en la Carta Fundamental y \u00a0en \u00a0el \u00a0denominado bloque de constitucionalidad, es decir, en aquellos convenios \u00a0internacionales \u00a0ratificados \u00a0por \u00a0Colombia que consagran y desarrollan derechos \u00a0humanos \u00a0(art\u00edculo \u00a093 \u00a0de la Constituci\u00f3n, Declaraci\u00f3n Universal de Derechos \u00a0Humanos, \u00a0Convenci\u00f3n \u00a0Americana \u00a0de \u00a0Derechos \u00a0Humanos, \u00a0Pacto Internacional de \u00a0Derechos \u00a0Civiles \u00a0y \u00a0Pol\u00edticos), \u00a0en \u00a0virtud \u00a0del \u00a0deber de protecci\u00f3n a esos \u00a0derechos \u00a0que \u00a0para \u00a0todas \u00a0las \u00a0autoridades \u00a0p\u00fablicas \u00a0emana del art\u00edculo 2\u00ba \u00a0ib\u00eddem. \u00a0\u00a0<\/p>\n<p>Por \u00a0esa \u00a0raz\u00f3n, \u00a0de \u00a0conformidad \u00a0con \u00a0lo \u00a0establecido \u00a0por \u00a0el \u00a0art\u00edculo 189-2 de la Constituci\u00f3n Pol\u00edtica, al Gobierno \u00a0Nacional, \u00a0en \u00a0cabeza \u00a0del \u00a0se\u00f1or \u00a0Presidente \u00a0de \u00a0la \u00a0Rep\u00fablica \u00a0como supremo \u00a0director \u00a0de\u00a0 la pol\u00edtica exterior y de las relaciones internacionales, le \u00a0corresponde \u00a0hacer \u00a0estricto \u00a0seguimiento \u00a0del \u00a0cumplimiento por parte del pa\u00eds \u00a0requirente \u00a0de \u00a0los \u00a0condicionamientos \u00a0atr\u00e1s \u00a0referenciados y establecer, as\u00ed \u00a0mismo, \u00a0las \u00a0consecuencias \u00a0de su inobservancia (cfr. concepto del 23 de febrero \u00a0de 2005, radicaci\u00f3n n.\u00b0 22.375, M.P. Herman Gal\u00e1n Castellanos). \u00a0\u00a0<\/p>\n<p>La \u00a0Secretar\u00eda \u00a0de la Sala comunicar\u00e1 este \u00a0concepto \u00a0al solicitado JULIO C\u00c9SAR SU\u00c1REZ VELANDIA y dem\u00e1s intervinientes en \u00a0el tr\u00e1mite de extradici\u00f3n. \u00a0\u00a0<\/p>\n<p>Devu\u00e9lvase \u00a0el \u00a0expediente al Ministerio de \u00a0Justicia y del Derecho para lo de su competencia. \u00a0\u00a0<\/p>\n<p>Comun\u00edquese \u00a0 \u00a0y \u00a0c\u00famplase \u00a0\u00a0<\/p>\n<p>MARINA PULIDO DE BAR\u00d3N \u00a0<\/p>\n<p>SIGIFREDO \u00a0 \u00a0 \u00a0 \u00a0 \u00a0ESPINOSA \u00a0P\u00c9REZ\u00a0\u00a0\u00a0\u00a0\u00a0\u00a0\u00a0\u00a0\u00a0\u00a0\u00a0\u00a0\u00a0\u00a0\u00a0\u00a0 \u00a0 \u00a0 \u00a0\u00a0 \u00a0 \u00a0\u00a0 \u00a0 \u00a0\u00a0 \u00a0 \u00a0HERMAN GAL\u00c1N CASTELLANOS \u00a0\u00a0<\/p>\n<p>\u00a0\u00a0\u00a0\u00a0\u00a0\u00a0\u00a0\u00a0\u00a0\u00a0\u00a0\u00a0\u00a0 \u00a0Aclaraci\u00f3n de voto \u00a0\u00a0<\/p>\n<p>ALFREDO \u00a0 \u00a0 \u00a0 \u00a0 \u00a0 G\u00d3MEZ \u00a0QUINTERO\u00a0\u00a0\u00a0\u00a0\u00a0\u00a0\u00a0\u00a0\u00a0\u00a0\u00a0\u00a0\u00a0\u00a0\u00a0\u00a0\u00a0\u00a0\u00a0\u00a0\u00a0\u00a0\u00a0\u00a0\u00a0 \u00a0\u00c9DGAR \u00a0LOMBANA \u00a0TRUJILLO \u00a0\u00a0 \u00a0 \u00a0 \u00a0 \u00a0\u00a0<\/p>\n<p>\u00c1LVARO \u00a0ORLANDO P\u00c9REZ PINZ\u00d3N \u00a0 \u00a0 \u00a0 \u00a0\u00a0 \u00a0 \u00a0 \u00a0 \u00a0\u00a0 \u00a0 \u00a0 \u00a0 \u00a0\u00a0 \u00a0 \u00a0 \u00a0 \u00a0\u00a0\u00a0\u00a0\u00a0\u00a0\u00a0 JORGE LUIS QUINTERO MILAN\u00c9S \u00a0\u00a0<\/p>\n<p>\u00a0\u00a0\u00a0\u00a0\u00a0\u00a0\u00a0\u00a0\u00a0\u00a0\u00a0\u00a0\u00a0\u00a0 \u00a0Aclaraci\u00f3n de voto \u00a0\u00a0<\/p>\n<p>YESID \u00a0 RAM\u00cdREZ \u00a0 BASTIDAS \u00a0\u00a0 \u00a0\u00a0 \u00a0\u00a0 \u00a0\u00a0 \u00a0\u00a0 \u00a0\u00a0 \u00a0 \u00a0 \u00a0 \u00a0 \u00a0 \u00a0 \u00a0 \u00a0 \u00a0 \u00a0 \u00a0 \u00a0 \u00a0 \u00a0 \u00a0 \u00a0 \u00a0 \u00a0 \u00a0 \u00a0 \u00a0 \u00a0 \u00a0 \u00a0 \u00a0 \u00a0\u00a0\u00a0\u00a0\u00a0\u00a0\u00a0\u00a0\u00a0\u00a0\u00a0\u00a0 \u00a0MAURO SOLARTE PORTILLA \u00a0\u00a0<\/p>\n<p>TERESA \u00a0 \u00a0RUIZ \u00a0N\u00da\u00d1EZ \u00a0\u00a0<\/p>\n<p>Secretaria \u00a0\u00a0<\/p>\n<p>ACLARACI\u00d3N DE VOTO \u00a0<\/p>\n<p>(Extradici\u00f3n No. 23.528) \u00a0<\/p>\n<p>He aclarado el voto en lo relacionado con la \u00a0afirmaci\u00f3n \u00a0que \u00a0se \u00a0hace \u00a0consistente \u00a0en \u00a0que \u00a0el \u00a0pa\u00eds \u00a0requirente debe dar \u00a0aplicaci\u00f3n \u00a0al \u00a0contenido \u00a0de \u00a0la Convenci\u00f3n Americana de Derechos Humanos y a \u00a0los \u00a0 \u00a0Pactos \u00a0 \u00a0Internacionales \u00a0 sobre \u00a0 derechos \u00a0 civiles, \u00a0 econ\u00f3micos \u00a0 y \u00a0pol\u00edticos. \u00a0\u00a0<\/p>\n<p>En \u00a0materia \u00a0de \u00a0extradici\u00f3n, no veo c\u00f3mo \u00a0Colombia \u00a0pueda \u00a0decir a los Estados Unidos, que no ha \u00a0ratificado \u00a0tales \u00a0Convenios, \u00a0que \u00a0con fundamento en \u00a0ellos, \u00a0 \u00a0por \u00a0 \u00a0ejemplo, \u00a0 \u00a0tiene \u00a0 \u00a0que \u00a0 buscar \u00a0 la \u00a0 resocializaci\u00f3n \u00a0 del \u00a0condenado. \u00a0\u00a0<\/p>\n<p>Desde luego, esto no significa que el Estado \u00a0requirente \u00a0pueda \u00a0desconocer los derechos y garant\u00edas ecum\u00e9nicas, reconocidas \u00a0por la generalidad de los pueblos democr\u00e1ticos. \u00a0\u00a0<\/p>\n<p>Que \u00a0sea necesario establecer condiciones a \u00a0los \u00a0pa\u00edses solicitantes, nadie lo puede discutir, como tradicionalmente, desde \u00a0siempre, lo ha hecho la Corte Suprema de Justicia. \u00a0\u00a0<\/p>\n<p>Pero \u00a0de \u00a0ah\u00ed a imponer al peticionario la \u00a0sujeci\u00f3n \u00a0a disposiciones que se ha abstenido de ratificar, es imposible, salvo \u00a0que, \u00a0claro \u00a0est\u00e1, \u00a0vulnere \u00a0flagrantemente \u00a0la esencia de aquella normatividad \u00a0general y universal. \u00a0\u00a0<\/p>\n<p>\u00c1lvaro Orlando P\u00e9rez Pinz\u00f3n \u00a0<\/p>\n<p>10. 6. 2005. \u00a0<\/p>\n<p>ACLARACI\u00d3N DE VOTO \u00a0<\/p>\n<p>Con \u00a0el \u00a0respeto que siempre profeso por las \u00a0decisiones \u00a0de \u00a0la Sala, expongo a continuaci\u00f3n los aspectos que, en mi sentir, \u00a0deben \u00a0incluirse \u00a0en \u00a0los \u00a0conceptos de extradici\u00f3n que emite la Corte frente a \u00a0tr\u00e1mites \u00a0que involucran ciudadanos colombianos por nacimiento, particularmente \u00a0cuando \u00a0se \u00a0desarrollan \u00a0en \u00a0ausencia \u00a0de \u00a0cl\u00e1usulas \u00a0pactadas \u00a0en instrumentos \u00a0internacionales \u00a0 de \u00a0 car\u00e1cter \u00a0bilateral \u00a0o \u00a0multilateral, \u00a0en \u00a0la \u00a0forma \u00a0de \u00a0condicionamientos \u00a0que \u00a0el \u00a0Gobierno \u00a0Nacional \u00a0deber\u00eda \u00a0exigir \u00a0al \u00a0momento de \u00a0acceder \u00a0a \u00a0la \u00a0entrega \u00a0de \u00a0un \u00a0connacional, \u00a0adem\u00e1s \u00a0de \u00a0los que se le vienen \u00a0sugiriendo de manera com\u00fan. \u00a0\u00a0<\/p>\n<p>La \u00a0posici\u00f3n \u00a0que \u00a0he venido sustentando en \u00a0Sala \u00a0y que no ha tenido acogida, descansa en que la Corte al asumir la funci\u00f3n \u00a0de \u00a0conceptuar, \u00a0no \u00a0s\u00f3lo \u00a0ha \u00a0de tener como gu\u00eda los par\u00e1metros que sobre la \u00a0materia \u00a0est\u00e1n \u00a0fijados \u00a0en \u00a0el \u00a0ordenamiento \u00a0procesal penal patrio, sino que, \u00a0adem\u00e1s, \u00a0su misi\u00f3n tambi\u00e9n debe estar influida por la regla del art\u00edculo 2\u00ba \u00a0de \u00a0la \u00a0Constituci\u00f3n, \u00a0pues \u00a0en \u00a0cuanto \u00a0\u00f3rgano \u00a0m\u00e1ximo \u00a0de \u00a0la jurisdicci\u00f3n \u00a0ordinaria \u00a0y, \u00a0por tanto, componente esencial en la estructura del Estado Social \u00a0de \u00a0 Derecho, \u00a0 tambi\u00e9n \u00a0debe \u00a0velar \u00a0por \u00a0la \u00a0efectividad \u00a0de \u00a0los \u00a0principios \u00a0\u2013entre \u00a0ellos el fundante \u00a0de \u00a0la dignidad humana-, derechos y deberes consagrados en la Carta; defender la \u00a0independencia \u00a0nacional \u00a0y \u00a0proteger a todas las personas residentes en Colombia \u00a0en su vida, honra, bienes, creencias, derechos y libertades \u00a0\u00a0<\/p>\n<p>En ese orden de cosas, estimo que es preciso \u00a0advertir \u00a0en \u00a0el \u00a0concepto sobre la necesidad de plantear otras condiciones a la \u00a0entrega \u00a0del \u00a0reclamado, \u00a0derivadas \u00a0del hecho de que el acto de extradici\u00f3n no \u00a0implica \u00a0que \u00a0el \u00a0extraditado \u00a0pierda \u00a0la nacionalidad colombiana, lo cual s\u00f3lo \u00a0ocurre \u00a0 frente \u00a0a \u00a0los \u00a0presupuestos \u00a0se\u00f1alados \u00a0en \u00a0el \u00a0art\u00edculo \u00a098 \u00a0de \u00a0la \u00a0Constituci\u00f3n. \u00a0\u00a0<\/p>\n<p>En \u00a0tales \u00a0condiciones, cuando la entrega en \u00a0extradici\u00f3n \u00a0de \u00a0un \u00a0nacional \u00a0colombiano se tramita y agota, en ausencia de un \u00a0convenio \u00a0 multilateral \u00a0 o \u00a0bilateral \u00a0sobre \u00a0la \u00a0materia, \u00a0con \u00a0arreglo \u00a0a \u00a0la \u00a0Constituci\u00f3n \u00a0y \u00a0a \u00a0la \u00a0ley, \u00a0debe tenerse en cuenta que a diferencia de lo que \u00a0ocurre \u00a0si \u00a0se \u00a0hubiera adelantado conforme a un instrumento internacional en el \u00a0cual \u00a0las \u00a0partes \u00a0acuerdan condiciones que pueden significar la restricci\u00f3n de \u00a0ciertos \u00a0derechos, \u00a0en \u00a0virtud \u00a0a \u00a0la \u00a0configuraci\u00f3n del Estado colombiano como \u00a0social \u00a0y \u00a0democr\u00e1tico \u00a0de derecho, en el cual es base fundamental el respeto a \u00a0la \u00a0dignidad \u00a0humana \u00a0(art\u00edculo \u00a01\u00ba de la Carta), las condiciones que se deben \u00a0exigir \u00a0al pa\u00eds reclamante tienen que estar ligadas con la observancia all\u00ed de \u00a0los \u00a0derechos \u00a0y \u00a0garant\u00edas \u00a0que \u00a0cobijar\u00edan \u00a0al \u00a0solicitado de ser juzgado en \u00a0Colombia. \u00a0\u00a0<\/p>\n<p>Eso \u00a0es \u00a0as\u00ed, \u00a0porque \u00a0al \u00a0acceder \u00a0a \u00a0la \u00a0extradici\u00f3n \u00a0de \u00a0un colombiano por nacimiento el Estado, a trav\u00e9s del Gobierno \u00a0Nacional, \u00a0renuncia \u00a0a la potestad de ejercer su propia jurisdicci\u00f3n, pero no a \u00a0la \u00a0obligaci\u00f3n \u00a0de \u00a0proteger al extraditado, pues en tanto siga siendo s\u00fabdito \u00a0de \u00a0Colombia, tiene derecho a todas las prerrogativas, garant\u00edas y derechos que \u00a0emanan \u00a0de \u00a0la Constituci\u00f3n y la ley, en particular, aquellos que se relacionan \u00a0con \u00a0 su \u00a0 calidad \u00a0 de \u00a0 procesado \u00a0y \u00a0que \u00a0tienen \u00a0que \u00a0ver \u00a0con \u00a0la \u00a0dignidad \u00a0humana. \u00a0\u00a0<\/p>\n<p>As\u00ed \u00a0las cosas, siendo el marco esencial de \u00a0la \u00a0 figura \u00a0 de \u00a0la \u00a0extradici\u00f3n \u00a0lo \u00a0se\u00f1alado \u00a0en \u00a0el \u00a0art\u00edculo \u00a035 \u00a0de \u00a0la \u00a0Constituci\u00f3n, \u00a0que \u00a0fija \u00a0un \u00a0sistema \u00a0de \u00a0fuentes1 \u00a0para que se solicite, conceda \u00a0u \u00a0ofrezca, \u00a0que son los tratados p\u00fablicos y, en su defecto, la ley, es preciso \u00a0comentar \u00a0que \u00a0como \u00a0no hay un instrumento vigente de esa naturaleza que ligue a \u00a0Colombia \u00a0con Estados Unidos en el tema de extradici\u00f3n, el \u00e1mbito para evaluar \u00a0la \u00a0procedencia \u00a0de \u00a0una \u00a0solicitud, \u00a0concesi\u00f3n \u00a0u ofrecimiento de extradici\u00f3n \u00a0entre los dos pa\u00edses es el C\u00f3digo de Procedimiento Penal. \u00a0\u00a0<\/p>\n<p>Obs\u00e9rvese que los preceptos que desarrollan \u00a0la \u00a0extradici\u00f3n \u00a0en \u00a0la \u00a0Ley \u00a0600 \u00a0de \u00a02000, \u00a0adem\u00e1s \u00a0de \u00a0reiterar \u00a0las reglas \u00a0constitucionales \u00a0(improcedencia por delitos pol\u00edticos, o la de colombianos por \u00a0nacimiento \u00a0por \u00a0hechos \u00a0cometidos \u00a0con \u00a0anterioridad al 16 de diciembre de 1997 \u00a0\u2013art\u00edculo 508-); fijan el \u00a0organismo \u00a0al \u00a0que \u00a0le \u00a0corresponde \u00a0ofrecer \u00a0o \u00a0conceder la extradici\u00f3n de una \u00a0persona \u00a0 \u00a0 y \u00a0 \u00a0 las \u00a0 \u00a0 facultades \u00a0 \u00a0 sobre \u00a0 \u00a0 la \u00a0 \u00a0materia \u00a0 \u00a0\u2013el \u00a0 \u00a0gobierno-, \u00a0 el \u00a0 \u00e1mbito \u00a0 de \u00a0competencia \u00a0de \u00a0cada ente gubernamental, y el que le corresponde en el tr\u00e1mite \u00a0a \u00a0 la \u00a0Corte; \u00a0se\u00f1alan \u00a0requisitos \u00a0adicionales \u00a0(doble \u00a0incriminaci\u00f3n, \u00a0acto \u00a0procesal \u00a0 m\u00ednimo \u00a0en \u00a0el \u00a0exterior \u00a0\u2013art\u00edculo \u00a0 510-); \u00a0estructuran \u00a0la \u00a0forma \u00a0como \u00a0se \u00a0desarrolla \u00a0el \u00a0tr\u00e1mite \u00a0mixto, \u00a0as\u00ed \u00a0como \u00a0los \u00a0fundamentos \u00a0del \u00a0concepto \u00a0(art\u00edculo \u00a0520); \u00a0determinan \u00a0cu\u00e1ndo \u00a0se \u00a0decide \u00a0sobre \u00a0la solicitud, en qu\u00e9 momento se hace la \u00a0entrega \u00a0y \u00a0regula \u00a0la \u00a0orden \u00a0de \u00a0prelaci\u00f3n \u00a0en \u00a0caso \u00a0de \u00a0varias \u00a0solicitudes \u00a0(art\u00edculos \u00a0522, 523 y 524); consagran el derecho a la defensa y los eventos en \u00a0que hay lugar a la libertad (art\u00edculos 529 y 530). \u00a0\u00a0<\/p>\n<p>Adem\u00e1s, \u00a0el art\u00edculo 512 ib\u00eddem le impone \u00a0de \u00a0modo \u00a0imperativo \u00a0al \u00a0gobierno la obligaci\u00f3n de exigir que el solicitado no \u00a0vaya \u00a0 a \u00a0 ser \u00a0juzgado \u00a0por \u00a0un \u00a0hecho \u00a0anterior \u00a0diverso \u00a0del \u00a0que \u00a0motiva \u00a0la \u00a0extradici\u00f3n, \u00a0ni \u00a0sometido \u00a0a \u00a0sanciones \u00a0distintas \u00a0de \u00a0las que se le hubieran \u00a0impuesto \u00a0en \u00a0la condena, y a que se le conmute la pena de muerte en caso de que \u00a0la \u00a0legislaci\u00f3n \u00a0del \u00a0pa\u00eds \u00a0reclamante \u00a0la prevea como sanci\u00f3n del delito que \u00a0motiva la solicitud de extradici\u00f3n. \u00a0\u00a0<\/p>\n<p>Recu\u00e9rdese \u00a0que \u00a0las \u00a0condiciones \u00a0arriba \u00a0se\u00f1aladas \u00a0fueron \u00a0extendidas, \u00a0con el mismo car\u00e1cter imperativo, por la Corte \u00a0Constitucional a otras situaciones, al se\u00f1alar que: \u00a0\u00a0<\/p>\n<p>\u201c&#8230;no \u00a0s\u00f3lo \u00a0habr\u00e1 \u00a0de \u00a0entenderse que en caso de que exista en el Estado requirente la pena \u00a0de \u00a0muerte, \u00a0la entrega se har\u00e1 bajo la condici\u00f3n de la conmutaci\u00f3n de \u00e9sta, \u00a0sino, \u00a0tambi\u00e9n \u00a0bajo el entendido de que al extraditado no se le podr\u00e1 someter \u00a0ni \u00a0a \u00a0torturas, \u00a0ni \u00a0a tratos o penas crueles, ni a desaparici\u00f3n forzada, ni a \u00a0tratamiento \u00a0 degradante \u00a0 e \u00a0inhumano, \u00a0raz\u00f3n \u00a0por \u00a0la \u00a0cual \u00a0as\u00ed \u00a0habr\u00e1 \u00a0de \u00a0condicionarse \u00a0la \u00a0constitucionalidad \u00a0que \u00a0se \u00a0declara \u00a0del \u00a0art\u00edculo \u00a0550 del \u00a0C\u00f3digo de Procedimiento Penal. \u00a0\u00a0<\/p>\n<p>Por otra parte, se observa por la Corte, que \u00a0la \u00a0 Constituci\u00f3n \u00a0 colombiana, \u00a0 proh\u00edbe \u00a0en \u00a0su \u00a0art\u00edculo \u00a034 \u00a0\u2018las \u00a0penas \u00a0de \u00a0destierro, \u00a0prisi\u00f3n \u00a0perpetua \u00a0 \u00a0 \u00a0y \u00a0 \u00a0 \u00a0confiscaci\u00f3n\u2019, \u00a0a las cuales, por las mismas razones anteriormente expuestas, no \u00a0podr\u00e1 \u00a0someterse \u00a0al extraditado por el pa\u00eds que lo juzgue, lo que implica que \u00a0igualmente \u00a0 en \u00a0ese \u00a0sentido \u00a0habr\u00e1 \u00a0de \u00a0condicionarse \u00a0la \u00a0exequibilidad \u00a0del \u00a0art\u00edculo \u00a0 \u00a0 550 \u00a0 \u00a0del \u00a0 \u00a0C\u00f3digo \u00a0 \u00a0de \u00a0 \u00a0Procedimiento \u00a0 \u00a0Penal.\u201d2 \u00a0\u00a0<\/p>\n<p>Sin \u00a0embargo, \u00a0esas \u00a0no \u00a0son \u00a0las \u00a0\u00fanicas \u00a0condiciones \u00a0susceptibles \u00a0de formularse, pues al fin y al cabo el art\u00edculo 512 \u00a0del \u00a0 \u00a0C\u00f3digo \u00a0 de \u00a0 Procedimiento \u00a0 Penal \u00a0 precept\u00faa \u00a0 que \u00a0 \u201cEl \u00a0gobierno podr\u00e1 subordinar el ofrecimiento o la concesi\u00f3n de la \u00a0extradici\u00f3n \u00a0 \u00a0a \u00a0 \u00a0las \u00a0 condiciones \u00a0 que \u00a0 considere \u00a0 oportunas\u201d. \u00a0\u00a0<\/p>\n<p>Esa \u00a0facultad, \u00a0debe \u00a0se\u00f1alarse, \u00a0no \u00a0es \u00a0discrecional, \u00a0pues \u00a0al \u00a0momento \u00a0de \u00a0decidir \u00a0sobre \u00a0la \u00a0entrega de un nacional \u00a0colombiano \u00a0el \u00a0gobierno \u00a0est\u00e1 \u00a0en \u00a0el \u00a0deber \u00a0de \u00a0armonizar \u00a0los \u00a0criterios de \u00a0conveniencia \u00a0nacional o de cooperaci\u00f3n internacional, con la premisa seg\u00fan la \u00a0cual \u00a0al \u00a0concederse la extradici\u00f3n no se renuncia a la soberan\u00eda, sino que se \u00a0ejerce3, \u00a0y \u00a0con \u00a0los \u00a0derechos \u00a0y \u00a0garant\u00edas que est\u00e1n consagrados en la \u00a0Constituci\u00f3n \u00a0y \u00a0en \u00a0los instrumentos internacionales sobre derechos humanos en \u00a0pro \u00a0 de \u00a0 un \u00a0 justiciable, \u00a0 as\u00ed \u00a0 como \u00a0 en \u00a0 protecci\u00f3n \u00a0 de \u00a0su \u00a0dignidad \u00a0humana. \u00a0\u00a0<\/p>\n<p>As\u00ed, \u00a0con \u00a0arreglo \u00a0al \u00a0art\u00edculo 29 de la \u00a0Carta; \u00a0a \u00a0los \u00a0art\u00edculos \u00a09 \u00a0y \u00a010 \u00a0de \u00a0la \u00a0Declaraci\u00f3n Universal de Derechos \u00a0Humanos, \u00a05-3.6, 7-2.5, 8-1.2(a)(b)(c)(d)(e)(f)(g)(h).3.4.5, 9 de la Convenci\u00f3n \u00a0Americana \u00a0de \u00a0Derechos \u00a0Humanos, \u00a09-2.3, \u00a010-1.2.3, \u00a014-1.2.3,5, y 15 del Pacto \u00a0Internacional \u00a0de \u00a0Derechos \u00a0Civiles \u00a0y \u00a0Pol\u00edticos, \u00a0el \u00a0Gobierno Nacional debe \u00a0condicionar \u00a0la \u00a0entrega de un compatriota, si concede la extradici\u00f3n, a que se \u00a0le \u00a0 \u00a0respeten \u00a0 \u00a0al \u00a0 extraditado \u00a0 \u2013como \u00a0a cualquier otro nacional en las mismas condiciones- todas las \u00a0garant\u00edas \u00a0debidas \u00a0a \u00a0su condici\u00f3n de justiciable, en particular, a que tenga \u00a0acceso \u00a0a un proceso p\u00fablico sin dilaciones injustificadas, a que se presuma su \u00a0inocencia, \u00a0a \u00a0que \u00a0cuente con un int\u00e9rprete, a que tenga un defensor designado \u00a0por \u00a0\u00e9l \u00a0o \u00a0por el Estado, a que se le conceda el tiempo y los medios adecuados \u00a0para \u00a0que \u00a0prepare \u00a0la \u00a0defensa, \u00a0a \u00a0presentar pruebas y controvertir las que se \u00a0aduzcan \u00a0en \u00a0contra, \u00a0a \u00a0que \u00a0su \u00a0situaci\u00f3n \u00a0de \u00a0privaci\u00f3n \u00a0de \u00a0la libertad se \u00a0desarrolle \u00a0en \u00a0condiciones \u00a0dignas, a que la eventual pena que se le imponga no \u00a0trascienda \u00a0de \u00a0su \u00a0persona,\u00a0 \u00a0a \u00a0que la sanci\u00f3n pueda ser apelada ante un \u00a0tribunal \u00a0superior, \u00a0a \u00a0que \u00a0la \u00a0privativa \u00a0de \u00a0la \u00a0libertad \u00a0tenga la finalidad \u00a0esencial de reforma y readaptaci\u00f3n social. \u00a0\u00a0<\/p>\n<p>Igualmente, el gobierno debe condicionar la \u00a0entrega \u00a0a \u00a0que el pa\u00eds reclamante, conforme a sus pol\u00edticas internas sobre la \u00a0materia, \u00a0le \u00a0ofrezca \u00a0posibilidades racionales y reales para que el extraditado \u00a0pueda \u00a0tener \u00a0contacto \u00a0regular \u00a0con sus familiares m\u00e1s cercanos, habida cuenta \u00a0que \u00a0la \u00a0Constituci\u00f3n \u00a0de \u00a01991, en su art\u00edculo 42, reconoce a la familia como \u00a0n\u00facleo \u00a0esencial \u00a0de la sociedad, garantiza su protecci\u00f3n y reconoce su honra, \u00a0dignidad \u00a0e \u00a0intimidad, \u00a0lo \u00a0cual se refuerza con la protecci\u00f3n adicional que a \u00a0ese \u00a0 n\u00facleo \u00a0le \u00a0otorgan \u00a0la \u00a0Convenci\u00f3n \u00a0Americana \u00a0sobre \u00a0Derechos \u00a0Humanos \u00a0(art\u00edculo \u00a017) \u00a0y \u00a0el \u00a0Pacto \u00a0Internacional \u00a0de \u00a0Derechos \u00a0Civiles y Pol\u00edticos \u00a0(art\u00edculo 23). \u00a0\u00a0<\/p>\n<p>En cumplimiento de su deber de protecci\u00f3n a \u00a0las \u00a0garant\u00edas y derechos del nacional colombiano entregado en extradici\u00f3n, es \u00a0misi\u00f3n \u00a0del \u00a0Estado, \u00a0por \u00a0medio \u00a0del \u00a0\u00e1mbito \u00a0de competencias de los \u00f3rganos \u00a0respectivos, \u00a0vigilar \u00a0que \u00a0en \u00a0el \u00a0pa\u00eds reclamante se respeten las mencionadas \u00a0condiciones \u00a0(art\u00edculo 9\u00ba y 226 de la Carta). As\u00ed, en primer orden, a trav\u00e9s \u00a0del \u00a0cuerpo \u00a0diplom\u00e1tico, \u00a0en concreto, por las diferentes oficinas consulares, \u00a0con \u00a0apoyo \u00a0de \u00a0la \u00a0Procuradur\u00eda \u00a0General \u00a0de \u00a0la \u00a0Naci\u00f3n (art\u00edculo 277 de la \u00a0Constituci\u00f3n) \u00a0y \u00a0de \u00a0la \u00a0Defensor\u00eda del Pueblo (art\u00edculo 282 ib\u00eddem), de lo \u00a0cual, \u00a0adem\u00e1s, \u00a0habr\u00e1 \u00a0de darse informes peri\u00f3dicos a la Corte, en virtud del \u00a0principio \u00a0de \u00a0colaboraci\u00f3n \u00a0arm\u00f3nica \u00a0entre \u00a0los diferentes Poderes P\u00fablicos \u00a0(art\u00edculo \u00a0113 \u00a0de \u00a0la \u00a0Carta), \u00a0con \u00a0el \u00a0fin \u00a0de \u00a0que todos los estamentos con \u00a0injerencia \u00a0en \u00a0el \u00a0tema \u00a0tengan elementos de juicio que les permitan sopesar la \u00a0conveniencia \u00a0 \u00a0de \u00a0 \u00a0privilegiar \u00a0 jurisdicciones \u00a0 for\u00e1neas \u00a0 frente \u00a0 a \u00a0 la \u00a0interna. \u00a0\u00a0<\/p>\n<p>De \u00a0 esa \u00a0 manera, \u00a0 dejo \u00a0 sentado \u00a0 mi \u00a0criterio. \u00a0\u00a0<\/p>\n<p>Se\u00f1ores Magistrados, \u00a0<\/p>\n<p>SIGIFREDO \u00a0 ESPINOSA \u00a0P\u00c9REZ \u00a0\u00a0<\/p>\n<p>Magistrado \u00a0<\/p>\n<p>Fecha tu supra \u00a0<\/p>\n<p>\u00a0 \u00a0\u00a0<\/p>\n<p>1 Corte \u00a0Constitucional, sentencia C-740\/00, M.P. Eduardo Cifuentes Mu\u00f1oz. \u00a0\u00a0<\/p>\n<p>2 \u00a0Sentencia C-1106\/00, M.P. Alfredo Beltr\u00e1n Sierra. \u00a0\u00a0<\/p>\n<p>3 Cfr. \u00a0Corte \u00a0 Constitucional, \u00a0 Sentencia \u00a0 C-621\/01, \u00a0 M.P. \u00a0 Manuel \u00a0 Jos\u00e9 \u00a0 Cepeda \u00a0Espinosa. \u00a0 \u00a0\u00a0<\/p>\n<p><\/p>\n","protected":false},"excerpt":{"rendered":"<p>\u00a0 \u00a0 Proceso No 23528 \u00a0 CORTE SUPREMA DE JUSTICIA \u00a0 SALA DE CASACI\u00d3N PENAL \u00a0 \u00a0 \u00a0\u00a0 \u00a0\u00a0 \u00a0\u00a0 \u00a0\u00a0 \u00a0 \u00a0 \u00a0 \u00a0 \u00a0 \u00a0\u00a0 \u00a0Magistrado Ponente: \u00a0\u00a0 \u00a0 \u00a0\u00a0 \u00a0\u00a0 \u00a0\u00a0 \u00a0\u00a0 \u00a0 \u00a0 \u00a0 \u00a0 \u00a0 \u00a0\u00a0 \u00a0Dr. SIGIFREDO ESPINOSA P\u00c9REZ \u00a0\u00a0 \u00a0 \u00a0\u00a0 \u00a0\u00a0 \u00a0\u00a0 \u00a0\u00a0 \u00a0 \u00a0 \u00a0 \u00a0 [&hellip;]<\/p>\n","protected":false},"author":1,"featured_media":0,"comment_status":"open","ping_status":"open","sticky":false,"template":"","format":"standard","meta":{"footnotes":""},"categories":[13],"tags":[],"class_list":["post-10240","post","type-post","status-publish","format-standard","hentry","category-13"],"_links":{"self":[{"href":"https:\/\/dmsjuridica.com\/buscador_20179478954\/salapenalcronologico20230723\/wp-json\/wp\/v2\/posts\/10240","targetHints":{"allow":["GET"]}}],"collection":[{"href":"https:\/\/dmsjuridica.com\/buscador_20179478954\/salapenalcronologico20230723\/wp-json\/wp\/v2\/posts"}],"about":[{"href":"https:\/\/dmsjuridica.com\/buscador_20179478954\/salapenalcronologico20230723\/wp-json\/wp\/v2\/types\/post"}],"author":[{"embeddable":true,"href":"https:\/\/dmsjuridica.com\/buscador_20179478954\/salapenalcronologico20230723\/wp-json\/wp\/v2\/users\/1"}],"replies":[{"embeddable":true,"href":"https:\/\/dmsjuridica.com\/buscador_20179478954\/salapenalcronologico20230723\/wp-json\/wp\/v2\/comments?post=10240"}],"version-history":[{"count":0,"href":"https:\/\/dmsjuridica.com\/buscador_20179478954\/salapenalcronologico20230723\/wp-json\/wp\/v2\/posts\/10240\/revisions"}],"wp:attachment":[{"href":"https:\/\/dmsjuridica.com\/buscador_20179478954\/salapenalcronologico20230723\/wp-json\/wp\/v2\/media?parent=10240"}],"wp:term":[{"taxonomy":"category","embeddable":true,"href":"https:\/\/dmsjuridica.com\/buscador_20179478954\/salapenalcronologico20230723\/wp-json\/wp\/v2\/categories?post=10240"},{"taxonomy":"post_tag","embeddable":true,"href":"https:\/\/dmsjuridica.com\/buscador_20179478954\/salapenalcronologico20230723\/wp-json\/wp\/v2\/tags?post=10240"}],"curies":[{"name":"wp","href":"https:\/\/api.w.org\/{rel}","templated":true}]}}